{"id":26482,"date":"2022-06-30T11:00:00","date_gmt":"2022-06-30T09:00:00","guid":{"rendered":"https:\/\/www.mgc.es\/?p=26482"},"modified":"2022-07-28T10:57:12","modified_gmt":"2022-07-28T08:57:12","slug":"malalties-preexistents-ocultar-malalties-asseguranca","status":"publish","type":"post","link":"https:\/\/www.mgc.es\/ca\/blog\/malalties-preexistents-ocultar-malalties-asseguranca\/","title":{"rendered":"Malalties preexistents: Qu\u00e8 passa si ocultes malalties en contractar una asseguran\u00e7a m\u00e8dica?"},"content":{"rendered":"<div id=\"ez-toc-container\" class=\"ez-toc-v2_0_82_1 counter-hierarchy ez-toc-counter ez-toc-custom ez-toc-container-direction\">\n<div class=\"ez-toc-title-container\"><p class=\"ez-toc-title\" style=\"cursor:inherit\">\u00cdndex de continguts<\/p>\n<\/div><nav><ul class='ez-toc-list ez-toc-list-level-1 ' ><li class='ez-toc-page-1 ez-toc-heading-level-2'><a class=\"ez-toc-link ez-toc-heading-1\" href=\"https:\/\/www.mgc.es\/ca\/blog\/malalties-preexistents-ocultar-malalties-asseguranca\/#Que_son_les_malalties_preexistents_en_les_assegurances\" >Qu\u00e8 s\u00f3n les malalties preexistents en les assegurances?&nbsp;&nbsp;&nbsp;&nbsp;&nbsp;&nbsp;<\/a><\/li><li class='ez-toc-page-1 ez-toc-heading-level-2'><a class=\"ez-toc-link ez-toc-heading-2\" href=\"https:\/\/www.mgc.es\/ca\/blog\/malalties-preexistents-ocultar-malalties-asseguranca\/#Que_passa_si_menteixo_en_lasseguranca_i_oculto_malalties_preexistents\" >Qu\u00e8 passa si menteixo en l&#8217;asseguran\u00e7a i oculto malalties preexistents?<\/a><\/li><li class='ez-toc-page-1 ez-toc-heading-level-2'><a class=\"ez-toc-link ez-toc-heading-3\" href=\"https:\/\/www.mgc.es\/ca\/blog\/malalties-preexistents-ocultar-malalties-asseguranca\/#Hi_ha_assegurances_que_cobreixin_les_malalties_preexistents\" >Hi ha assegurances que cobreixin les malalties preexistents?<\/a><\/li><\/ul><\/nav><\/div>\n\n<p>Les malalties preexistents fan refer\u00e8ncia al quadre m\u00e8dic de malalties o patologies que qui desitja contractar un <a href=\"https:\/\/www.mgc.es\/ca\/assegurances-de-salut\/\">asseguran\u00e7a de salut<\/a> ha patit amb anterioritat o que encara afecten la seva salut. Con\u00e8ixer-les \u00e9s fonamental a l&#8217;hora d&#8217;elaborar les condicions de la p\u00f2lissa. Per\u00f2, qu\u00e8 succeeix si alg\u00fa opta per <strong>ocultar malalties a l&#8217;asseguran\u00e7a m\u00e8dica<\/strong>?<\/p>\n\n\n\n<figure class=\"wp-block-image size-large\"><img loading=\"lazy\" decoding=\"async\" width=\"880\" height=\"587\" src=\"https:\/\/www.mgc.es\/wp-content\/uploads\/2022\/06\/enfermedades-existentes-mentir-al-seguro-880x587.jpg\" alt=\"enfermedades existentes mentir seguro\" class=\"wp-image-26479\" srcset=\"https:\/\/www.mgc.es\/wp-content\/uploads\/2022\/06\/enfermedades-existentes-mentir-al-seguro-880x587.jpg 880w, https:\/\/www.mgc.es\/wp-content\/uploads\/2022\/06\/enfermedades-existentes-mentir-al-seguro-440x293.jpg 440w, https:\/\/www.mgc.es\/wp-content\/uploads\/2022\/06\/enfermedades-existentes-mentir-al-seguro-768x512.jpg 768w, https:\/\/www.mgc.es\/wp-content\/uploads\/2022\/06\/enfermedades-existentes-mentir-al-seguro-1536x1024.jpg 1536w, https:\/\/www.mgc.es\/wp-content\/uploads\/2022\/06\/enfermedades-existentes-mentir-al-seguro.jpg 1024w\" sizes=\"auto, (max-width: 880px) 100vw, 880px\" \/><\/figure>\n\n\n\n<h2 class=\"wp-block-heading\"><span class=\"ez-toc-section\" id=\"Que_son_les_malalties_preexistents_en_les_assegurances\"><\/span>Qu\u00e8 s\u00f3n les malalties preexistents en les assegurances?&nbsp;&nbsp;&nbsp;&nbsp;&nbsp;&nbsp;<span class=\"ez-toc-section-end\"><\/span><\/h2>\n\n\n\n<p>Com d\u00e8iem en la introducci\u00f3, les malalties preexistents s\u00f3n aquelles <strong>patologies, malalties o lesions que una persona t<\/strong><strong>\u00e9<\/strong><strong> o ha tingut abans del moment de la contractaci<\/strong><strong>\u00f3<\/strong> d&#8217;una p\u00f2lissa de salut. Totes elles s\u00f3n part dels seus antecedents m\u00e8dics i, tal com indica el mateix terme, ja existien de manera pr\u00e8via.<\/p>\n\n\n\n<p>Els exemples m\u00e9s comuns s\u00f3n la diabetis, les patologies cr\u00f2niques, l&#8217;epil\u00e8psia, la depressi\u00f3 o el c\u00e0ncer. No obstant aix\u00f2, han d&#8217;<strong>haver estat diagnosticades i haver-se rebut tractament<\/strong>. Per\u00f2, per qu\u00e8 \u00e9s tan important con\u00e8ixer aquesta informaci\u00f3 per a una companyia asseguradora?<\/p>\n\n\n\n<p>Com que <strong>la finalitat d&#8217;una asseguran\u00e7a de salut <\/strong><strong>\u00e9<\/strong><strong>s oferir una cobertura davant els problemes m<\/strong><strong>\u00e8<\/strong><strong>dics que puguin apar<\/strong><strong>\u00e8<\/strong><strong>ixer<\/strong>, en el cas que aquests estiguin directament relacionats amb quelcom que el client ja va patir, en quedarien fora.<\/p>\n\n\n\n<p>Dit d&#8217;una altra manera, una p\u00f2lissa se centra \u00fanicament a donar protecci\u00f3 davant la incertesa del que pugui passar-nos al futur respecte a la salut, i no \u00e9s una via per a accedir a atenci\u00f3 m\u00e8dica i tractaments, per a malalties que ja es patien, a un preu redu\u00eft.<\/p>\n\n\n\n<h2 class=\"wp-block-heading\"><span class=\"ez-toc-section\" id=\"Que_passa_si_menteixo_en_lasseguranca_i_oculto_malalties_preexistents\"><\/span>Qu\u00e8 passa si menteixo en l&#8217;asseguran\u00e7a i oculto malalties preexistents?<span class=\"ez-toc-section-end\"><\/span><\/h2>\n\n\n\n<p>El problema sorgeix quan alg\u00fa es planteja ocultar malalties a l&#8217;asseguran\u00e7a m\u00e8dica; una <strong>situaci<\/strong><strong>\u00f3<\/strong><strong> que es considera frau<\/strong>. Per a obtenir el m\u00e0xim d&#8217;informaci\u00f3 que sigui possible sobre l&#8217;estat de salut previ, <strong>les companyies asseguradores realitzen un q<\/strong><strong>\u00fc<\/strong><strong>estionari<\/strong> que, a vegades, tamb\u00e9 pot anar acompanyat d&#8217;una an\u00e0lisi m\u00e8dica.<\/p>\n\n\n\n<p>Haver patit malalties amb anterioritat, no \u00e9s motiu per a rebutjar una p\u00f2lissa, ja que pr\u00e0cticament qualsevol persona ha sofert alguna lesi\u00f3 o malaltia al llarg de la seva vida. El que passar\u00e0 \u00e9s que <strong>aquesta patologia preexistent i els tractaments que pugui requerir en el futur quedaran<\/strong> <strong>exclosos<\/strong> de la p\u00f2lissa.<\/p>\n\n\n\n<p>Si, per contra, s&#8217;opta per mentir a l&#8217;asseguran\u00e7a m\u00e8dica, la situaci\u00f3 canvia de manera dr\u00e0stica. Si l&#8217;asseguradora descobreix que s&#8217;ha om\u00e8s la informaci\u00f3 intencionadament, podrien succeir dues coses.<\/p>\n\n\n\n<p>La primera \u00e9s que s&#8217;inclogui una <strong>cl<\/strong><strong>\u00e0<\/strong><strong>usula addicional al contracte<\/strong> en la qual s&#8217;estableixi que es tractava d&#8217;una patologia preexistent i que, per aquest mateix motiu, queda exclosa i no s&#8217;assumir\u00e0 cap cost que estigui relacionat amb ella. La segona situaci\u00f3 ser\u00e0 l&#8217;<strong>anul<\/strong><strong>\u00b7<\/strong><strong>laci<\/strong><strong>\u00f3<\/strong><strong> de la p<\/strong><strong>\u00f2<\/strong><strong>lissa<\/strong> contractada.<\/p>\n\n\n\n<p>Una tercera possibilitat seria el que la malaltia preexistent fos <strong>asimptom<\/strong><strong>\u00e0<\/strong><strong>tica<\/strong> i, per tant, ni tan sols el client sab\u00e9s de la seva exist\u00e8ncia. Quan aix\u00f2 succeeix, es considera que no s&#8217;ha actuat de mala fe i, en conseq\u00fc\u00e8ncia, <strong>s&#8217;opta per una negociaci<\/strong><strong>\u00f3<\/strong>.<\/p>\n\n\n\n<h2 class=\"wp-block-heading\"><span class=\"ez-toc-section\" id=\"Hi_ha_assegurances_que_cobreixin_les_malalties_preexistents\"><\/span>Hi ha assegurances que cobreixin les malalties preexistents?<span class=\"ez-toc-section-end\"><\/span><\/h2>\n\n\n\n<p>Les companyies asseguradores poden assegurar a persones que compten en el seu historial m\u00e8dic amb malalties preexistents, ja que, com ja indiquem, el que \u00e9s poc habitual \u00e9s que no s&#8217;hagi patit mai cap malaltia. Per\u00f2 at\u00e8s que aquestes patologies poden ser cr\u00f2niques, <strong>el cost del tractament ser<\/strong><strong>\u00e0<\/strong><strong> molt elevat<\/strong>, per la qual cosa es <strong>queden excloses<\/strong> de la cobertura.<\/p>\n\n\n\n<p><strong>Cada companyia estableix les seves pr<\/strong><strong>\u00f2<\/strong><strong>pies condicions<\/strong> i normes en la contractaci\u00f3. Algunes s\u00f3n considerades de risc excl\u00f2s directe, at\u00e8s que se sap que ocasionaran una despesa cont\u00ednua. Tanmateix, <strong>n&#8217;hi ha unes altres que hauran de ser valorades per un metge<\/strong> i, en funci\u00f3 de la seva opini\u00f3, es decidir\u00e0 si s\u00f3n excloses o no.<\/p>\n\n\n\n<p>La pregunta que pot sorgir ara \u00e9s la de si existeix alguna asseguran\u00e7a de salut que cobreixi aquestes malalties preexistents. La resposta no \u00e9s un no rotund perqu\u00e8 pot haver-hi alguna excepci\u00f3. Per\u00f2 <strong>la norma dicta que <\/strong><strong>\u00e9<\/strong><strong>s molt improbable<\/strong>, ja que la companyia estaria ocasionant-se de manera volunt\u00e0ria una despesa molt elevada. At\u00e8s que es tracta d&#8217;un negoci, l&#8217;objectiu \u00e9s protegir els seus interessos.<\/p>\n\n\n\n<p>En el cas que es tingui alguna malaltia, la recomanaci\u00f3 \u00e9s <strong>valorar diferents plans de salut<\/strong> fins a trobar aquell que m\u00e9s s&#8217;ajusta al que es necessita o que ofereixi cobertures m\u00e9s grans.<\/p>\n\n\n\n<p>Si b\u00e9 no es cobrir\u00e0 la patologia, s\u00ed que existeixen algunes p\u00f2lisses que donen l&#8217;<strong>opci<\/strong><strong>\u00f3<\/strong><strong> de pagar una prima mensual m<\/strong><strong>\u00e9<\/strong><strong>s elevada<\/strong>. A canvi d&#8217;aquest increment, es poden cobrir determinats tractaments regulars, aix\u00ed com la cura m\u00e8dica o algunes cirurgies.<\/p>\n\n\n\n<p>Des de <strong>MGC M<\/strong><strong>\u00fa<\/strong><strong>tua<\/strong>, el nostre suggeriment \u00e9s que, abans d&#8217;ocultar malalties preexistents a l&#8217;asseguran\u00e7a m\u00e8dica, <strong>optis per ser clar i negoci\u00efs<\/strong> amb diferents companyies, fins que aconsegueixis aquella que t&#8217;ofereixi m\u00e9s seguretat per a la teva salut.<\/p>\n","protected":false},"excerpt":{"rendered":"<p>Les malalties preexistents fan refer\u00e8ncia al quadre m\u00e8dic de malalties o patologies que qui desitja contractar un asseguran\u00e7a de salut ha patit amb anterioritat o que encara afecten la seva salut. Con\u00e8ixer-les \u00e9s fonamental a l&#8217;hora d&#8217;elaborar les condicions de la p\u00f2lissa. Per\u00f2, qu\u00e8 succeeix si alg\u00fa opta per ocultar malalties a l&#8217;asseguran\u00e7a m\u00e8dica? Qu\u00e8 [&hellip;]<\/p>\n","protected":false},"author":3,"featured_media":26479,"comment_status":"closed","ping_status":"closed","sticky":false,"template":"","format":"standard","meta":{"footnotes":""},"categories":[16],"tags":[],"class_list":["post-26482","post","type-post","status-publish","format-standard","has-post-thumbnail","hentry","category-assegurances"],"featured_image_src":"https:\/\/www.mgc.es\/wp-content\/uploads\/2022\/06\/enfermedades-existentes-mentir-al-seguro.jpg","author_info":{"display_name":"Revista Inter\u00e8s Mutu","author_link":"https:\/\/www.mgc.es\/ca\/blog\/author\/interesmutu\/"},"yoast_head":"<!-- This site is optimized with the Yoast SEO plugin v27.2 - https:\/\/yoast.com\/product\/yoast-seo-wordpress\/ -->\n<title>Malalties preexistents: Qu\u00e8 passa si ocultes malalties en contractar una asseguran\u00e7a m\u00e8dica? - MGC M\u00fatua<\/title>\n<meta name=\"robots\" content=\"index, follow, max-snippet:-1, max-image-preview:large, max-video-preview:-1\" \/>\n<link rel=\"canonical\" href=\"https:\/\/www.mgc.es\/ca\/blog\/malalties-preexistents-ocultar-malalties-asseguranca\/\" \/>\n<meta property=\"og:locale\" content=\"ca_ES\" \/>\n<meta property=\"og:type\" content=\"article\" \/>\n<meta property=\"og:title\" content=\"Malalties preexistents: Qu\u00e8 passa si ocultes malalties en contractar una asseguran\u00e7a m\u00e8dica? - MGC M\u00fatua\" \/>\n<meta property=\"og:description\" content=\"Les malalties preexistents fan refer\u00e8ncia al quadre m\u00e8dic de malalties o patologies que qui desitja contractar un asseguran\u00e7a de salut ha patit amb anterioritat o que encara afecten la seva salut. Con\u00e8ixer-les \u00e9s fonamental a l&#8217;hora d&#8217;elaborar les condicions de la p\u00f2lissa. Per\u00f2, qu\u00e8 succeeix si alg\u00fa opta per ocultar malalties a l&#8217;asseguran\u00e7a m\u00e8dica? Qu\u00e8 [&hellip;]\" \/>\n<meta property=\"og:url\" content=\"https:\/\/www.mgc.es\/ca\/blog\/malalties-preexistents-ocultar-malalties-asseguranca\/\" \/>\n<meta property=\"og:site_name\" content=\"MGC M\u00fatua\" \/>\n<meta property=\"article:publisher\" content=\"https:\/\/www.facebook.com\/mgcmutua\" \/>\n<meta property=\"article:published_time\" content=\"2022-06-30T09:00:00+00:00\" \/>\n<meta property=\"article:modified_time\" content=\"2022-07-28T08:57:12+00:00\" \/>\n<meta property=\"og:image\" content=\"https:\/\/www.mgc.es\/wp-content\/uploads\/2022\/06\/enfermedades-existentes-mentir-al-seguro.jpg\" \/>\n\t<meta property=\"og:image:width\" content=\"1600\" \/>\n\t<meta property=\"og:image:height\" content=\"1067\" \/>\n\t<meta property=\"og:image:type\" content=\"image\/jpeg\" \/>\n<meta name=\"author\" content=\"Revista Inter\u00e8s Mutu\" \/>\n<meta name=\"twitter:card\" content=\"summary_large_image\" \/>\n<meta name=\"twitter:creator\" content=\"@mgcmutua\" \/>\n<meta name=\"twitter:site\" content=\"@mgcmutua\" \/>\n<meta name=\"twitter:label1\" content=\"Escrit per\" \/>\n\t<meta name=\"twitter:data1\" content=\"Revista Inter\u00e8s Mutu\" \/>\n\t<meta name=\"twitter:label2\" content=\"Temps estimat de lectura\" \/>\n\t<meta name=\"twitter:data2\" content=\"4 minuts\" \/>\n<!-- \/ Yoast SEO plugin. -->","yoast_head_json":{"title":"Malalties preexistents: Qu\u00e8 passa si ocultes malalties en contractar una asseguran\u00e7a m\u00e8dica? - MGC M\u00fatua","robots":{"index":"index","follow":"follow","max-snippet":"max-snippet:-1","max-image-preview":"max-image-preview:large","max-video-preview":"max-video-preview:-1"},"canonical":"https:\/\/www.mgc.es\/ca\/blog\/malalties-preexistents-ocultar-malalties-asseguranca\/","og_locale":"ca_ES","og_type":"article","og_title":"Malalties preexistents: Qu\u00e8 passa si ocultes malalties en contractar una asseguran\u00e7a m\u00e8dica? - MGC M\u00fatua","og_description":"Les malalties preexistents fan refer\u00e8ncia al quadre m\u00e8dic de malalties o patologies que qui desitja contractar un asseguran\u00e7a de salut ha patit amb anterioritat o que encara afecten la seva salut. Con\u00e8ixer-les \u00e9s fonamental a l&#8217;hora d&#8217;elaborar les condicions de la p\u00f2lissa. Per\u00f2, qu\u00e8 succeeix si alg\u00fa opta per ocultar malalties a l&#8217;asseguran\u00e7a m\u00e8dica? Qu\u00e8 [&hellip;]","og_url":"https:\/\/www.mgc.es\/ca\/blog\/malalties-preexistents-ocultar-malalties-asseguranca\/","og_site_name":"MGC M\u00fatua","article_publisher":"https:\/\/www.facebook.com\/mgcmutua","article_published_time":"2022-06-30T09:00:00+00:00","article_modified_time":"2022-07-28T08:57:12+00:00","og_image":[{"width":1600,"height":1067,"url":"https:\/\/www.mgc.es\/wp-content\/uploads\/2022\/06\/enfermedades-existentes-mentir-al-seguro.jpg","type":"image\/jpeg"}],"author":"Revista Inter\u00e8s Mutu","twitter_card":"summary_large_image","twitter_creator":"@mgcmutua","twitter_site":"@mgcmutua","twitter_misc":{"Escrit per":"Revista Inter\u00e8s Mutu","Temps estimat de lectura":"4 minuts"},"schema":{"@context":"https:\/\/schema.org","@graph":[{"@type":["Article","BlogPosting"],"@id":"https:\/\/www.mgc.es\/ca\/blog\/malalties-preexistents-ocultar-malalties-asseguranca\/#article","isPartOf":{"@id":"https:\/\/www.mgc.es\/ca\/blog\/malalties-preexistents-ocultar-malalties-asseguranca\/"},"author":{"name":"Revista Inter\u00e8s Mutu","@id":"https:\/\/www.mgc.es\/#\/schema\/person\/010c961d9c9acf38f11187a02b646c16"},"headline":"Malalties preexistents: Qu\u00e8 passa si ocultes malalties en contractar una asseguran\u00e7a m\u00e8dica?","datePublished":"2022-06-30T09:00:00+00:00","dateModified":"2022-07-28T08:57:12+00:00","mainEntityOfPage":{"@id":"https:\/\/www.mgc.es\/ca\/blog\/malalties-preexistents-ocultar-malalties-asseguranca\/"},"wordCount":857,"publisher":{"@id":"https:\/\/www.mgc.es\/#organization"},"image":{"@id":"https:\/\/www.mgc.es\/ca\/blog\/malalties-preexistents-ocultar-malalties-asseguranca\/#primaryimage"},"thumbnailUrl":"https:\/\/www.mgc.es\/wp-content\/uploads\/2022\/06\/enfermedades-existentes-mentir-al-seguro.jpg","articleSection":["Sector assegurances"],"inLanguage":"ca"},{"@type":["WebPage","ItemPage"],"@id":"https:\/\/www.mgc.es\/ca\/blog\/malalties-preexistents-ocultar-malalties-asseguranca\/","url":"https:\/\/www.mgc.es\/ca\/blog\/malalties-preexistents-ocultar-malalties-asseguranca\/","name":"Malalties preexistents: Qu\u00e8 passa si ocultes malalties en contractar una asseguran\u00e7a m\u00e8dica? - MGC M\u00fatua","isPartOf":{"@id":"https:\/\/www.mgc.es\/#website"},"primaryImageOfPage":{"@id":"https:\/\/www.mgc.es\/ca\/blog\/malalties-preexistents-ocultar-malalties-asseguranca\/#primaryimage"},"image":{"@id":"https:\/\/www.mgc.es\/ca\/blog\/malalties-preexistents-ocultar-malalties-asseguranca\/#primaryimage"},"thumbnailUrl":"https:\/\/www.mgc.es\/wp-content\/uploads\/2022\/06\/enfermedades-existentes-mentir-al-seguro.jpg","datePublished":"2022-06-30T09:00:00+00:00","dateModified":"2022-07-28T08:57:12+00:00","breadcrumb":{"@id":"https:\/\/www.mgc.es\/ca\/blog\/malalties-preexistents-ocultar-malalties-asseguranca\/#breadcrumb"},"inLanguage":"ca","potentialAction":[{"@type":"ReadAction","target":["https:\/\/www.mgc.es\/ca\/blog\/malalties-preexistents-ocultar-malalties-asseguranca\/"]}]},{"@type":"ImageObject","inLanguage":"ca","@id":"https:\/\/www.mgc.es\/ca\/blog\/malalties-preexistents-ocultar-malalties-asseguranca\/#primaryimage","url":"https:\/\/www.mgc.es\/wp-content\/uploads\/2022\/06\/enfermedades-existentes-mentir-al-seguro.jpg","contentUrl":"https:\/\/www.mgc.es\/wp-content\/uploads\/2022\/06\/enfermedades-existentes-mentir-al-seguro.jpg","width":1024,"height":683,"caption":"Doctor and patient are discussing something, Healthcare and medically concept, Having Consultation,Medical physician working in hospital writing a prescription"},{"@type":"BreadcrumbList","@id":"https:\/\/www.mgc.es\/ca\/blog\/malalties-preexistents-ocultar-malalties-asseguranca\/#breadcrumb","itemListElement":[{"@type":"ListItem","position":1,"name":"Home","item":"https:\/\/www.mgc.es\/ca\/"},{"@type":"ListItem","position":2,"name":"Malalties preexistents: Qu\u00e8 passa si ocultes malalties en contractar una asseguran\u00e7a m\u00e8dica?"}]},{"@type":"WebSite","@id":"https:\/\/www.mgc.es\/#website","url":"https:\/\/www.mgc.es\/","name":"MGC M\u00fatua","description":"MGC M\u00fatua \u00e9s una entitat asseguradora sense \u00e0nim de lucre constitu\u00efda al 1982 i especialitzada en assegurances de salut i assist\u00e8ncia.","publisher":{"@id":"https:\/\/www.mgc.es\/#organization"},"alternateName":"MGC","potentialAction":[{"@type":"SearchAction","target":{"@type":"EntryPoint","urlTemplate":"https:\/\/www.mgc.es\/?s={search_term_string}"},"query-input":{"@type":"PropertyValueSpecification","valueRequired":true,"valueName":"search_term_string"}}],"inLanguage":"ca"},{"@type":"Organization","@id":"https:\/\/www.mgc.es\/#organization","name":"MGC Mutua","alternateName":"MGC","url":"https:\/\/www.mgc.es\/","logo":{"@type":"ImageObject","inLanguage":"ca","@id":"https:\/\/www.mgc.es\/#\/schema\/logo\/image\/","url":"https:\/\/www.mgc.es\/wp-content\/uploads\/2020\/03\/mgcmutua_h2_2t_reduccions.png","contentUrl":"https:\/\/www.mgc.es\/wp-content\/uploads\/2020\/03\/mgcmutua_h2_2t_reduccions.png","width":303,"height":165,"caption":"MGC Mutua"},"image":{"@id":"https:\/\/www.mgc.es\/#\/schema\/logo\/image\/"},"sameAs":["https:\/\/www.facebook.com\/mgcmutua","https:\/\/x.com\/mgcmutua","https:\/\/www.youtube.com\/c\/MGCMutua"]},{"@type":"Person","@id":"https:\/\/www.mgc.es\/#\/schema\/person\/010c961d9c9acf38f11187a02b646c16","name":"Revista Inter\u00e8s Mutu","image":{"@type":"ImageObject","inLanguage":"ca","@id":"https:\/\/secure.gravatar.com\/avatar\/52302d684339b9d7bf5691e2ad00835d62ce3b4a435f21ca9f21fbe39c63cb1b?s=96&d=mm&r=g","url":"https:\/\/secure.gravatar.com\/avatar\/52302d684339b9d7bf5691e2ad00835d62ce3b4a435f21ca9f21fbe39c63cb1b?s=96&d=mm&r=g","contentUrl":"https:\/\/secure.gravatar.com\/avatar\/52302d684339b9d7bf5691e2ad00835d62ce3b4a435f21ca9f21fbe39c63cb1b?s=96&d=mm&r=g","caption":"Revista Inter\u00e8s Mutu"}}]}},"_links":{"self":[{"href":"https:\/\/www.mgc.es\/ca\/wp-json\/wp\/v2\/posts\/26482","targetHints":{"allow":["GET"]}}],"collection":[{"href":"https:\/\/www.mgc.es\/ca\/wp-json\/wp\/v2\/posts"}],"about":[{"href":"https:\/\/www.mgc.es\/ca\/wp-json\/wp\/v2\/types\/post"}],"author":[{"embeddable":true,"href":"https:\/\/www.mgc.es\/ca\/wp-json\/wp\/v2\/users\/3"}],"replies":[{"embeddable":true,"href":"https:\/\/www.mgc.es\/ca\/wp-json\/wp\/v2\/comments?post=26482"}],"version-history":[{"count":1,"href":"https:\/\/www.mgc.es\/ca\/wp-json\/wp\/v2\/posts\/26482\/revisions"}],"predecessor-version":[{"id":26483,"href":"https:\/\/www.mgc.es\/ca\/wp-json\/wp\/v2\/posts\/26482\/revisions\/26483"}],"wp:featuredmedia":[{"embeddable":true,"href":"https:\/\/www.mgc.es\/ca\/wp-json\/wp\/v2\/media\/26479"}],"wp:attachment":[{"href":"https:\/\/www.mgc.es\/ca\/wp-json\/wp\/v2\/media?parent=26482"}],"wp:term":[{"taxonomy":"category","embeddable":true,"href":"https:\/\/www.mgc.es\/ca\/wp-json\/wp\/v2\/categories?post=26482"},{"taxonomy":"post_tag","embeddable":true,"href":"https:\/\/www.mgc.es\/ca\/wp-json\/wp\/v2\/tags?post=26482"}],"curies":[{"name":"wp","href":"https:\/\/api.w.org\/{rel}","templated":true}]}}