{"id":26194,"date":"2022-05-12T11:00:00","date_gmt":"2022-05-12T09:00:00","guid":{"rendered":"https:\/\/www.mgc.es\/?p=26194"},"modified":"2022-07-28T10:57:48","modified_gmt":"2022-07-28T08:57:48","slug":"per-que-serveix-asseguranca-en-embaras","status":"publish","type":"post","link":"https:\/\/www.mgc.es\/ca\/blog\/per-que-serveix-asseguranca-en-embaras\/","title":{"rendered":"Per a qu\u00e8 s\u2019usa l&#8217;asseguran\u00e7a en l&#8217;embar\u00e0s?"},"content":{"rendered":"<div id=\"ez-toc-container\" class=\"ez-toc-v2_0_82_1 counter-hierarchy ez-toc-counter ez-toc-custom ez-toc-container-direction\">\n<div class=\"ez-toc-title-container\"><p class=\"ez-toc-title\" style=\"cursor:inherit\">\u00cdndex de continguts<\/p>\n<\/div><nav><ul class='ez-toc-list ez-toc-list-level-1 ' ><li class='ez-toc-page-1 ez-toc-heading-level-2'><a class=\"ez-toc-link ez-toc-heading-1\" href=\"https:\/\/www.mgc.es\/ca\/blog\/per-que-serveix-asseguranca-en-embaras\/#Puc_contractar_una_asseguranca_estant_embarassada\" >Puc contractar una asseguran\u00e7a estant embarassada?&nbsp;&nbsp;&nbsp;&nbsp;&nbsp;&nbsp;<\/a><\/li><li class='ez-toc-page-1 ez-toc-heading-level-2'><a class=\"ez-toc-link ez-toc-heading-2\" href=\"https:\/\/www.mgc.es\/ca\/blog\/per-que-serveix-asseguranca-en-embaras\/#Per_a_que_es_fa_servir_lasseguranca_en_lembaras\" >Per a qu\u00e8 es fa servir l&#8217;asseguran\u00e7a en l&#8217;embar\u00e0s?<\/a><\/li><li class='ez-toc-page-1 ez-toc-heading-level-2'><a class=\"ez-toc-link ez-toc-heading-3\" href=\"https:\/\/www.mgc.es\/ca\/blog\/per-que-serveix-asseguranca-en-embaras\/#Avantatges_de_disposar_duna_asseguranca_medica_durant_lembaras\" >Avantatges de disposar d&#8217;una asseguran\u00e7a m\u00e8dica durant l&#8217;embar\u00e0s<\/a><\/li><\/ul><\/nav><\/div>\n\n<p>Hi ha assegurances que s\u00f3n obligat\u00f2ries, com la del cotxe o la de l&#8217;habitatge, mentre que d&#8217;altres es converteixen en una necessitat sobtada davant d&#8217;un canvi en la nostra vida. Un exemple d&#8217;aix\u00f2 \u00e9s quan descobrim que ampliarem la fam\u00edlia. Una situaci\u00f3 delicada que, encara que porta alegria, tamb\u00e9 comporta preocupacions. Des de MGC M\u00fatua, experts en <a href=\"https:\/\/www.mgc.es\/seguros-de-salud\/\" target=\"_blank\" rel=\"noreferrer noopener\">assegurances de salut<\/a>, <a href=\"https:\/\/www.mgc.es\/vida\/\" target=\"_blank\" rel=\"noreferrer noopener\">assegurances de vida<\/a> i altres tipus d&#8217;asseguran\u00e7a, t&#8217;expliquem <strong>per a qu\u00e8 s&#8217;usa l&#8217;asseguran\u00e7a en l&#8217;embar\u00e0s.<\/strong><\/p>\n\n\n\n<figure class=\"wp-block-image size-large\"><img loading=\"lazy\" decoding=\"async\" width=\"880\" height=\"495\" src=\"https:\/\/www.mgc.es\/wp-content\/uploads\/2022\/05\/para-que-se-usa-el-seguro-en-el-embarazo-880x495.jpg\" alt=\"para que se usa el seguro en el embarazo\" class=\"wp-image-26192\" srcset=\"https:\/\/www.mgc.es\/wp-content\/uploads\/2022\/05\/para-que-se-usa-el-seguro-en-el-embarazo-880x495.jpg 880w, https:\/\/www.mgc.es\/wp-content\/uploads\/2022\/05\/para-que-se-usa-el-seguro-en-el-embarazo-440x248.jpg 440w, https:\/\/www.mgc.es\/wp-content\/uploads\/2022\/05\/para-que-se-usa-el-seguro-en-el-embarazo-768x432.jpg 768w, https:\/\/www.mgc.es\/wp-content\/uploads\/2022\/05\/para-que-se-usa-el-seguro-en-el-embarazo-1536x864.jpg 1536w, https:\/\/www.mgc.es\/wp-content\/uploads\/2022\/05\/para-que-se-usa-el-seguro-en-el-embarazo.jpg 1600w\" sizes=\"auto, (max-width: 880px) 100vw, 880px\" \/><\/figure>\n\n\n\n<h2 class=\"wp-block-heading\"><span class=\"ez-toc-section\" id=\"Puc_contractar_una_asseguranca_estant_embarassada\"><\/span>Puc contractar una asseguran\u00e7a estant embarassada?&nbsp;&nbsp;&nbsp;&nbsp;&nbsp;&nbsp;<span class=\"ez-toc-section-end\"><\/span><\/h2>\n\n\n\n<p>Tant si n&#8217;ets conscient com si no, les assegurances tenen una s\u00e8rie de <strong>caracter<\/strong><strong>\u00ed<\/strong><strong>stiques i condicions, que s&#8217;especifiquen en la signatura del contracte<\/strong>. En aquestes, es detallen aquelles situacions que queden cobertes i els requisits que han de complir-se perqu\u00e8 la companyia asseguradora se&#8217;n faci responsable.<\/p>\n\n\n\n<p>Tot i aix\u00f2, en el cas de les assegurances relatives a la salut, <strong>hi ha certes restriccions<\/strong>. Una d&#8217;elles \u00e9s l&#8217;anomenat <strong>per<\/strong><strong>\u00ed<\/strong><strong>ode de car<\/strong><strong>\u00e8<\/strong><strong>ncia<\/strong>. Es tracta d&#8217;un <strong>termini de temps que ha de complir-se des de la contractaci<\/strong><strong>\u00f3<\/strong><strong> de la p<\/strong><strong>\u00f2<\/strong><strong>lissa fins quan ja es pot accedir als serveis<\/strong> o l&#8217;atenci\u00f3 m\u00e8dica contractada.<\/p>\n\n\n\n<p>La finalitat que es persegueix amb la seva aplicaci\u00f3, que sol tenir una durada d&#8217;<strong>entre sis i deu mesos<\/strong>, \u00e9s evitar que alg\u00fa contracti una p\u00f2lissa quan ja existeix una patologia pr\u00e8via o perqu\u00e8 necessita realitzar alguna prova m\u00e8dica concreta. Si fos aix\u00ed, es podria <strong>accedir a una atenci<\/strong><strong>\u00f3<\/strong><strong> m<\/strong><strong>\u00e8<\/strong><strong>dica directa, sense esperes i per un cost redu\u00eft<\/strong>.<\/p>\n\n\n\n<p>Un cop s&#8217;hauria obtingut l&#8217;acc\u00e9s a aquestes proves o a un tractament, es podria procedir a cancel\u00b7lar l&#8217;asseguran\u00e7a. Aquesta situaci\u00f3 <strong>es considera frau<\/strong> des del punt de vista de les companyies asseguradores i, per aix\u00f2, existeix el per\u00edode de car\u00e8ncia.<\/p>\n\n\n\n<p>D&#8217;altra banda, i tornant a la pregunta de si <strong>puc contractar una asseguran\u00e7a estant embarassada<\/strong>, la resposta \u00e9s que s\u00ed. Per\u00f2 heus aqu\u00ed l&#8217;important: per a poder accedir a les visites al ginec\u00f2leg, dur a terme proves com les ecografies o rebre assist\u00e8ncia en el part, <strong>la p<\/strong><strong>\u00f2<\/strong><strong>lissa ha d&#8217;haver-se contractat abans<\/strong> d&#8217;estar en estat.<\/p>\n\n\n\n<p>El per\u00edode de car\u00e8ncia en aquestes assegurances privades sol ser de vuit mesos. Aix\u00f2 es deu al fet que el preu d&#8217;un part en les cl\u00edniques privades t\u00e9 un cost aproximat de 6.000 \u20ac, sempre que no hi hagi complicacions. Si es tracta d&#8217;una nova clienta, el pagament de la prima que s&#8217;hagi fet fins a aquest moment no cobreix els costos.<\/p>\n\n\n\n<h2 class=\"wp-block-heading\"><span class=\"ez-toc-section\" id=\"Per_a_que_es_fa_servir_lasseguranca_en_lembaras\"><\/span>Per a qu\u00e8 es fa servir l&#8217;asseguran\u00e7a en l&#8217;embar\u00e0s?<span class=\"ez-toc-section-end\"><\/span><\/h2>\n\n\n\n<p>Si ja comptaves amb una asseguran\u00e7a m\u00e8dica privada, el correcte \u00e9s <strong>continuar amb aquesta companyia asseguradora<\/strong> encara que no tinguessis aquest servei contractat, ja que com hem explicat, \u00e9s pr\u00e0cticament impossible trobar cobertura immediata com a client nou. El pagament d&#8217;una prima no cobreix tots els costos que implica el part.<\/p>\n\n\n\n<p>Per\u00f2, per a qu\u00e8 s&#8217;usa l&#8217;asseguran\u00e7a en l&#8217;embar\u00e0s? El que sempre s&#8217;espera i desitja \u00e9s que l&#8217;embar\u00e0s transcorri tranquil i sense problemes de cap mena. Tanmateix, el simple fet d&#8217;estar en estat comporta la <strong>necessitat de dur a terme una s\u00e8rie de proves<\/strong>, la finalitat de les quals \u00e9s controlar en tot moment <strong>l&#8217;estat de salut de la mare i del seu futur nad\u00f3<\/strong>.<\/p>\n\n\n\n<p>Aquestes proves m\u00e8diques inclouen les seg\u00fcents:<\/p>\n\n\n\n<ul class=\"wp-block-list\"><li>Seguiment durant tot l&#8217;embar\u00e0s<\/li><li>Realitzaci\u00f3 d&#8217;ecografies<\/li><li>Cursos de preparaci\u00f3 al part<\/li><li>Hospitalitzaci\u00f3<\/li><li>Assist\u00e8ncia en el part i postpart i al beb\u00e8 despr\u00e9s del naixement<\/li><li>Visites ginecol\u00f2giques i obst\u00e8triques.<\/li><\/ul>\n\n\n\n<p>Aquestes s\u00f3n les <strong>cobertures b<\/strong><strong>\u00e0<\/strong><strong>siques generals<\/strong> que qualsevol companyia asseguradora ofereix, per\u00f2 tamb\u00e9 es pot accedir a d&#8217;<strong>altres complement<\/strong><strong>\u00e0<\/strong><strong>ries<\/strong> si es contracten. Algunes de les m\u00e9s destacades s\u00f3n aquestes:<\/p>\n\n\n\n<ul class=\"wp-block-list\"><li>Anal\u00edtica de sang a la mare per a con\u00e8ixer el sexe del beb\u00e8.<\/li><li>Ecografies en 4D.<\/li><li>Anest\u00e8sia epidural.<\/li><li>Amniocentesis en embarassos amb risc.<\/li><li>Habitaci\u00f3 individual amb llit extra per a la persona acompanyant.<\/li><li>Incubadora.<\/li><li>Tractaments requerits durant la gestaci\u00f3.<\/li><li>Conservaci\u00f3 de c\u00e8l\u00b7lules mare del cord\u00f3 umbilical.<\/li><\/ul>\n\n\n\n<h2 class=\"wp-block-heading\"><span class=\"ez-toc-section\" id=\"Avantatges_de_disposar_duna_asseguranca_medica_durant_lembaras\"><\/span>Avantatges de disposar d&#8217;una asseguran\u00e7a m\u00e8dica durant l&#8217;embar\u00e0s<span class=\"ez-toc-section-end\"><\/span><\/h2>\n\n\n\n<p>Un embar\u00e0s suposa una <strong>situaci<\/strong><strong>\u00f3<\/strong><strong> de vulnerabilitat tant per a la mare com per al nad<\/strong><strong>\u00f3<\/strong>. Per tant, si es produ\u00eds alguna emerg\u00e8ncia, \u00e9s possible rebre atenci\u00f3 immediata per part de la sanitat p\u00fablica. Per\u00f2 com ja \u00e9s ben sabut, aquesta t\u00e9 les seves limitacions, i a causa de <strong>l&#8217;alta demanda i de l&#8217;escassetat de personal i recursos<\/strong>, no sempre s&#8217;accedeix a la informaci\u00f3 adequada com a pacients ni es rep el tracte m\u00e8dic que s&#8217;espera.<\/p>\n\n\n\n<p>Quan es disposa d&#8217;una <a href=\"https:\/\/www.mgc.es\/seguros-de-salud\/\" target=\"_blank\" rel=\"noreferrer noopener\"><strong>asseguran\u00e7a de salut privada<\/strong><\/a>, les cobertures s&#8217;adapten a les necessitats que tingui la mare <strong>i augmenten els beneficis que s&#8217;obtenen respecte a la salut p\u00fablica<\/strong>. Per exemple, l&#8217;atenci\u00f3 gaudeix d&#8217;una <strong>major flexibilitat i rapidesa<\/strong>, amb un <strong>nombre m\u00e9s elevat de professionals disponibles<\/strong>.<\/p>\n\n\n\n<p>D&#8217;altra banda, <strong>tamb<\/strong><strong>\u00e9<\/strong><strong> <\/strong><strong>\u00e9<\/strong><strong>s m<\/strong><strong>\u00e9<\/strong><strong>s c<\/strong><strong>\u00f2<\/strong><strong>mode<\/strong>, en accedir a una habitaci\u00f3 individual on tamb\u00e9 pot quedar-se la persona que acompanya a la mare.<\/p>\n\n\n\n<p>A <a href=\"http:\/\/www.mgc.es\" target=\"_blank\" rel=\"noreferrer noopener\">MGC M\u00fatua<\/a> disposem de les millors p\u00f2lisses d&#8217;asseguran\u00e7a de salut. Si vols estar coberta davant qualsevol situaci\u00f3, posa&#8217;t en contacte amb nosaltres i informa&#8217;t sobre les nostres assegurances. Et donarem tota la informaci\u00f3 que necessitis sense cap mena de comprom\u00eds.<\/p>\n","protected":false},"excerpt":{"rendered":"<p>Hi ha assegurances que s\u00f3n obligat\u00f2ries, com la del cotxe o la de l&#8217;habitatge, mentre que d&#8217;altres es converteixen en una necessitat sobtada davant d&#8217;un canvi en la nostra vida. Un exemple d&#8217;aix\u00f2 \u00e9s quan descobrim que ampliarem la fam\u00edlia. Una situaci\u00f3 delicada que, encara que porta alegria, tamb\u00e9 comporta preocupacions. Des de MGC M\u00fatua, [&hellip;]<\/p>\n","protected":false},"author":3,"featured_media":26192,"comment_status":"closed","ping_status":"closed","sticky":false,"template":"","format":"standard","meta":{"footnotes":""},"categories":[16],"tags":[],"class_list":["post-26194","post","type-post","status-publish","format-standard","has-post-thumbnail","hentry","category-assegurances"],"featured_image_src":"https:\/\/www.mgc.es\/wp-content\/uploads\/2022\/05\/para-que-se-usa-el-seguro-en-el-embarazo.jpg","author_info":{"display_name":"Revista Inter\u00e8s Mutu","author_link":"https:\/\/www.mgc.es\/ca\/blog\/author\/interesmutu\/"},"yoast_head":"<!-- This site is optimized with the Yoast SEO plugin v27.2 - https:\/\/yoast.com\/product\/yoast-seo-wordpress\/ -->\n<title>Per a qu\u00e8 s\u2019usa l&#039;asseguran\u00e7a en l&#039;embar\u00e0s? - MGC M\u00fatua<\/title>\n<meta name=\"description\" content=\"Des de MGC M\u00fatua, experts en assegurances de salut, t&#039;expliquem per a qu\u00e8 es fa servir l&#039;asseguran\u00e7a en l&#039;embar\u00e0s. Continua llegint.\" \/>\n<meta name=\"robots\" content=\"index, follow, max-snippet:-1, max-image-preview:large, max-video-preview:-1\" \/>\n<link rel=\"canonical\" href=\"https:\/\/www.mgc.es\/ca\/blog\/per-que-serveix-asseguranca-en-embaras\/\" \/>\n<meta property=\"og:locale\" content=\"ca_ES\" \/>\n<meta property=\"og:type\" content=\"article\" \/>\n<meta property=\"og:title\" content=\"Per a qu\u00e8 s\u2019usa l&#039;asseguran\u00e7a en l&#039;embar\u00e0s? - MGC M\u00fatua\" \/>\n<meta property=\"og:description\" content=\"Des de MGC M\u00fatua, experts en assegurances de salut, t&#039;expliquem per a qu\u00e8 es fa servir l&#039;asseguran\u00e7a en l&#039;embar\u00e0s. Continua llegint.\" \/>\n<meta property=\"og:url\" content=\"https:\/\/www.mgc.es\/ca\/blog\/per-que-serveix-asseguranca-en-embaras\/\" \/>\n<meta property=\"og:site_name\" content=\"MGC M\u00fatua\" \/>\n<meta property=\"article:publisher\" content=\"https:\/\/www.facebook.com\/mgcmutua\" \/>\n<meta property=\"article:published_time\" content=\"2022-05-12T09:00:00+00:00\" \/>\n<meta property=\"article:modified_time\" content=\"2022-07-28T08:57:48+00:00\" \/>\n<meta property=\"og:image\" content=\"https:\/\/www.mgc.es\/wp-content\/uploads\/2022\/05\/para-que-se-usa-el-seguro-en-el-embarazo.jpg\" \/>\n\t<meta property=\"og:image:width\" content=\"1600\" \/>\n\t<meta property=\"og:image:height\" content=\"900\" \/>\n\t<meta property=\"og:image:type\" content=\"image\/jpeg\" \/>\n<meta name=\"author\" content=\"Revista Inter\u00e8s Mutu\" \/>\n<meta name=\"twitter:card\" content=\"summary_large_image\" \/>\n<meta name=\"twitter:creator\" content=\"@mgcmutua\" \/>\n<meta name=\"twitter:site\" content=\"@mgcmutua\" \/>\n<meta name=\"twitter:label1\" content=\"Escrit per\" \/>\n\t<meta name=\"twitter:data1\" content=\"Revista Inter\u00e8s Mutu\" \/>\n\t<meta name=\"twitter:label2\" content=\"Temps estimat de lectura\" \/>\n\t<meta name=\"twitter:data2\" content=\"5 minuts\" \/>\n<!-- \/ Yoast SEO plugin. -->","yoast_head_json":{"title":"Per a qu\u00e8 s\u2019usa l'asseguran\u00e7a en l'embar\u00e0s? - MGC M\u00fatua","description":"Des de MGC M\u00fatua, experts en assegurances de salut, t'expliquem per a qu\u00e8 es fa servir l'asseguran\u00e7a en l'embar\u00e0s. Continua llegint.","robots":{"index":"index","follow":"follow","max-snippet":"max-snippet:-1","max-image-preview":"max-image-preview:large","max-video-preview":"max-video-preview:-1"},"canonical":"https:\/\/www.mgc.es\/ca\/blog\/per-que-serveix-asseguranca-en-embaras\/","og_locale":"ca_ES","og_type":"article","og_title":"Per a qu\u00e8 s\u2019usa l'asseguran\u00e7a en l'embar\u00e0s? - MGC M\u00fatua","og_description":"Des de MGC M\u00fatua, experts en assegurances de salut, t'expliquem per a qu\u00e8 es fa servir l'asseguran\u00e7a en l'embar\u00e0s. Continua llegint.","og_url":"https:\/\/www.mgc.es\/ca\/blog\/per-que-serveix-asseguranca-en-embaras\/","og_site_name":"MGC M\u00fatua","article_publisher":"https:\/\/www.facebook.com\/mgcmutua","article_published_time":"2022-05-12T09:00:00+00:00","article_modified_time":"2022-07-28T08:57:48+00:00","og_image":[{"width":1600,"height":900,"url":"https:\/\/www.mgc.es\/wp-content\/uploads\/2022\/05\/para-que-se-usa-el-seguro-en-el-embarazo.jpg","type":"image\/jpeg"}],"author":"Revista Inter\u00e8s Mutu","twitter_card":"summary_large_image","twitter_creator":"@mgcmutua","twitter_site":"@mgcmutua","twitter_misc":{"Escrit per":"Revista Inter\u00e8s Mutu","Temps estimat de lectura":"5 minuts"},"schema":{"@context":"https:\/\/schema.org","@graph":[{"@type":["Article","BlogPosting"],"@id":"https:\/\/www.mgc.es\/ca\/blog\/per-que-serveix-asseguranca-en-embaras\/#article","isPartOf":{"@id":"https:\/\/www.mgc.es\/ca\/blog\/per-que-serveix-asseguranca-en-embaras\/"},"author":{"name":"Revista Inter\u00e8s Mutu","@id":"https:\/\/www.mgc.es\/#\/schema\/person\/010c961d9c9acf38f11187a02b646c16"},"headline":"Per a qu\u00e8 s\u2019usa l&#8217;asseguran\u00e7a en l&#8217;embar\u00e0s?","datePublished":"2022-05-12T09:00:00+00:00","dateModified":"2022-07-28T08:57:48+00:00","mainEntityOfPage":{"@id":"https:\/\/www.mgc.es\/ca\/blog\/per-que-serveix-asseguranca-en-embaras\/"},"wordCount":910,"publisher":{"@id":"https:\/\/www.mgc.es\/#organization"},"image":{"@id":"https:\/\/www.mgc.es\/ca\/blog\/per-que-serveix-asseguranca-en-embaras\/#primaryimage"},"thumbnailUrl":"https:\/\/www.mgc.es\/wp-content\/uploads\/2022\/05\/para-que-se-usa-el-seguro-en-el-embarazo.jpg","articleSection":["Sector assegurances"],"inLanguage":"ca"},{"@type":["WebPage","ItemPage"],"@id":"https:\/\/www.mgc.es\/ca\/blog\/per-que-serveix-asseguranca-en-embaras\/","url":"https:\/\/www.mgc.es\/ca\/blog\/per-que-serveix-asseguranca-en-embaras\/","name":"Per a qu\u00e8 s\u2019usa l'asseguran\u00e7a en l'embar\u00e0s? - MGC M\u00fatua","isPartOf":{"@id":"https:\/\/www.mgc.es\/#website"},"primaryImageOfPage":{"@id":"https:\/\/www.mgc.es\/ca\/blog\/per-que-serveix-asseguranca-en-embaras\/#primaryimage"},"image":{"@id":"https:\/\/www.mgc.es\/ca\/blog\/per-que-serveix-asseguranca-en-embaras\/#primaryimage"},"thumbnailUrl":"https:\/\/www.mgc.es\/wp-content\/uploads\/2022\/05\/para-que-se-usa-el-seguro-en-el-embarazo.jpg","datePublished":"2022-05-12T09:00:00+00:00","dateModified":"2022-07-28T08:57:48+00:00","description":"Des de MGC M\u00fatua, experts en assegurances de salut, t'expliquem per a qu\u00e8 es fa servir l'asseguran\u00e7a en l'embar\u00e0s. Continua llegint.","breadcrumb":{"@id":"https:\/\/www.mgc.es\/ca\/blog\/per-que-serveix-asseguranca-en-embaras\/#breadcrumb"},"inLanguage":"ca","potentialAction":[{"@type":"ReadAction","target":["https:\/\/www.mgc.es\/ca\/blog\/per-que-serveix-asseguranca-en-embaras\/"]}]},{"@type":"ImageObject","inLanguage":"ca","@id":"https:\/\/www.mgc.es\/ca\/blog\/per-que-serveix-asseguranca-en-embaras\/#primaryimage","url":"https:\/\/www.mgc.es\/wp-content\/uploads\/2022\/05\/para-que-se-usa-el-seguro-en-el-embarazo.jpg","contentUrl":"https:\/\/www.mgc.es\/wp-content\/uploads\/2022\/05\/para-que-se-usa-el-seguro-en-el-embarazo.jpg","width":1600,"height":900,"caption":"para que se usa el seguro en el embarazo"},{"@type":"BreadcrumbList","@id":"https:\/\/www.mgc.es\/ca\/blog\/per-que-serveix-asseguranca-en-embaras\/#breadcrumb","itemListElement":[{"@type":"ListItem","position":1,"name":"Home","item":"https:\/\/www.mgc.es\/ca\/"},{"@type":"ListItem","position":2,"name":"Per a qu\u00e8 s\u2019usa l&#8217;asseguran\u00e7a en l&#8217;embar\u00e0s?"}]},{"@type":"WebSite","@id":"https:\/\/www.mgc.es\/#website","url":"https:\/\/www.mgc.es\/","name":"MGC M\u00fatua","description":"MGC M\u00fatua \u00e9s una entitat asseguradora sense \u00e0nim de lucre constitu\u00efda al 1982 i especialitzada en assegurances de salut i assist\u00e8ncia.","publisher":{"@id":"https:\/\/www.mgc.es\/#organization"},"alternateName":"MGC","potentialAction":[{"@type":"SearchAction","target":{"@type":"EntryPoint","urlTemplate":"https:\/\/www.mgc.es\/?s={search_term_string}"},"query-input":{"@type":"PropertyValueSpecification","valueRequired":true,"valueName":"search_term_string"}}],"inLanguage":"ca"},{"@type":"Organization","@id":"https:\/\/www.mgc.es\/#organization","name":"MGC Mutua","alternateName":"MGC","url":"https:\/\/www.mgc.es\/","logo":{"@type":"ImageObject","inLanguage":"ca","@id":"https:\/\/www.mgc.es\/#\/schema\/logo\/image\/","url":"https:\/\/www.mgc.es\/wp-content\/uploads\/2020\/03\/mgcmutua_h2_2t_reduccions.png","contentUrl":"https:\/\/www.mgc.es\/wp-content\/uploads\/2020\/03\/mgcmutua_h2_2t_reduccions.png","width":303,"height":165,"caption":"MGC Mutua"},"image":{"@id":"https:\/\/www.mgc.es\/#\/schema\/logo\/image\/"},"sameAs":["https:\/\/www.facebook.com\/mgcmutua","https:\/\/x.com\/mgcmutua","https:\/\/www.youtube.com\/c\/MGCMutua"]},{"@type":"Person","@id":"https:\/\/www.mgc.es\/#\/schema\/person\/010c961d9c9acf38f11187a02b646c16","name":"Revista Inter\u00e8s Mutu","image":{"@type":"ImageObject","inLanguage":"ca","@id":"https:\/\/secure.gravatar.com\/avatar\/52302d684339b9d7bf5691e2ad00835d62ce3b4a435f21ca9f21fbe39c63cb1b?s=96&d=mm&r=g","url":"https:\/\/secure.gravatar.com\/avatar\/52302d684339b9d7bf5691e2ad00835d62ce3b4a435f21ca9f21fbe39c63cb1b?s=96&d=mm&r=g","contentUrl":"https:\/\/secure.gravatar.com\/avatar\/52302d684339b9d7bf5691e2ad00835d62ce3b4a435f21ca9f21fbe39c63cb1b?s=96&d=mm&r=g","caption":"Revista Inter\u00e8s Mutu"}}]}},"_links":{"self":[{"href":"https:\/\/www.mgc.es\/ca\/wp-json\/wp\/v2\/posts\/26194","targetHints":{"allow":["GET"]}}],"collection":[{"href":"https:\/\/www.mgc.es\/ca\/wp-json\/wp\/v2\/posts"}],"about":[{"href":"https:\/\/www.mgc.es\/ca\/wp-json\/wp\/v2\/types\/post"}],"author":[{"embeddable":true,"href":"https:\/\/www.mgc.es\/ca\/wp-json\/wp\/v2\/users\/3"}],"replies":[{"embeddable":true,"href":"https:\/\/www.mgc.es\/ca\/wp-json\/wp\/v2\/comments?post=26194"}],"version-history":[{"count":1,"href":"https:\/\/www.mgc.es\/ca\/wp-json\/wp\/v2\/posts\/26194\/revisions"}],"predecessor-version":[{"id":26195,"href":"https:\/\/www.mgc.es\/ca\/wp-json\/wp\/v2\/posts\/26194\/revisions\/26195"}],"wp:featuredmedia":[{"embeddable":true,"href":"https:\/\/www.mgc.es\/ca\/wp-json\/wp\/v2\/media\/26192"}],"wp:attachment":[{"href":"https:\/\/www.mgc.es\/ca\/wp-json\/wp\/v2\/media?parent=26194"}],"wp:term":[{"taxonomy":"category","embeddable":true,"href":"https:\/\/www.mgc.es\/ca\/wp-json\/wp\/v2\/categories?post=26194"},{"taxonomy":"post_tag","embeddable":true,"href":"https:\/\/www.mgc.es\/ca\/wp-json\/wp\/v2\/tags?post=26194"}],"curies":[{"name":"wp","href":"https:\/\/api.w.org\/{rel}","templated":true}]}}