{"id":26037,"date":"2022-06-07T11:44:00","date_gmt":"2022-06-07T09:44:00","guid":{"rendered":"https:\/\/www.mgc.es\/?p=26037"},"modified":"2025-04-04T16:22:24","modified_gmt":"2025-04-04T14:22:24","slug":"dolor-de-labdomen-inferior-en-els-homes-causes-i-tractaments","status":"publish","type":"post","link":"https:\/\/www.mgc.es\/ca\/blog\/dolor-de-labdomen-inferior-en-els-homes-causes-i-tractaments\/","title":{"rendered":"Dolor del ventre inferior en els homes. Causes i tractaments"},"content":{"rendered":"<div id=\"ez-toc-container\" class=\"ez-toc-v2_0_82_1 counter-hierarchy ez-toc-counter ez-toc-custom ez-toc-container-direction\">\n<div class=\"ez-toc-title-container\"><p class=\"ez-toc-title\" style=\"cursor:inherit\">\u00cdndex de continguts<\/p>\n<\/div><nav><ul class='ez-toc-list ez-toc-list-level-1 ' ><li class='ez-toc-page-1 ez-toc-heading-level-2'><a class=\"ez-toc-link ez-toc-heading-1\" href=\"https:\/\/www.mgc.es\/ca\/blog\/dolor-de-labdomen-inferior-en-els-homes-causes-i-tractaments\/#Que_entenem_per_dolor_de_la_part_baixa_de_labdomen\" >Qu\u00e8 entenem per dolor de la part baixa de l\u2019abdomen<\/a><\/li><li class='ez-toc-page-1 ez-toc-heading-level-2'><a class=\"ez-toc-link ez-toc-heading-2\" href=\"https:\/\/www.mgc.es\/ca\/blog\/dolor-de-labdomen-inferior-en-els-homes-causes-i-tractaments\/#Per_que_pot_apareixer_dolor_a_la_part_baixa_del_ventre_en_homes\" >Per qu\u00e8 pot apar\u00e8ixer dolor a la part baixa del ventre en homes?<\/a><\/li><li class='ez-toc-page-1 ez-toc-heading-level-2'><a class=\"ez-toc-link ez-toc-heading-3\" href=\"https:\/\/www.mgc.es\/ca\/blog\/dolor-de-labdomen-inferior-en-els-homes-causes-i-tractaments\/#Tipus_de_dolor_a_la_part_baixa_del_ventre_i_que_poden_indicar\" >Tipus de dolor a la part baixa del ventre i qu\u00e8 poden indicar<\/a><\/li><li class='ez-toc-page-1 ez-toc-heading-level-2'><a class=\"ez-toc-link ez-toc-heading-4\" href=\"https:\/\/www.mgc.es\/ca\/blog\/dolor-de-labdomen-inferior-en-els-homes-causes-i-tractaments\/#Quins_organs_es_troben_a_la_part_baixa_de_labdomen\" >Quins \u00f2rgans es troben a la part baixa de l\u2019abdomen<\/a><\/li><li class='ez-toc-page-1 ez-toc-heading-level-2'><a class=\"ez-toc-link ez-toc-heading-5\" href=\"https:\/\/www.mgc.es\/ca\/blog\/dolor-de-labdomen-inferior-en-els-homes-causes-i-tractaments\/#On_et_fa_mal\" >On et fa mal?<\/a><\/li><li class='ez-toc-page-1 ez-toc-heading-level-2'><a class=\"ez-toc-link ez-toc-heading-6\" href=\"https:\/\/www.mgc.es\/ca\/blog\/dolor-de-labdomen-inferior-en-els-homes-causes-i-tractaments\/#A_la_zona_del_pubis\" >A la zona del pubis<\/a><\/li><li class='ez-toc-page-1 ez-toc-heading-level-2'><a class=\"ez-toc-link ez-toc-heading-7\" href=\"https:\/\/www.mgc.es\/ca\/blog\/dolor-de-labdomen-inferior-en-els-homes-causes-i-tractaments\/#Dolor_en_un_costat\" >Dolor en un costat<\/a><\/li><li class='ez-toc-page-1 ez-toc-heading-level-2'><a class=\"ez-toc-link ez-toc-heading-8\" href=\"https:\/\/www.mgc.es\/ca\/blog\/dolor-de-labdomen-inferior-en-els-homes-causes-i-tractaments\/#Dolor_abdominal_difus\" >Dolor abdominal dif\u00fas<\/a><\/li><li class='ez-toc-page-1 ez-toc-heading-level-2'><a class=\"ez-toc-link ez-toc-heading-9\" href=\"https:\/\/www.mgc.es\/ca\/blog\/dolor-de-labdomen-inferior-en-els-homes-causes-i-tractaments\/#Quan_es_necessari_acudir_al_metge\" >Quan \u00e9s necessari acudir al metge?<\/a><\/li><li class='ez-toc-page-1 ez-toc-heading-level-2'><a class=\"ez-toc-link ez-toc-heading-10\" href=\"https:\/\/www.mgc.es\/ca\/blog\/dolor-de-labdomen-inferior-en-els-homes-causes-i-tractaments\/#Exploracions_i_proves_davant_el_dolor_abdominal\" >Exploracions i proves davant el dolor abdominal<\/a><\/li><li class='ez-toc-page-1 ez-toc-heading-level-2'><a class=\"ez-toc-link ez-toc-heading-11\" href=\"https:\/\/www.mgc.es\/ca\/blog\/dolor-de-labdomen-inferior-en-els-homes-causes-i-tractaments\/#Tractaments_i_remeis_per_alleujar_el_dolor_a_la_part_baixa_del_ventre\" >Tractaments i remeis per alleujar el dolor a la part baixa del ventre<\/a><\/li><li class='ez-toc-page-1 ez-toc-heading-level-2'><a class=\"ez-toc-link ez-toc-heading-12\" href=\"https:\/\/www.mgc.es\/ca\/blog\/dolor-de-labdomen-inferior-en-els-homes-causes-i-tractaments\/#Preguntes_frequents_sobre_el_dolor_a_la_part_baixa_del_ventre_en_homes\" >Preguntes freq\u00fcents sobre el dolor a la part baixa del ventre en homes<\/a><\/li><\/ul><\/nav><\/div>\n\n<p><strong>El dolor a la part baixa del ventre en homes<\/strong> pot apar\u00e8ixer per m\u00faltiples raons, des de problemes musculars fins a afeccions digestives o urin\u00e0ries. Algunes mol\u00e8sties s\u00f3n passatgeres, mentre que d\u2019altres poden indicar malalties m\u00e9s greus. Identificar el tipus de dolor i la seva ubicaci\u00f3 \u00e9s clau per determinar-ne l\u2019origen. Avui veurem veurem <strong>quines s\u00f3n les possibles causes del dolor abdominal baix, com diferenciar-lo i quan cal acudir al metge<\/strong>.<\/p>\n\n\n\n<h2 class=\"wp-block-heading\"><span class=\"ez-toc-section\" id=\"Que_entenem_per_dolor_de_la_part_baixa_de_labdomen\"><\/span><strong>Qu\u00e8 entenem per dolor de la part baixa de l\u2019abdomen<\/strong><span class=\"ez-toc-section-end\"><\/span><\/h2>\n\n\n\n<p>Anomenem baixa a la part de l\u2019abdomen que est\u00e0 per sota del melic. El dolor pot provenir d\u2019algun dels teixits i \u00f2rgans que hi ha en aquesta \u00e0rea. I en s\u00f3n for\u00e7a, aix\u00ed que no sempre ser\u00e0 f\u00e0cil determinar-ne el culpable. Incloem en aquest article el dolor de la part m\u00e9s inferior de l\u2019abdomen, m\u00e9s pr\u00f2piament anomenat \u201cdolor p\u00e8lvic\u201d.<\/p>\n\n\n\n<h2 class=\"wp-block-heading\"><span class=\"ez-toc-section\" id=\"Per_que_pot_apareixer_dolor_a_la_part_baixa_del_ventre_en_homes\"><\/span><strong>Per qu\u00e8 pot apar\u00e8ixer dolor a la part baixa del ventre en homes?<\/strong><span class=\"ez-toc-section-end\"><\/span><\/h2>\n\n\n\n<p>El dolor a la part baixa de l\u2019abdomen en l\u2019home pot deure\u2019s a problemes digestius, musculars, renals o del sistema urinari. De vegades, apareix per una cosa tan simple com una acumulaci\u00f3 de gasos. No obstant aix\u00f2, en altres casos pot ser s\u00edmptoma d\u2019una infecci\u00f3 o una inflamaci\u00f3 m\u00e9s seriosa.<\/p>\n\n\n\n<h2 class=\"wp-block-heading\"><span class=\"ez-toc-section\" id=\"Tipus_de_dolor_a_la_part_baixa_del_ventre_i_que_poden_indicar\"><\/span><strong>Tipus de dolor a la part baixa del ventre i qu\u00e8 poden indicar<\/strong><span class=\"ez-toc-section-end\"><\/span><\/h2>\n\n\n\n<p>La forma en qu\u00e8 es manifesta el dolor pot donar pistes sobre la seva causa.<\/p>\n\n\n\n<h3 class=\"wp-block-heading\"><strong>Difer\u00e8ncies entre dolor muscular i dolor visceral<\/strong><\/h3>\n\n\n\n<p>El dolor muscular sol apar\u00e8ixer despr\u00e9s d\u2019un esfor\u00e7 f\u00edsic, com aixecar pes o fer exercici. Es percep com m\u00e9s superficial i millora amb el rep\u00f2s. El dolor visceral, en canvi, s\u2019origina en els \u00f2rgans interns. Pot venir acompanyat de s\u00edmptomes com n\u00e0usees, febre o canvis en l\u2019evacuaci\u00f3 intestinal.<\/p>\n\n\n\n<h3 class=\"wp-block-heading\"><strong>Dolor punxant vs. dolor constant<\/strong><\/h3>\n\n\n\n<p>Les punxades a la part baixa del ventre poden deure\u2019s a gasos, inflamaci\u00f3 intestinal o infeccions urin\u00e0ries. Si el dolor \u00e9s constant podria indicar que hi ha una afecci\u00f3 cr\u00f2nica, com el <a href=\"https:\/\/www.mgc.es\/ca\/blog\/descobrim-els-simptomes-del-colon-irritable-com-nidentifiquem-i-nalleugem-les-molesties\/\">s\u00edndrome de l\u2019intest\u00ed irritable o SII<\/a> o una infecci\u00f3 persistent.<\/p>\n\n\n\n<h3 class=\"wp-block-heading\"><strong>Dolor amb cremor a la part baixa del ventre<\/strong><\/h3>\n\n\n\n<p>La cfemor a la part baixa del ventre sol estar associat amb infeccions urin\u00e0ries o problemes g\u00e0strics. Tamb\u00e9 pot deure\u2019s a irritacions a la bufeta o al c\u00f2lon.<\/p>\n\n\n\n<h3 class=\"wp-block-heading\"><strong>Dolor abdominal en tossir o esternudar: \u00e9s greu?<\/strong><\/h3>\n\n\n\n<p>Si apareix dolor abdominal en tossir o esternudar, pot tractar-se d\u2019una distensi\u00f3 muscular o una h\u00e8rnia. Si el dolor \u00e9s intens i se situa en una zona espec\u00edfica, \u00e9s recomanable fer una revisi\u00f3 m\u00e8dica.<\/p>\n\n\n\n<h3 class=\"wp-block-heading\"><strong>Pressi\u00f3 a l\u2019abdomen baix<\/strong><\/h3>\n\n\n\n<p>La pressi\u00f3 a l\u2019abdomen baix pot ser causada per gasos, inflamaci\u00f3 de la bufeta o restrenyiment. En alguns casos, es deu a una inflamaci\u00f3 de la pr\u00f2stata o del recte.<\/p>\n\n\n\n<h3 class=\"wp-block-heading\"><strong>Dolor sota el melic en pressionar<\/strong><\/h3>\n\n\n\n<p>Les punxades sota el melic en pressionar poden ser senyal d\u2019inflamaci\u00f3 intestinal, apendicitis en les primeres fases o retenci\u00f3 de gasos.<\/p>\n\n\n\n<h2 class=\"wp-block-heading\"><span class=\"ez-toc-section\" id=\"Quins_organs_es_troben_a_la_part_baixa_de_labdomen\"><\/span><strong>Quins \u00f2rgans es troben a la part baixa de l\u2019abdomen<\/strong><span class=\"ez-toc-section-end\"><\/span><\/h2>\n\n\n\n<p>En aquesta zona del cos, s\u2019hi troben l\u2019intest\u00ed gros, el recte, la bufeta, la pr\u00f2stata i part de l\u2019intest\u00ed prim. Tamb\u00e9 hi ha m\u00fasculs i nervis que poden causar mol\u00e8sties a la part baixa del ventre en l\u2019home si estan inflamats o lesionats. Al costat dret, hi ha l\u2019ap\u00e8ndix, la inflamaci\u00f3 del qual pot derivar en apendicitis.<\/p>\n\n\n\n<h2 class=\"wp-block-heading\"><span class=\"ez-toc-section\" id=\"On_et_fa_mal\"><\/span><strong>On et fa mal?<\/strong><span class=\"ez-toc-section-end\"><\/span><\/h2>\n\n\n\n<p>Ens basarem en la seva localitzaci\u00f3 per determinar les causes.<\/p>\n\n\n\n<h3 class=\"wp-block-heading\"><strong>A la zona umbilical<\/strong><\/h3>\n\n\n\n<p>Podria deure\u2019s a alguna de les seg\u00fcents causes:<\/p>\n\n\n\n<ul class=\"wp-block-list\">\n<li><strong>Un principi d\u2019apendicitis<\/strong><\/li>\n<\/ul>\n\n\n\n<p>\u00c9s for\u00e7a freq\u00fcent notar inicialment la inflamaci\u00f3 al voltant del melic, encara que pot canviar gradualment cap al costat dret. El dolor s\u2019agreuja a les 24 hores i empitjora en moure\u2019s. Pots tenir n\u00e0usees, femtes toves lleus i febre. Si creus que aquest pot ser el diagn\u00f2stic, no esperis a confirmar-lo i ves que et visitin immediatament, ja que pot ser necessari operar sense demora.<\/p>\n\n\n\n<ul class=\"wp-block-list\">\n<li><strong>\u00dalcera d\u2019est\u00f3mac<\/strong><\/li>\n<\/ul>\n\n\n\n<p>L\u2019est\u00f3mac t\u00e9 un revestiment que evita que els \u00e0cids necessaris per descompondre els aliments ingerits el facin malb\u00e9. Qualsevol problema en el revestiment pot causar dolor, sovint de car\u00e0cter ardent (\u201cardor d\u2019est\u00f3mac\u201d) al centre de l\u2019abdomen. Les n\u00e0usees, la indigesti\u00f3, les flatul\u00e8ncies i fins i tot els v\u00f2mits s\u00f3n freq\u00fcents.<\/p>\n\n\n\n<figure class=\"wp-block-image size-full\"><img loading=\"lazy\" decoding=\"async\" width=\"800\" height=\"474\" src=\"https:\/\/www.mgc.es\/wp-content\/uploads\/2022\/01\/cancer-prostata2.jpg\" alt=\"\" class=\"wp-image-24097\" srcset=\"https:\/\/www.mgc.es\/wp-content\/uploads\/2022\/01\/cancer-prostata2.jpg 800w, https:\/\/www.mgc.es\/wp-content\/uploads\/2022\/01\/cancer-prostata2-440x261.jpg 440w, https:\/\/www.mgc.es\/wp-content\/uploads\/2022\/01\/cancer-prostata2-768x455.jpg 768w\" sizes=\"auto, (max-width: 800px) 100vw, 800px\" \/><\/figure>\n\n\n\n<h2 class=\"wp-block-heading\"><span class=\"ez-toc-section\" id=\"A_la_zona_del_pubis\"><\/span><strong>A la zona del pubis<\/strong><span class=\"ez-toc-section-end\"><\/span><\/h2>\n\n\n\n<p>Es podria atribuir a alguna d&#8217;aquestes causes:<\/p>\n\n\n\n<ul class=\"wp-block-list\">\n<li><strong>Dolor a la bufeta<\/strong><\/li>\n<\/ul>\n\n\n\n<p>Els problemes de bufeta es manifesten com un dolor a la part inferior del centre de l&#8217;abdomen. Si es tenen rampes o cremor durant la micci\u00f3 o despr\u00e9s, potser hi ha infecci\u00f3. Potser tamb\u00e9 va acompanyat de m\u00e9s ganes d&#8217;orinar, d&#8217;aparici\u00f3 de sang en l&#8217;orina i d&#8217;una sensaci\u00f3 de cansament i de malestar. Si bevent molts l\u00edquids no n&#8217;eliminem els s\u00edmptomes, caldr\u00e0 anar al metge.<\/p>\n\n\n\n<p>Els c\u00e0lculs (pedres) a la bufeta tamb\u00e9 poden ocasionar un dolor m\u00e9s agut i intens a la zona, a banda de dificultar la micci\u00f3.<\/p>\n\n\n\n<ul class=\"wp-block-list\">\n<li><strong>Mal als testicles<\/strong><\/li>\n<\/ul>\n\n\n\n<p>\u00c9s habitual que els trastorns en els testicles es manifestin a la part baixa de l&#8217;abdomen, entre els quals trobem la inflamaci\u00f3 o les infeccions de transmissi\u00f3 sexual.<\/p>\n\n\n\n<p>Si, a banda del dolor abdominal, observes cap bony (o diversos) als testicles, una secreci\u00f3 an\u00f2mala pel penis o canvis a la pell, consulta-ho al metge.<\/p>\n\n\n\n<ul class=\"wp-block-list\">\n<li><strong>Prostatitis<\/strong><\/li>\n<\/ul>\n\n\n\n<p>La pr\u00f2stata \u00e9s una petita gl\u00e0ndula situada entre la bufeta i el penis i segrega la part l\u00edquida de l&#8217;esperma. Es pot inflamar o infectar, fet que originaria dolor als genitals i tamb\u00e9 a la part inferior de l&#8217;abdomen. Sol anar acompanyat de dificultat per orinar o ejacular.<\/p>\n\n\n\n<p>Si la prostatitis \u00e9s d&#8217;aparici\u00f3 aguda (\u00e9s a dir, r\u00e0pida), normalment \u00e9s conseq\u00fc\u00e8ncia d&#8217;una infecci\u00f3 bacteriana i caldr\u00e0 tractar-la amb antibi\u00f2tic. Si es manifesta gradualment i \u00e9s intermitent durant lapses de temps llargs, \u00e9s dif\u00edcil de determinar-ne la causa i de prescriure un tractament.<\/p>\n\n\n\n<h2 class=\"wp-block-heading\"><span class=\"ez-toc-section\" id=\"Dolor_en_un_costat\"><\/span><strong>Dolor en un costat<\/strong><span class=\"ez-toc-section-end\"><\/span><\/h2>\n\n\n\n<p>Un mal al costat, on hi ha el melic o l&#8217;engonal, es pot atribuir a les causes seg\u00fcents:<\/p>\n\n\n\n<ul class=\"wp-block-list\">\n<li><strong>Apendicitis<\/strong><\/li>\n<\/ul>\n\n\n\n<p>La primera manifestaci\u00f3 d&#8217;una apendicitis, tal com hem dit, es nota a la part central, i m\u00e9s endavant es despla\u00e7a cap al costat dret. El dolor augmenta quan es prem la zona o tossim i esternudem, i tamb\u00e9 quan ens belluguem.<\/p>\n\n\n\n<ul class=\"wp-block-list\">\n<li><strong>Pielonefritis<\/strong><\/li>\n<\/ul>\n\n\n\n<p>La pielonefritis \u00e9s el terme m\u00e8dic per fer refer\u00e8ncia a una infecci\u00f3 renal i es manifesta amb un mal al costat que es pot estendre a l&#8217;esquena. La pot acompanyar una micci\u00f3 dolorosa, sang a l&#8217;orina i un malestar general. Tamb\u00e9 \u00e9s habitual tenir basques, v\u00f2mits i febre.<\/p>\n\n\n\n<p>Aquesta classe d&#8217;infecci\u00f3 sol tenir origen bacteri\u00e0 i demana que es tracti amb antibi\u00f2tic; per tant, val m\u00e9s anar al metge al m\u00e9s aviat possible.<\/p>\n\n\n\n<ul class=\"wp-block-list\">\n<li><strong>Pedres (c\u00e0lculs) al rony\u00f3<\/strong><\/li>\n<\/ul>\n\n\n\n<p>Un dolor sobtat i molt intens a l&#8217;esquena, a l&#8217;abdomen o a l&#8217;engonal pot ser conseq\u00fc\u00e8ncia d&#8217;una <a href=\"https:\/\/www.mgc.es\/ca\/blog\/pedres-al-ronyo-causes-simptomes-tractament-i-prevencio\/\">pedra al rony\u00f3<\/a>: el c\u00f2lic nefr\u00edtic. El cos mirar\u00e0 d&#8217;alliberar-se de la pedra empenyent-la al llarg dels ur\u00e8ters (els conductes que van del rony\u00f3 a la bufeta), un proc\u00e9s que causa dolor a intervals. El poden acompanyar n\u00e0usees o v\u00f2mits.<\/p>\n\n\n\n<p>En general, els c\u00e0lculs petits s&#8217;acaben eliminant amb l&#8217;orina, per\u00f2 si s\u00f3n m\u00e9s grossos potser caldr\u00e0 seguir un tractament hospitalari.<\/p>\n\n\n\n<ul class=\"wp-block-list\">\n<li><strong>Dolor muscular<\/strong><\/li>\n<\/ul>\n\n\n\n<p>No hem d&#8217;oblidar que una cosa tan simple com una distensi\u00f3 muscular pot causar dolor a l&#8217;abdomen, i fins i tot pot arribar a ser for\u00e7a intens perqu\u00e8 es fa treballar el m\u00fascul, de manera que l&#8217;exercici pot ser l&#8217;origen del mal.<\/p>\n\n\n\n<p>Un bany amb aigua t\u00e8bia i analg\u00e8sics el poden calmar.<\/p>\n\n\n\n<ul class=\"wp-block-list\">\n<li><strong>H\u00e8rnies<\/strong><\/li>\n<\/ul>\n\n\n\n<p>Les h\u00e8rnies inguinals es poden manifestar amb dolor abdominal. S\u00f3n conseq\u00fc\u00e8ncia de l&#8217;afebliment d&#8217;una zona del m\u00fascul abdominal, que fa que el teixit adip\u00f3s o l&#8217;intest\u00ed sobresurtin. Poden fer molt de mal i, de vegades, apareix un bony tou o s&#8217;infla l&#8217;abdomen. Normalment es deuen a algun esfor\u00e7, per exemple quan s&#8217;aixeca un pes important. Els bonys tenen tend\u00e8ncia a cr\u00e9ixer quan tossim o esternudem. Si tens cap h\u00e8rnia val m\u00e9s que evitis el <a href=\"https:\/\/www.mgc.es\/ca\/blog\/restrenyiment-que-pots-fer-hi-quan-no-hi-ha-manera\/\">restrenyiment<\/a>.<\/p>\n\n\n\n<p>El tractament ha de ser quir\u00fargic per tornar l&#8217;intest\u00ed a lloc. Si l&#8217;h\u00e8rnia s&#8217;estrangula, el dolor \u00e9s intens i demana un tractament quir\u00fargic urgent.<\/p>\n\n\n\n<figure class=\"wp-block-image size-full\"><img loading=\"lazy\" decoding=\"async\" width=\"800\" height=\"533\" src=\"https:\/\/www.mgc.es\/wp-content\/uploads\/2022\/04\/pielonefritis.jpg\" alt=\"\" class=\"wp-image-26032\" srcset=\"https:\/\/www.mgc.es\/wp-content\/uploads\/2022\/04\/pielonefritis.jpg 800w, https:\/\/www.mgc.es\/wp-content\/uploads\/2022\/04\/pielonefritis-440x293.jpg 440w, https:\/\/www.mgc.es\/wp-content\/uploads\/2022\/04\/pielonefritis-768x512.jpg 768w\" sizes=\"auto, (max-width: 800px) 100vw, 800px\" \/><\/figure>\n\n\n\n<h2 class=\"wp-block-heading\"><span class=\"ez-toc-section\" id=\"Dolor_abdominal_difus\"><\/span><strong>Dolor abdominal dif\u00fas<\/strong><span class=\"ez-toc-section-end\"><\/span><\/h2>\n\n\n\n<p>Hi ha un seguit de trastorns que produeixen dolors no localitzats en una regi\u00f3 concreta:<\/p>\n\n\n\n<ul class=\"wp-block-list\">\n<li><strong>Restrenyiment<\/strong><\/li>\n<\/ul>\n\n\n\n<p>N&#8217;\u00e9s una causa habitual, sovint acompanyat de basques, p\u00e8rdua de la gana i inflor abdominal. Quan el mal \u00e9s fruit del restrenyiment, el dolor \u00e9s m\u00e9s agut al costat esquerre, en concret al c\u00f2lon descendent.<\/p>\n\n\n\n<p>El tractament passa per beure molt de l\u00edquid, fer exercici i menjar aliments rics en fibra. Si conv\u00e9, parla&#8217;n amb el farmac\u00e8utic perqu\u00e8 et recomani un laxant.<\/p>\n\n\n\n<ul class=\"wp-block-list\">\n<li><strong>S\u00edndrome de l&#8217;intest\u00ed irritable (SII)<\/strong><\/li>\n<\/ul>\n\n\n\n<p>El dolor es pot notar a qualsevol part de l&#8217;abdomen i, ben sovint, es manifesta amb inflor i restrenyiment, o b\u00e9 amb diarrea. El SII \u00e9s un trastorn que sol durar for\u00e7a temps i el tractament se centra a determinar-ne els factors desencadenants \u2014com ara l&#8217;estr\u00e8s\u2014 i a aprendre a combatre el trastorn amb una dieta i un estil de vida saludables.<\/p>\n\n\n\n<ul class=\"wp-block-list\">\n<li><strong>Gastroenteritis<\/strong><\/li>\n<\/ul>\n\n\n\n<p>Una altra causa de dolor generalitzat pot ser una infecci\u00f3 a l&#8217;intest\u00ed, b\u00e9 per culpa d&#8217;un virus o b\u00e9 per una intoxicaci\u00f3 aliment\u00e0ria. Pot anar acompanyat d&#8217;episodis de diarrea, v\u00f2mits o de totes dues coses alhora. Normalment es resolen per si mateixos al cap de pocs dies, i s&#8217;evita la deshidrataci\u00f3 amb la ingesta de l\u00edquids. Si, despr\u00e9s d&#8217;una setmana, el trastorn no remet, val m\u00e9s que ho consultis al metge.<\/p>\n\n\n\n<ul class=\"wp-block-list\">\n<li><strong>Mal d&#8217;esquena<\/strong><\/li>\n<\/ul>\n\n\n\n<p>Cal dir que un <a href=\"https:\/\/www.mgc.es\/ca\/blog\/el-mal-desquena\/\">dolor que s&#8217;origina a l&#8217;esquena<\/a> es pot manifestar a l&#8217;abdomen. Se sol anomenar \u201cdolor diferit\u201d. El mal empitjora quan et bellugues, t&#8217;ajups o aixeques objectes. Normalment es descarten les causes purament abdominals per a aquesta classe de dolors.<\/p>\n\n\n\n<h2 class=\"wp-block-heading\"><span class=\"ez-toc-section\" id=\"Quan_es_necessari_acudir_al_metge\"><\/span><strong>Quan \u00e9s necessari acudir al metge?<\/strong><span class=\"ez-toc-section-end\"><\/span><\/h2>\n\n\n\n<p>Si tens algun s\u00edmptoma dels que citem a continuaci\u00f3, no pretenguis saber de qu\u00e8 es tracta, i acudeix al metge com m\u00e9s aviat millor:<\/p>\n\n\n\n<ul class=\"wp-block-list\">\n<li>Dolor intens<\/li>\n<\/ul>\n\n\n\n<ul class=\"wp-block-list\">\n<li>Dolor que empitjora<\/li>\n<\/ul>\n\n\n\n<ul class=\"wp-block-list\">\n<li><a href=\"https:\/\/www.mgc.es\/ca\/blog\/sang-a-la-femta-8-causes-perque-nhi-hagi\/\">Sang a les femtes<\/a>, sigui vermella o ennegrida<\/li>\n<\/ul>\n\n\n\n<ul class=\"wp-block-list\">\n<li>Problemes per caminar a causa del dolor<\/li>\n<\/ul>\n\n\n\n<ul class=\"wp-block-list\">\n<li>V\u00f2mits recurrents, sobretot si inclouen sang<\/li>\n<\/ul>\n\n\n\n<ul class=\"wp-block-list\">\n<li>Un canvi significatiu i persistent en l\u2019h\u00e0bit intestinal<\/li>\n<\/ul>\n\n\n\n<p>Com a norma, el metge et preguntar\u00e0 sobre el dolor: On et fa mal? Quant temps fa que et fa mal? \u00c9s continu o ve i va? \u00c9s agut? S\u00f3n rampes o \u00e9s una sensaci\u00f3 d\u2019ardor?<\/p>\n\n\n\n<p>Tamb\u00e9 voldr\u00e0 saber si tens s\u00edmptomes associats: n\u00e0usees, <a href=\"https:\/\/www.mgc.es\/ca\/blog\/diarrea-simptomes-causes-i-com-ten-pots-deslliurar\/\">diarrea<\/a>, restrenyiment, problemes urinaris\u2026 tot aix\u00f2 li donar\u00e0 bones pistes per determinar la causa del problema.<\/p>\n\n\n\n<h2 class=\"wp-block-heading\"><span class=\"ez-toc-section\" id=\"Exploracions_i_proves_davant_el_dolor_abdominal\"><\/span><strong>Exploracions i proves davant el dolor abdominal<\/strong><span class=\"ez-toc-section-end\"><\/span><\/h2>\n\n\n\n<p>La conversa que has tingut amb el metge i l\u2019exploraci\u00f3 simple de l\u2019abdomen, pressionant en certes \u00e0rees per comprovar si et fa mal, li hauran donat una pista de la causa. Fins i tot podria diagnosticar-la i instaurar un tractament adequat, per\u00f2 no sempre ser\u00e0 aix\u00ed. En aquests casos s\u00f3n necess\u00e0ries proves que variaran segons la sospita del metge, per\u00f2 poden incloure an\u00e0lisis de sang, d\u2019orina i de femtes o fins i tot derivar-te a l\u2019especialista.<\/p>\n\n\n\n<p>Pot ser complicat esbrinar la causa d\u2019un dolor a la part baixa de l\u2019abdomen. En qualsevol cas, no dubtis a consultar amb el teu metge si els teus s\u00edmptomes no remeten.<\/p>\n\n\n\n<h2 class=\"wp-block-heading\"><span class=\"ez-toc-section\" id=\"Tractaments_i_remeis_per_alleujar_el_dolor_a_la_part_baixa_del_ventre\"><\/span><strong>Tractaments i remeis per alleujar el dolor a la part baixa del ventre<\/strong><span class=\"ez-toc-section-end\"><\/span><\/h2>\n\n\n\n<p>El tractament per al dolor d\u2019abdomen baix dep\u00e8n de la seva causa. Si \u00e9s muscular, es pot alleujar amb rep\u00f2s i aplicant calor. Si es deu a gasos o problemes digestius, cal seguir una alimentaci\u00f3 equilibrada i beure prou aigua. En infeccions urin\u00e0ries o problemes renals, \u00e9s necessari un tractament m\u00e8dic amb antibi\u00f2tics o antiinflamatoris. Si el dolor \u00e9s intens o persistent, el m\u00e9s adequat \u00e9s acudir a un especialista perqu\u00e8 identifiqui la causa concreta.<\/p>\n\n\n\n<h2 class=\"wp-block-heading\"><span class=\"ez-toc-section\" id=\"Preguntes_frequents_sobre_el_dolor_a_la_part_baixa_del_ventre_en_homes\"><\/span><strong>Preguntes freq\u00fcents sobre el dolor a la part baixa del ventre en homes<\/strong><span class=\"ez-toc-section-end\"><\/span><\/h2>\n\n\n\n<h3 class=\"wp-block-heading\"><strong>Quins aliments poden causar mol\u00e8sties abdominals?<\/strong><\/h3>\n\n\n\n<p>Certs aliments poden provocar dolor de panxa a la part baixa o rampes a l\u2019abdomen baix. Per exemple, l\u00e0ctics, alcohol, menjars molt condimentats i begudes gasoses. Tots ells poden generar inflamaci\u00f3 intestinal o gasos, cosa que augmenta les mol\u00e8sties.<\/p>\n\n\n\n<h3 class=\"wp-block-heading\"><strong>L\u2019estr\u00e8s pot provocar dolor a l\u2019abdomen baix?<\/strong><\/h3>\n\n\n\n<p>S\u00ed, l\u2019estr\u00e8s pot generar mol\u00e8sties a la part baixa del ventre i provocar espasmes intestinals, diarrea o restrenyiment. La tensi\u00f3 emocional tamb\u00e9 pot afectar la digesti\u00f3 i generar dolor a la part baixa esquerra del ventre en els homes o pressi\u00f3 a la part baixa de l\u2019abdomen.<\/p>\n\n\n\n<p>Si et preguntes per qu\u00e8 et fa mal sota el melic i el dolor \u00e9s persistent o va en augment, \u00e9s recomanable acudir a un especialista per fer una revisi\u00f3 i arribar al diagn\u00f2stic.<\/p>\n\n\n\n<p><\/p>\n","protected":false},"excerpt":{"rendered":"<p>El dolor a la part baixa del ventre en homes pot apar\u00e8ixer per m\u00faltiples raons, des de problemes musculars fins a afeccions digestives o urin\u00e0ries. Algunes mol\u00e8sties s\u00f3n passatgeres, mentre que d\u2019altres poden indicar malalties m\u00e9s greus. Identificar el tipus de dolor i la seva ubicaci\u00f3 \u00e9s clau per determinar-ne l\u2019origen. Avui veurem veurem quines [&hellip;]<\/p>\n","protected":false},"author":3,"featured_media":26030,"comment_status":"closed","ping_status":"closed","sticky":false,"template":"","format":"standard","meta":{"footnotes":""},"categories":[992,996,15],"tags":[481],"class_list":["post-26037","post","type-post","status-publish","format-standard","has-post-thumbnail","hentry","category-aparell-digestiu","category-malalties-i-salut-general","category-salut","tag-prevencio"],"featured_image_src":"https:\/\/www.mgc.es\/wp-content\/uploads\/2022\/04\/dolor-bajo-abdomen.jpg","author_info":{"display_name":"Revista Inter\u00e8s Mutu","author_link":"https:\/\/www.mgc.es\/ca\/blog\/author\/interesmutu\/"},"yoast_head":"<!-- This site is optimized with the Yoast SEO plugin v27.2 - https:\/\/yoast.com\/product\/yoast-seo-wordpress\/ -->\n<title>Dolor del ventre inferior en els homes. Causes i tractaments<\/title>\n<meta name=\"description\" content=\"Descobreix les causes del dolor al baix abdomen en homes i com identificar-les. Consulta un metge si experimentes dolor intens o s\u00edmptomes.\" \/>\n<meta name=\"robots\" content=\"index, follow, max-snippet:-1, max-image-preview:large, max-video-preview:-1\" \/>\n<link rel=\"canonical\" href=\"https:\/\/www.mgc.es\/ca\/blog\/dolor-de-labdomen-inferior-en-els-homes-causes-i-tractaments\/\" \/>\n<meta property=\"og:locale\" content=\"ca_ES\" \/>\n<meta property=\"og:type\" content=\"article\" \/>\n<meta property=\"og:title\" content=\"Dolor del ventre inferior en els homes. Causes i tractaments\" \/>\n<meta property=\"og:description\" content=\"Descobreix les causes del dolor al baix abdomen en homes i com identificar-les. Consulta un metge si experimentes dolor intens o s\u00edmptomes.\" \/>\n<meta property=\"og:url\" content=\"https:\/\/www.mgc.es\/ca\/blog\/dolor-de-labdomen-inferior-en-els-homes-causes-i-tractaments\/\" \/>\n<meta property=\"og:site_name\" content=\"MGC M\u00fatua\" \/>\n<meta property=\"article:publisher\" content=\"https:\/\/www.facebook.com\/mgcmutua\" \/>\n<meta property=\"article:published_time\" content=\"2022-06-07T09:44:00+00:00\" \/>\n<meta property=\"article:modified_time\" content=\"2025-04-04T14:22:24+00:00\" \/>\n<meta property=\"og:image\" content=\"https:\/\/www.mgc.es\/wp-content\/uploads\/2022\/04\/dolor-bajo-abdomen.jpg\" \/>\n\t<meta property=\"og:image:width\" content=\"800\" \/>\n\t<meta property=\"og:image:height\" content=\"563\" \/>\n\t<meta property=\"og:image:type\" content=\"image\/jpeg\" \/>\n<meta name=\"author\" content=\"Revista Inter\u00e8s Mutu\" \/>\n<meta name=\"twitter:card\" content=\"summary_large_image\" \/>\n<meta name=\"twitter:creator\" content=\"@mgcmutua\" \/>\n<meta name=\"twitter:site\" content=\"@mgcmutua\" \/>\n<meta name=\"twitter:label1\" content=\"Escrit per\" \/>\n\t<meta name=\"twitter:data1\" content=\"Revista Inter\u00e8s Mutu\" \/>\n\t<meta name=\"twitter:label2\" content=\"Temps estimat de lectura\" \/>\n\t<meta name=\"twitter:data2\" content=\"11 minuts\" \/>\n<!-- \/ Yoast SEO plugin. -->","yoast_head_json":{"title":"Dolor del ventre inferior en els homes. Causes i tractaments","description":"Descobreix les causes del dolor al baix abdomen en homes i com identificar-les. Consulta un metge si experimentes dolor intens o s\u00edmptomes.","robots":{"index":"index","follow":"follow","max-snippet":"max-snippet:-1","max-image-preview":"max-image-preview:large","max-video-preview":"max-video-preview:-1"},"canonical":"https:\/\/www.mgc.es\/ca\/blog\/dolor-de-labdomen-inferior-en-els-homes-causes-i-tractaments\/","og_locale":"ca_ES","og_type":"article","og_title":"Dolor del ventre inferior en els homes. Causes i tractaments","og_description":"Descobreix les causes del dolor al baix abdomen en homes i com identificar-les. Consulta un metge si experimentes dolor intens o s\u00edmptomes.","og_url":"https:\/\/www.mgc.es\/ca\/blog\/dolor-de-labdomen-inferior-en-els-homes-causes-i-tractaments\/","og_site_name":"MGC M\u00fatua","article_publisher":"https:\/\/www.facebook.com\/mgcmutua","article_published_time":"2022-06-07T09:44:00+00:00","article_modified_time":"2025-04-04T14:22:24+00:00","og_image":[{"width":800,"height":563,"url":"https:\/\/www.mgc.es\/wp-content\/uploads\/2022\/04\/dolor-bajo-abdomen.jpg","type":"image\/jpeg"}],"author":"Revista Inter\u00e8s Mutu","twitter_card":"summary_large_image","twitter_creator":"@mgcmutua","twitter_site":"@mgcmutua","twitter_misc":{"Escrit per":"Revista Inter\u00e8s Mutu","Temps estimat de lectura":"11 minuts"},"schema":{"@context":"https:\/\/schema.org","@graph":[{"@type":["Article","BlogPosting"],"@id":"https:\/\/www.mgc.es\/ca\/blog\/dolor-de-labdomen-inferior-en-els-homes-causes-i-tractaments\/#article","isPartOf":{"@id":"https:\/\/www.mgc.es\/ca\/blog\/dolor-de-labdomen-inferior-en-els-homes-causes-i-tractaments\/"},"author":{"name":"Revista Inter\u00e8s Mutu","@id":"https:\/\/www.mgc.es\/#\/schema\/person\/010c961d9c9acf38f11187a02b646c16"},"headline":"Dolor del ventre inferior en els homes. Causes i tractaments","datePublished":"2022-06-07T09:44:00+00:00","dateModified":"2025-04-04T14:22:24+00:00","mainEntityOfPage":{"@id":"https:\/\/www.mgc.es\/ca\/blog\/dolor-de-labdomen-inferior-en-els-homes-causes-i-tractaments\/"},"wordCount":2251,"publisher":{"@id":"https:\/\/www.mgc.es\/#organization"},"image":{"@id":"https:\/\/www.mgc.es\/ca\/blog\/dolor-de-labdomen-inferior-en-els-homes-causes-i-tractaments\/#primaryimage"},"thumbnailUrl":"https:\/\/www.mgc.es\/wp-content\/uploads\/2022\/04\/dolor-bajo-abdomen.jpg","keywords":["prevenci\u00f3"],"articleSection":["Aparell digestiu","Malalties i salut general","Salut i medicina"],"inLanguage":"ca"},{"@type":["WebPage","ItemPage"],"@id":"https:\/\/www.mgc.es\/ca\/blog\/dolor-de-labdomen-inferior-en-els-homes-causes-i-tractaments\/","url":"https:\/\/www.mgc.es\/ca\/blog\/dolor-de-labdomen-inferior-en-els-homes-causes-i-tractaments\/","name":"Dolor del ventre inferior en els homes. Causes i tractaments","isPartOf":{"@id":"https:\/\/www.mgc.es\/#website"},"primaryImageOfPage":{"@id":"https:\/\/www.mgc.es\/ca\/blog\/dolor-de-labdomen-inferior-en-els-homes-causes-i-tractaments\/#primaryimage"},"image":{"@id":"https:\/\/www.mgc.es\/ca\/blog\/dolor-de-labdomen-inferior-en-els-homes-causes-i-tractaments\/#primaryimage"},"thumbnailUrl":"https:\/\/www.mgc.es\/wp-content\/uploads\/2022\/04\/dolor-bajo-abdomen.jpg","datePublished":"2022-06-07T09:44:00+00:00","dateModified":"2025-04-04T14:22:24+00:00","description":"Descobreix les causes del dolor al baix abdomen en homes i com identificar-les. Consulta un metge si experimentes dolor intens o s\u00edmptomes.","breadcrumb":{"@id":"https:\/\/www.mgc.es\/ca\/blog\/dolor-de-labdomen-inferior-en-els-homes-causes-i-tractaments\/#breadcrumb"},"inLanguage":"ca","potentialAction":[{"@type":"ReadAction","target":["https:\/\/www.mgc.es\/ca\/blog\/dolor-de-labdomen-inferior-en-els-homes-causes-i-tractaments\/"]}]},{"@type":"ImageObject","inLanguage":"ca","@id":"https:\/\/www.mgc.es\/ca\/blog\/dolor-de-labdomen-inferior-en-els-homes-causes-i-tractaments\/#primaryimage","url":"https:\/\/www.mgc.es\/wp-content\/uploads\/2022\/04\/dolor-bajo-abdomen.jpg","contentUrl":"https:\/\/www.mgc.es\/wp-content\/uploads\/2022\/04\/dolor-bajo-abdomen.jpg","width":800,"height":563},{"@type":"BreadcrumbList","@id":"https:\/\/www.mgc.es\/ca\/blog\/dolor-de-labdomen-inferior-en-els-homes-causes-i-tractaments\/#breadcrumb","itemListElement":[{"@type":"ListItem","position":1,"name":"Home","item":"https:\/\/www.mgc.es\/ca\/"},{"@type":"ListItem","position":2,"name":"Dolor del ventre inferior en els homes. Causes i tractaments"}]},{"@type":"WebSite","@id":"https:\/\/www.mgc.es\/#website","url":"https:\/\/www.mgc.es\/","name":"MGC M\u00fatua","description":"MGC M\u00fatua \u00e9s una entitat asseguradora sense \u00e0nim de lucre constitu\u00efda al 1982 i especialitzada en assegurances de salut i assist\u00e8ncia.","publisher":{"@id":"https:\/\/www.mgc.es\/#organization"},"alternateName":"MGC","potentialAction":[{"@type":"SearchAction","target":{"@type":"EntryPoint","urlTemplate":"https:\/\/www.mgc.es\/?s={search_term_string}"},"query-input":{"@type":"PropertyValueSpecification","valueRequired":true,"valueName":"search_term_string"}}],"inLanguage":"ca"},{"@type":"Organization","@id":"https:\/\/www.mgc.es\/#organization","name":"MGC Mutua","alternateName":"MGC","url":"https:\/\/www.mgc.es\/","logo":{"@type":"ImageObject","inLanguage":"ca","@id":"https:\/\/www.mgc.es\/#\/schema\/logo\/image\/","url":"https:\/\/www.mgc.es\/wp-content\/uploads\/2020\/03\/mgcmutua_h2_2t_reduccions.png","contentUrl":"https:\/\/www.mgc.es\/wp-content\/uploads\/2020\/03\/mgcmutua_h2_2t_reduccions.png","width":303,"height":165,"caption":"MGC Mutua"},"image":{"@id":"https:\/\/www.mgc.es\/#\/schema\/logo\/image\/"},"sameAs":["https:\/\/www.facebook.com\/mgcmutua","https:\/\/x.com\/mgcmutua","https:\/\/www.youtube.com\/c\/MGCMutua"]},{"@type":"Person","@id":"https:\/\/www.mgc.es\/#\/schema\/person\/010c961d9c9acf38f11187a02b646c16","name":"Revista Inter\u00e8s Mutu","image":{"@type":"ImageObject","inLanguage":"ca","@id":"https:\/\/secure.gravatar.com\/avatar\/52302d684339b9d7bf5691e2ad00835d62ce3b4a435f21ca9f21fbe39c63cb1b?s=96&d=mm&r=g","url":"https:\/\/secure.gravatar.com\/avatar\/52302d684339b9d7bf5691e2ad00835d62ce3b4a435f21ca9f21fbe39c63cb1b?s=96&d=mm&r=g","contentUrl":"https:\/\/secure.gravatar.com\/avatar\/52302d684339b9d7bf5691e2ad00835d62ce3b4a435f21ca9f21fbe39c63cb1b?s=96&d=mm&r=g","caption":"Revista Inter\u00e8s Mutu"}}]}},"_links":{"self":[{"href":"https:\/\/www.mgc.es\/ca\/wp-json\/wp\/v2\/posts\/26037","targetHints":{"allow":["GET"]}}],"collection":[{"href":"https:\/\/www.mgc.es\/ca\/wp-json\/wp\/v2\/posts"}],"about":[{"href":"https:\/\/www.mgc.es\/ca\/wp-json\/wp\/v2\/types\/post"}],"author":[{"embeddable":true,"href":"https:\/\/www.mgc.es\/ca\/wp-json\/wp\/v2\/users\/3"}],"replies":[{"embeddable":true,"href":"https:\/\/www.mgc.es\/ca\/wp-json\/wp\/v2\/comments?post=26037"}],"version-history":[{"count":2,"href":"https:\/\/www.mgc.es\/ca\/wp-json\/wp\/v2\/posts\/26037\/revisions"}],"predecessor-version":[{"id":34483,"href":"https:\/\/www.mgc.es\/ca\/wp-json\/wp\/v2\/posts\/26037\/revisions\/34483"}],"wp:featuredmedia":[{"embeddable":true,"href":"https:\/\/www.mgc.es\/ca\/wp-json\/wp\/v2\/media\/26030"}],"wp:attachment":[{"href":"https:\/\/www.mgc.es\/ca\/wp-json\/wp\/v2\/media?parent=26037"}],"wp:term":[{"taxonomy":"category","embeddable":true,"href":"https:\/\/www.mgc.es\/ca\/wp-json\/wp\/v2\/categories?post=26037"},{"taxonomy":"post_tag","embeddable":true,"href":"https:\/\/www.mgc.es\/ca\/wp-json\/wp\/v2\/tags?post=26037"}],"curies":[{"name":"wp","href":"https:\/\/api.w.org\/{rel}","templated":true}]}}