{"id":24863,"date":"2022-02-17T11:00:00","date_gmt":"2022-02-17T10:00:00","guid":{"rendered":"https:\/\/www.mgc.es\/?p=24863"},"modified":"2022-03-29T13:33:32","modified_gmt":"2022-03-29T11:33:32","slug":"baixa-laboral-per-depressio-quins-son-els-drets-i-requisits","status":"publish","type":"post","link":"https:\/\/www.mgc.es\/ca\/blog\/baixa-laboral-per-depressio-quins-son-els-drets-i-requisits\/","title":{"rendered":"Baixa laboral per depressi\u00f3: Quins s\u00f3n els drets i requisits?"},"content":{"rendered":"<div id=\"ez-toc-container\" class=\"ez-toc-v2_0_82_1 counter-hierarchy ez-toc-counter ez-toc-custom ez-toc-container-direction\">\n<div class=\"ez-toc-title-container\"><p class=\"ez-toc-title\" style=\"cursor:inherit\">\u00cdndex de continguts<\/p>\n<\/div><nav><ul class='ez-toc-list ez-toc-list-level-1 ' ><li class='ez-toc-page-1 ez-toc-heading-level-2'><a class=\"ez-toc-link ez-toc-heading-1\" href=\"https:\/\/www.mgc.es\/ca\/blog\/baixa-laboral-per-depressio-quins-son-els-drets-i-requisits\/#Que_es_la_baixa_laboral_per_depressio\" >Qu\u00e8 \u00e9s la baixa laboral per depressi\u00f3?<\/a><\/li><li class='ez-toc-page-1 ez-toc-heading-level-2'><a class=\"ez-toc-link ez-toc-heading-2\" href=\"https:\/\/www.mgc.es\/ca\/blog\/baixa-laboral-per-depressio-quins-son-els-drets-i-requisits\/#Requisits_per_a_sollicitar_la_baixa_laboral_per_depressio\" >Requisits per a sol\u00b7licitar la baixa laboral per depressi\u00f3<\/a><\/li><li class='ez-toc-page-1 ez-toc-heading-level-2'><a class=\"ez-toc-link ez-toc-heading-3\" href=\"https:\/\/www.mgc.es\/ca\/blog\/baixa-laboral-per-depressio-quins-son-els-drets-i-requisits\/#Poden_acomiadar-me_per_estar_de_baixa_per_depressio\" >Poden acomiadar-me per estar de baixa per depressi\u00f3?<\/a><\/li><li class='ez-toc-page-1 ez-toc-heading-level-2'><a class=\"ez-toc-link ez-toc-heading-4\" href=\"https:\/\/www.mgc.es\/ca\/blog\/baixa-laboral-per-depressio-quins-son-els-drets-i-requisits\/#Quins_son_els_meus_drets_mentre_estic_de_baixa\" >Quins s\u00f3n els meus drets mentre estic de baixa?<\/a><\/li><\/ul><\/nav><\/div>\n\n<p>Les baixes laborals sempre s&#8217;han relacionat amb les caigudes i els accidents en el treball, que ens deixaven f\u00edsicament incapacitats durant un per\u00edode de temps. Nogensmenys, i per sort, cada vegada es parla m\u00e9s de la salut mental i de la seva import\u00e0ncia. I \u00e9s que quan alguna cosa no marxa b\u00e9 en la nostra ment, les conseq\u00fc\u00e8ncies poden ser nefastes. Des d\u2019MGC M\u00fatua, a part d&#8217;oferir una <a href=\"https:\/\/www.mgc.es\/ca\/assegurances-de-salut\/indemnitzacio-per-baixa-laboral\/\" target=\"_blank\" rel=\"noreferrer noopener\">asseguran\u00e7a d&#8217;indemnitzaci\u00f3 per baixa laboral<\/a>, avui volem donar-li visibilitat a la <strong>baixa laboral per depressi\u00f3<\/strong> i explicar-te com i quan es pot sol\u00b7licitar.<\/p>\n\n\n\n<h2 class=\"wp-block-heading\"><span class=\"ez-toc-section\" id=\"Que_es_la_baixa_laboral_per_depressio\"><\/span>Qu\u00e8 \u00e9s la baixa laboral per depressi\u00f3?<span class=\"ez-toc-section-end\"><\/span><\/h2>\n\n\n\n<p>La depressi\u00f3 \u00e9s una mica m\u00e9s que una tristesa o una sensaci\u00f3 temporal de desgana i apatia. Es tracta d&#8217;un <strong>trastorn mental<\/strong> que t\u00e9 com a caracter\u00edstica principal un <strong>estat d&#8217;\u00e0nim baix i sentiments profunds de tristesa<\/strong>, que a m\u00e9s s&#8217;uneixen a alteracions en el comportament, a un nivell d&#8217;activitat molt baix i a pensaments negatius.<\/p>\n\n\n\n<p>Malgrat aix\u00f2, <strong>en algunes ocasions la persona continua amb les seves obligacions en el dia a dia<\/strong> i aparenta viure amb total normalitat. Precisament perqu\u00e8 es pot passar en silenci, \u00e9s important donar-li visibilitat i acceptar que es tracta d&#8217;un <strong>problema cada vegada m\u00e9s freq\u00fcent en la nostra societat<\/strong>.<\/p>\n\n\n\n<p>Pel que fa a <strong>la baixa laboral per depressi\u00f3, \u00e9s aquella a la qual accedeixen les persones que es veuen incapacitades psicol\u00f2gicament per aquest trastorn de manera temporal<\/strong> i que els impedeix atendre les seves responsabilitats al seu lloc de treball.<\/p>\n\n\n\n<p>Les causes poden ser m\u00faltiples, per\u00f2 es classifiquen en conting\u00e8ncies comunes i professionals. Les primeres s\u00f3n les alienes al lloc de treball, com els problemes personals, familiars i financers. <strong>El metge de cap\u00e7alera \u00e9s qui l&#8217;acredita<\/strong> i es procedeix com amb les baixes per malalties comunes.<\/p>\n\n\n\n<p>En les professionals, la depressi\u00f3 \u00e9s <strong>causada per la mateixa activitat laboral<\/strong> o l&#8217;entorn de treball. L&#8217;estr\u00e8s i l&#8217;ansietat o l&#8217;assetjament laboral s\u00f3n les causes m\u00e9s freq\u00fcents. En aquest cas, <strong>\u00e9s la m\u00fatua qui s&#8217;encarrega<\/strong> de la gesti\u00f3 de la baixa per depressi\u00f3.<\/p>\n\n\n\n<figure class=\"wp-block-image size-large\"><img loading=\"lazy\" decoding=\"async\" width=\"880\" height=\"587\" src=\"https:\/\/www.mgc.es\/wp-content\/uploads\/2022\/02\/baja-por-depresion-laboral-2-1-880x587.jpg\" alt=\"\" class=\"wp-image-24864\" srcset=\"https:\/\/www.mgc.es\/wp-content\/uploads\/2022\/02\/baja-por-depresion-laboral-2-1-880x587.jpg 880w, https:\/\/www.mgc.es\/wp-content\/uploads\/2022\/02\/baja-por-depresion-laboral-2-1-440x293.jpg 440w, https:\/\/www.mgc.es\/wp-content\/uploads\/2022\/02\/baja-por-depresion-laboral-2-1-768x512.jpg 768w, https:\/\/www.mgc.es\/wp-content\/uploads\/2022\/02\/baja-por-depresion-laboral-2-1-1536x1024.jpg 1536w, https:\/\/www.mgc.es\/wp-content\/uploads\/2022\/02\/baja-por-depresion-laboral-2-1.jpg 1024w\" sizes=\"auto, (max-width: 880px) 100vw, 880px\" \/><\/figure>\n\n\n\n<h2 class=\"wp-block-heading\"><span class=\"ez-toc-section\" id=\"Requisits_per_a_sollicitar_la_baixa_laboral_per_depressio\"><\/span>Requisits per a sol\u00b7licitar la baixa laboral per depressi\u00f3<span class=\"ez-toc-section-end\"><\/span><\/h2>\n\n\n\n<p>Ja hem esmentat com demanar la baixa per depressi\u00f3; a trav\u00e9s del metge de cap\u00e7alera o b\u00e9 mitjan\u00e7ant la m\u00fatua, segons quina sigui la causa. Tanmateix, existeixen una s\u00e8rie <strong>de requisits en la baixa per depressi\u00f3, que han de complir-se per a poder accedir a ella<\/strong>. S\u00f3n els seg\u00fcents:<\/p>\n\n\n\n<ul class=\"wp-block-list\"><li>Tant si es treballa per compte propi com aliena, \u00e9s necessari estar <strong>donat d&#8217;alta a la Seguretat Social<\/strong>. En el cas de les persones aut\u00f2nomes, s&#8217;ha d&#8217;estar tamb\u00e9 <strong>al corrent dels pagaments de les cotitzacions socials<\/strong> o quotes.<\/li><\/ul>\n\n\n\n<ul class=\"wp-block-list\"><li>Una <strong>cotitzaci\u00f3 pr\u00e8via de 180 dies en els \u00faltims cinc anys<\/strong> quan es tracta de conting\u00e8ncies comunes. Per a les professionals, en ser la causa el propi lloc o l&#8217;entorn laboral, no s&#8217;exigeix cap per\u00edode m\u00ednim de cotitzaci\u00f3 pr\u00e8via.<\/li><\/ul>\n\n\n\n<h2 class=\"wp-block-heading\"><span class=\"ez-toc-section\" id=\"Poden_acomiadar-me_per_estar_de_baixa_per_depressio\"><\/span>Poden acomiadar-me per estar de baixa per depressi\u00f3?<span class=\"ez-toc-section-end\"><\/span><\/h2>\n\n\n\n<p>Un dubte freq\u00fcent que sol sorgir \u00e9s el relatiu als acomiadaments quan s&#8217;est\u00e0 de baixa durant un temps prolongat. De produir-se aquest escenari, \u00e9s important <strong>con\u00e8ixer qu\u00e8 fer en cas d&#8217;acomiadament estant de baixa per depressi\u00f3<\/strong>.<\/p>\n\n\n\n<p>El que cal esbrinar \u00e9s si la pr\u00f2pia baixa \u00e9s la causa de l&#8217;acomiadament o si es deu a un altre motiu que pugui justificar-se. <strong>L&#8217;empresa est\u00e0 en el seu dret d&#8217;acomiadar a una persona<\/strong> tant si est\u00e0 acudint al lloc de treball com si no. Malgrat aix\u00f2, <strong>si el motiu \u00e9s la baixa per depressi\u00f3, es considera acomiadament improcedent<\/strong> i aleshores es fa necessari prendre-hi mesures legals.<\/p>\n\n\n\n<h2 class=\"wp-block-heading\"><span class=\"ez-toc-section\" id=\"Quins_son_els_meus_drets_mentre_estic_de_baixa\"><\/span>Quins s\u00f3n els meus drets mentre estic de baixa?<span class=\"ez-toc-section-end\"><\/span><\/h2>\n\n\n\n<p>Mentre es prolongui la baixa laboral per depressi\u00f3, es t\u00e9 <strong>dret al cobrament d&#8217;una compensaci\u00f3 econ\u00f2mica<\/strong>. Aquesta \u00e9s <strong>equivalent a la resta de baixes m\u00e8diques<\/strong> per altres patologies. Aix\u00ed, durant els tres primers dies no es cobra res i \u00e9s en el quart dia quan s&#8217;inicia la prestaci\u00f3.<\/p>\n\n\n\n<p>Entre els dies 4 i 20, ambd\u00f3s inclosos, la persona treballadora rebr\u00e0 el <strong>60% de la seva base reguladora<\/strong>. Del dia 21 en endavant, <strong>rebr\u00e0 el 75%<\/strong>. Si el conveni col\u00b7lectiu al qual s&#8217;est\u00e0 subjecte estipul\u00e9s una quantitat superior, es percebria la indicada en ell.<\/p>\n\n\n\n<p><strong>Quan la causa \u00e9s professional<\/strong> i es tramita a la m\u00fatua, els drets per la baixa per depressi\u00f3 canvien, perqu\u00e8 ja no es considera conting\u00e8ncia comuna. En aquestes, <strong>des del dia posterior a l&#8217;inici de la baixa, es cobraria el 75%<\/strong> de la base reguladora.<\/p>\n\n\n\n<p>Una altra difer\u00e8ncia a tenir en compte \u00e9s que aqu\u00ed, entre els dies 4 i 15, ambd\u00f3s inclosos, \u00e9s l&#8217;empresa qui es fa c\u00e0rrec de l&#8217;ingr\u00e9s, que es produeix amb igual periodicitat que el salari. Del dia 16 en endavant, <strong>se&#8217;n pot responsabilitzar la m\u00fatua o l&#8217;Institut Nacional de la Seguretat Social<\/strong> (INSS). Si es tracta d&#8217;una persona aut\u00f2noma, ho cobreix l&#8217;entitat gestora o la m\u00fatua a la qual s&#8217;hagi acollit.<\/p>\n\n\n\n<p>Des de MGC M\u00fatua posem a la teva disposici\u00f3 les nostres <a href=\"https:\/\/www.mgc.es\/ca\/assegurances-de-salut\/indemnitzacio-per-baixa-laboral\/\" target=\"_blank\" rel=\"noreferrer noopener\">assegurances d&#8217;indemnitzaci\u00f3 per baixa laboral<\/a> &nbsp;&nbsp;amb les millors cobertures del mercat. Si en vols m\u00e9s informaci\u00f3, no dubtis a posar-te en contacte amb nosaltres i t&#8217;aclarirem qualsevol aspecte on ho necessitis.<\/p>\n","protected":false},"excerpt":{"rendered":"<p>Les baixes laborals sempre s&#8217;han relacionat amb les caigudes i els accidents en el treball, que ens deixaven f\u00edsicament incapacitats durant un per\u00edode de temps. Nogensmenys, i per sort, cada vegada es parla m\u00e9s de la salut mental i de la seva import\u00e0ncia. I \u00e9s que quan alguna cosa no marxa b\u00e9 en la nostra [&hellip;]<\/p>\n","protected":false},"author":3,"featured_media":24859,"comment_status":"closed","ping_status":"closed","sticky":false,"template":"","format":"standard","meta":{"footnotes":""},"categories":[16],"tags":[],"class_list":["post-24863","post","type-post","status-publish","format-standard","has-post-thumbnail","hentry","category-assegurances"],"featured_image_src":"https:\/\/www.mgc.es\/wp-content\/uploads\/2022\/02\/baja-por-depresion-laboral-1.jpg","author_info":{"display_name":"Revista Inter\u00e8s Mutu","author_link":"https:\/\/www.mgc.es\/ca\/blog\/author\/interesmutu\/"},"yoast_head":"<!-- This site is optimized with the Yoast SEO plugin v27.2 - https:\/\/yoast.com\/product\/yoast-seo-wordpress\/ -->\n<title>Baixa laboral per depressi\u00f3: Quins s\u00f3n els drets i requisits? - MGC M\u00fatua<\/title>\n<meta name=\"description\" content=\"Quins s\u00f3n els teus drets i requisits en el relacionat amb baixa laboral per depressi\u00f3? T\u2019expliquem tot el que has de saber sobre aquest tema.\" \/>\n<meta name=\"robots\" content=\"index, follow, max-snippet:-1, max-image-preview:large, max-video-preview:-1\" \/>\n<link rel=\"canonical\" href=\"https:\/\/www.mgc.es\/ca\/blog\/baixa-laboral-per-depressio-quins-son-els-drets-i-requisits\/\" \/>\n<meta property=\"og:locale\" content=\"ca_ES\" \/>\n<meta property=\"og:type\" content=\"article\" \/>\n<meta property=\"og:title\" content=\"Baixa laboral per depressi\u00f3: Quins s\u00f3n els drets i requisits? - MGC M\u00fatua\" \/>\n<meta property=\"og:description\" content=\"Quins s\u00f3n els teus drets i requisits en el relacionat amb baixa laboral per depressi\u00f3? T\u2019expliquem tot el que has de saber sobre aquest tema.\" \/>\n<meta property=\"og:url\" content=\"https:\/\/www.mgc.es\/ca\/blog\/baixa-laboral-per-depressio-quins-son-els-drets-i-requisits\/\" \/>\n<meta property=\"og:site_name\" content=\"MGC M\u00fatua\" \/>\n<meta property=\"article:publisher\" content=\"https:\/\/www.facebook.com\/mgcmutua\" \/>\n<meta property=\"article:published_time\" content=\"2022-02-17T10:00:00+00:00\" \/>\n<meta property=\"article:modified_time\" content=\"2022-03-29T11:33:32+00:00\" \/>\n<meta property=\"og:image\" content=\"https:\/\/www.mgc.es\/wp-content\/uploads\/2022\/02\/baja-por-depresion-laboral-1.jpg\" \/>\n\t<meta property=\"og:image:width\" content=\"1600\" \/>\n\t<meta property=\"og:image:height\" content=\"1067\" \/>\n\t<meta property=\"og:image:type\" content=\"image\/jpeg\" \/>\n<meta name=\"author\" content=\"Revista Inter\u00e8s Mutu\" \/>\n<meta name=\"twitter:card\" content=\"summary_large_image\" \/>\n<meta name=\"twitter:creator\" content=\"@mgcmutua\" \/>\n<meta name=\"twitter:site\" content=\"@mgcmutua\" \/>\n<meta name=\"twitter:label1\" content=\"Escrit per\" \/>\n\t<meta name=\"twitter:data1\" content=\"Revista Inter\u00e8s Mutu\" \/>\n\t<meta name=\"twitter:label2\" content=\"Temps estimat de lectura\" \/>\n\t<meta name=\"twitter:data2\" content=\"5 minuts\" \/>\n<!-- \/ Yoast SEO plugin. -->","yoast_head_json":{"title":"Baixa laboral per depressi\u00f3: Quins s\u00f3n els drets i requisits? - MGC M\u00fatua","description":"Quins s\u00f3n els teus drets i requisits en el relacionat amb baixa laboral per depressi\u00f3? T\u2019expliquem tot el que has de saber sobre aquest tema.","robots":{"index":"index","follow":"follow","max-snippet":"max-snippet:-1","max-image-preview":"max-image-preview:large","max-video-preview":"max-video-preview:-1"},"canonical":"https:\/\/www.mgc.es\/ca\/blog\/baixa-laboral-per-depressio-quins-son-els-drets-i-requisits\/","og_locale":"ca_ES","og_type":"article","og_title":"Baixa laboral per depressi\u00f3: Quins s\u00f3n els drets i requisits? - MGC M\u00fatua","og_description":"Quins s\u00f3n els teus drets i requisits en el relacionat amb baixa laboral per depressi\u00f3? T\u2019expliquem tot el que has de saber sobre aquest tema.","og_url":"https:\/\/www.mgc.es\/ca\/blog\/baixa-laboral-per-depressio-quins-son-els-drets-i-requisits\/","og_site_name":"MGC M\u00fatua","article_publisher":"https:\/\/www.facebook.com\/mgcmutua","article_published_time":"2022-02-17T10:00:00+00:00","article_modified_time":"2022-03-29T11:33:32+00:00","og_image":[{"width":1600,"height":1067,"url":"https:\/\/www.mgc.es\/wp-content\/uploads\/2022\/02\/baja-por-depresion-laboral-1.jpg","type":"image\/jpeg"}],"author":"Revista Inter\u00e8s Mutu","twitter_card":"summary_large_image","twitter_creator":"@mgcmutua","twitter_site":"@mgcmutua","twitter_misc":{"Escrit per":"Revista Inter\u00e8s Mutu","Temps estimat de lectura":"5 minuts"},"schema":{"@context":"https:\/\/schema.org","@graph":[{"@type":["Article","BlogPosting"],"@id":"https:\/\/www.mgc.es\/ca\/blog\/baixa-laboral-per-depressio-quins-son-els-drets-i-requisits\/#article","isPartOf":{"@id":"https:\/\/www.mgc.es\/ca\/blog\/baixa-laboral-per-depressio-quins-son-els-drets-i-requisits\/"},"author":{"name":"Revista Inter\u00e8s Mutu","@id":"https:\/\/www.mgc.es\/#\/schema\/person\/010c961d9c9acf38f11187a02b646c16"},"headline":"Baixa laboral per depressi\u00f3: Quins s\u00f3n els drets i requisits?","datePublished":"2022-02-17T10:00:00+00:00","dateModified":"2022-03-29T11:33:32+00:00","mainEntityOfPage":{"@id":"https:\/\/www.mgc.es\/ca\/blog\/baixa-laboral-per-depressio-quins-son-els-drets-i-requisits\/"},"wordCount":902,"publisher":{"@id":"https:\/\/www.mgc.es\/#organization"},"image":{"@id":"https:\/\/www.mgc.es\/ca\/blog\/baixa-laboral-per-depressio-quins-son-els-drets-i-requisits\/#primaryimage"},"thumbnailUrl":"https:\/\/www.mgc.es\/wp-content\/uploads\/2022\/02\/baja-por-depresion-laboral-1.jpg","articleSection":["Sector assegurances"],"inLanguage":"ca"},{"@type":["WebPage","ItemPage"],"@id":"https:\/\/www.mgc.es\/ca\/blog\/baixa-laboral-per-depressio-quins-son-els-drets-i-requisits\/","url":"https:\/\/www.mgc.es\/ca\/blog\/baixa-laboral-per-depressio-quins-son-els-drets-i-requisits\/","name":"Baixa laboral per depressi\u00f3: Quins s\u00f3n els drets i requisits? - MGC M\u00fatua","isPartOf":{"@id":"https:\/\/www.mgc.es\/#website"},"primaryImageOfPage":{"@id":"https:\/\/www.mgc.es\/ca\/blog\/baixa-laboral-per-depressio-quins-son-els-drets-i-requisits\/#primaryimage"},"image":{"@id":"https:\/\/www.mgc.es\/ca\/blog\/baixa-laboral-per-depressio-quins-son-els-drets-i-requisits\/#primaryimage"},"thumbnailUrl":"https:\/\/www.mgc.es\/wp-content\/uploads\/2022\/02\/baja-por-depresion-laboral-1.jpg","datePublished":"2022-02-17T10:00:00+00:00","dateModified":"2022-03-29T11:33:32+00:00","description":"Quins s\u00f3n els teus drets i requisits en el relacionat amb baixa laboral per depressi\u00f3? T\u2019expliquem tot el que has de saber sobre aquest tema.","breadcrumb":{"@id":"https:\/\/www.mgc.es\/ca\/blog\/baixa-laboral-per-depressio-quins-son-els-drets-i-requisits\/#breadcrumb"},"inLanguage":"ca","potentialAction":[{"@type":"ReadAction","target":["https:\/\/www.mgc.es\/ca\/blog\/baixa-laboral-per-depressio-quins-son-els-drets-i-requisits\/"]}]},{"@type":"ImageObject","inLanguage":"ca","@id":"https:\/\/www.mgc.es\/ca\/blog\/baixa-laboral-per-depressio-quins-son-els-drets-i-requisits\/#primaryimage","url":"https:\/\/www.mgc.es\/wp-content\/uploads\/2022\/02\/baja-por-depresion-laboral-1.jpg","contentUrl":"https:\/\/www.mgc.es\/wp-content\/uploads\/2022\/02\/baja-por-depresion-laboral-1.jpg","width":1600,"height":1067,"caption":"baja por depresion laboral"},{"@type":"BreadcrumbList","@id":"https:\/\/www.mgc.es\/ca\/blog\/baixa-laboral-per-depressio-quins-son-els-drets-i-requisits\/#breadcrumb","itemListElement":[{"@type":"ListItem","position":1,"name":"Home","item":"https:\/\/www.mgc.es\/ca\/"},{"@type":"ListItem","position":2,"name":"Baixa laboral per depressi\u00f3: Quins s\u00f3n els drets i requisits?"}]},{"@type":"WebSite","@id":"https:\/\/www.mgc.es\/#website","url":"https:\/\/www.mgc.es\/","name":"MGC M\u00fatua","description":"MGC M\u00fatua \u00e9s una entitat asseguradora sense \u00e0nim de lucre constitu\u00efda al 1982 i especialitzada en assegurances de salut i assist\u00e8ncia.","publisher":{"@id":"https:\/\/www.mgc.es\/#organization"},"alternateName":"MGC","potentialAction":[{"@type":"SearchAction","target":{"@type":"EntryPoint","urlTemplate":"https:\/\/www.mgc.es\/?s={search_term_string}"},"query-input":{"@type":"PropertyValueSpecification","valueRequired":true,"valueName":"search_term_string"}}],"inLanguage":"ca"},{"@type":"Organization","@id":"https:\/\/www.mgc.es\/#organization","name":"MGC Mutua","alternateName":"MGC","url":"https:\/\/www.mgc.es\/","logo":{"@type":"ImageObject","inLanguage":"ca","@id":"https:\/\/www.mgc.es\/#\/schema\/logo\/image\/","url":"https:\/\/www.mgc.es\/wp-content\/uploads\/2020\/03\/mgcmutua_h2_2t_reduccions.png","contentUrl":"https:\/\/www.mgc.es\/wp-content\/uploads\/2020\/03\/mgcmutua_h2_2t_reduccions.png","width":303,"height":165,"caption":"MGC Mutua"},"image":{"@id":"https:\/\/www.mgc.es\/#\/schema\/logo\/image\/"},"sameAs":["https:\/\/www.facebook.com\/mgcmutua","https:\/\/x.com\/mgcmutua","https:\/\/www.youtube.com\/c\/MGCMutua"]},{"@type":"Person","@id":"https:\/\/www.mgc.es\/#\/schema\/person\/010c961d9c9acf38f11187a02b646c16","name":"Revista Inter\u00e8s Mutu","image":{"@type":"ImageObject","inLanguage":"ca","@id":"https:\/\/secure.gravatar.com\/avatar\/52302d684339b9d7bf5691e2ad00835d62ce3b4a435f21ca9f21fbe39c63cb1b?s=96&d=mm&r=g","url":"https:\/\/secure.gravatar.com\/avatar\/52302d684339b9d7bf5691e2ad00835d62ce3b4a435f21ca9f21fbe39c63cb1b?s=96&d=mm&r=g","contentUrl":"https:\/\/secure.gravatar.com\/avatar\/52302d684339b9d7bf5691e2ad00835d62ce3b4a435f21ca9f21fbe39c63cb1b?s=96&d=mm&r=g","caption":"Revista Inter\u00e8s Mutu"}}]}},"_links":{"self":[{"href":"https:\/\/www.mgc.es\/ca\/wp-json\/wp\/v2\/posts\/24863","targetHints":{"allow":["GET"]}}],"collection":[{"href":"https:\/\/www.mgc.es\/ca\/wp-json\/wp\/v2\/posts"}],"about":[{"href":"https:\/\/www.mgc.es\/ca\/wp-json\/wp\/v2\/types\/post"}],"author":[{"embeddable":true,"href":"https:\/\/www.mgc.es\/ca\/wp-json\/wp\/v2\/users\/3"}],"replies":[{"embeddable":true,"href":"https:\/\/www.mgc.es\/ca\/wp-json\/wp\/v2\/comments?post=24863"}],"version-history":[{"count":2,"href":"https:\/\/www.mgc.es\/ca\/wp-json\/wp\/v2\/posts\/24863\/revisions"}],"predecessor-version":[{"id":25827,"href":"https:\/\/www.mgc.es\/ca\/wp-json\/wp\/v2\/posts\/24863\/revisions\/25827"}],"wp:featuredmedia":[{"embeddable":true,"href":"https:\/\/www.mgc.es\/ca\/wp-json\/wp\/v2\/media\/24859"}],"wp:attachment":[{"href":"https:\/\/www.mgc.es\/ca\/wp-json\/wp\/v2\/media?parent=24863"}],"wp:term":[{"taxonomy":"category","embeddable":true,"href":"https:\/\/www.mgc.es\/ca\/wp-json\/wp\/v2\/categories?post=24863"},{"taxonomy":"post_tag","embeddable":true,"href":"https:\/\/www.mgc.es\/ca\/wp-json\/wp\/v2\/tags?post=24863"}],"curies":[{"name":"wp","href":"https:\/\/api.w.org\/{rel}","templated":true}]}}