{"id":24544,"date":"2022-02-03T11:00:00","date_gmt":"2022-02-03T10:00:00","guid":{"rendered":"https:\/\/www.mgc.es\/?p=24544"},"modified":"2022-03-29T13:33:57","modified_gmt":"2022-03-29T11:33:57","slug":"que-passa-si-deixo-de-pagar-la-prima-per-una-asseguranca-de-vida","status":"publish","type":"post","link":"https:\/\/www.mgc.es\/ca\/blog\/que-passa-si-deixo-de-pagar-la-prima-per-una-asseguranca-de-vida\/","title":{"rendered":"Qu\u00e8 passa si deixo de pagar la prima per una asseguran\u00e7a de vida?"},"content":{"rendered":"<div id=\"ez-toc-container\" class=\"ez-toc-v2_0_82_1 counter-hierarchy ez-toc-counter ez-toc-custom ez-toc-container-direction\">\n<div class=\"ez-toc-title-container\"><p class=\"ez-toc-title\" style=\"cursor:inherit\">\u00cdndex de continguts<\/p>\n<\/div><nav><ul class='ez-toc-list ez-toc-list-level-1 ' ><li class='ez-toc-page-1 ez-toc-heading-level-2'><a class=\"ez-toc-link ez-toc-heading-1\" href=\"https:\/\/www.mgc.es\/ca\/blog\/que-passa-si-deixo-de-pagar-la-prima-per-una-asseguranca-de-vida\/#La_importancia_de_la_contractacio_de_lasseguranca_de_vida\" >La import\u00e0ncia de la contractaci\u00f3 de l&#8217;asseguran\u00e7a de vida<\/a><\/li><li class='ez-toc-page-1 ez-toc-heading-level-2'><a class=\"ez-toc-link ez-toc-heading-2\" href=\"https:\/\/www.mgc.es\/ca\/blog\/que-passa-si-deixo-de-pagar-la-prima-per-una-asseguranca-de-vida\/#Que_passa_si_deixo_de_pagar_la_prima_de_lasseguranca_de_vida\" >Qu\u00e8 passa si deixo de pagar la prima de l&#8217;asseguran\u00e7a de vida?<\/a><\/li><li class='ez-toc-page-1 ez-toc-heading-level-2'><a class=\"ez-toc-link ez-toc-heading-3\" href=\"https:\/\/www.mgc.es\/ca\/blog\/que-passa-si-deixo-de-pagar-la-prima-per-una-asseguranca-de-vida\/#El_termini_de_gracia_en_el_pagament_de_la_polissa\" >El termini de gr\u00e0cia en el pagament de la p\u00f2lissa<\/a><\/li><li class='ez-toc-page-1 ez-toc-heading-level-2'><a class=\"ez-toc-link ez-toc-heading-4\" href=\"https:\/\/www.mgc.es\/ca\/blog\/que-passa-si-deixo-de-pagar-la-prima-per-una-asseguranca-de-vida\/#Solucions_davant_dels_problemes_dimpagament\" >Solucions davant dels problemes d&#8217;impagament<\/a><\/li><\/ul><\/nav><\/div>\n\n<p>La inestabilitat econ\u00f2mica i la precarietat laboral poden fer que, en determinades \u00e8poques, els nostres ingressos es vegin compromesos. Quan aix\u00f2 passa, els diners els quals es disposen s&#8217;utilitzen per a cobrir les despeses de primera necessitat, com l&#8217;habitatge o l&#8217;alimentaci\u00f3, la qual cosa pot deixar les p\u00f2lisses contractades desateses. Per\u00f2, <strong>qu\u00e8 passa si deixo de pagar la prima de l&#8217;asseguran\u00e7a?<\/strong><\/p>\n\n\n\n<h2 class=\"wp-block-heading\"><span class=\"ez-toc-section\" id=\"La_importancia_de_la_contractacio_de_lasseguranca_de_vida\"><\/span>La import\u00e0ncia de la contractaci\u00f3 de l&#8217;asseguran\u00e7a de vida<span class=\"ez-toc-section-end\"><\/span><\/h2>\n\n\n\n<p>La finalitat d&#8217;una <a href=\"https:\/\/www.mgc.es\/vida\/\" target=\"_blank\" rel=\"noreferrer noopener\">asseguran\u00e7a de vida<\/a> \u00e9s oferir una <strong>protecci\u00f3 en el cas que es produeixi una situaci\u00f3 d&#8217;invalidesa o de depend\u00e8ncia<\/strong> o la defunci\u00f3 de la persona assegurada. En aquestes circumst\u00e0ncies, la indemnitzaci\u00f3 permet <strong>suplir els ingressos econ\u00f2mics<\/strong> que aquesta persona ja no pot percebre a causa de la malaltia o les lesions, o oferir una protecci\u00f3 a la fam\u00edlia davant el dec\u00e9s.<\/p>\n\n\n\n<p>Per tant, quan la situaci\u00f3 financera d&#8217;una fam\u00edlia es desestabilitza, \u00e9s convenient recordar aquesta funci\u00f3 de les assegurances de vida, en lloc de considerar-les com un luxe del qual es pot prescindir temporalment. A m\u00e9s, els imprevistos mai avisen.<\/p>\n\n\n\n<p>Pel que fa als pagaments de les p\u00f2lisses, aquests s&#8217;efectuen de <strong>manera anticipada a la cobertura<\/strong>. \u00c9s a dir, en el moment de la contractaci\u00f3 o de la renovaci\u00f3 de l&#8217;asseguran\u00e7a. Es recomana tamb\u00e9 que en el moment de la subscripci\u00f3 <strong>es valorin quines s\u00f3n les condicions o la quantia a la qual es podr\u00e0 fer front<\/strong>, fins i tot quan la situaci\u00f3 familiar es vegi modificada.<\/p>\n\n\n\n<h2 class=\"wp-block-heading\"><span class=\"ez-toc-section\" id=\"Que_passa_si_deixo_de_pagar_la_prima_de_lasseguranca_de_vida\"><\/span>Qu\u00e8 passa si deixo de pagar la prima de l&#8217;asseguran\u00e7a de vida?<span class=\"ez-toc-section-end\"><\/span><\/h2>\n\n\n\n<p>Per diversos motius, no nom\u00e9s els de car\u00e0cter econ\u00f2mic, pot produir-se l&#8217;impagament de la p\u00f2lissa; una situaci\u00f3 que t\u00e9 diverses <strong>conseq\u00fc\u00e8ncies en la cobertura contractada<\/strong> i que afecten, per tant, a la persona assegurada i altres benefici\u00e0ries de l&#8217;asseguran\u00e7a.<\/p>\n\n\n\n<p>Per\u00f2, qu\u00e8 passa si no pago l&#8217;asseguran\u00e7a de vida? L&#8217;impagament queda regulat en la <strong><em>Ley del Contrato de Seguro<\/em><\/strong> que, en el seu article 15, estableix que <strong>la companyia asseguradora queda alliberada d&#8217;oferir la cobertura<\/strong> que s&#8217;havia contractat si la prima no s&#8217;ha pagat abans que tingui lloc el sinistre, tret que s&#8217;hagi pactat el contrari.<\/p>\n\n\n\n<p>De donar-se aquesta situaci\u00f3, <strong>l&#8217;asseguradora pot optar per rescindir completament el contracte o per acudir a la via judicial<\/strong> per a sol\u00b7licitar el pagament del deute que estigui pendent. Com hem indicat, no hi ha obligaci\u00f3 per part de l&#8217;asseguradora d&#8217;oferir cobertura o de satisfer el pagament de la indemnitzaci\u00f3.<\/p>\n\n\n\n<h2 class=\"wp-block-heading\"><span class=\"ez-toc-section\" id=\"El_termini_de_gracia_en_el_pagament_de_la_polissa\"><\/span>El termini de gr\u00e0cia en el pagament de la p\u00f2lissa<span class=\"ez-toc-section-end\"><\/span><\/h2>\n\n\n\n<p>No obstant aix\u00f2, la mateixa llei contempla el que es denomina com a termini de gr\u00e0cia i que \u00e9s un <strong>per\u00edode d&#8217;un mes en qu\u00e8 l&#8217;asseguran\u00e7a no s&#8217;extingeix despr\u00e9s de l&#8217;impagament<\/strong>. Dit d&#8217;una altra manera, la companyia asseguradora est\u00e0 <strong>obligada a mantenir la cobertura fins un mes despr\u00e9s<\/strong> de la data de venciment de la p\u00f2lissa.<\/p>\n\n\n\n<p>Significa aix\u00f2 que disposem d&#8217;un mes d&#8217;asseguran\u00e7a gratu\u00efta? No. La finalitat del per\u00edode de gr\u00e0cia \u00e9s concedir a la persona assegurada un <strong>termini raonable per a regularitzar la seva situaci\u00f3<\/strong> i esmenar els problemes existents que afecten el pagament de l&#8217;asseguran\u00e7a.<\/p>\n\n\n\n<p>Cal tenir en compte tamb\u00e9 que <strong>l&#8217;anualitat d&#8217;una asseguran\u00e7a no comen\u00e7a en la data d&#8217;aquest pagament, sin\u00f3 en la de renovaci\u00f3 de la p\u00f2lissa<\/strong>. Per tant, el dia en qu\u00e8 es passa el cobrament encara sol haver-hi un marge abans del venciment real.<\/p>\n\n\n\n<p>Un cop ha transcorregut aquest termini de gr\u00e0cia, l&#8217;asseguradora queda alliberada de la seva responsabilitat, per\u00f2 l&#8217;asseguran\u00e7a continua vigent fins sis mesos despr\u00e9s des de l&#8217;impagament. Durant aquest temps, si es procedeix a pagar la prima, <strong>en 24 hores la prima torna a estar vigent<\/strong>.<\/p>\n\n\n\n<h2 class=\"wp-block-heading\"><span class=\"ez-toc-section\" id=\"Solucions_davant_dels_problemes_dimpagament\"><\/span>Solucions davant dels problemes d&#8217;impagament<span class=\"ez-toc-section-end\"><\/span><\/h2>\n\n\n\n<p>Ja en coneixes les conseq\u00fc\u00e8ncies, si et preguntaves qu\u00e8 passa si deixo de pagar l&#8217;asseguran\u00e7a. Ara, has de saber que si la teva situaci\u00f3 es roman inestable, disposes de diverses opcions.<\/p>\n\n\n\n<p>Encara que durant els sis mesos en qu\u00e8 l&#8217;asseguran\u00e7a es mant\u00e9 vigent, <strong>la companyia nom\u00e9s pot reclamar la prima del per\u00edode que es troba en curs<\/strong>. Transcorregut el termini, aquella pot optar per no cancel\u00b7lar l&#8217;asseguran\u00e7a, de manera que el deute continuar\u00e0 incrementant-se i acudir\u00e0 a la via judicial per a reclamar tota la quantia pendent.<\/p>\n\n\n\n<p>Si desitges <strong>rescindir el contracte<\/strong> perqu\u00e8 no podr\u00e0s fer-ne front, pots optar per la seva cancel\u00b7laci\u00f3. Si ho fas seguint el que estableixi el mateix contracte i la llei, recuperar\u00e0s el que correspongui del capital acumulat.<\/p>\n\n\n\n<p>Una altra opci\u00f3 \u00e9s la de contactar amb la teva asseguradora per a <strong>ajustar les teves cobertures i aix\u00ed reduir l&#8217;import de la prima a pagar<\/strong>. En qualsevol cas, es recomana procedir amb el pagament tan aviat com sigui possible. Aix\u00f2, no nom\u00e9s evita problemes legals futurs, sin\u00f3 que tamb\u00e9 mant\u00e9 vigent la cobertura.<\/p>\n\n\n\n<p>A MGC M\u00fatua comptem amb les millors p\u00f2lisses d\u2019<a href=\"https:\/\/www.mgc.es\/vida\/\" target=\"_blank\" rel=\"noreferrer noopener\">assegurances de vida<\/a> per als nostres mutualistes perqu\u00e8 aquests se sentin protegits davant qualsevol situaci\u00f3 de risc. Si est\u00e0s interessat a saber-ne m\u00e9s, no dubtis a posar-te en contacte amb nosaltres i el nostre equip de professionals t&#8217;atendr\u00e0 sense cap mena de comprom\u00eds.<\/p>\n","protected":false},"excerpt":{"rendered":"<p>La inestabilitat econ\u00f2mica i la precarietat laboral poden fer que, en determinades \u00e8poques, els nostres ingressos es vegin compromesos. Quan aix\u00f2 passa, els diners els quals es disposen s&#8217;utilitzen per a cobrir les despeses de primera necessitat, com l&#8217;habitatge o l&#8217;alimentaci\u00f3, la qual cosa pot deixar les p\u00f2lisses contractades desateses. Per\u00f2, qu\u00e8 passa si deixo [&hellip;]<\/p>\n","protected":false},"author":25,"featured_media":24542,"comment_status":"closed","ping_status":"closed","sticky":false,"template":"","format":"standard","meta":{"footnotes":""},"categories":[16],"tags":[],"class_list":["post-24544","post","type-post","status-publish","format-standard","has-post-thumbnail","hentry","category-assegurances"],"featured_image_src":"https:\/\/www.mgc.es\/wp-content\/uploads\/2022\/02\/que-pasa-si-dejo-de-pagar-seguro-de-vida.jpg","author_info":{"display_name":"digitalgrowth","author_link":"https:\/\/www.mgc.es\/ca\/blog\/author\/digitalgrowth\/"},"yoast_head":"<!-- This site is optimized with the Yoast SEO plugin v27.2 - https:\/\/yoast.com\/product\/yoast-seo-wordpress\/ -->\n<title>Qu\u00e8 passa si deixo de pagar la prima per una asseguran\u00e7a de vida? - MGC M\u00fatua<\/title>\n<meta name=\"description\" content=\"T&#039;est\u00e0s preguntant qu\u00e8 passaria si deixes de pagar la prima per la teva asseguran\u00e7a de vida? T&#039;expliquem tot el que has de saber sobre aix\u00f2.\" \/>\n<meta name=\"robots\" content=\"index, follow, max-snippet:-1, max-image-preview:large, max-video-preview:-1\" \/>\n<link rel=\"canonical\" href=\"https:\/\/www.mgc.es\/ca\/blog\/que-passa-si-deixo-de-pagar-la-prima-per-una-asseguranca-de-vida\/\" \/>\n<meta property=\"og:locale\" content=\"ca_ES\" \/>\n<meta property=\"og:type\" content=\"article\" \/>\n<meta property=\"og:title\" content=\"Qu\u00e8 passa si deixo de pagar la prima per una asseguran\u00e7a de vida? - MGC M\u00fatua\" \/>\n<meta property=\"og:description\" content=\"T&#039;est\u00e0s preguntant qu\u00e8 passaria si deixes de pagar la prima per la teva asseguran\u00e7a de vida? T&#039;expliquem tot el que has de saber sobre aix\u00f2.\" \/>\n<meta property=\"og:url\" content=\"https:\/\/www.mgc.es\/ca\/blog\/que-passa-si-deixo-de-pagar-la-prima-per-una-asseguranca-de-vida\/\" \/>\n<meta property=\"og:site_name\" content=\"MGC M\u00fatua\" \/>\n<meta property=\"article:publisher\" content=\"https:\/\/www.facebook.com\/mgcmutua\" \/>\n<meta property=\"article:published_time\" content=\"2022-02-03T10:00:00+00:00\" \/>\n<meta property=\"article:modified_time\" content=\"2022-03-29T11:33:57+00:00\" \/>\n<meta property=\"og:image\" content=\"https:\/\/www.mgc.es\/wp-content\/uploads\/2022\/02\/que-pasa-si-dejo-de-pagar-seguro-de-vida.jpg\" \/>\n\t<meta property=\"og:image:width\" content=\"1600\" \/>\n\t<meta property=\"og:image:height\" content=\"1067\" \/>\n\t<meta property=\"og:image:type\" content=\"image\/jpeg\" \/>\n<meta name=\"author\" content=\"digitalgrowth\" \/>\n<meta name=\"twitter:card\" content=\"summary_large_image\" \/>\n<meta name=\"twitter:creator\" content=\"@mgcmutua\" \/>\n<meta name=\"twitter:site\" content=\"@mgcmutua\" \/>\n<meta name=\"twitter:label1\" content=\"Escrit per\" \/>\n\t<meta name=\"twitter:data1\" content=\"digitalgrowth\" \/>\n\t<meta name=\"twitter:label2\" content=\"Temps estimat de lectura\" \/>\n\t<meta name=\"twitter:data2\" content=\"4 minuts\" \/>\n<!-- \/ Yoast SEO plugin. -->","yoast_head_json":{"title":"Qu\u00e8 passa si deixo de pagar la prima per una asseguran\u00e7a de vida? - MGC M\u00fatua","description":"T'est\u00e0s preguntant qu\u00e8 passaria si deixes de pagar la prima per la teva asseguran\u00e7a de vida? T'expliquem tot el que has de saber sobre aix\u00f2.","robots":{"index":"index","follow":"follow","max-snippet":"max-snippet:-1","max-image-preview":"max-image-preview:large","max-video-preview":"max-video-preview:-1"},"canonical":"https:\/\/www.mgc.es\/ca\/blog\/que-passa-si-deixo-de-pagar-la-prima-per-una-asseguranca-de-vida\/","og_locale":"ca_ES","og_type":"article","og_title":"Qu\u00e8 passa si deixo de pagar la prima per una asseguran\u00e7a de vida? - MGC M\u00fatua","og_description":"T'est\u00e0s preguntant qu\u00e8 passaria si deixes de pagar la prima per la teva asseguran\u00e7a de vida? T'expliquem tot el que has de saber sobre aix\u00f2.","og_url":"https:\/\/www.mgc.es\/ca\/blog\/que-passa-si-deixo-de-pagar-la-prima-per-una-asseguranca-de-vida\/","og_site_name":"MGC M\u00fatua","article_publisher":"https:\/\/www.facebook.com\/mgcmutua","article_published_time":"2022-02-03T10:00:00+00:00","article_modified_time":"2022-03-29T11:33:57+00:00","og_image":[{"width":1600,"height":1067,"url":"https:\/\/www.mgc.es\/wp-content\/uploads\/2022\/02\/que-pasa-si-dejo-de-pagar-seguro-de-vida.jpg","type":"image\/jpeg"}],"author":"digitalgrowth","twitter_card":"summary_large_image","twitter_creator":"@mgcmutua","twitter_site":"@mgcmutua","twitter_misc":{"Escrit per":"digitalgrowth","Temps estimat de lectura":"4 minuts"},"schema":{"@context":"https:\/\/schema.org","@graph":[{"@type":["Article","BlogPosting"],"@id":"https:\/\/www.mgc.es\/ca\/blog\/que-passa-si-deixo-de-pagar-la-prima-per-una-asseguranca-de-vida\/#article","isPartOf":{"@id":"https:\/\/www.mgc.es\/ca\/blog\/que-passa-si-deixo-de-pagar-la-prima-per-una-asseguranca-de-vida\/"},"author":{"name":"digitalgrowth","@id":"https:\/\/www.mgc.es\/#\/schema\/person\/e91df32d819dbdaa711e685525c73ec3"},"headline":"Qu\u00e8 passa si deixo de pagar la prima per una asseguran\u00e7a de vida?","datePublished":"2022-02-03T10:00:00+00:00","dateModified":"2022-03-29T11:33:57+00:00","mainEntityOfPage":{"@id":"https:\/\/www.mgc.es\/ca\/blog\/que-passa-si-deixo-de-pagar-la-prima-per-una-asseguranca-de-vida\/"},"wordCount":899,"publisher":{"@id":"https:\/\/www.mgc.es\/#organization"},"image":{"@id":"https:\/\/www.mgc.es\/ca\/blog\/que-passa-si-deixo-de-pagar-la-prima-per-una-asseguranca-de-vida\/#primaryimage"},"thumbnailUrl":"https:\/\/www.mgc.es\/wp-content\/uploads\/2022\/02\/que-pasa-si-dejo-de-pagar-seguro-de-vida.jpg","articleSection":["Sector assegurances"],"inLanguage":"ca"},{"@type":["WebPage","ItemPage"],"@id":"https:\/\/www.mgc.es\/ca\/blog\/que-passa-si-deixo-de-pagar-la-prima-per-una-asseguranca-de-vida\/","url":"https:\/\/www.mgc.es\/ca\/blog\/que-passa-si-deixo-de-pagar-la-prima-per-una-asseguranca-de-vida\/","name":"Qu\u00e8 passa si deixo de pagar la prima per una asseguran\u00e7a de vida? - MGC M\u00fatua","isPartOf":{"@id":"https:\/\/www.mgc.es\/#website"},"primaryImageOfPage":{"@id":"https:\/\/www.mgc.es\/ca\/blog\/que-passa-si-deixo-de-pagar-la-prima-per-una-asseguranca-de-vida\/#primaryimage"},"image":{"@id":"https:\/\/www.mgc.es\/ca\/blog\/que-passa-si-deixo-de-pagar-la-prima-per-una-asseguranca-de-vida\/#primaryimage"},"thumbnailUrl":"https:\/\/www.mgc.es\/wp-content\/uploads\/2022\/02\/que-pasa-si-dejo-de-pagar-seguro-de-vida.jpg","datePublished":"2022-02-03T10:00:00+00:00","dateModified":"2022-03-29T11:33:57+00:00","description":"T'est\u00e0s preguntant qu\u00e8 passaria si deixes de pagar la prima per la teva asseguran\u00e7a de vida? T'expliquem tot el que has de saber sobre aix\u00f2.","breadcrumb":{"@id":"https:\/\/www.mgc.es\/ca\/blog\/que-passa-si-deixo-de-pagar-la-prima-per-una-asseguranca-de-vida\/#breadcrumb"},"inLanguage":"ca","potentialAction":[{"@type":"ReadAction","target":["https:\/\/www.mgc.es\/ca\/blog\/que-passa-si-deixo-de-pagar-la-prima-per-una-asseguranca-de-vida\/"]}]},{"@type":"ImageObject","inLanguage":"ca","@id":"https:\/\/www.mgc.es\/ca\/blog\/que-passa-si-deixo-de-pagar-la-prima-per-una-asseguranca-de-vida\/#primaryimage","url":"https:\/\/www.mgc.es\/wp-content\/uploads\/2022\/02\/que-pasa-si-dejo-de-pagar-seguro-de-vida.jpg","contentUrl":"https:\/\/www.mgc.es\/wp-content\/uploads\/2022\/02\/que-pasa-si-dejo-de-pagar-seguro-de-vida.jpg","width":1600,"height":1067,"caption":"que pasa si dejo de pagar un seguro de vida"},{"@type":"BreadcrumbList","@id":"https:\/\/www.mgc.es\/ca\/blog\/que-passa-si-deixo-de-pagar-la-prima-per-una-asseguranca-de-vida\/#breadcrumb","itemListElement":[{"@type":"ListItem","position":1,"name":"Home","item":"https:\/\/www.mgc.es\/ca\/"},{"@type":"ListItem","position":2,"name":"Qu\u00e8 passa si deixo de pagar la prima per una asseguran\u00e7a de vida?"}]},{"@type":"WebSite","@id":"https:\/\/www.mgc.es\/#website","url":"https:\/\/www.mgc.es\/","name":"MGC M\u00fatua","description":"MGC M\u00fatua \u00e9s una entitat asseguradora sense \u00e0nim de lucre constitu\u00efda al 1982 i especialitzada en assegurances de salut i assist\u00e8ncia.","publisher":{"@id":"https:\/\/www.mgc.es\/#organization"},"alternateName":"MGC","potentialAction":[{"@type":"SearchAction","target":{"@type":"EntryPoint","urlTemplate":"https:\/\/www.mgc.es\/?s={search_term_string}"},"query-input":{"@type":"PropertyValueSpecification","valueRequired":true,"valueName":"search_term_string"}}],"inLanguage":"ca"},{"@type":"Organization","@id":"https:\/\/www.mgc.es\/#organization","name":"MGC Mutua","alternateName":"MGC","url":"https:\/\/www.mgc.es\/","logo":{"@type":"ImageObject","inLanguage":"ca","@id":"https:\/\/www.mgc.es\/#\/schema\/logo\/image\/","url":"https:\/\/www.mgc.es\/wp-content\/uploads\/2020\/03\/mgcmutua_h2_2t_reduccions.png","contentUrl":"https:\/\/www.mgc.es\/wp-content\/uploads\/2020\/03\/mgcmutua_h2_2t_reduccions.png","width":303,"height":165,"caption":"MGC Mutua"},"image":{"@id":"https:\/\/www.mgc.es\/#\/schema\/logo\/image\/"},"sameAs":["https:\/\/www.facebook.com\/mgcmutua","https:\/\/x.com\/mgcmutua","https:\/\/www.youtube.com\/c\/MGCMutua"]},{"@type":"Person","@id":"https:\/\/www.mgc.es\/#\/schema\/person\/e91df32d819dbdaa711e685525c73ec3","name":"digitalgrowth","image":{"@type":"ImageObject","inLanguage":"ca","@id":"https:\/\/secure.gravatar.com\/avatar\/3ecf1e5b493d3d037d92f9fb942e610f74148426de9c1ff72ecc672b6123a7b6?s=96&d=mm&r=g","url":"https:\/\/secure.gravatar.com\/avatar\/3ecf1e5b493d3d037d92f9fb942e610f74148426de9c1ff72ecc672b6123a7b6?s=96&d=mm&r=g","contentUrl":"https:\/\/secure.gravatar.com\/avatar\/3ecf1e5b493d3d037d92f9fb942e610f74148426de9c1ff72ecc672b6123a7b6?s=96&d=mm&r=g","caption":"digitalgrowth"}}]}},"_links":{"self":[{"href":"https:\/\/www.mgc.es\/ca\/wp-json\/wp\/v2\/posts\/24544","targetHints":{"allow":["GET"]}}],"collection":[{"href":"https:\/\/www.mgc.es\/ca\/wp-json\/wp\/v2\/posts"}],"about":[{"href":"https:\/\/www.mgc.es\/ca\/wp-json\/wp\/v2\/types\/post"}],"author":[{"embeddable":true,"href":"https:\/\/www.mgc.es\/ca\/wp-json\/wp\/v2\/users\/25"}],"replies":[{"embeddable":true,"href":"https:\/\/www.mgc.es\/ca\/wp-json\/wp\/v2\/comments?post=24544"}],"version-history":[{"count":1,"href":"https:\/\/www.mgc.es\/ca\/wp-json\/wp\/v2\/posts\/24544\/revisions"}],"predecessor-version":[{"id":24545,"href":"https:\/\/www.mgc.es\/ca\/wp-json\/wp\/v2\/posts\/24544\/revisions\/24545"}],"wp:featuredmedia":[{"embeddable":true,"href":"https:\/\/www.mgc.es\/ca\/wp-json\/wp\/v2\/media\/24542"}],"wp:attachment":[{"href":"https:\/\/www.mgc.es\/ca\/wp-json\/wp\/v2\/media?parent=24544"}],"wp:term":[{"taxonomy":"category","embeddable":true,"href":"https:\/\/www.mgc.es\/ca\/wp-json\/wp\/v2\/categories?post=24544"},{"taxonomy":"post_tag","embeddable":true,"href":"https:\/\/www.mgc.es\/ca\/wp-json\/wp\/v2\/tags?post=24544"}],"curies":[{"name":"wp","href":"https:\/\/api.w.org\/{rel}","templated":true}]}}