{"id":24490,"date":"2022-01-31T16:21:57","date_gmt":"2022-01-31T15:21:57","guid":{"rendered":"https:\/\/www.mgc.es\/?p=24490"},"modified":"2022-02-02T11:06:27","modified_gmt":"2022-02-02T10:06:27","slug":"em-fan-mal-els-malucs-tinc-xoc-femoroacetabular-xfa","status":"publish","type":"post","link":"https:\/\/www.mgc.es\/ca\/blog\/em-fan-mal-els-malucs-tinc-xoc-femoroacetabular-xfa\/","title":{"rendered":"Em fan mal els malucs, tinc xoc femoroacetabular (XFA)?"},"content":{"rendered":"<div id=\"ez-toc-container\" class=\"ez-toc-v2_0_82_1 counter-hierarchy ez-toc-counter ez-toc-custom ez-toc-container-direction\">\n<div class=\"ez-toc-title-container\"><p class=\"ez-toc-title\" style=\"cursor:inherit\">\u00cdndex de continguts<\/p>\n<\/div><nav><ul class='ez-toc-list ez-toc-list-level-1 ' ><li class='ez-toc-page-1 ez-toc-heading-level-2'><a class=\"ez-toc-link ez-toc-heading-1\" href=\"https:\/\/www.mgc.es\/ca\/blog\/em-fan-mal-els-malucs-tinc-xoc-femoroacetabular-xfa\/#Que_es_el_xoc_femoroacetabular\" >Qu\u00e8 \u00e9s el xoc femoroacetabular?<\/a><\/li><li class='ez-toc-page-1 ez-toc-heading-level-2'><a class=\"ez-toc-link ez-toc-heading-2\" href=\"https:\/\/www.mgc.es\/ca\/blog\/em-fan-mal-els-malucs-tinc-xoc-femoroacetabular-xfa\/#Hi_ha_tres_classes_de_xoc_CAM_PINCER_i_MIXT\" >Hi ha tres classes de xoc: CAM, PINCER i MIXT.<\/a><\/li><li class='ez-toc-page-1 ez-toc-heading-level-2'><a class=\"ez-toc-link ez-toc-heading-3\" href=\"https:\/\/www.mgc.es\/ca\/blog\/em-fan-mal-els-malucs-tinc-xoc-femoroacetabular-xfa\/#Em_fa_mal_el_maluc_secundari_pel_xoc_femoroacetabular_i_la_rehabilitacio_no_mha_anat_be_Ara_que_he_de_fer\" >Em fa mal el maluc secundari pel xoc femoroacetabular i la rehabilitaci\u00f3 no m&#8217;ha anat b\u00e9. Ara qu\u00e8 he de fer?<\/a><\/li><\/ul><\/nav><\/div>\n\n<figure class=\"wp-block-image size-large\"><img loading=\"lazy\" decoding=\"async\" width=\"880\" height=\"587\" src=\"https:\/\/www.mgc.es\/wp-content\/uploads\/2022\/01\/cadera-deporte1-880x587.jpg\" alt=\"\" class=\"wp-image-24485\" srcset=\"https:\/\/www.mgc.es\/wp-content\/uploads\/2022\/01\/cadera-deporte1-880x587.jpg 880w, https:\/\/www.mgc.es\/wp-content\/uploads\/2022\/01\/cadera-deporte1-440x293.jpg 440w, https:\/\/www.mgc.es\/wp-content\/uploads\/2022\/01\/cadera-deporte1-768x512.jpg 768w, https:\/\/www.mgc.es\/wp-content\/uploads\/2022\/01\/cadera-deporte1.jpg 1000w\" sizes=\"auto, (max-width: 880px) 100vw, 880px\" \/><\/figure>\n\n\n\n<p>El <strong>Dr. Juan Miguel Rodr\u00edguez Roiz<\/strong>, metge traumat\u00f2leg amb doctorat en medicina per la Universitat de Barcelona amb activitat privada a Clinica Sagrada Familia de Barcelona, ens parla sobre aquesta patologia for\u00e7a desconeguda fa alguns anys.<\/p>\n\n\n\n<p>Fa cap a deu anys no es diagnosticava <strong>el xoc femoroacetabular<\/strong> o <strong>pin\u00e7ament femoroacetabular<\/strong>, tamb\u00e9 anomenat <em>impingement<\/em><strong> de maluc,<\/strong> perqu\u00e8 es desconeixia aquesta patologia.<\/p>\n\n\n\n<p>El xoc femoroacetabular \u00e9s una s\u00edndrome que afecta el <strong>15 % de la poblaci\u00f3,<\/strong> sobretot les persones que practiquen esport sovint. Els pacients amb aquesta afecci\u00f3 solen tenir menys de cinquanta anys.<\/p>\n\n\n\n<p>Els s\u00edmptomes s\u00f3n m\u00faltiples, per\u00f2 habitualment fa mal a la zona dels malucs, espec\u00edficament a l&#8217;engonal, que s&#8217;accentua quan caminem i mentre fem activitats esportives. Moltes vegades es diagnostica amb retard, perqu\u00e8 es confon f\u00e0cilment<strong> amb altres classes de lesions<\/strong>, com ara les pub\u00e0lgies, el fals piramidal, la s\u00edndrome piriforme, etc.<\/p>\n\n\n\n<h2 class=\"wp-block-heading\"><span class=\"ez-toc-section\" id=\"Que_es_el_xoc_femoroacetabular\"><\/span><strong>Qu\u00e8 \u00e9s el xoc femoroacetabular?<\/strong><span class=\"ez-toc-section-end\"><\/span><\/h2>\n\n\n\n<p>El xoc femoroacetabular \u00e9s una s\u00edndrome causada per una relaci\u00f3 an\u00f2mala entre les estructures dels malucs i el f\u00e8mur, que dona lloc a una fricci\u00f3 i a una degeneraci\u00f3 preco\u00e7 del<a href=\"https:\/\/es.wikipedia.org\/wiki\/Labrum_acetabular\"> <em>l\u00e0brum (l&#8217;amortidor natural dels malucs)<\/em><\/a> i del cart\u00edlag articular. Si aquesta fricci\u00f3 dura gaire i \u00e9s dolorosa, s&#8217;origina un desgast progressiu dels malucs i, al cap del temps, s&#8217;acaba patint artrosi; per tant, es podria necessitar una pr\u00f2tesi total de malucs.<\/p>\n\n\n\n<p>El l\u00e0brum fa un efecte &#8220;de segellat&#8221; en l&#8217;articulaci\u00f3, que permet que el moviment dels malucs sigui uniforme i no hi hagi cap fuita del l\u00edquid articular que els lubrica.<\/p>\n\n\n\n<p>El diagn\u00f2stic \u00e9s cl\u00ednic, i \u00e9s important destacar que no tot el dolor de malucs es per causa del XFA; de la mateixa manera, cal fer exploracions complement\u00e0ries clau, com una radiografia de la pelvis i una resson\u00e0ncia magn\u00e8tica dels malucs.<\/p>\n\n\n\n<p>No volem pas crear una alarma innecess\u00e0ria sobre aquesta afecci\u00f3. En destacarem tres punts clau per aclarir-ho una mica:<\/p>\n\n\n\n<p>1) Actualment encara no s&#8217;ha demostrat que el tractament quir\u00fargic contra el xoc femoroacetabular previngui l&#8217;evoluci\u00f3 de l&#8217;artrosi en els pacients sense s\u00edmptomes.<\/p>\n\n\n\n<p>2) Molts pacients amb xoc femoroacetabular o una resson\u00e0ncia que indica una trencament del l\u00e0brum no tenen mai dolor als malucs ni hi desenvolupen artrosi.<\/p>\n\n\n\n<p>3) El punt essencial per comen\u00e7ar un tractament ha de passar sempre per una rehabilitaci\u00f3 correcta; aix\u00ed doncs, la intervenci\u00f3 quir\u00fargica ha de ser la darrera alternativa.<\/p>\n\n\n\n<figure class=\"wp-block-image size-large\"><img loading=\"lazy\" decoding=\"async\" width=\"880\" height=\"495\" src=\"https:\/\/www.mgc.es\/wp-content\/uploads\/2022\/01\/shutterscadera-radigrafia-1-880x495.jpg\" alt=\"\" class=\"wp-image-24491\" srcset=\"https:\/\/www.mgc.es\/wp-content\/uploads\/2022\/01\/shutterscadera-radigrafia-1-880x495.jpg 880w, https:\/\/www.mgc.es\/wp-content\/uploads\/2022\/01\/shutterscadera-radigrafia-1-440x248.jpg 440w, https:\/\/www.mgc.es\/wp-content\/uploads\/2022\/01\/shutterscadera-radigrafia-1-768x432.jpg 768w, https:\/\/www.mgc.es\/wp-content\/uploads\/2022\/01\/shutterscadera-radigrafia-1.jpg 1000w\" sizes=\"auto, (max-width: 880px) 100vw, 880px\" \/><\/figure>\n\n\n\n<h2 class=\"wp-block-heading\"><span class=\"ez-toc-section\" id=\"Hi_ha_tres_classes_de_xoc_CAM_PINCER_i_MIXT\"><\/span><strong>Hi ha tres classes de xoc: CAM, PINCER i MIXT.<\/strong><span class=\"ez-toc-section-end\"><\/span><\/h2>\n\n\n\n<p>El <strong>CAM, que<\/strong> \u00e9s un sobrecreixement ossi entre el cap i el coll del f\u00e8mur que fa que aquest percudeixi el l\u00e0brum i l&#8217;acet\u00e0bul (la deformaci\u00f3 t\u00e9 forma de m\u00e0nec de pistola o <em>pistolgrip<\/em>). Pot causar desgast articular.<\/p>\n\n\n\n<p>El <strong>PINCER, que<\/strong> \u00e9s tamb\u00e9 un sobrecreixement ossi que afecta les vores de l&#8217;acet\u00e0bul, i crea fricci\u00f3 en el cap del f\u00e8mur i el seu cart\u00edlag. Pot originar un trencament del l\u00e0brum i lesions condrals articulars.<\/p>\n\n\n\n<p>El tercer xoc o <strong>MIXT<\/strong> \u00e9s la suma de totes dues lesions i, amb difer\u00e8ncia, el m\u00e9s freq\u00fcent.<\/p>\n\n\n\n<h2 class=\"wp-block-heading\"><span class=\"ez-toc-section\" id=\"Em_fa_mal_el_maluc_secundari_pel_xoc_femoroacetabular_i_la_rehabilitacio_no_mha_anat_be_Ara_que_he_de_fer\"><\/span><a><\/a><strong>Em fa mal el maluc secundari pel xoc femoroacetabular i la rehabilitaci\u00f3 no m&#8217;ha anat b\u00e9. Ara qu\u00e8 he de fer?<\/strong><span class=\"ez-toc-section-end\"><\/span><\/h2>\n\n\n\n<p>El tractament s&#8217;orienta a eliminar quir\u00fargicament les causes del XFA, i es coneix com a osteocondropl\u00e0sia o osteopl\u00e0stia femoroacetabular. Actualment el patr\u00f3 d&#8217;or del tractament \u00e9s l&#8217;artrosc\u00f2pia de malucs.<\/p>\n\n\n\n<p>L&#8217;<strong>artrosc\u00f2pia de malucs<\/strong> \u00e9s una t\u00e8cnica quir\u00fargica que consisteix a fer petites incisions quir\u00fargiques (d&#8217;1 a 2 cm) amb les quals es penetra en els malucs per &#8220;ressecar l&#8217;os sobrant&#8221; responsable del xoc, i encara m\u00e9s important, es repara el &#8220;menisc dels malucs&#8221; i es recompon el l\u00e0brum, que funciona com a amortidor de l&#8217;articulaci\u00f3. \u00c9s for\u00e7a habitual que, quan es pateix XFA, especialment en els casos amb un temps d&#8217;evoluci\u00f3 llarg, hi hagi lesions.<\/p>\n\n\n\n<p>Els avantatges respecte de les t\u00e8cniques convencionals s\u00f3n les incisions lleugeres, una dissecci\u00f3 limitada dels teixits tous, la definici\u00f3 superior de la patologia i una ter\u00e0pia postoperat\u00f2ria agressiva m\u00e9s tolerable.<\/p>\n\n\n\n<p>\u00c9s important de valorar cada cas de manera integral i individualitzada a la consulta, perqu\u00e8 hi ha pacients que tenen alteracions morfol\u00f2giques dels ossos de la pelvis que demanen una alineaci\u00f3 quir\u00fargica abans o durant l&#8217;artrosc\u00f2pia de malucs, a fi que la intervenci\u00f3 sigui reeixida. Per \u00e8xit hem d&#8217;entendre que es pot reprendre l&#8217;activitat esportiva, laboral i quotidiana amb uns malucs que conserven la mobilitat i no fan mal.<\/p>\n","protected":false},"excerpt":{"rendered":"<p>El Dr. Juan Miguel Rodr\u00edguez Roiz, metge traumat\u00f2leg amb doctorat en medicina per la Universitat de Barcelona amb activitat privada a Clinica Sagrada Familia de Barcelona, ens parla sobre aquesta patologia for\u00e7a desconeguda fa alguns anys. Fa cap a deu anys no es diagnosticava el xoc femoroacetabular o pin\u00e7ament femoroacetabular, tamb\u00e9 anomenat impingement de maluc, [&hellip;]<\/p>\n","protected":false},"author":3,"featured_media":24487,"comment_status":"closed","ping_status":"closed","sticky":false,"template":"","format":"standard","meta":{"footnotes":""},"categories":[15],"tags":[],"class_list":["post-24490","post","type-post","status-publish","format-standard","has-post-thumbnail","hentry","category-salut"],"featured_image_src":"https:\/\/www.mgc.es\/wp-content\/uploads\/2022\/01\/shutterscadera-radigrafia.jpg","author_info":{"display_name":"Revista Inter\u00e8s Mutu","author_link":"https:\/\/www.mgc.es\/ca\/blog\/author\/interesmutu\/"},"yoast_head":"<!-- This site is optimized with the Yoast SEO plugin v27.2 - https:\/\/yoast.com\/product\/yoast-seo-wordpress\/ -->\n<title>Em fan mal els malucs, tinc xoc femoroacetabular (XFA)? - MGC M\u00fatua<\/title>\n<meta name=\"robots\" content=\"index, follow, max-snippet:-1, max-image-preview:large, max-video-preview:-1\" \/>\n<link rel=\"canonical\" href=\"https:\/\/www.mgc.es\/ca\/blog\/em-fan-mal-els-malucs-tinc-xoc-femoroacetabular-xfa\/\" \/>\n<meta property=\"og:locale\" content=\"ca_ES\" \/>\n<meta property=\"og:type\" content=\"article\" \/>\n<meta property=\"og:title\" content=\"Em fan mal els malucs, tinc xoc femoroacetabular (XFA)? - MGC M\u00fatua\" \/>\n<meta property=\"og:description\" content=\"El Dr. Juan Miguel Rodr\u00edguez Roiz, metge traumat\u00f2leg amb doctorat en medicina per la Universitat de Barcelona amb activitat privada a Clinica Sagrada Familia de Barcelona, ens parla sobre aquesta patologia for\u00e7a desconeguda fa alguns anys. Fa cap a deu anys no es diagnosticava el xoc femoroacetabular o pin\u00e7ament femoroacetabular, tamb\u00e9 anomenat impingement de maluc, [&hellip;]\" \/>\n<meta property=\"og:url\" content=\"https:\/\/www.mgc.es\/ca\/blog\/em-fan-mal-els-malucs-tinc-xoc-femoroacetabular-xfa\/\" \/>\n<meta property=\"og:site_name\" content=\"MGC M\u00fatua\" \/>\n<meta property=\"article:publisher\" content=\"https:\/\/www.facebook.com\/mgcmutua\" \/>\n<meta property=\"article:published_time\" content=\"2022-01-31T15:21:57+00:00\" \/>\n<meta property=\"article:modified_time\" content=\"2022-02-02T10:06:27+00:00\" \/>\n<meta property=\"og:image\" content=\"https:\/\/www.mgc.es\/wp-content\/uploads\/2022\/01\/shutterscadera-radigrafia.jpg\" \/>\n\t<meta property=\"og:image:width\" content=\"1000\" \/>\n\t<meta property=\"og:image:height\" content=\"563\" \/>\n\t<meta property=\"og:image:type\" content=\"image\/jpeg\" \/>\n<meta name=\"author\" content=\"Revista Inter\u00e8s Mutu\" \/>\n<meta name=\"twitter:card\" content=\"summary_large_image\" \/>\n<meta name=\"twitter:creator\" content=\"@mgcmutua\" \/>\n<meta name=\"twitter:site\" content=\"@mgcmutua\" \/>\n<meta name=\"twitter:label1\" content=\"Escrit per\" \/>\n\t<meta name=\"twitter:data1\" content=\"Revista Inter\u00e8s Mutu\" \/>\n\t<meta name=\"twitter:label2\" content=\"Temps estimat de lectura\" \/>\n\t<meta name=\"twitter:data2\" content=\"4 minuts\" \/>\n<!-- \/ Yoast SEO plugin. -->","yoast_head_json":{"title":"Em fan mal els malucs, tinc xoc femoroacetabular (XFA)? - MGC M\u00fatua","robots":{"index":"index","follow":"follow","max-snippet":"max-snippet:-1","max-image-preview":"max-image-preview:large","max-video-preview":"max-video-preview:-1"},"canonical":"https:\/\/www.mgc.es\/ca\/blog\/em-fan-mal-els-malucs-tinc-xoc-femoroacetabular-xfa\/","og_locale":"ca_ES","og_type":"article","og_title":"Em fan mal els malucs, tinc xoc femoroacetabular (XFA)? - MGC M\u00fatua","og_description":"El Dr. Juan Miguel Rodr\u00edguez Roiz, metge traumat\u00f2leg amb doctorat en medicina per la Universitat de Barcelona amb activitat privada a Clinica Sagrada Familia de Barcelona, ens parla sobre aquesta patologia for\u00e7a desconeguda fa alguns anys. Fa cap a deu anys no es diagnosticava el xoc femoroacetabular o pin\u00e7ament femoroacetabular, tamb\u00e9 anomenat impingement de maluc, [&hellip;]","og_url":"https:\/\/www.mgc.es\/ca\/blog\/em-fan-mal-els-malucs-tinc-xoc-femoroacetabular-xfa\/","og_site_name":"MGC M\u00fatua","article_publisher":"https:\/\/www.facebook.com\/mgcmutua","article_published_time":"2022-01-31T15:21:57+00:00","article_modified_time":"2022-02-02T10:06:27+00:00","og_image":[{"width":1000,"height":563,"url":"https:\/\/www.mgc.es\/wp-content\/uploads\/2022\/01\/shutterscadera-radigrafia.jpg","type":"image\/jpeg"}],"author":"Revista Inter\u00e8s Mutu","twitter_card":"summary_large_image","twitter_creator":"@mgcmutua","twitter_site":"@mgcmutua","twitter_misc":{"Escrit per":"Revista Inter\u00e8s Mutu","Temps estimat de lectura":"4 minuts"},"schema":{"@context":"https:\/\/schema.org","@graph":[{"@type":["Article","BlogPosting"],"@id":"https:\/\/www.mgc.es\/ca\/blog\/em-fan-mal-els-malucs-tinc-xoc-femoroacetabular-xfa\/#article","isPartOf":{"@id":"https:\/\/www.mgc.es\/ca\/blog\/em-fan-mal-els-malucs-tinc-xoc-femoroacetabular-xfa\/"},"author":{"name":"Revista Inter\u00e8s Mutu","@id":"https:\/\/www.mgc.es\/#\/schema\/person\/010c961d9c9acf38f11187a02b646c16"},"headline":"Em fan mal els malucs, tinc xoc femoroacetabular (XFA)?","datePublished":"2022-01-31T15:21:57+00:00","dateModified":"2022-02-02T10:06:27+00:00","mainEntityOfPage":{"@id":"https:\/\/www.mgc.es\/ca\/blog\/em-fan-mal-els-malucs-tinc-xoc-femoroacetabular-xfa\/"},"wordCount":776,"publisher":{"@id":"https:\/\/www.mgc.es\/#organization"},"image":{"@id":"https:\/\/www.mgc.es\/ca\/blog\/em-fan-mal-els-malucs-tinc-xoc-femoroacetabular-xfa\/#primaryimage"},"thumbnailUrl":"https:\/\/www.mgc.es\/wp-content\/uploads\/2022\/01\/shutterscadera-radigrafia.jpg","articleSection":["Salut i medicina"],"inLanguage":"ca"},{"@type":["WebPage","ItemPage"],"@id":"https:\/\/www.mgc.es\/ca\/blog\/em-fan-mal-els-malucs-tinc-xoc-femoroacetabular-xfa\/","url":"https:\/\/www.mgc.es\/ca\/blog\/em-fan-mal-els-malucs-tinc-xoc-femoroacetabular-xfa\/","name":"Em fan mal els malucs, tinc xoc femoroacetabular (XFA)? - MGC M\u00fatua","isPartOf":{"@id":"https:\/\/www.mgc.es\/#website"},"primaryImageOfPage":{"@id":"https:\/\/www.mgc.es\/ca\/blog\/em-fan-mal-els-malucs-tinc-xoc-femoroacetabular-xfa\/#primaryimage"},"image":{"@id":"https:\/\/www.mgc.es\/ca\/blog\/em-fan-mal-els-malucs-tinc-xoc-femoroacetabular-xfa\/#primaryimage"},"thumbnailUrl":"https:\/\/www.mgc.es\/wp-content\/uploads\/2022\/01\/shutterscadera-radigrafia.jpg","datePublished":"2022-01-31T15:21:57+00:00","dateModified":"2022-02-02T10:06:27+00:00","breadcrumb":{"@id":"https:\/\/www.mgc.es\/ca\/blog\/em-fan-mal-els-malucs-tinc-xoc-femoroacetabular-xfa\/#breadcrumb"},"inLanguage":"ca","potentialAction":[{"@type":"ReadAction","target":["https:\/\/www.mgc.es\/ca\/blog\/em-fan-mal-els-malucs-tinc-xoc-femoroacetabular-xfa\/"]}]},{"@type":"ImageObject","inLanguage":"ca","@id":"https:\/\/www.mgc.es\/ca\/blog\/em-fan-mal-els-malucs-tinc-xoc-femoroacetabular-xfa\/#primaryimage","url":"https:\/\/www.mgc.es\/wp-content\/uploads\/2022\/01\/shutterscadera-radigrafia.jpg","contentUrl":"https:\/\/www.mgc.es\/wp-content\/uploads\/2022\/01\/shutterscadera-radigrafia.jpg","width":1000,"height":563},{"@type":"BreadcrumbList","@id":"https:\/\/www.mgc.es\/ca\/blog\/em-fan-mal-els-malucs-tinc-xoc-femoroacetabular-xfa\/#breadcrumb","itemListElement":[{"@type":"ListItem","position":1,"name":"Home","item":"https:\/\/www.mgc.es\/ca\/"},{"@type":"ListItem","position":2,"name":"Em fan mal els malucs, tinc xoc femoroacetabular (XFA)?"}]},{"@type":"WebSite","@id":"https:\/\/www.mgc.es\/#website","url":"https:\/\/www.mgc.es\/","name":"MGC M\u00fatua","description":"MGC M\u00fatua \u00e9s una entitat asseguradora sense \u00e0nim de lucre constitu\u00efda al 1982 i especialitzada en assegurances de salut i assist\u00e8ncia.","publisher":{"@id":"https:\/\/www.mgc.es\/#organization"},"alternateName":"MGC","potentialAction":[{"@type":"SearchAction","target":{"@type":"EntryPoint","urlTemplate":"https:\/\/www.mgc.es\/?s={search_term_string}"},"query-input":{"@type":"PropertyValueSpecification","valueRequired":true,"valueName":"search_term_string"}}],"inLanguage":"ca"},{"@type":"Organization","@id":"https:\/\/www.mgc.es\/#organization","name":"MGC Mutua","alternateName":"MGC","url":"https:\/\/www.mgc.es\/","logo":{"@type":"ImageObject","inLanguage":"ca","@id":"https:\/\/www.mgc.es\/#\/schema\/logo\/image\/","url":"https:\/\/www.mgc.es\/wp-content\/uploads\/2020\/03\/mgcmutua_h2_2t_reduccions.png","contentUrl":"https:\/\/www.mgc.es\/wp-content\/uploads\/2020\/03\/mgcmutua_h2_2t_reduccions.png","width":303,"height":165,"caption":"MGC Mutua"},"image":{"@id":"https:\/\/www.mgc.es\/#\/schema\/logo\/image\/"},"sameAs":["https:\/\/www.facebook.com\/mgcmutua","https:\/\/x.com\/mgcmutua","https:\/\/www.youtube.com\/c\/MGCMutua"]},{"@type":"Person","@id":"https:\/\/www.mgc.es\/#\/schema\/person\/010c961d9c9acf38f11187a02b646c16","name":"Revista Inter\u00e8s Mutu","image":{"@type":"ImageObject","inLanguage":"ca","@id":"https:\/\/secure.gravatar.com\/avatar\/52302d684339b9d7bf5691e2ad00835d62ce3b4a435f21ca9f21fbe39c63cb1b?s=96&d=mm&r=g","url":"https:\/\/secure.gravatar.com\/avatar\/52302d684339b9d7bf5691e2ad00835d62ce3b4a435f21ca9f21fbe39c63cb1b?s=96&d=mm&r=g","contentUrl":"https:\/\/secure.gravatar.com\/avatar\/52302d684339b9d7bf5691e2ad00835d62ce3b4a435f21ca9f21fbe39c63cb1b?s=96&d=mm&r=g","caption":"Revista Inter\u00e8s Mutu"}}]}},"_links":{"self":[{"href":"https:\/\/www.mgc.es\/ca\/wp-json\/wp\/v2\/posts\/24490","targetHints":{"allow":["GET"]}}],"collection":[{"href":"https:\/\/www.mgc.es\/ca\/wp-json\/wp\/v2\/posts"}],"about":[{"href":"https:\/\/www.mgc.es\/ca\/wp-json\/wp\/v2\/types\/post"}],"author":[{"embeddable":true,"href":"https:\/\/www.mgc.es\/ca\/wp-json\/wp\/v2\/users\/3"}],"replies":[{"embeddable":true,"href":"https:\/\/www.mgc.es\/ca\/wp-json\/wp\/v2\/comments?post=24490"}],"version-history":[{"count":6,"href":"https:\/\/www.mgc.es\/ca\/wp-json\/wp\/v2\/posts\/24490\/revisions"}],"predecessor-version":[{"id":24509,"href":"https:\/\/www.mgc.es\/ca\/wp-json\/wp\/v2\/posts\/24490\/revisions\/24509"}],"wp:featuredmedia":[{"embeddable":true,"href":"https:\/\/www.mgc.es\/ca\/wp-json\/wp\/v2\/media\/24487"}],"wp:attachment":[{"href":"https:\/\/www.mgc.es\/ca\/wp-json\/wp\/v2\/media?parent=24490"}],"wp:term":[{"taxonomy":"category","embeddable":true,"href":"https:\/\/www.mgc.es\/ca\/wp-json\/wp\/v2\/categories?post=24490"},{"taxonomy":"post_tag","embeddable":true,"href":"https:\/\/www.mgc.es\/ca\/wp-json\/wp\/v2\/tags?post=24490"}],"curies":[{"name":"wp","href":"https:\/\/api.w.org\/{rel}","templated":true}]}}