{"id":24471,"date":"2022-01-28T12:52:00","date_gmt":"2022-01-28T11:52:00","guid":{"rendered":"https:\/\/www.mgc.es\/?p=24471"},"modified":"2026-04-10T16:18:56","modified_gmt":"2026-04-10T14:18:56","slug":"nou-consultori-de-medicina-general-a-girona","status":"publish","type":"post","link":"https:\/\/www.mgc.es\/ca\/blog\/nou-consultori-de-medicina-general-a-girona\/","title":{"rendered":"Nou consultori de Medicina General a Girona"},"content":{"rendered":"\n<figure class=\"wp-block-image size-large\"><img loading=\"lazy\" decoding=\"async\" width=\"880\" height=\"587\" src=\"https:\/\/www.mgc.es\/wp-content\/uploads\/2022\/01\/medicina-general-880x587.jpg\" alt=\"\" class=\"wp-image-24475\" srcset=\"https:\/\/www.mgc.es\/wp-content\/uploads\/2022\/01\/medicina-general-880x587.jpg 880w, https:\/\/www.mgc.es\/wp-content\/uploads\/2022\/01\/medicina-general-440x293.jpg 440w, https:\/\/www.mgc.es\/wp-content\/uploads\/2022\/01\/medicina-general-768x512.jpg 768w, https:\/\/www.mgc.es\/wp-content\/uploads\/2022\/01\/medicina-general.jpg 1000w\" sizes=\"auto, (max-width: 880px) 100vw, 880px\" \/><\/figure>\n\n\n\n<p>Des d\u2019aquest mes de gener est\u00e0 operatiu un nou consultori de Medicina General ubicat a l\u2019oficina d\u2019MGC M\u00fatua a Girona. Hem inaugurat un nou consultori de Medicina General a les depend\u00e8ncies d\u2019MGC M\u00fatua a Girona, a la ronda Sant Antoni Maria Claret, 28. Aquest \u00e9s un projecte del <a href=\"https:\/\/centremedic.mgc.es\/benvinguts\/\">Centre M\u00e8dic MGC<\/a> que esperem sigui el primer de molts a les oficines de la M\u00fatua.<\/p>\n\n\n\n<p>El <strong>Dr. Gustavo Marcelo Bugallo<\/strong>, metge de Medicina General, est\u00e0 al capdavant del consultori i ja est\u00e0 visitant els nostres mutualistes des de l\u201911 de gener passat. L\u2019horari de vistes \u00e9s de <strong>9h a 13h<\/strong>, tots els <strong>dimarts<\/strong>.<\/p>\n\n\n\n<p>Per passar consulta es pot demanar cita pr\u00e8via a:<\/p>\n\n\n\n<ul class=\"wp-block-list\"><li>Al <strong>web<\/strong> del Centre M\u00e8dic.<\/li><li>A l\u2019<strong>Oficina Virtual<\/strong> a Consulta del Quadre M\u00e8dic.<\/li><li>A <strong>l\u2019App MGC Salut<\/strong> disponible a Android i IOS.<\/li><li>Trucant al tel\u00e8fon de l\u2019oficina <strong>972 41 42 30<\/strong>.<\/li><\/ul>\n\n\n\n<p>A la M\u00fatua volem estar al costat dels mutualistes i per aix\u00f2 posem a la seva disposici\u00f3 un metge de cap\u00e7alera a prop seu, perqu\u00e8 entenem com \u00e9s d\u2019important la relaci\u00f3 de confian\u00e7a i de comprom\u00eds que s\u2019estableix al llarg del temps. El metge de cap\u00e7alera no nom\u00e9s acompanya el pacient en el proc\u00e9s d\u2019una malaltia, sin\u00f3 que ho fa al llarg de tota la seva vida. Actua de conseller, d\u2019assessor i fins i tot de mediador entre el pacient i el seu entorn.<\/p>\n","protected":false},"excerpt":{"rendered":"<p>Des d\u2019aquest mes de gener est\u00e0 operatiu un nou consultori de Medicina General ubicat a l\u2019oficina d\u2019MGC M\u00fatua a Girona. Hem inaugurat un nou consultori de Medicina General a les depend\u00e8ncies d\u2019MGC M\u00fatua a Girona, a la ronda Sant Antoni Maria Claret, 28. Aquest \u00e9s un projecte del Centre M\u00e8dic MGC que esperem sigui el [&hellip;]<\/p>\n","protected":false},"author":3,"featured_media":24476,"comment_status":"closed","ping_status":"closed","sticky":false,"template":"","format":"standard","meta":{"footnotes":""},"categories":[11,990],"tags":[402],"class_list":["post-24471","post","type-post","status-publish","format-standard","has-post-thumbnail","hentry","category-actualitat","category-assegurances-i-la-mutua","tag-centre-medic"],"featured_image_src":"https:\/\/www.mgc.es\/wp-content\/uploads\/2022\/01\/medicina-general.jpg","author_info":{"display_name":"Revista Inter\u00e8s Mutu","author_link":"https:\/\/www.mgc.es\/ca\/blog\/author\/interesmutu\/"},"yoast_head":"<!-- This site is optimized with the Yoast SEO plugin v27.2 - https:\/\/yoast.com\/product\/yoast-seo-wordpress\/ -->\n<title>Nou consultori de Medicina General a Girona - MGC M\u00fatua<\/title>\n<meta name=\"robots\" content=\"index, follow, max-snippet:-1, max-image-preview:large, max-video-preview:-1\" \/>\n<link rel=\"canonical\" href=\"https:\/\/www.mgc.es\/ca\/blog\/nou-consultori-de-medicina-general-a-girona\/\" \/>\n<meta property=\"og:locale\" content=\"ca_ES\" \/>\n<meta property=\"og:type\" content=\"article\" \/>\n<meta property=\"og:title\" content=\"Nou consultori de Medicina General a Girona - MGC M\u00fatua\" \/>\n<meta property=\"og:description\" content=\"Des d\u2019aquest mes de gener est\u00e0 operatiu un nou consultori de Medicina General ubicat a l\u2019oficina d\u2019MGC M\u00fatua a Girona. Hem inaugurat un nou consultori de Medicina General a les depend\u00e8ncies d\u2019MGC M\u00fatua a Girona, a la ronda Sant Antoni Maria Claret, 28. Aquest \u00e9s un projecte del Centre M\u00e8dic MGC que esperem sigui el [&hellip;]\" \/>\n<meta property=\"og:url\" content=\"https:\/\/www.mgc.es\/ca\/blog\/nou-consultori-de-medicina-general-a-girona\/\" \/>\n<meta property=\"og:site_name\" content=\"MGC M\u00fatua\" \/>\n<meta property=\"article:publisher\" content=\"https:\/\/www.facebook.com\/mgcmutua\" \/>\n<meta property=\"article:published_time\" content=\"2022-01-28T11:52:00+00:00\" \/>\n<meta property=\"article:modified_time\" content=\"2026-04-10T14:18:56+00:00\" \/>\n<meta property=\"og:image\" content=\"https:\/\/www.mgc.es\/wp-content\/uploads\/2022\/01\/medicina-general.jpg\" \/>\n\t<meta property=\"og:image:width\" content=\"1000\" \/>\n\t<meta property=\"og:image:height\" content=\"667\" \/>\n\t<meta property=\"og:image:type\" content=\"image\/jpeg\" \/>\n<meta name=\"author\" content=\"Revista Inter\u00e8s Mutu\" \/>\n<meta name=\"twitter:card\" content=\"summary_large_image\" \/>\n<meta name=\"twitter:creator\" content=\"@mgcmutua\" \/>\n<meta name=\"twitter:site\" content=\"@mgcmutua\" \/>\n<meta name=\"twitter:label1\" content=\"Escrit per\" \/>\n\t<meta name=\"twitter:data1\" content=\"Revista Inter\u00e8s Mutu\" \/>\n\t<meta name=\"twitter:label2\" content=\"Temps estimat de lectura\" \/>\n\t<meta name=\"twitter:data2\" content=\"2 minuts\" \/>\n<!-- \/ Yoast SEO plugin. -->","yoast_head_json":{"title":"Nou consultori de Medicina General a Girona - MGC M\u00fatua","robots":{"index":"index","follow":"follow","max-snippet":"max-snippet:-1","max-image-preview":"max-image-preview:large","max-video-preview":"max-video-preview:-1"},"canonical":"https:\/\/www.mgc.es\/ca\/blog\/nou-consultori-de-medicina-general-a-girona\/","og_locale":"ca_ES","og_type":"article","og_title":"Nou consultori de Medicina General a Girona - MGC M\u00fatua","og_description":"Des d\u2019aquest mes de gener est\u00e0 operatiu un nou consultori de Medicina General ubicat a l\u2019oficina d\u2019MGC M\u00fatua a Girona. Hem inaugurat un nou consultori de Medicina General a les depend\u00e8ncies d\u2019MGC M\u00fatua a Girona, a la ronda Sant Antoni Maria Claret, 28. Aquest \u00e9s un projecte del Centre M\u00e8dic MGC que esperem sigui el [&hellip;]","og_url":"https:\/\/www.mgc.es\/ca\/blog\/nou-consultori-de-medicina-general-a-girona\/","og_site_name":"MGC M\u00fatua","article_publisher":"https:\/\/www.facebook.com\/mgcmutua","article_published_time":"2022-01-28T11:52:00+00:00","article_modified_time":"2026-04-10T14:18:56+00:00","og_image":[{"width":1000,"height":667,"url":"https:\/\/www.mgc.es\/wp-content\/uploads\/2022\/01\/medicina-general.jpg","type":"image\/jpeg"}],"author":"Revista Inter\u00e8s Mutu","twitter_card":"summary_large_image","twitter_creator":"@mgcmutua","twitter_site":"@mgcmutua","twitter_misc":{"Escrit per":"Revista Inter\u00e8s Mutu","Temps estimat de lectura":"2 minuts"},"schema":{"@context":"https:\/\/schema.org","@graph":[{"@type":["Article","BlogPosting"],"@id":"https:\/\/www.mgc.es\/ca\/blog\/nou-consultori-de-medicina-general-a-girona\/#article","isPartOf":{"@id":"https:\/\/www.mgc.es\/ca\/blog\/nou-consultori-de-medicina-general-a-girona\/"},"author":{"name":"Revista Inter\u00e8s Mutu","@id":"https:\/\/www.mgc.es\/#\/schema\/person\/010c961d9c9acf38f11187a02b646c16"},"headline":"Nou consultori de Medicina General a Girona","datePublished":"2022-01-28T11:52:00+00:00","dateModified":"2026-04-10T14:18:56+00:00","mainEntityOfPage":{"@id":"https:\/\/www.mgc.es\/ca\/blog\/nou-consultori-de-medicina-general-a-girona\/"},"wordCount":256,"publisher":{"@id":"https:\/\/www.mgc.es\/#organization"},"image":{"@id":"https:\/\/www.mgc.es\/ca\/blog\/nou-consultori-de-medicina-general-a-girona\/#primaryimage"},"thumbnailUrl":"https:\/\/www.mgc.es\/wp-content\/uploads\/2022\/01\/medicina-general.jpg","keywords":["centre m\u00e8dic"],"articleSection":["Actualitat M\u00fatua","Assegurances i la Mutua"],"inLanguage":"ca"},{"@type":["WebPage","ItemPage"],"@id":"https:\/\/www.mgc.es\/ca\/blog\/nou-consultori-de-medicina-general-a-girona\/","url":"https:\/\/www.mgc.es\/ca\/blog\/nou-consultori-de-medicina-general-a-girona\/","name":"Nou consultori de Medicina General a Girona - MGC M\u00fatua","isPartOf":{"@id":"https:\/\/www.mgc.es\/#website"},"primaryImageOfPage":{"@id":"https:\/\/www.mgc.es\/ca\/blog\/nou-consultori-de-medicina-general-a-girona\/#primaryimage"},"image":{"@id":"https:\/\/www.mgc.es\/ca\/blog\/nou-consultori-de-medicina-general-a-girona\/#primaryimage"},"thumbnailUrl":"https:\/\/www.mgc.es\/wp-content\/uploads\/2022\/01\/medicina-general.jpg","datePublished":"2022-01-28T11:52:00+00:00","dateModified":"2026-04-10T14:18:56+00:00","breadcrumb":{"@id":"https:\/\/www.mgc.es\/ca\/blog\/nou-consultori-de-medicina-general-a-girona\/#breadcrumb"},"inLanguage":"ca","potentialAction":[{"@type":"ReadAction","target":["https:\/\/www.mgc.es\/ca\/blog\/nou-consultori-de-medicina-general-a-girona\/"]}]},{"@type":"ImageObject","inLanguage":"ca","@id":"https:\/\/www.mgc.es\/ca\/blog\/nou-consultori-de-medicina-general-a-girona\/#primaryimage","url":"https:\/\/www.mgc.es\/wp-content\/uploads\/2022\/01\/medicina-general.jpg","contentUrl":"https:\/\/www.mgc.es\/wp-content\/uploads\/2022\/01\/medicina-general.jpg","width":1000,"height":667},{"@type":"BreadcrumbList","@id":"https:\/\/www.mgc.es\/ca\/blog\/nou-consultori-de-medicina-general-a-girona\/#breadcrumb","itemListElement":[{"@type":"ListItem","position":1,"name":"Home","item":"https:\/\/www.mgc.es\/ca\/"},{"@type":"ListItem","position":2,"name":"Nou consultori de Medicina General a Girona"}]},{"@type":"WebSite","@id":"https:\/\/www.mgc.es\/#website","url":"https:\/\/www.mgc.es\/","name":"MGC M\u00fatua","description":"MGC M\u00fatua \u00e9s una entitat asseguradora sense \u00e0nim de lucre constitu\u00efda al 1982 i especialitzada en assegurances de salut i assist\u00e8ncia.","publisher":{"@id":"https:\/\/www.mgc.es\/#organization"},"alternateName":"MGC","potentialAction":[{"@type":"SearchAction","target":{"@type":"EntryPoint","urlTemplate":"https:\/\/www.mgc.es\/?s={search_term_string}"},"query-input":{"@type":"PropertyValueSpecification","valueRequired":true,"valueName":"search_term_string"}}],"inLanguage":"ca"},{"@type":"Organization","@id":"https:\/\/www.mgc.es\/#organization","name":"MGC Mutua","alternateName":"MGC","url":"https:\/\/www.mgc.es\/","logo":{"@type":"ImageObject","inLanguage":"ca","@id":"https:\/\/www.mgc.es\/#\/schema\/logo\/image\/","url":"https:\/\/www.mgc.es\/wp-content\/uploads\/2020\/03\/mgcmutua_h2_2t_reduccions.png","contentUrl":"https:\/\/www.mgc.es\/wp-content\/uploads\/2020\/03\/mgcmutua_h2_2t_reduccions.png","width":303,"height":165,"caption":"MGC Mutua"},"image":{"@id":"https:\/\/www.mgc.es\/#\/schema\/logo\/image\/"},"sameAs":["https:\/\/www.facebook.com\/mgcmutua","https:\/\/x.com\/mgcmutua","https:\/\/www.youtube.com\/c\/MGCMutua"]},{"@type":"Person","@id":"https:\/\/www.mgc.es\/#\/schema\/person\/010c961d9c9acf38f11187a02b646c16","name":"Revista Inter\u00e8s Mutu","image":{"@type":"ImageObject","inLanguage":"ca","@id":"https:\/\/secure.gravatar.com\/avatar\/52302d684339b9d7bf5691e2ad00835d62ce3b4a435f21ca9f21fbe39c63cb1b?s=96&d=mm&r=g","url":"https:\/\/secure.gravatar.com\/avatar\/52302d684339b9d7bf5691e2ad00835d62ce3b4a435f21ca9f21fbe39c63cb1b?s=96&d=mm&r=g","contentUrl":"https:\/\/secure.gravatar.com\/avatar\/52302d684339b9d7bf5691e2ad00835d62ce3b4a435f21ca9f21fbe39c63cb1b?s=96&d=mm&r=g","caption":"Revista Inter\u00e8s Mutu"}}]}},"_links":{"self":[{"href":"https:\/\/www.mgc.es\/ca\/wp-json\/wp\/v2\/posts\/24471","targetHints":{"allow":["GET"]}}],"collection":[{"href":"https:\/\/www.mgc.es\/ca\/wp-json\/wp\/v2\/posts"}],"about":[{"href":"https:\/\/www.mgc.es\/ca\/wp-json\/wp\/v2\/types\/post"}],"author":[{"embeddable":true,"href":"https:\/\/www.mgc.es\/ca\/wp-json\/wp\/v2\/users\/3"}],"replies":[{"embeddable":true,"href":"https:\/\/www.mgc.es\/ca\/wp-json\/wp\/v2\/comments?post=24471"}],"version-history":[{"count":2,"href":"https:\/\/www.mgc.es\/ca\/wp-json\/wp\/v2\/posts\/24471\/revisions"}],"predecessor-version":[{"id":24478,"href":"https:\/\/www.mgc.es\/ca\/wp-json\/wp\/v2\/posts\/24471\/revisions\/24478"}],"wp:featuredmedia":[{"embeddable":true,"href":"https:\/\/www.mgc.es\/ca\/wp-json\/wp\/v2\/media\/24476"}],"wp:attachment":[{"href":"https:\/\/www.mgc.es\/ca\/wp-json\/wp\/v2\/media?parent=24471"}],"wp:term":[{"taxonomy":"category","embeddable":true,"href":"https:\/\/www.mgc.es\/ca\/wp-json\/wp\/v2\/categories?post=24471"},{"taxonomy":"post_tag","embeddable":true,"href":"https:\/\/www.mgc.es\/ca\/wp-json\/wp\/v2\/tags?post=24471"}],"curies":[{"name":"wp","href":"https:\/\/api.w.org\/{rel}","templated":true}]}}