{"id":24433,"date":"2022-03-01T10:28:00","date_gmt":"2022-03-01T09:28:00","guid":{"rendered":"https:\/\/www.mgc.es\/?p=24433"},"modified":"2022-08-03T11:15:02","modified_gmt":"2022-08-03T09:15:02","slug":"qui-es-pot-operar-els-ulls","status":"publish","type":"post","link":"https:\/\/www.mgc.es\/ca\/blog\/qui-es-pot-operar-els-ulls\/","title":{"rendered":"Qui es pot operar els ulls?"},"content":{"rendered":"<div id=\"ez-toc-container\" class=\"ez-toc-v2_0_82_1 counter-hierarchy ez-toc-counter ez-toc-custom ez-toc-container-direction\">\n<div class=\"ez-toc-title-container\"><p class=\"ez-toc-title\" style=\"cursor:inherit\">\u00cdndex de continguts<\/p>\n<\/div><nav><ul class='ez-toc-list ez-toc-list-level-1 ' ><li class='ez-toc-page-1 ez-toc-heading-level-2'><a class=\"ez-toc-link ez-toc-heading-1\" href=\"https:\/\/www.mgc.es\/ca\/blog\/qui-es-pot-operar-els-ulls\/#Els_ulls\" >Els ulls<\/a><\/li><li class='ez-toc-page-1 ez-toc-heading-level-2'><a class=\"ez-toc-link ez-toc-heading-2\" href=\"https:\/\/www.mgc.es\/ca\/blog\/qui-es-pot-operar-els-ulls\/#Les_ametropies\" >Les ametropies<\/a><\/li><li class='ez-toc-page-1 ez-toc-heading-level-2'><a class=\"ez-toc-link ez-toc-heading-3\" href=\"https:\/\/www.mgc.es\/ca\/blog\/qui-es-pot-operar-els-ulls\/#Miopia\" >Miopia<\/a><\/li><li class='ez-toc-page-1 ez-toc-heading-level-2'><a class=\"ez-toc-link ez-toc-heading-4\" href=\"https:\/\/www.mgc.es\/ca\/blog\/qui-es-pot-operar-els-ulls\/#Hipermetropia\" >Hipermetropia<\/a><\/li><li class='ez-toc-page-1 ez-toc-heading-level-2'><a class=\"ez-toc-link ez-toc-heading-5\" href=\"https:\/\/www.mgc.es\/ca\/blog\/qui-es-pot-operar-els-ulls\/#Astigmatisme\" >Astigmatisme<\/a><\/li><li class='ez-toc-page-1 ez-toc-heading-level-2'><a class=\"ez-toc-link ez-toc-heading-6\" href=\"https:\/\/www.mgc.es\/ca\/blog\/qui-es-pot-operar-els-ulls\/#Loperacio_cirurgia_refractiva\" >L&#8217;operaci\u00f3: cirurgia refractiva<\/a><\/li><li class='ez-toc-page-1 ez-toc-heading-level-2'><a class=\"ez-toc-link ez-toc-heading-7\" href=\"https:\/\/www.mgc.es\/ca\/blog\/qui-es-pot-operar-els-ulls\/#Qui_es_pot_operar\" >Qui es pot operar<\/a><\/li><li class='ez-toc-page-1 ez-toc-heading-level-2'><a class=\"ez-toc-link ez-toc-heading-8\" href=\"https:\/\/www.mgc.es\/ca\/blog\/qui-es-pot-operar-els-ulls\/#Qui_no_es_pot_operar\" >Qui no es pot operar<\/a><\/li><li class='ez-toc-page-1 ez-toc-heading-level-2'><a class=\"ez-toc-link ez-toc-heading-9\" href=\"https:\/\/www.mgc.es\/ca\/blog\/qui-es-pot-operar-els-ulls\/#Les_absolutes_son\" >Les absolutes s\u00f3n:<\/a><\/li><li class='ez-toc-page-1 ez-toc-heading-level-2'><a class=\"ez-toc-link ez-toc-heading-10\" href=\"https:\/\/www.mgc.es\/ca\/blog\/qui-es-pot-operar-els-ulls\/#Les_relatives_inclouen_certes_condicions_i_trastorns_com_ara\" >Les relatives inclouen certes condicions i trastorns, com ara:<\/a><\/li><\/ul><\/nav><\/div>\n\n<figure class=\"wp-block-image size-full\"><img loading=\"lazy\" decoding=\"async\" width=\"800\" height=\"600\" src=\"https:\/\/www.mgc.es\/wp-content\/uploads\/2022\/01\/ojo.jpg\" alt=\"\" class=\"wp-image-24429\" srcset=\"https:\/\/www.mgc.es\/wp-content\/uploads\/2022\/01\/ojo.jpg 800w, https:\/\/www.mgc.es\/wp-content\/uploads\/2022\/01\/ojo-440x330.jpg 440w, https:\/\/www.mgc.es\/wp-content\/uploads\/2022\/01\/ojo-768x576.jpg 768w\" sizes=\"auto, (max-width: 800px) 100vw, 800px\" \/><\/figure>\n\n\n\n<p>B\u00e0sicament, hi ha dues raons per sotmetre&#8217;s a una intervenci\u00f3 quir\u00fargica dels ulls. Una \u00e9s m\u00e8dica i inclou despreniment de retina o les cataractes. Els \u00fanics tractaments de qu\u00e8 disposem contra problemes amb aquestes caracter\u00edstiques s\u00f3n quir\u00fargics, \u00e9s a dir una operaci\u00f3.<\/p>\n\n\n\n<p>L&#8217;altra ra\u00f3 no \u00e9s purament m\u00e8dica, sin\u00f3 que \u00e9s una opci\u00f3 per corregir els defectes de refracci\u00f3, que s\u00f3n en ess\u00e8ncia tres: la hipermetropia, la miopia i l&#8217;astigmatisme. En termes estrictes, per aquestes anomalies (ametropies segons la terminologia m\u00e8dica) tenim alternatives a la intervenci\u00f3 quir\u00fargica: fer servir ulleres o lentilles. Ara b\u00e9, les operacions s\u00f3n segures i posen fi a la inc\u00f2moda necessitat d&#8217;haver de dur ulleres o lentilles. Tot seguit definirem breuement qu\u00e8 s\u00f3n els defectes de refracci\u00f3.<\/p>\n\n\n\n<h2 class=\"wp-block-heading\"><span class=\"ez-toc-section\" id=\"Els_ulls\"><\/span><strong>Els ulls<\/strong><span class=\"ez-toc-section-end\"><\/span><\/h2>\n\n\n\n<p>S\u00f3n un sistema \u00f2ptic que permet de formar imatges a la retina (la membrana sensible a la llum que trobem a la paret interna dels ulls). La imatge es transmet pel nervi \u00f2ptic al cervell, que la rep i la interpreta.<\/p>\n\n\n\n<p>Cada ull t\u00e9 un determinat poder de refracci\u00f3, o una certa pot\u00e8ncia. Les anomalies en el poder de refracci\u00f3, o ametropies, causen que la imatge no es formi prou n\u00edtida a la retina, i s\u00f3n les que motiven consultes m\u00e9s sovintejades en oftalmologia. Tal com hem indicat n&#8217;hi ha de tres classes: la miopia, la hipermetropia i l&#8217;astigmatisme.<\/p>\n\n\n\n<h2 class=\"wp-block-heading\"><span class=\"ez-toc-section\" id=\"Les_ametropies\"><\/span><strong>Les ametropies<\/strong><span class=\"ez-toc-section-end\"><\/span><\/h2>\n\n\n\n<h2 class=\"wp-block-heading\"><span class=\"ez-toc-section\" id=\"Miopia\"><\/span><strong>Miopia<\/strong><span class=\"ez-toc-section-end\"><\/span><\/h2>\n\n\n\n<p>S\u00f3n miops els pacients que no hi veuen b\u00e9 de lluny. El mecanisme causant \u00e9s que les imatges convergeixen davant de la retina i, per tant, hi arriben distorsionades. Els objectes distants es desenfoquen i el pacient no els veu b\u00e9.<\/p>\n\n\n\n<figure class=\"wp-block-image size-full\"><img loading=\"lazy\" decoding=\"async\" width=\"800\" height=\"533\" src=\"https:\/\/www.mgc.es\/wp-content\/uploads\/2022\/01\/retinopatia2.jpg\" alt=\"\" class=\"wp-image-24431\" srcset=\"https:\/\/www.mgc.es\/wp-content\/uploads\/2022\/01\/retinopatia2.jpg 800w, https:\/\/www.mgc.es\/wp-content\/uploads\/2022\/01\/retinopatia2-440x293.jpg 440w, https:\/\/www.mgc.es\/wp-content\/uploads\/2022\/01\/retinopatia2-768x512.jpg 768w\" sizes=\"auto, (max-width: 800px) 100vw, 800px\" \/><\/figure>\n\n\n\n<h2 class=\"wp-block-heading\"><span class=\"ez-toc-section\" id=\"Hipermetropia\"><\/span><strong>Hipermetropia<\/strong><span class=\"ez-toc-section-end\"><\/span><\/h2>\n\n\n\n<p>La hipermetropia \u00e9s el cas contrari de la miopia: les imatges es formen darrere de la retina. La conseq\u00fc\u00e8ncia \u00e9s que el pacient no hi veu b\u00e9 de prop.<\/p>\n\n\n\n<h2 class=\"wp-block-heading\"><span class=\"ez-toc-section\" id=\"Astigmatisme\"><\/span><strong>Astigmatisme<\/strong><span class=\"ez-toc-section-end\"><\/span><\/h2>\n\n\n\n<p>\u00c9s un trastorn m\u00e9s complex i el causa una desigualtat en els eixos principals (o meridians) dels ulls; per tant, les imatges tenen diferents punts d&#8217;enfocament a la retina en comptes de convergir en un \u00fanic punt. En aquest cas, el pacient hi veu malament tant de lluny com de prop.<\/p>\n\n\n\n<h2 class=\"wp-block-heading\"><span class=\"ez-toc-section\" id=\"Loperacio_cirurgia_refractiva\"><\/span><strong>L&#8217;operaci\u00f3: cirurgia refractiva<\/strong><span class=\"ez-toc-section-end\"><\/span><\/h2>\n\n\n\n<p>\u00c9s fonamental que el diagn\u00f2stic sigui molt prec\u00eds, perqu\u00e8 determinar\u00e0 si la intervenci\u00f3 ser\u00e0 reeixida. Sovint \u00e9s dif\u00edcil decidir si un pacient es pot operar o no i quina t\u00e8cnica s&#8217;ha d&#8217;emprar en cada cas. Cada pacient t\u00e9 un problema ben concret i la soluci\u00f3 ha de ser del tot personalitzada. En aquest sentit, com que la cirurgia avan\u00e7a de manera constant, les t\u00e8cniques es continuaran perfeccionant.<\/p>\n\n\n\n<p>Tanmateix, no tots els pacients es poden operar.<\/p>\n\n\n\n<h2 class=\"wp-block-heading\"><span class=\"ez-toc-section\" id=\"Qui_es_pot_operar\"><\/span><strong>Qui es pot operar<\/strong><span class=\"ez-toc-section-end\"><\/span><\/h2>\n\n\n\n<p>El criteris b\u00e0sics per decidir si un pacient s&#8217;ha de sotmetre a la cirurgia refractiva s\u00f3n dos:<\/p>\n\n\n\n<ul class=\"wp-block-list\"><li>Cal que tingui m\u00e9s de 18 anys. En aquesta edat es considera que ja ha acabat el creixement de l&#8217;ull i el pacient ja \u00e9s madur en termes oculars.<\/li><li>El defecte visual ha de ser estable, \u00e9s a dir no pot variar el nombre de di\u00f2ptries l&#8217;any amb m\u00e9s d&#8217;una abans de la intervenci\u00f3.<\/li><\/ul>\n\n\n\n<h2 class=\"wp-block-heading\"><span class=\"ez-toc-section\" id=\"Qui_no_es_pot_operar\"><\/span><strong>Qui no es pot operar<\/strong><span class=\"ez-toc-section-end\"><\/span><\/h2>\n\n\n\n<p>Parlem de contraindicacions absolutes i relatives.<\/p>\n\n\n\n<h2 class=\"wp-block-heading\"><span class=\"ez-toc-section\" id=\"Les_absolutes_son\"><\/span><strong>Les absolutes s\u00f3n:<\/strong><span class=\"ez-toc-section-end\"><\/span><\/h2>\n\n\n\n<ul class=\"wp-block-list\"><li>L&#8217;embar\u00e0s<\/li><li>Els trastorns greus de la personalitat o els trastorns psic\u00f2tics<\/li><\/ul>\n\n\n\n<h2 class=\"wp-block-heading\"><span class=\"ez-toc-section\" id=\"Les_relatives_inclouen_certes_condicions_i_trastorns_com_ara\"><\/span><strong>Les relatives inclouen certes condicions i trastorns, com ara<\/strong>:<span class=\"ez-toc-section-end\"><\/span><\/h2>\n\n\n\n<ul class=\"wp-block-list\"><li>Patir malalties autoimmunit\u00e0ries<\/li><li>Haver tingut brots epil\u00e8ptics el darrer any<\/li><li>Tenir cicatrius queloides<\/li><li>Tenir altres trastorns oculars, com el glaucoma o una retinopatia<\/li><\/ul>\n\n\n\n<p>En tot cas, una idea general dels oftalm\u00f2legs \u00e9s que val m\u00e9s no operar si hi ha cap factor que en pugui comprometre l&#8217;\u00e8xit, perqu\u00e8 una mala indicaci\u00f3 de la intervenci\u00f3 augmenta el perill de tenir complicacions m\u00e9s endavant.<\/p>\n","protected":false},"excerpt":{"rendered":"<p>B\u00e0sicament, hi ha dues raons per sotmetre&#8217;s a una intervenci\u00f3 quir\u00fargica dels ulls. Una \u00e9s m\u00e8dica i inclou despreniment de retina o les cataractes. Els \u00fanics tractaments de qu\u00e8 disposem contra problemes amb aquestes caracter\u00edstiques s\u00f3n quir\u00fargics, \u00e9s a dir una operaci\u00f3. L&#8217;altra ra\u00f3 no \u00e9s purament m\u00e8dica, sin\u00f3 que \u00e9s una opci\u00f3 per corregir [&hellip;]<\/p>\n","protected":false},"author":3,"featured_media":24429,"comment_status":"closed","ping_status":"closed","sticky":false,"template":"","format":"standard","meta":{"footnotes":""},"categories":[187,1],"tags":[404,470],"class_list":["post-24433","post","type-post","status-publish","format-standard","has-post-thumbnail","hentry","category-salud","category-sin-categorizar","tag-cirurgia","tag-oftalmologia-ca"],"featured_image_src":"https:\/\/www.mgc.es\/wp-content\/uploads\/2022\/01\/ojo.jpg","author_info":{"display_name":"Revista Inter\u00e8s Mutu","author_link":"https:\/\/www.mgc.es\/ca\/blog\/author\/interesmutu\/"},"yoast_head":"<!-- This site is optimized with the Yoast SEO plugin v27.2 - https:\/\/yoast.com\/product\/yoast-seo-wordpress\/ -->\n<title>Qui es pot operar els ulls? - MGC M\u00fatua<\/title>\n<meta name=\"description\" content=\"La cirurgia pot ser per una causa m\u00e8dica com el despreniment de retina o les cataractes, o per corregir els defectes de refracci\u00f3, que s\u00f3n en ess\u00e8ncia tres: la hipermetropia, la miopia i l&#039;astigmatisme.\" \/>\n<meta name=\"robots\" content=\"index, follow, max-snippet:-1, max-image-preview:large, max-video-preview:-1\" \/>\n<link rel=\"canonical\" href=\"https:\/\/www.mgc.es\/ca\/blog\/qui-es-pot-operar-els-ulls\/\" \/>\n<meta property=\"og:locale\" content=\"ca_ES\" \/>\n<meta property=\"og:type\" content=\"article\" \/>\n<meta property=\"og:title\" content=\"Qui es pot operar els ulls? - MGC M\u00fatua\" \/>\n<meta property=\"og:description\" content=\"La cirurgia pot ser per una causa m\u00e8dica com el despreniment de retina o les cataractes, o per corregir els defectes de refracci\u00f3, que s\u00f3n en ess\u00e8ncia tres: la hipermetropia, la miopia i l&#039;astigmatisme.\" \/>\n<meta property=\"og:url\" content=\"https:\/\/www.mgc.es\/ca\/blog\/qui-es-pot-operar-els-ulls\/\" \/>\n<meta property=\"og:site_name\" content=\"MGC M\u00fatua\" \/>\n<meta property=\"article:publisher\" content=\"https:\/\/www.facebook.com\/mgcmutua\" \/>\n<meta property=\"article:published_time\" content=\"2022-03-01T09:28:00+00:00\" \/>\n<meta property=\"article:modified_time\" content=\"2022-08-03T09:15:02+00:00\" \/>\n<meta property=\"og:image\" content=\"https:\/\/www.mgc.es\/wp-content\/uploads\/2022\/01\/ojo.jpg\" \/>\n\t<meta property=\"og:image:width\" content=\"800\" \/>\n\t<meta property=\"og:image:height\" content=\"600\" \/>\n\t<meta property=\"og:image:type\" content=\"image\/jpeg\" \/>\n<meta name=\"author\" content=\"Revista Inter\u00e8s Mutu\" \/>\n<meta name=\"twitter:card\" content=\"summary_large_image\" \/>\n<meta name=\"twitter:creator\" content=\"@mgcmutua\" \/>\n<meta name=\"twitter:site\" content=\"@mgcmutua\" \/>\n<meta name=\"twitter:label1\" content=\"Escrit per\" \/>\n\t<meta name=\"twitter:data1\" content=\"Revista Inter\u00e8s Mutu\" \/>\n\t<meta name=\"twitter:label2\" content=\"Temps estimat de lectura\" \/>\n\t<meta name=\"twitter:data2\" content=\"4 minuts\" \/>\n<!-- \/ Yoast SEO plugin. -->","yoast_head_json":{"title":"Qui es pot operar els ulls? - MGC M\u00fatua","description":"La cirurgia pot ser per una causa m\u00e8dica com el despreniment de retina o les cataractes, o per corregir els defectes de refracci\u00f3, que s\u00f3n en ess\u00e8ncia tres: la hipermetropia, la miopia i l'astigmatisme.","robots":{"index":"index","follow":"follow","max-snippet":"max-snippet:-1","max-image-preview":"max-image-preview:large","max-video-preview":"max-video-preview:-1"},"canonical":"https:\/\/www.mgc.es\/ca\/blog\/qui-es-pot-operar-els-ulls\/","og_locale":"ca_ES","og_type":"article","og_title":"Qui es pot operar els ulls? - MGC M\u00fatua","og_description":"La cirurgia pot ser per una causa m\u00e8dica com el despreniment de retina o les cataractes, o per corregir els defectes de refracci\u00f3, que s\u00f3n en ess\u00e8ncia tres: la hipermetropia, la miopia i l'astigmatisme.","og_url":"https:\/\/www.mgc.es\/ca\/blog\/qui-es-pot-operar-els-ulls\/","og_site_name":"MGC M\u00fatua","article_publisher":"https:\/\/www.facebook.com\/mgcmutua","article_published_time":"2022-03-01T09:28:00+00:00","article_modified_time":"2022-08-03T09:15:02+00:00","og_image":[{"width":800,"height":600,"url":"https:\/\/www.mgc.es\/wp-content\/uploads\/2022\/01\/ojo.jpg","type":"image\/jpeg"}],"author":"Revista Inter\u00e8s Mutu","twitter_card":"summary_large_image","twitter_creator":"@mgcmutua","twitter_site":"@mgcmutua","twitter_misc":{"Escrit per":"Revista Inter\u00e8s Mutu","Temps estimat de lectura":"4 minuts"},"schema":{"@context":"https:\/\/schema.org","@graph":[{"@type":["Article","BlogPosting"],"@id":"https:\/\/www.mgc.es\/ca\/blog\/qui-es-pot-operar-els-ulls\/#article","isPartOf":{"@id":"https:\/\/www.mgc.es\/ca\/blog\/qui-es-pot-operar-els-ulls\/"},"author":{"name":"Revista Inter\u00e8s Mutu","@id":"https:\/\/www.mgc.es\/#\/schema\/person\/010c961d9c9acf38f11187a02b646c16"},"headline":"Qui es pot operar els ulls?","datePublished":"2022-03-01T09:28:00+00:00","dateModified":"2022-08-03T09:15:02+00:00","mainEntityOfPage":{"@id":"https:\/\/www.mgc.es\/ca\/blog\/qui-es-pot-operar-els-ulls\/"},"wordCount":644,"publisher":{"@id":"https:\/\/www.mgc.es\/#organization"},"image":{"@id":"https:\/\/www.mgc.es\/ca\/blog\/qui-es-pot-operar-els-ulls\/#primaryimage"},"thumbnailUrl":"https:\/\/www.mgc.es\/wp-content\/uploads\/2022\/01\/ojo.jpg","keywords":["cirurgia","oftalmologia"],"articleSection":["Salud y medicina","Sin categorizar"],"inLanguage":"ca"},{"@type":["WebPage","ItemPage"],"@id":"https:\/\/www.mgc.es\/ca\/blog\/qui-es-pot-operar-els-ulls\/","url":"https:\/\/www.mgc.es\/ca\/blog\/qui-es-pot-operar-els-ulls\/","name":"Qui es pot operar els ulls? - MGC M\u00fatua","isPartOf":{"@id":"https:\/\/www.mgc.es\/#website"},"primaryImageOfPage":{"@id":"https:\/\/www.mgc.es\/ca\/blog\/qui-es-pot-operar-els-ulls\/#primaryimage"},"image":{"@id":"https:\/\/www.mgc.es\/ca\/blog\/qui-es-pot-operar-els-ulls\/#primaryimage"},"thumbnailUrl":"https:\/\/www.mgc.es\/wp-content\/uploads\/2022\/01\/ojo.jpg","datePublished":"2022-03-01T09:28:00+00:00","dateModified":"2022-08-03T09:15:02+00:00","description":"La cirurgia pot ser per una causa m\u00e8dica com el despreniment de retina o les cataractes, o per corregir els defectes de refracci\u00f3, que s\u00f3n en ess\u00e8ncia tres: la hipermetropia, la miopia i l'astigmatisme.","breadcrumb":{"@id":"https:\/\/www.mgc.es\/ca\/blog\/qui-es-pot-operar-els-ulls\/#breadcrumb"},"inLanguage":"ca","potentialAction":[{"@type":"ReadAction","target":["https:\/\/www.mgc.es\/ca\/blog\/qui-es-pot-operar-els-ulls\/"]}]},{"@type":"ImageObject","inLanguage":"ca","@id":"https:\/\/www.mgc.es\/ca\/blog\/qui-es-pot-operar-els-ulls\/#primaryimage","url":"https:\/\/www.mgc.es\/wp-content\/uploads\/2022\/01\/ojo.jpg","contentUrl":"https:\/\/www.mgc.es\/wp-content\/uploads\/2022\/01\/ojo.jpg","width":800,"height":600},{"@type":"BreadcrumbList","@id":"https:\/\/www.mgc.es\/ca\/blog\/qui-es-pot-operar-els-ulls\/#breadcrumb","itemListElement":[{"@type":"ListItem","position":1,"name":"Home","item":"https:\/\/www.mgc.es\/ca\/"},{"@type":"ListItem","position":2,"name":"Qui es pot operar els ulls?"}]},{"@type":"WebSite","@id":"https:\/\/www.mgc.es\/#website","url":"https:\/\/www.mgc.es\/","name":"MGC M\u00fatua","description":"MGC M\u00fatua \u00e9s una entitat asseguradora sense \u00e0nim de lucre constitu\u00efda al 1982 i especialitzada en assegurances de salut i assist\u00e8ncia.","publisher":{"@id":"https:\/\/www.mgc.es\/#organization"},"alternateName":"MGC","potentialAction":[{"@type":"SearchAction","target":{"@type":"EntryPoint","urlTemplate":"https:\/\/www.mgc.es\/?s={search_term_string}"},"query-input":{"@type":"PropertyValueSpecification","valueRequired":true,"valueName":"search_term_string"}}],"inLanguage":"ca"},{"@type":"Organization","@id":"https:\/\/www.mgc.es\/#organization","name":"MGC Mutua","alternateName":"MGC","url":"https:\/\/www.mgc.es\/","logo":{"@type":"ImageObject","inLanguage":"ca","@id":"https:\/\/www.mgc.es\/#\/schema\/logo\/image\/","url":"https:\/\/www.mgc.es\/wp-content\/uploads\/2020\/03\/mgcmutua_h2_2t_reduccions.png","contentUrl":"https:\/\/www.mgc.es\/wp-content\/uploads\/2020\/03\/mgcmutua_h2_2t_reduccions.png","width":303,"height":165,"caption":"MGC Mutua"},"image":{"@id":"https:\/\/www.mgc.es\/#\/schema\/logo\/image\/"},"sameAs":["https:\/\/www.facebook.com\/mgcmutua","https:\/\/x.com\/mgcmutua","https:\/\/www.youtube.com\/c\/MGCMutua"]},{"@type":"Person","@id":"https:\/\/www.mgc.es\/#\/schema\/person\/010c961d9c9acf38f11187a02b646c16","name":"Revista Inter\u00e8s Mutu","image":{"@type":"ImageObject","inLanguage":"ca","@id":"https:\/\/secure.gravatar.com\/avatar\/52302d684339b9d7bf5691e2ad00835d62ce3b4a435f21ca9f21fbe39c63cb1b?s=96&d=mm&r=g","url":"https:\/\/secure.gravatar.com\/avatar\/52302d684339b9d7bf5691e2ad00835d62ce3b4a435f21ca9f21fbe39c63cb1b?s=96&d=mm&r=g","contentUrl":"https:\/\/secure.gravatar.com\/avatar\/52302d684339b9d7bf5691e2ad00835d62ce3b4a435f21ca9f21fbe39c63cb1b?s=96&d=mm&r=g","caption":"Revista Inter\u00e8s Mutu"}}]}},"_links":{"self":[{"href":"https:\/\/www.mgc.es\/ca\/wp-json\/wp\/v2\/posts\/24433","targetHints":{"allow":["GET"]}}],"collection":[{"href":"https:\/\/www.mgc.es\/ca\/wp-json\/wp\/v2\/posts"}],"about":[{"href":"https:\/\/www.mgc.es\/ca\/wp-json\/wp\/v2\/types\/post"}],"author":[{"embeddable":true,"href":"https:\/\/www.mgc.es\/ca\/wp-json\/wp\/v2\/users\/3"}],"replies":[{"embeddable":true,"href":"https:\/\/www.mgc.es\/ca\/wp-json\/wp\/v2\/comments?post=24433"}],"version-history":[{"count":1,"href":"https:\/\/www.mgc.es\/ca\/wp-json\/wp\/v2\/posts\/24433\/revisions"}],"predecessor-version":[{"id":24434,"href":"https:\/\/www.mgc.es\/ca\/wp-json\/wp\/v2\/posts\/24433\/revisions\/24434"}],"wp:featuredmedia":[{"embeddable":true,"href":"https:\/\/www.mgc.es\/ca\/wp-json\/wp\/v2\/media\/24429"}],"wp:attachment":[{"href":"https:\/\/www.mgc.es\/ca\/wp-json\/wp\/v2\/media?parent=24433"}],"wp:term":[{"taxonomy":"category","embeddable":true,"href":"https:\/\/www.mgc.es\/ca\/wp-json\/wp\/v2\/categories?post=24433"},{"taxonomy":"post_tag","embeddable":true,"href":"https:\/\/www.mgc.es\/ca\/wp-json\/wp\/v2\/tags?post=24433"}],"curies":[{"name":"wp","href":"https:\/\/api.w.org\/{rel}","templated":true}]}}