{"id":23912,"date":"2021-12-28T09:51:00","date_gmt":"2021-12-28T08:51:00","guid":{"rendered":"https:\/\/www.mgc.es\/?p=23912"},"modified":"2022-09-27T13:07:41","modified_gmt":"2022-09-27T11:07:41","slug":"adormiment-i-formigueig-a-la-cara-per-que-passa","status":"publish","type":"post","link":"https:\/\/www.mgc.es\/ca\/blog\/adormiment-i-formigueig-a-la-cara-per-que-passa\/","title":{"rendered":"Adormiment i formigueig a la cara: per qu\u00e8 passa?"},"content":{"rendered":"<div id=\"ez-toc-container\" class=\"ez-toc-v2_0_82_1 counter-hierarchy ez-toc-counter ez-toc-custom ez-toc-container-direction\">\n<div class=\"ez-toc-title-container\"><p class=\"ez-toc-title\" style=\"cursor:inherit\">\u00cdndex de continguts<\/p>\n<\/div><nav><ul class='ez-toc-list ez-toc-list-level-1 ' ><li class='ez-toc-page-1 ez-toc-heading-level-2'><a class=\"ez-toc-link ez-toc-heading-1\" href=\"https:\/\/www.mgc.es\/ca\/blog\/adormiment-i-formigueig-a-la-cara-per-que-passa\/#Texpliquem_les_principals_causes_de_ladormiment_a_la_cara\" >T&#8217;expliquem les principals causes de l&#8217;adormiment a la cara:<\/a><\/li><li class='ez-toc-page-1 ez-toc-heading-level-2'><a class=\"ez-toc-link ez-toc-heading-2\" href=\"https:\/\/www.mgc.es\/ca\/blog\/adormiment-i-formigueig-a-la-cara-per-que-passa\/#Formigueig_a_la_cara_per_ansietat_i_estres\" >Formigueig a la cara per ansietat i estr\u00e8s<\/a><\/li><li class='ez-toc-page-1 ez-toc-heading-level-2'><a class=\"ez-toc-link ez-toc-heading-3\" href=\"https:\/\/www.mgc.es\/ca\/blog\/adormiment-i-formigueig-a-la-cara-per-que-passa\/#Altres_causes_possibles_del_adormiment_a_la_cara\" >Altres causes possibles del adormiment a la cara<\/a><\/li><li class='ez-toc-page-1 ez-toc-heading-level-2'><a class=\"ez-toc-link ez-toc-heading-4\" href=\"https:\/\/www.mgc.es\/ca\/blog\/adormiment-i-formigueig-a-la-cara-per-que-passa\/#Que_cal_fer_per_evitar_ladormiment_a_la_cara\" >Qu\u00e8 cal fer per evitar l&#8217;adormiment a la cara<\/a><\/li><li class='ez-toc-page-1 ez-toc-heading-level-2'><a class=\"ez-toc-link ez-toc-heading-5\" href=\"https:\/\/www.mgc.es\/ca\/blog\/adormiment-i-formigueig-a-la-cara-per-que-passa\/#Es_perillos_el_formigueig_a_la_cara\" >Es perill\u00f3s el formigueig a la cara?<\/a><\/li><\/ul><\/nav><\/div>\n\n<figure class=\"wp-block-image size-full\"><img loading=\"lazy\" decoding=\"async\" width=\"800\" height=\"533\" src=\"https:\/\/www.mgc.es\/wp-content\/uploads\/2021\/12\/mujer-migranosa2.jpg\" alt=\"formigueig a la cara\" class=\"wp-image-23908\" srcset=\"https:\/\/www.mgc.es\/wp-content\/uploads\/2021\/12\/mujer-migranosa2.jpg 800w, https:\/\/www.mgc.es\/wp-content\/uploads\/2021\/12\/mujer-migranosa2-440x293.jpg 440w, https:\/\/www.mgc.es\/wp-content\/uploads\/2021\/12\/mujer-migranosa2-768x512.jpg 768w\" sizes=\"auto, (max-width: 800px) 100vw, 800px\" \/><\/figure>\n\n\n\n<p><strong>L&#8217;adormiment i formigueig a la cara<\/strong> s\u00f3n sensacions desagradables que s&#8217;experimenten de vegades sense causa aparent i que es poden deure a molts factors: de problemes purament f\u00edsics a d&#8217;altres de menys tangibles com els trastorns psicol\u00f2gics. En aquest article te n&#8217;expliquem els m\u00e9s habituals.<\/p>\n\n\n\n<h2 class=\"wp-block-heading\"><span class=\"ez-toc-section\" id=\"Texpliquem_les_principals_causes_de_ladormiment_a_la_cara\"><\/span>T&#8217;expliquem les principals causes de l&#8217;adormiment a la<br>cara:<span class=\"ez-toc-section-end\"><\/span><\/h2>\n\n\n\n<h3 class=\"wp-block-heading\">Trastorns nerviosos<\/h3>\n\n\n\n<p>La cara i el cap tenen tot de nervis encarregats d&#8217;enviar al cervell les diferents sensacions rebudes. Els m\u00e9s importants s\u00f3n els nervis facials, els occipitals (o glossofaringis) i els trigemins. Quan, per qualsevol ra\u00f3, com ara una infecci\u00f3 o un cop, es veuen afectats, poden transmetre al cervell una sensaci\u00f3 de dolor, per\u00f2 tamb\u00e9 una percepci\u00f3 de formigueig o d&#8217;adormiment.<\/p>\n\n\n\n<h3 class=\"wp-block-heading\">Trastorns dentals<\/h3>\n\n\n\n<p>Problemes com ara les infeccions a les dents, que inclouen de la pulpitis (una infamaci\u00f3 de la polpa dental dins la dent), la periodontitis (tamb\u00e9 coneguda com a malaltia gingival o de les genives) fins a un absc\u00e9s en una dent (acumulaci\u00f3 de pus com a conseq\u00fc\u00e8ncia d&#8217;una infecci\u00f3, generalment bacteriana) s\u00f3n susceptibles de causar formigueig o adormiment.<\/p>\n\n\n\n<p>Tamb\u00e9 es poden donar a causa d&#8217;un trastorn en l&#8217;articulaci\u00f3 de la mand\u00edbula (anomenat ATM), que t\u00e9 com a s\u00edmptoma principal els espetecs quan obrim o tanquem la boca, de vegades acompanyats de dolor.<\/p>\n\n\n\n<p>De la mateixa manera, poden ser fruit d&#8217;una intervenci\u00f3 m\u00e8dica en la dentadura, com ara l&#8217;extracci\u00f3 d&#8217;una pe\u00e7a dental, la col\u00b7locaci\u00f3 d&#8217;un<a href=\"https:\/\/www.mgc.es\/ca\/blog\/els-implants-dentals\/\"> implant dental<\/a> o una operaci\u00f3 quir\u00fargica. En aquests casos els s\u00edmptomes solen remetre al cap de poc temps. Malgrat tot, si s&#8217;ha lesionat cap nervi de manera fortu\u00efta, el formigueig o l&#8217;adormiment pot durar uns quants mesos i el tractament dependria de la classe concreta de lesi\u00f3, que hauria de tractar un dentista o, fins i tot, un cirurgi\u00e0 maxil\u00b7lofacial.<\/p>\n\n\n\n<p>La fractura d&#8217;un os a la cara, com a conseq\u00fc\u00e8ncia d&#8217;un cop o d&#8217;un traumatisme, tamb\u00e9 pot causar adormiment.<\/p>\n\n\n\n<h3 class=\"wp-block-heading\">Migranya<\/h3>\n\n\n\n<p>La <a href=\"https:\/\/www.mgc.es\/ca\/blog\/migranyes-sis-consells-que-tajudaran-a-combatre-les\/\">migranya<\/a> \u00e9s un mal de cap intens, pulsatiu (\u00e9s a dir, que segueix els batecs del cor) i que afecta, com a norma, una meitat del cap. El <strong>s\u00edmptoma per excel\u00b7l\u00e8ncia \u00e9s el dolor<\/strong> (a banda d&#8217;altres, com la sensibilitat a la llum i al soroll), per\u00f2 tamb\u00e9 es pot manifestar amb trastorns de la sensibilitat, d&#8217;all\u00e0 que es senti formigueig a la cara.<\/p>\n\n\n\n<p>Entre les varietats d&#8217;aquest trastorn trobem la migranya neurol\u00f2gica o cl\u00e0ssica, en qu\u00e8 abans de l&#8217;episodi de dolor es t\u00e9 una visi\u00f3 de punts brillants o lluminosos, i tamb\u00e9 el formigueig a la cara o al cap.<\/p>\n\n\n\n<figure class=\"wp-block-image size-full\"><img loading=\"lazy\" decoding=\"async\" width=\"800\" height=\"533\" src=\"https:\/\/www.mgc.es\/wp-content\/uploads\/2021\/12\/Consulta-radiografia.jpg\" alt=\"formigueig a la cara\" class=\"wp-image-23910\" srcset=\"https:\/\/www.mgc.es\/wp-content\/uploads\/2021\/12\/Consulta-radiografia.jpg 800w, https:\/\/www.mgc.es\/wp-content\/uploads\/2021\/12\/Consulta-radiografia-440x293.jpg 440w, https:\/\/www.mgc.es\/wp-content\/uploads\/2021\/12\/Consulta-radiografia-768x512.jpg 768w\" sizes=\"auto, (max-width: 800px) 100vw, 800px\" \/><\/figure>\n\n\n\n<h2 class=\"wp-block-heading\"><span class=\"ez-toc-section\" id=\"Formigueig_a_la_cara_per_ansietat_i_estres\"><\/span>Formigueig a la cara per ansietat i estr\u00e8s<span class=\"ez-toc-section-end\"><\/span><\/h2>\n\n\n\n<p>S\u00f3n trastorns que tamb\u00e9 poden ocasionar problemes de sensibilitat, sobretot formigueigs a la cara, a banda d&#8217;altres parts del cos.<\/p>\n\n\n\n<p>Normalment desapareixen quan s&#8217;aconsegueix de controlar l&#8217;ansietat o l&#8217;estr\u00e8s i el pacient es calma.<\/p>\n\n\n\n<h2 class=\"wp-block-heading\"><span class=\"ez-toc-section\" id=\"Altres_causes_possibles_del_adormiment_a_la_cara\"><\/span>Altres causes possibles del adormiment a la cara<span class=\"ez-toc-section-end\"><\/span><\/h2>\n\n\n\n<p>Entra la llarga llista de possibles culpables d&#8217;un formigueig o d&#8217;un adormiment a la cara, cal esmentar:<\/p>\n\n\n\n<ul class=\"wp-block-list\"><li>La<strong> sinusitis<\/strong>, que \u00e9s la inflamaci\u00f3 dels sins paranasals (les cavitats que hi ha a la part anterior del crani). Tamb\u00e9 inclou l&#8217;aparici\u00f3 d&#8217;algun p\u00f2lip als sins.<\/li><li>Un <strong>ictus<\/strong> o accident cerebrovascular, que podria provocar trastorns en la sensibilitat de la cara, al marge d&#8217;asimetries i dels s\u00edmptomes descrits, tots ben greus.<\/li><li>Un <strong>tumor<\/strong>, no per for\u00e7a maligne, que faci pressi\u00f3 sobre un nervi de la cara.<\/li><li>L&#8217;<strong>esclerosi m\u00faltiple<\/strong>, que \u00e9s una malaltia nerviosa greu, degenerativa i que consisteix en la destrucci\u00f3 progressiva de la mielina (la mat\u00e8ria que recobreix els nervis) i afecta gradualment la transmissi\u00f3 nerviosa.<\/li><li>La<strong> par\u00e0lisi de Bell<\/strong>, que \u00e9s la paralitzaci\u00f3 o immobilitat d&#8217;un nervi facial per una causa desconeguda.<\/li><\/ul>\n\n\n\n<p>Tamb\u00e9 hi haur\u00edem d&#8217;incloure la manca de vitamines (sobretot de la D i la B<sub>12<\/sub>) o de certs minerals, i els efectes secundaris d&#8217;uns quants medicaments.<\/p>\n\n\n\n<h2 class=\"wp-block-heading\"><span class=\"ez-toc-section\" id=\"Que_cal_fer_per_evitar_ladormiment_a_la_cara\"><\/span>Qu\u00e8 cal fer per evitar l&#8217;adormiment a la cara<span class=\"ez-toc-section-end\"><\/span><\/h2>\n\n\n\n<p>Hem vist que, sense que hi intervingui cap metge, resulta gaireb\u00e9 impossible de determinar la causa del trastorn. De manera que, si arriba a durar mitja hora o m\u00e9s, o si va acompanyat d&#8217;altres s\u00edmptomes (mal de cap, alteraci\u00f3 del moviment facial o d&#8217;un bra\u00e7 o d&#8217;una cama), s&#8217;ha de consultar de seguida un metge i, fins i tot, anar a un servei d&#8217;urg\u00e8ncies.<\/p>\n\n\n\n<p>El metge avaluar\u00e0 el pacient i, si conv\u00e9, demanar\u00e0 les proves necess\u00e0ries per determinar amb exactitud el problema i prescriure&#8217;n el tractament apropiat.<\/p>\n\n\n\n<h2 class=\"wp-block-heading\"><span class=\"ez-toc-section\" id=\"Es_perillos_el_formigueig_a_la_cara\"><\/span>Es perill\u00f3s el formigueig a la cara?<span class=\"ez-toc-section-end\"><\/span><\/h2>\n\n\n\n<p>El <strong>formigueig a la cara o la parest\u00e8sia no t\u00e9 per qu\u00e8 ser perill\u00f3s<\/strong> en si mateix, per\u00f2 tot dependr\u00e0 de les causes. Si \u00e9s l&#8217;estr\u00e8s o l&#8217;ansietat el que l&#8217;est\u00e0 causant, no presentar\u00e0 complicacions majors, encara que s\u00ed que \u00e9s convenient buscar ajuda professional per a aprendre a gestionar-ho o introduir h\u00e0bits que l&#8217;ajudin a combatre. <\/p>\n\n\n\n<p>No obstant aix\u00f2, quan les causes s\u00f3n una <strong>defici\u00e8ncia en vitamina B12 o una par\u00e0lisi<\/strong>, s\u00ed que \u00e9s necessari prendre-ho en consideraci\u00f3 i actuar immediatament. En aquests casos, per exemple, la falta d&#8217;aquesta vitamina pot implicar problemes molt seriosos de salut, mentre que la par\u00e0lisi, si no es tracta immediatament, es pot tornar irreversible.<\/p>\n","protected":false},"excerpt":{"rendered":"<p>L&#8217;adormiment i formigueig a la cara s\u00f3n sensacions desagradables que s&#8217;experimenten de vegades sense causa aparent i que es poden deure a molts factors: de problemes purament f\u00edsics a d&#8217;altres de menys tangibles com els trastorns psicol\u00f2gics. En aquest article te n&#8217;expliquem els m\u00e9s habituals. T&#8217;expliquem les principals causes de l&#8217;adormiment a lacara: Trastorns nerviosos [&hellip;]<\/p>\n","protected":false},"author":3,"featured_media":23908,"comment_status":"closed","ping_status":"closed","sticky":false,"template":"","format":"standard","meta":{"footnotes":""},"categories":[15],"tags":[387],"class_list":["post-23912","post","type-post","status-publish","format-standard","has-post-thumbnail","hentry","category-salut","tag-ansietat"],"featured_image_src":"https:\/\/www.mgc.es\/wp-content\/uploads\/2021\/12\/mujer-migranosa2.jpg","author_info":{"display_name":"Revista Inter\u00e8s Mutu","author_link":"https:\/\/www.mgc.es\/ca\/blog\/author\/interesmutu\/"},"yoast_head":"<!-- This site is optimized with the Yoast SEO plugin v27.2 - https:\/\/yoast.com\/product\/yoast-seo-wordpress\/ -->\n<title>Adormiment i formigueig a la cara: per qu\u00e8 passa? - MGC M\u00fatua<\/title>\n<meta name=\"description\" content=\"Tot el que has de saber sobre l&#039;endormiscament i el formigueig en la cara. Al fet que es deu? Com evitar-ho? Llegeix el nostre post.\" \/>\n<meta name=\"robots\" content=\"index, follow, max-snippet:-1, max-image-preview:large, max-video-preview:-1\" \/>\n<link rel=\"canonical\" href=\"https:\/\/www.mgc.es\/ca\/blog\/adormiment-i-formigueig-a-la-cara-per-que-passa\/\" \/>\n<meta property=\"og:locale\" content=\"ca_ES\" \/>\n<meta property=\"og:type\" content=\"article\" \/>\n<meta property=\"og:title\" content=\"Adormiment i formigueig a la cara: per qu\u00e8 passa? - MGC M\u00fatua\" \/>\n<meta property=\"og:description\" content=\"Tot el que has de saber sobre l&#039;endormiscament i el formigueig en la cara. Al fet que es deu? Com evitar-ho? Llegeix el nostre post.\" \/>\n<meta property=\"og:url\" content=\"https:\/\/www.mgc.es\/ca\/blog\/adormiment-i-formigueig-a-la-cara-per-que-passa\/\" \/>\n<meta property=\"og:site_name\" content=\"MGC M\u00fatua\" \/>\n<meta property=\"article:publisher\" content=\"https:\/\/www.facebook.com\/mgcmutua\" \/>\n<meta property=\"article:published_time\" content=\"2021-12-28T08:51:00+00:00\" \/>\n<meta property=\"article:modified_time\" content=\"2022-09-27T11:07:41+00:00\" \/>\n<meta property=\"og:image\" content=\"https:\/\/www.mgc.es\/wp-content\/uploads\/2021\/12\/mujer-migranosa2.jpg\" \/>\n\t<meta property=\"og:image:width\" content=\"800\" \/>\n\t<meta property=\"og:image:height\" content=\"533\" \/>\n\t<meta property=\"og:image:type\" content=\"image\/jpeg\" \/>\n<meta name=\"author\" content=\"Revista Inter\u00e8s Mutu\" \/>\n<meta name=\"twitter:card\" content=\"summary_large_image\" \/>\n<meta name=\"twitter:creator\" content=\"@mgcmutua\" \/>\n<meta name=\"twitter:site\" content=\"@mgcmutua\" \/>\n<meta name=\"twitter:label1\" content=\"Escrit per\" \/>\n\t<meta name=\"twitter:data1\" content=\"Revista Inter\u00e8s Mutu\" \/>\n\t<meta name=\"twitter:label2\" content=\"Temps estimat de lectura\" \/>\n\t<meta name=\"twitter:data2\" content=\"5 minuts\" \/>\n<!-- \/ Yoast SEO plugin. -->","yoast_head_json":{"title":"Adormiment i formigueig a la cara: per qu\u00e8 passa? - MGC M\u00fatua","description":"Tot el que has de saber sobre l'endormiscament i el formigueig en la cara. Al fet que es deu? Com evitar-ho? Llegeix el nostre post.","robots":{"index":"index","follow":"follow","max-snippet":"max-snippet:-1","max-image-preview":"max-image-preview:large","max-video-preview":"max-video-preview:-1"},"canonical":"https:\/\/www.mgc.es\/ca\/blog\/adormiment-i-formigueig-a-la-cara-per-que-passa\/","og_locale":"ca_ES","og_type":"article","og_title":"Adormiment i formigueig a la cara: per qu\u00e8 passa? - MGC M\u00fatua","og_description":"Tot el que has de saber sobre l'endormiscament i el formigueig en la cara. Al fet que es deu? Com evitar-ho? Llegeix el nostre post.","og_url":"https:\/\/www.mgc.es\/ca\/blog\/adormiment-i-formigueig-a-la-cara-per-que-passa\/","og_site_name":"MGC M\u00fatua","article_publisher":"https:\/\/www.facebook.com\/mgcmutua","article_published_time":"2021-12-28T08:51:00+00:00","article_modified_time":"2022-09-27T11:07:41+00:00","og_image":[{"width":800,"height":533,"url":"https:\/\/www.mgc.es\/wp-content\/uploads\/2021\/12\/mujer-migranosa2.jpg","type":"image\/jpeg"}],"author":"Revista Inter\u00e8s Mutu","twitter_card":"summary_large_image","twitter_creator":"@mgcmutua","twitter_site":"@mgcmutua","twitter_misc":{"Escrit per":"Revista Inter\u00e8s Mutu","Temps estimat de lectura":"5 minuts"},"schema":{"@context":"https:\/\/schema.org","@graph":[{"@type":["Article","BlogPosting"],"@id":"https:\/\/www.mgc.es\/ca\/blog\/adormiment-i-formigueig-a-la-cara-per-que-passa\/#article","isPartOf":{"@id":"https:\/\/www.mgc.es\/ca\/blog\/adormiment-i-formigueig-a-la-cara-per-que-passa\/"},"author":{"name":"Revista Inter\u00e8s Mutu","@id":"https:\/\/www.mgc.es\/#\/schema\/person\/010c961d9c9acf38f11187a02b646c16"},"headline":"Adormiment i formigueig a la cara: per qu\u00e8 passa?","datePublished":"2021-12-28T08:51:00+00:00","dateModified":"2022-09-27T11:07:41+00:00","mainEntityOfPage":{"@id":"https:\/\/www.mgc.es\/ca\/blog\/adormiment-i-formigueig-a-la-cara-per-que-passa\/"},"wordCount":892,"publisher":{"@id":"https:\/\/www.mgc.es\/#organization"},"image":{"@id":"https:\/\/www.mgc.es\/ca\/blog\/adormiment-i-formigueig-a-la-cara-per-que-passa\/#primaryimage"},"thumbnailUrl":"https:\/\/www.mgc.es\/wp-content\/uploads\/2021\/12\/mujer-migranosa2.jpg","keywords":["ansietat"],"articleSection":["Salut i medicina"],"inLanguage":"ca"},{"@type":["WebPage","ItemPage"],"@id":"https:\/\/www.mgc.es\/ca\/blog\/adormiment-i-formigueig-a-la-cara-per-que-passa\/","url":"https:\/\/www.mgc.es\/ca\/blog\/adormiment-i-formigueig-a-la-cara-per-que-passa\/","name":"Adormiment i formigueig a la cara: per qu\u00e8 passa? - MGC M\u00fatua","isPartOf":{"@id":"https:\/\/www.mgc.es\/#website"},"primaryImageOfPage":{"@id":"https:\/\/www.mgc.es\/ca\/blog\/adormiment-i-formigueig-a-la-cara-per-que-passa\/#primaryimage"},"image":{"@id":"https:\/\/www.mgc.es\/ca\/blog\/adormiment-i-formigueig-a-la-cara-per-que-passa\/#primaryimage"},"thumbnailUrl":"https:\/\/www.mgc.es\/wp-content\/uploads\/2021\/12\/mujer-migranosa2.jpg","datePublished":"2021-12-28T08:51:00+00:00","dateModified":"2022-09-27T11:07:41+00:00","description":"Tot el que has de saber sobre l'endormiscament i el formigueig en la cara. Al fet que es deu? Com evitar-ho? Llegeix el nostre post.","breadcrumb":{"@id":"https:\/\/www.mgc.es\/ca\/blog\/adormiment-i-formigueig-a-la-cara-per-que-passa\/#breadcrumb"},"inLanguage":"ca","potentialAction":[{"@type":"ReadAction","target":["https:\/\/www.mgc.es\/ca\/blog\/adormiment-i-formigueig-a-la-cara-per-que-passa\/"]}]},{"@type":"ImageObject","inLanguage":"ca","@id":"https:\/\/www.mgc.es\/ca\/blog\/adormiment-i-formigueig-a-la-cara-per-que-passa\/#primaryimage","url":"https:\/\/www.mgc.es\/wp-content\/uploads\/2021\/12\/mujer-migranosa2.jpg","contentUrl":"https:\/\/www.mgc.es\/wp-content\/uploads\/2021\/12\/mujer-migranosa2.jpg","width":800,"height":533},{"@type":"BreadcrumbList","@id":"https:\/\/www.mgc.es\/ca\/blog\/adormiment-i-formigueig-a-la-cara-per-que-passa\/#breadcrumb","itemListElement":[{"@type":"ListItem","position":1,"name":"Home","item":"https:\/\/www.mgc.es\/ca\/"},{"@type":"ListItem","position":2,"name":"Adormiment i formigueig a la cara: per qu\u00e8 passa?"}]},{"@type":"WebSite","@id":"https:\/\/www.mgc.es\/#website","url":"https:\/\/www.mgc.es\/","name":"MGC M\u00fatua","description":"MGC M\u00fatua \u00e9s una entitat asseguradora sense \u00e0nim de lucre constitu\u00efda al 1982 i especialitzada en assegurances de salut i assist\u00e8ncia.","publisher":{"@id":"https:\/\/www.mgc.es\/#organization"},"alternateName":"MGC","potentialAction":[{"@type":"SearchAction","target":{"@type":"EntryPoint","urlTemplate":"https:\/\/www.mgc.es\/?s={search_term_string}"},"query-input":{"@type":"PropertyValueSpecification","valueRequired":true,"valueName":"search_term_string"}}],"inLanguage":"ca"},{"@type":"Organization","@id":"https:\/\/www.mgc.es\/#organization","name":"MGC Mutua","alternateName":"MGC","url":"https:\/\/www.mgc.es\/","logo":{"@type":"ImageObject","inLanguage":"ca","@id":"https:\/\/www.mgc.es\/#\/schema\/logo\/image\/","url":"https:\/\/www.mgc.es\/wp-content\/uploads\/2020\/03\/mgcmutua_h2_2t_reduccions.png","contentUrl":"https:\/\/www.mgc.es\/wp-content\/uploads\/2020\/03\/mgcmutua_h2_2t_reduccions.png","width":303,"height":165,"caption":"MGC Mutua"},"image":{"@id":"https:\/\/www.mgc.es\/#\/schema\/logo\/image\/"},"sameAs":["https:\/\/www.facebook.com\/mgcmutua","https:\/\/x.com\/mgcmutua","https:\/\/www.youtube.com\/c\/MGCMutua"]},{"@type":"Person","@id":"https:\/\/www.mgc.es\/#\/schema\/person\/010c961d9c9acf38f11187a02b646c16","name":"Revista Inter\u00e8s Mutu","image":{"@type":"ImageObject","inLanguage":"ca","@id":"https:\/\/secure.gravatar.com\/avatar\/52302d684339b9d7bf5691e2ad00835d62ce3b4a435f21ca9f21fbe39c63cb1b?s=96&d=mm&r=g","url":"https:\/\/secure.gravatar.com\/avatar\/52302d684339b9d7bf5691e2ad00835d62ce3b4a435f21ca9f21fbe39c63cb1b?s=96&d=mm&r=g","contentUrl":"https:\/\/secure.gravatar.com\/avatar\/52302d684339b9d7bf5691e2ad00835d62ce3b4a435f21ca9f21fbe39c63cb1b?s=96&d=mm&r=g","caption":"Revista Inter\u00e8s Mutu"}}]}},"_links":{"self":[{"href":"https:\/\/www.mgc.es\/ca\/wp-json\/wp\/v2\/posts\/23912","targetHints":{"allow":["GET"]}}],"collection":[{"href":"https:\/\/www.mgc.es\/ca\/wp-json\/wp\/v2\/posts"}],"about":[{"href":"https:\/\/www.mgc.es\/ca\/wp-json\/wp\/v2\/types\/post"}],"author":[{"embeddable":true,"href":"https:\/\/www.mgc.es\/ca\/wp-json\/wp\/v2\/users\/3"}],"replies":[{"embeddable":true,"href":"https:\/\/www.mgc.es\/ca\/wp-json\/wp\/v2\/comments?post=23912"}],"version-history":[{"count":3,"href":"https:\/\/www.mgc.es\/ca\/wp-json\/wp\/v2\/posts\/23912\/revisions"}],"predecessor-version":[{"id":26965,"href":"https:\/\/www.mgc.es\/ca\/wp-json\/wp\/v2\/posts\/23912\/revisions\/26965"}],"wp:featuredmedia":[{"embeddable":true,"href":"https:\/\/www.mgc.es\/ca\/wp-json\/wp\/v2\/media\/23908"}],"wp:attachment":[{"href":"https:\/\/www.mgc.es\/ca\/wp-json\/wp\/v2\/media?parent=23912"}],"wp:term":[{"taxonomy":"category","embeddable":true,"href":"https:\/\/www.mgc.es\/ca\/wp-json\/wp\/v2\/categories?post=23912"},{"taxonomy":"post_tag","embeddable":true,"href":"https:\/\/www.mgc.es\/ca\/wp-json\/wp\/v2\/tags?post=23912"}],"curies":[{"name":"wp","href":"https:\/\/api.w.org\/{rel}","templated":true}]}}