{"id":23888,"date":"2021-12-17T09:00:00","date_gmt":"2021-12-17T08:00:00","guid":{"rendered":"https:\/\/www.mgc.es\/?p=23888"},"modified":"2021-12-22T16:10:58","modified_gmt":"2021-12-22T15:10:58","slug":"la-solidaritat-es-torna-a-desbordar-amb-mes-de-258-000-origamis-de-la-fundacio-mgc","status":"publish","type":"post","link":"https:\/\/www.mgc.es\/ca\/blog\/la-solidaritat-es-torna-a-desbordar-amb-mes-de-258-000-origamis-de-la-fundacio-mgc\/","title":{"rendered":"La solidaritat es torna a desbordar amb m\u00e9s de 258.000 origamis de la Fundaci\u00f3 MGC"},"content":{"rendered":"\n<figure class=\"wp-block-image size-large\"><img loading=\"lazy\" decoding=\"async\" width=\"880\" height=\"495\" src=\"https:\/\/www.mgc.es\/wp-content\/uploads\/2021\/12\/jaume-cabrera-880x495.jpg\" alt=\"\" class=\"wp-image-23903\" srcset=\"https:\/\/www.mgc.es\/wp-content\/uploads\/2021\/12\/jaume-cabrera-880x495.jpg 880w, https:\/\/www.mgc.es\/wp-content\/uploads\/2021\/12\/jaume-cabrera-440x248.jpg 440w, https:\/\/www.mgc.es\/wp-content\/uploads\/2021\/12\/jaume-cabrera-768x432.jpg 768w, https:\/\/www.mgc.es\/wp-content\/uploads\/2021\/12\/jaume-cabrera.jpg 1024w\" sizes=\"auto, (max-width: 880px) 100vw, 880px\" \/><\/figure>\n\n\n\n<p>La <strong>Fundaci\u00f3 MGC<\/strong> tanca la seva <strong>IX edici\u00f3 de la campanya 1 origami 1 euro amb m\u00e9s de 258.000 grues de paper que 290 escoles<\/strong> i associacions de Catalunya han elaborat durant les darreres setmanes. En aquesta edici\u00f3 hi han participat m\u00e9s de <strong>70.000 nens i nenes<\/strong>, <strong>r\u00e8cord absolut de participaci\u00f3<\/strong> des que es va iniciar la campanya solid\u00e0ria el 2013, fet que demostra, una vegada m\u00e9s, que la solidaritat i la implicaci\u00f3 de les escoles catalanes no t\u00e9 l\u00edmits. Al llarg de les nou edicions d\u00b4aquest projecte s\u00b4han confeccionat m\u00e9s d\u00b4un mili\u00f3 i mig d\u00b4origamis i hi han participat m\u00e9s de mig mili\u00f3 de nens i nenes!<\/p>\n\n\n\n<p>L&#8217;objectiu de la Fundaci\u00f3 MGC \u00e9s traslladar els m\u00e9s de 258.000 bons desitjos a la societat i transformar-los en una donaci\u00f3 de <strong>50.000\u20ac<\/strong> per a causes solid\u00e0ries. Aquest any la Fundaci\u00f3 MGC tornar\u00e0 a distribuir la donaci\u00f3 entre entitats fortament arrelades a Catalunya, diversificant la solidaritat per tal d\u2019arribar a aquelles que promouen la investigaci\u00f3 m\u00e8dica i les que es mobilitzen per ajudar els m\u00e9s desafavorits.<\/p>\n\n\n\n<p>La Marat\u00f3 de TV3 (dedicada a les malalties mentals), la Fundaci\u00f3 HM Obra Social Nens i Arrels Fundaci\u00f3 s\u00f3n les destinat\u00e0ries de la donaci\u00f3 d\u2019enguany. La distribuci\u00f3 del donatiu es fa, com cada any, en funci\u00f3 de les prefer\u00e8ncies dels centres escolars i associacions que hi han participat. D&#8217;aquesta manera la Fundaci\u00f3 MGC repartir\u00e0 el donatiu en la proporci\u00f3 seg\u00fcent:<\/p>\n\n\n\n<ul class=\"wp-block-list\"><li><strong>Fundaci\u00f3 La Marato de TV3 <\/strong>61,94%<strong> <\/strong><strong>(30.970\u20ac)<\/strong><\/li><li><strong>Fundaci\u00f3 HM Obra Social Nens <\/strong>19,12%<strong> <\/strong><strong>(9.560\u20ac)<\/strong><\/li><li><strong>Arrels Fundaci\u00f3 <\/strong>18,94%<strong> <\/strong><strong>(9.470\u20ac)<\/strong><\/li><\/ul>\n\n\n\n<p>Com no pot ser d&#8217;una altra manera, aquesta edici\u00f3, igual que l&#8217;any passat, s&#8217;ha adaptat a la situaci\u00f3 per la Covid-19 i per aquest motiu, la Fundaci\u00f3 MGC va decidir que la campanya solid\u00e0ria fos completament en l\u00ednia per evitar qualsevol tipus de risc, animant les nenes i nens de Catalunya a enviar els seus desitjos de salut i solidaritat mitjan\u00e7ant fotos i v\u00eddeos dels seus origamis \u00fanics per publicar-los al bloc <strong>www.1origami1euro.org<\/strong> i a les xarxes socials, mitjan\u00e7ant el tag <strong>#1origami1euro<\/strong>, cosa que ha resultat tot un \u00e8xit.<\/p>\n\n\n\n<h2 class=\"wp-block-heading\"><strong>Una hist\u00f2ria mil\u00b7len\u00e0ria<\/strong><strong><\/strong><\/h2>\n\n\n\n<p><strong>1 origami 1 euro<\/strong> \u00e9s una idea basada en la hist\u00f2ria de la Sadako Sasaki (1943-1955), una nena japonesa que va desitjar curar-se de la seva malaltia, produ\u00efda per la radiaci\u00f3 de la bomba at\u00f2mica d&#8217;Hiroshima, fent 1.000 grues de paper. Va pensar que el seu desig no nom\u00e9s seria per curar-se sin\u00f3 tamb\u00e9 perqu\u00e8 tothom pogu\u00e9s viure en pau i no hi hagu\u00e9s m\u00e9s guerres. Sadako no va poder superar la malaltia i no va acabar de fer totes les grues (va haver de parar a la 644), per\u00f2 els seus amics van arribar a fer les 1.000 grues formant un \u201cSenbazuru\u201d, d&#8217;aquesta manera es va convertir en un s\u00edmbol de pau en tot el m\u00f3n. Recollint l&#8217;esperit d&#8217;aquesta hist\u00f2ria, la Fundaci\u00f3 MGC va decidir canalitzar la iniciativa 1 origami 1 euro per tal de traslladar aquests bons desitjos i transformar-los en donacions per a causes solid\u00e0ries.<\/p>\n\n\n\n<p>1 origami 1 euro, <strong>el projecte m\u00e9s emblem\u00e0tic de la Fundaci\u00f3 MGC, ha triomfat entre els nens i nenes de tot Catalunya<\/strong> i s\u2019ha convertit en el \u00abbatec de la M\u00fatua\u00bb, aconseguint associar la Fundaci\u00f3 MGC amb els valors que representen els origamis: <strong>solidaritat, esfor\u00e7 i dedicaci\u00f3<\/strong>. I el m\u00e9s important, 1 origami 1 euro consolida la ra\u00f3 de ser de la Fundaci\u00f3 MGC: \u00e9s a dir, el foment de la salut i la prevenci\u00f3 de la malaltia en benefici de tota la societat.<\/p>\n","protected":false},"excerpt":{"rendered":"<p>La Fundaci\u00f3 MGC tanca la seva IX edici\u00f3 de la campanya 1 origami 1 euro amb m\u00e9s de 258.000 grues de paper que 290 escoles i associacions de Catalunya han elaborat durant les darreres setmanes. En aquesta edici\u00f3 hi han participat m\u00e9s de 70.000 nens i nenes, r\u00e8cord absolut de participaci\u00f3 des que es va [&hellip;]<\/p>\n","protected":false},"author":3,"featured_media":23903,"comment_status":"closed","ping_status":"closed","sticky":false,"template":"","format":"standard","meta":{"footnotes":""},"categories":[11],"tags":[371,432],"class_list":["post-23888","post","type-post","status-publish","format-standard","has-post-thumbnail","hentry","category-actualitat","tag-1origami1euro-ca","tag-fundacio-mutua-general-de-catalunya"],"featured_image_src":"https:\/\/www.mgc.es\/wp-content\/uploads\/2021\/12\/jaume-cabrera.jpg","author_info":{"display_name":"Revista Inter\u00e8s Mutu","author_link":"https:\/\/www.mgc.es\/ca\/blog\/author\/interesmutu\/"},"yoast_head":"<!-- This site is optimized with the Yoast SEO plugin v27.2 - https:\/\/yoast.com\/product\/yoast-seo-wordpress\/ -->\n<title>La solidaritat es torna a desbordar amb m\u00e9s de 258.000 origamis de la Fundaci\u00f3 MGC - MGC M\u00fatua<\/title>\n<meta name=\"robots\" content=\"index, follow, max-snippet:-1, max-image-preview:large, max-video-preview:-1\" \/>\n<link rel=\"canonical\" href=\"https:\/\/www.mgc.es\/ca\/blog\/la-solidaritat-es-torna-a-desbordar-amb-mes-de-258-000-origamis-de-la-fundacio-mgc\/\" \/>\n<meta property=\"og:locale\" content=\"ca_ES\" \/>\n<meta property=\"og:type\" content=\"article\" \/>\n<meta property=\"og:title\" content=\"La solidaritat es torna a desbordar amb m\u00e9s de 258.000 origamis de la Fundaci\u00f3 MGC - MGC M\u00fatua\" \/>\n<meta property=\"og:description\" content=\"La Fundaci\u00f3 MGC tanca la seva IX edici\u00f3 de la campanya 1 origami 1 euro amb m\u00e9s de 258.000 grues de paper que 290 escoles i associacions de Catalunya han elaborat durant les darreres setmanes. En aquesta edici\u00f3 hi han participat m\u00e9s de 70.000 nens i nenes, r\u00e8cord absolut de participaci\u00f3 des que es va [&hellip;]\" \/>\n<meta property=\"og:url\" content=\"https:\/\/www.mgc.es\/ca\/blog\/la-solidaritat-es-torna-a-desbordar-amb-mes-de-258-000-origamis-de-la-fundacio-mgc\/\" \/>\n<meta property=\"og:site_name\" content=\"MGC M\u00fatua\" \/>\n<meta property=\"article:publisher\" content=\"https:\/\/www.facebook.com\/mgcmutua\" \/>\n<meta property=\"article:published_time\" content=\"2021-12-17T08:00:00+00:00\" \/>\n<meta property=\"article:modified_time\" content=\"2021-12-22T15:10:58+00:00\" \/>\n<meta property=\"og:image\" content=\"https:\/\/www.mgc.es\/wp-content\/uploads\/2021\/12\/jaume-cabrera.jpg\" \/>\n\t<meta property=\"og:image:width\" content=\"1024\" \/>\n\t<meta property=\"og:image:height\" content=\"576\" \/>\n\t<meta property=\"og:image:type\" content=\"image\/jpeg\" \/>\n<meta name=\"author\" content=\"Revista Inter\u00e8s Mutu\" \/>\n<meta name=\"twitter:card\" content=\"summary_large_image\" \/>\n<meta name=\"twitter:creator\" content=\"@mgcmutua\" \/>\n<meta name=\"twitter:site\" content=\"@mgcmutua\" \/>\n<meta name=\"twitter:label1\" content=\"Escrit per\" \/>\n\t<meta name=\"twitter:data1\" content=\"Revista Inter\u00e8s Mutu\" \/>\n\t<meta name=\"twitter:label2\" content=\"Temps estimat de lectura\" \/>\n\t<meta name=\"twitter:data2\" content=\"3 minuts\" \/>\n<!-- \/ Yoast SEO plugin. -->","yoast_head_json":{"title":"La solidaritat es torna a desbordar amb m\u00e9s de 258.000 origamis de la Fundaci\u00f3 MGC - MGC M\u00fatua","robots":{"index":"index","follow":"follow","max-snippet":"max-snippet:-1","max-image-preview":"max-image-preview:large","max-video-preview":"max-video-preview:-1"},"canonical":"https:\/\/www.mgc.es\/ca\/blog\/la-solidaritat-es-torna-a-desbordar-amb-mes-de-258-000-origamis-de-la-fundacio-mgc\/","og_locale":"ca_ES","og_type":"article","og_title":"La solidaritat es torna a desbordar amb m\u00e9s de 258.000 origamis de la Fundaci\u00f3 MGC - MGC M\u00fatua","og_description":"La Fundaci\u00f3 MGC tanca la seva IX edici\u00f3 de la campanya 1 origami 1 euro amb m\u00e9s de 258.000 grues de paper que 290 escoles i associacions de Catalunya han elaborat durant les darreres setmanes. En aquesta edici\u00f3 hi han participat m\u00e9s de 70.000 nens i nenes, r\u00e8cord absolut de participaci\u00f3 des que es va [&hellip;]","og_url":"https:\/\/www.mgc.es\/ca\/blog\/la-solidaritat-es-torna-a-desbordar-amb-mes-de-258-000-origamis-de-la-fundacio-mgc\/","og_site_name":"MGC M\u00fatua","article_publisher":"https:\/\/www.facebook.com\/mgcmutua","article_published_time":"2021-12-17T08:00:00+00:00","article_modified_time":"2021-12-22T15:10:58+00:00","og_image":[{"width":1024,"height":576,"url":"https:\/\/www.mgc.es\/wp-content\/uploads\/2021\/12\/jaume-cabrera.jpg","type":"image\/jpeg"}],"author":"Revista Inter\u00e8s Mutu","twitter_card":"summary_large_image","twitter_creator":"@mgcmutua","twitter_site":"@mgcmutua","twitter_misc":{"Escrit per":"Revista Inter\u00e8s Mutu","Temps estimat de lectura":"3 minuts"},"schema":{"@context":"https:\/\/schema.org","@graph":[{"@type":["Article","BlogPosting"],"@id":"https:\/\/www.mgc.es\/ca\/blog\/la-solidaritat-es-torna-a-desbordar-amb-mes-de-258-000-origamis-de-la-fundacio-mgc\/#article","isPartOf":{"@id":"https:\/\/www.mgc.es\/ca\/blog\/la-solidaritat-es-torna-a-desbordar-amb-mes-de-258-000-origamis-de-la-fundacio-mgc\/"},"author":{"name":"Revista Inter\u00e8s Mutu","@id":"https:\/\/www.mgc.es\/#\/schema\/person\/010c961d9c9acf38f11187a02b646c16"},"headline":"La solidaritat es torna a desbordar amb m\u00e9s de 258.000 origamis de la Fundaci\u00f3 MGC","datePublished":"2021-12-17T08:00:00+00:00","dateModified":"2021-12-22T15:10:58+00:00","mainEntityOfPage":{"@id":"https:\/\/www.mgc.es\/ca\/blog\/la-solidaritat-es-torna-a-desbordar-amb-mes-de-258-000-origamis-de-la-fundacio-mgc\/"},"wordCount":616,"publisher":{"@id":"https:\/\/www.mgc.es\/#organization"},"image":{"@id":"https:\/\/www.mgc.es\/ca\/blog\/la-solidaritat-es-torna-a-desbordar-amb-mes-de-258-000-origamis-de-la-fundacio-mgc\/#primaryimage"},"thumbnailUrl":"https:\/\/www.mgc.es\/wp-content\/uploads\/2021\/12\/jaume-cabrera.jpg","keywords":["1origami1euro","fundaci\u00f3 m\u00fatua general de catalunya"],"articleSection":["Actualitat M\u00fatua"],"inLanguage":"ca"},{"@type":["WebPage","ItemPage"],"@id":"https:\/\/www.mgc.es\/ca\/blog\/la-solidaritat-es-torna-a-desbordar-amb-mes-de-258-000-origamis-de-la-fundacio-mgc\/","url":"https:\/\/www.mgc.es\/ca\/blog\/la-solidaritat-es-torna-a-desbordar-amb-mes-de-258-000-origamis-de-la-fundacio-mgc\/","name":"La solidaritat es torna a desbordar amb m\u00e9s de 258.000 origamis de la Fundaci\u00f3 MGC - MGC M\u00fatua","isPartOf":{"@id":"https:\/\/www.mgc.es\/#website"},"primaryImageOfPage":{"@id":"https:\/\/www.mgc.es\/ca\/blog\/la-solidaritat-es-torna-a-desbordar-amb-mes-de-258-000-origamis-de-la-fundacio-mgc\/#primaryimage"},"image":{"@id":"https:\/\/www.mgc.es\/ca\/blog\/la-solidaritat-es-torna-a-desbordar-amb-mes-de-258-000-origamis-de-la-fundacio-mgc\/#primaryimage"},"thumbnailUrl":"https:\/\/www.mgc.es\/wp-content\/uploads\/2021\/12\/jaume-cabrera.jpg","datePublished":"2021-12-17T08:00:00+00:00","dateModified":"2021-12-22T15:10:58+00:00","breadcrumb":{"@id":"https:\/\/www.mgc.es\/ca\/blog\/la-solidaritat-es-torna-a-desbordar-amb-mes-de-258-000-origamis-de-la-fundacio-mgc\/#breadcrumb"},"inLanguage":"ca","potentialAction":[{"@type":"ReadAction","target":["https:\/\/www.mgc.es\/ca\/blog\/la-solidaritat-es-torna-a-desbordar-amb-mes-de-258-000-origamis-de-la-fundacio-mgc\/"]}]},{"@type":"ImageObject","inLanguage":"ca","@id":"https:\/\/www.mgc.es\/ca\/blog\/la-solidaritat-es-torna-a-desbordar-amb-mes-de-258-000-origamis-de-la-fundacio-mgc\/#primaryimage","url":"https:\/\/www.mgc.es\/wp-content\/uploads\/2021\/12\/jaume-cabrera.jpg","contentUrl":"https:\/\/www.mgc.es\/wp-content\/uploads\/2021\/12\/jaume-cabrera.jpg","width":1024,"height":576},{"@type":"BreadcrumbList","@id":"https:\/\/www.mgc.es\/ca\/blog\/la-solidaritat-es-torna-a-desbordar-amb-mes-de-258-000-origamis-de-la-fundacio-mgc\/#breadcrumb","itemListElement":[{"@type":"ListItem","position":1,"name":"Home","item":"https:\/\/www.mgc.es\/ca\/"},{"@type":"ListItem","position":2,"name":"La solidaritat es torna a desbordar amb m\u00e9s de 258.000 origamis de la Fundaci\u00f3 MGC"}]},{"@type":"WebSite","@id":"https:\/\/www.mgc.es\/#website","url":"https:\/\/www.mgc.es\/","name":"MGC M\u00fatua","description":"MGC M\u00fatua \u00e9s una entitat asseguradora sense \u00e0nim de lucre constitu\u00efda al 1982 i especialitzada en assegurances de salut i assist\u00e8ncia.","publisher":{"@id":"https:\/\/www.mgc.es\/#organization"},"alternateName":"MGC","potentialAction":[{"@type":"SearchAction","target":{"@type":"EntryPoint","urlTemplate":"https:\/\/www.mgc.es\/?s={search_term_string}"},"query-input":{"@type":"PropertyValueSpecification","valueRequired":true,"valueName":"search_term_string"}}],"inLanguage":"ca"},{"@type":"Organization","@id":"https:\/\/www.mgc.es\/#organization","name":"MGC Mutua","alternateName":"MGC","url":"https:\/\/www.mgc.es\/","logo":{"@type":"ImageObject","inLanguage":"ca","@id":"https:\/\/www.mgc.es\/#\/schema\/logo\/image\/","url":"https:\/\/www.mgc.es\/wp-content\/uploads\/2020\/03\/mgcmutua_h2_2t_reduccions.png","contentUrl":"https:\/\/www.mgc.es\/wp-content\/uploads\/2020\/03\/mgcmutua_h2_2t_reduccions.png","width":303,"height":165,"caption":"MGC Mutua"},"image":{"@id":"https:\/\/www.mgc.es\/#\/schema\/logo\/image\/"},"sameAs":["https:\/\/www.facebook.com\/mgcmutua","https:\/\/x.com\/mgcmutua","https:\/\/www.youtube.com\/c\/MGCMutua"]},{"@type":"Person","@id":"https:\/\/www.mgc.es\/#\/schema\/person\/010c961d9c9acf38f11187a02b646c16","name":"Revista Inter\u00e8s Mutu","image":{"@type":"ImageObject","inLanguage":"ca","@id":"https:\/\/secure.gravatar.com\/avatar\/52302d684339b9d7bf5691e2ad00835d62ce3b4a435f21ca9f21fbe39c63cb1b?s=96&d=mm&r=g","url":"https:\/\/secure.gravatar.com\/avatar\/52302d684339b9d7bf5691e2ad00835d62ce3b4a435f21ca9f21fbe39c63cb1b?s=96&d=mm&r=g","contentUrl":"https:\/\/secure.gravatar.com\/avatar\/52302d684339b9d7bf5691e2ad00835d62ce3b4a435f21ca9f21fbe39c63cb1b?s=96&d=mm&r=g","caption":"Revista Inter\u00e8s Mutu"}}]}},"_links":{"self":[{"href":"https:\/\/www.mgc.es\/ca\/wp-json\/wp\/v2\/posts\/23888","targetHints":{"allow":["GET"]}}],"collection":[{"href":"https:\/\/www.mgc.es\/ca\/wp-json\/wp\/v2\/posts"}],"about":[{"href":"https:\/\/www.mgc.es\/ca\/wp-json\/wp\/v2\/types\/post"}],"author":[{"embeddable":true,"href":"https:\/\/www.mgc.es\/ca\/wp-json\/wp\/v2\/users\/3"}],"replies":[{"embeddable":true,"href":"https:\/\/www.mgc.es\/ca\/wp-json\/wp\/v2\/comments?post=23888"}],"version-history":[{"count":6,"href":"https:\/\/www.mgc.es\/ca\/wp-json\/wp\/v2\/posts\/23888\/revisions"}],"predecessor-version":[{"id":23943,"href":"https:\/\/www.mgc.es\/ca\/wp-json\/wp\/v2\/posts\/23888\/revisions\/23943"}],"wp:featuredmedia":[{"embeddable":true,"href":"https:\/\/www.mgc.es\/ca\/wp-json\/wp\/v2\/media\/23903"}],"wp:attachment":[{"href":"https:\/\/www.mgc.es\/ca\/wp-json\/wp\/v2\/media?parent=23888"}],"wp:term":[{"taxonomy":"category","embeddable":true,"href":"https:\/\/www.mgc.es\/ca\/wp-json\/wp\/v2\/categories?post=23888"},{"taxonomy":"post_tag","embeddable":true,"href":"https:\/\/www.mgc.es\/ca\/wp-json\/wp\/v2\/tags?post=23888"}],"curies":[{"name":"wp","href":"https:\/\/api.w.org\/{rel}","templated":true}]}}