{"id":23771,"date":"2021-11-15T16:36:03","date_gmt":"2021-11-15T15:36:03","guid":{"rendered":"https:\/\/www.mgc.es\/?p=23771"},"modified":"2021-11-15T16:39:55","modified_gmt":"2021-11-15T15:39:55","slug":"torna-1-origami-1-euro-la-campanya-de-la-fundacio-mgc-amb-mes-exit-a-les-escoles-de-catalunya","status":"publish","type":"post","link":"https:\/\/www.mgc.es\/ca\/blog\/torna-1-origami-1-euro-la-campanya-de-la-fundacio-mgc-amb-mes-exit-a-les-escoles-de-catalunya\/","title":{"rendered":"Torna \u201c1 origami 1 euro\u201d, la campanya de la Fundaci\u00f3 MGC amb m\u00e9s \u00e8xit a les escoles de Catalunya"},"content":{"rendered":"\n<figure class=\"wp-block-image size-large\"><img loading=\"lazy\" decoding=\"async\" width=\"880\" height=\"528\" src=\"https:\/\/www.mgc.es\/wp-content\/uploads\/2021\/11\/origami-2021-880x528.jpg\" alt=\"\" class=\"wp-image-23767\" srcset=\"https:\/\/www.mgc.es\/wp-content\/uploads\/2021\/11\/origami-2021-880x528.jpg 880w, https:\/\/www.mgc.es\/wp-content\/uploads\/2021\/11\/origami-2021-440x264.jpg 440w, https:\/\/www.mgc.es\/wp-content\/uploads\/2021\/11\/origami-2021-768x461.jpg 768w, https:\/\/www.mgc.es\/wp-content\/uploads\/2021\/11\/origami-2021-1536x922.jpg 1536w, https:\/\/www.mgc.es\/wp-content\/uploads\/2021\/11\/origami-2021.jpg 1024w\" sizes=\"auto, (max-width: 880px) 100vw, 880px\" \/><\/figure>\n\n\n\n<p>Com l\u2019any passat, <strong>la IX edici\u00f3 de la campanya solid\u00e0ria impulsada per la Fundaci\u00f3 MGC  &#8220;1 origami, 1 euro&#8221; del 2021 es fa completament en l\u00ednia<\/strong> per evitar qualsevol mena de risc. Enguany els infants de Catalunya descobriran \u00a0plegats el m\u00f3n de l\u2019origami, la papirofl\u00e8xia i la cultura japonesa. Cada infant gaudir\u00e0 fent la seva grua de paper i aprenent-ne amb el joc de <a href=\"https:\/\/www.1origami1euro.org\/papers-origami-2021\/#more-2689\">les preguntes que es formulen en aquesta ocasi\u00f3.<\/a><\/p>\n\n\n\n<p>Enguany tampoc rebrem f\u00edsicament els origamis, sin\u00f3 que hem tornat a demanar a les escoles i a les entitats participants que ens envi\u00efn les fotos o els v\u00eddeos per publicar-los al nostre <a href=\"http:\/\/www.1origami1euro.org\">blog <\/a>i a les xarxes socials (<strong>#1origami1euro<\/strong>).<\/p>\n\n\n\n<p>Com passa en cada edici\u00f3, tornarem a destinar <strong>50.000 \u20ac a causes solid\u00e0ries<\/strong>, que habitualment distribu\u00efm entre entitats fortament arrelades al territori. Farem que la solidaritat arribi a les entitats que promouen la recerca m\u00e8dica, i tamb\u00e9 a les que es mobilitzen per ajudar els m\u00e9s desafavorits. Les destinat\u00e0ries de la donaci\u00f3 seran &#8220;La Marat\u00f3 de TV3&#8221; del 2021, la Fundaci\u00f3n HM Obra Socials Nens i Arrels Fundaci\u00f3.<\/p>\n\n\n\n<figure class=\"wp-block-image size-full is-style-default\"><img loading=\"lazy\" decoding=\"async\" width=\"768\" height=\"581\" src=\"https:\/\/www.mgc.es\/wp-content\/uploads\/2021\/11\/logos-fundacions-2021.jpg\" alt=\"\" class=\"wp-image-23769\" srcset=\"https:\/\/www.mgc.es\/wp-content\/uploads\/2021\/11\/logos-fundacions-2021.jpg 768w, https:\/\/www.mgc.es\/wp-content\/uploads\/2021\/11\/logos-fundacions-2021-440x333.jpg 440w\" sizes=\"auto, (max-width: 768px) 100vw, 768px\" \/><\/figure>\n\n\n\n<p>&#8220;<a href=\"http:\/\/www.tv3.cat\/marato\/\"><strong>La Marat\u00f3 de TV3<\/strong><\/a>&#8221; \u00e9s un projecte solidari impulsat per Televisi\u00f3 de Catalunya i la Fundaci\u00f3 La Marat\u00f3 de TV3, que se centra a obtenir recursos econ\u00f2mics per fer recerca cient\u00edfica contra malalties que, ara per ara, no tenen una curaci\u00f3 definitiva. Aquesta edici\u00f3 es dedica a la salut mental.<\/p>\n\n\n\n<p>La<strong><a href=\"https:\/\/hospitaldenens.com\/es\/\"> Fundaci\u00f3n HM Obra Social Nens<\/a><\/strong> mant\u00e9 les arrels fundacionals de la Fundaci\u00f3 Hospital de Nens de Barcelona, que inspira tamb\u00e9 la feina de la seva obra social. La Fundaci\u00f3 t\u00e9 el comprom\u00eds ferm de ser capdavantera en l\u2019atenci\u00f3 dels nens que es troben en situaci\u00f3 de desigualtat, i en gestiona els recursos de forma eficient a partir del sistema d\u2019excel\u00b7l\u00e8ncia i de qualitat assistencial que defineix el Grup HM Hospitals i la seva fundaci\u00f3.<\/p>\n\n\n\n<p><strong><a href=\"https:\/\/www.arrelsfundacio.org\/es\/\">Arrels Fundaci\u00f3<\/a><\/strong> \u00e9s una entitat que, d&#8217;en\u00e7\u00e0 del 1987, at\u00e9n i orienta les persones sense llar que viuen als carrers de Barcelona. Les acompanyen perqu\u00e8 tinguin tanta autonomia com sigui possible, en cobreixen les necessitats b\u00e0siques, els proporcionen atenci\u00f3 social i sanit\u00e0ria i garanteixen un allotjament a les persones en una situaci\u00f3 de m\u00e9s vulnerabilitat.<\/p>\n\n\n\n<h2 class=\"wp-block-heading\"><strong>L\u2019art de l\u2019origami<\/strong><\/h2>\n\n\n\n<p>L\u2019origami \u00e9s un art tradicional del Jap\u00f3 que t\u00e9, com un dels seus m\u00e9s nobles atractius, la versatilitat per crear i recrear el m\u00f3n tal i com el concep l\u2019\u00e9sser hum\u00e0 .Tradicionalment, regalar grues de paper s\u2019associa amb el fet de voler desitjar salut, benestar, felicitat i prosperitat. Se\u2019n regalen per celebrar un aniversari, un naixement, un casament\u2026Se\u2019n fan per desitjar-li salut a alg\u00fa que est\u00e0 malalt, per desitjar sort a un company que ha de passar una prova\u2026 o senzillament els ofereixes a alg\u00fa que t\u2019estimes o que \u00e9s important per a tu.<\/p>\n","protected":false},"excerpt":{"rendered":"<p>Com l\u2019any passat, la IX edici\u00f3 de la campanya solid\u00e0ria impulsada per la Fundaci\u00f3 MGC &#8220;1 origami, 1 euro&#8221; del 2021 es fa completament en l\u00ednia per evitar qualsevol mena de risc. Enguany els infants de Catalunya descobriran \u00a0plegats el m\u00f3n de l\u2019origami, la papirofl\u00e8xia i la cultura japonesa. Cada infant gaudir\u00e0 fent la seva [&hellip;]<\/p>\n","protected":false},"author":3,"featured_media":23767,"comment_status":"closed","ping_status":"closed","sticky":false,"template":"","format":"standard","meta":{"footnotes":""},"categories":[11,568],"tags":[371,463],"class_list":["post-23771","post","type-post","status-publish","format-standard","has-post-thumbnail","hentry","category-actualitat","category-fundacio-mgc","tag-1origami1euro-ca","tag-nens"],"featured_image_src":"https:\/\/www.mgc.es\/wp-content\/uploads\/2021\/11\/origami-2021.jpg","author_info":{"display_name":"Revista Inter\u00e8s Mutu","author_link":"https:\/\/www.mgc.es\/ca\/blog\/author\/interesmutu\/"},"yoast_head":"<!-- This site is optimized with the Yoast SEO plugin v27.2 - https:\/\/yoast.com\/product\/yoast-seo-wordpress\/ -->\n<title>Torna \u201c1 origami 1 euro\u201d, la campanya de la Fundaci\u00f3 MGC amb m\u00e9s \u00e8xit a les escoles de Catalunya - MGC M\u00fatua<\/title>\n<meta name=\"robots\" content=\"index, follow, max-snippet:-1, max-image-preview:large, max-video-preview:-1\" \/>\n<link rel=\"canonical\" href=\"https:\/\/www.mgc.es\/ca\/blog\/torna-1-origami-1-euro-la-campanya-de-la-fundacio-mgc-amb-mes-exit-a-les-escoles-de-catalunya\/\" \/>\n<meta property=\"og:locale\" content=\"ca_ES\" \/>\n<meta property=\"og:type\" content=\"article\" \/>\n<meta property=\"og:title\" content=\"Torna \u201c1 origami 1 euro\u201d, la campanya de la Fundaci\u00f3 MGC amb m\u00e9s \u00e8xit a les escoles de Catalunya - MGC M\u00fatua\" \/>\n<meta property=\"og:description\" content=\"Com l\u2019any passat, la IX edici\u00f3 de la campanya solid\u00e0ria impulsada per la Fundaci\u00f3 MGC &#8220;1 origami, 1 euro&#8221; del 2021 es fa completament en l\u00ednia per evitar qualsevol mena de risc. Enguany els infants de Catalunya descobriran \u00a0plegats el m\u00f3n de l\u2019origami, la papirofl\u00e8xia i la cultura japonesa. Cada infant gaudir\u00e0 fent la seva [&hellip;]\" \/>\n<meta property=\"og:url\" content=\"https:\/\/www.mgc.es\/ca\/blog\/torna-1-origami-1-euro-la-campanya-de-la-fundacio-mgc-amb-mes-exit-a-les-escoles-de-catalunya\/\" \/>\n<meta property=\"og:site_name\" content=\"MGC M\u00fatua\" \/>\n<meta property=\"article:publisher\" content=\"https:\/\/www.facebook.com\/mgcmutua\" \/>\n<meta property=\"article:published_time\" content=\"2021-11-15T15:36:03+00:00\" \/>\n<meta property=\"article:modified_time\" content=\"2021-11-15T15:39:55+00:00\" \/>\n<meta property=\"og:image\" content=\"https:\/\/www.mgc.es\/wp-content\/uploads\/2021\/11\/origami-2021.jpg\" \/>\n\t<meta property=\"og:image:width\" content=\"2000\" \/>\n\t<meta property=\"og:image:height\" content=\"1200\" \/>\n\t<meta property=\"og:image:type\" content=\"image\/jpeg\" \/>\n<meta name=\"author\" content=\"Revista Inter\u00e8s Mutu\" \/>\n<meta name=\"twitter:card\" content=\"summary_large_image\" \/>\n<meta name=\"twitter:creator\" content=\"@mgcmutua\" \/>\n<meta name=\"twitter:site\" content=\"@mgcmutua\" \/>\n<meta name=\"twitter:label1\" content=\"Escrit per\" \/>\n\t<meta name=\"twitter:data1\" content=\"Revista Inter\u00e8s Mutu\" \/>\n\t<meta name=\"twitter:label2\" content=\"Temps estimat de lectura\" \/>\n\t<meta name=\"twitter:data2\" content=\"3 minuts\" \/>\n<!-- \/ Yoast SEO plugin. -->","yoast_head_json":{"title":"Torna \u201c1 origami 1 euro\u201d, la campanya de la Fundaci\u00f3 MGC amb m\u00e9s \u00e8xit a les escoles de Catalunya - MGC M\u00fatua","robots":{"index":"index","follow":"follow","max-snippet":"max-snippet:-1","max-image-preview":"max-image-preview:large","max-video-preview":"max-video-preview:-1"},"canonical":"https:\/\/www.mgc.es\/ca\/blog\/torna-1-origami-1-euro-la-campanya-de-la-fundacio-mgc-amb-mes-exit-a-les-escoles-de-catalunya\/","og_locale":"ca_ES","og_type":"article","og_title":"Torna \u201c1 origami 1 euro\u201d, la campanya de la Fundaci\u00f3 MGC amb m\u00e9s \u00e8xit a les escoles de Catalunya - MGC M\u00fatua","og_description":"Com l\u2019any passat, la IX edici\u00f3 de la campanya solid\u00e0ria impulsada per la Fundaci\u00f3 MGC &#8220;1 origami, 1 euro&#8221; del 2021 es fa completament en l\u00ednia per evitar qualsevol mena de risc. Enguany els infants de Catalunya descobriran \u00a0plegats el m\u00f3n de l\u2019origami, la papirofl\u00e8xia i la cultura japonesa. Cada infant gaudir\u00e0 fent la seva [&hellip;]","og_url":"https:\/\/www.mgc.es\/ca\/blog\/torna-1-origami-1-euro-la-campanya-de-la-fundacio-mgc-amb-mes-exit-a-les-escoles-de-catalunya\/","og_site_name":"MGC M\u00fatua","article_publisher":"https:\/\/www.facebook.com\/mgcmutua","article_published_time":"2021-11-15T15:36:03+00:00","article_modified_time":"2021-11-15T15:39:55+00:00","og_image":[{"width":2000,"height":1200,"url":"https:\/\/www.mgc.es\/wp-content\/uploads\/2021\/11\/origami-2021.jpg","type":"image\/jpeg"}],"author":"Revista Inter\u00e8s Mutu","twitter_card":"summary_large_image","twitter_creator":"@mgcmutua","twitter_site":"@mgcmutua","twitter_misc":{"Escrit per":"Revista Inter\u00e8s Mutu","Temps estimat de lectura":"3 minuts"},"schema":{"@context":"https:\/\/schema.org","@graph":[{"@type":["Article","BlogPosting"],"@id":"https:\/\/www.mgc.es\/ca\/blog\/torna-1-origami-1-euro-la-campanya-de-la-fundacio-mgc-amb-mes-exit-a-les-escoles-de-catalunya\/#article","isPartOf":{"@id":"https:\/\/www.mgc.es\/ca\/blog\/torna-1-origami-1-euro-la-campanya-de-la-fundacio-mgc-amb-mes-exit-a-les-escoles-de-catalunya\/"},"author":{"name":"Revista Inter\u00e8s Mutu","@id":"https:\/\/www.mgc.es\/#\/schema\/person\/010c961d9c9acf38f11187a02b646c16"},"headline":"Torna \u201c1 origami 1 euro\u201d, la campanya de la Fundaci\u00f3 MGC amb m\u00e9s \u00e8xit a les escoles de Catalunya","datePublished":"2021-11-15T15:36:03+00:00","dateModified":"2021-11-15T15:39:55+00:00","mainEntityOfPage":{"@id":"https:\/\/www.mgc.es\/ca\/blog\/torna-1-origami-1-euro-la-campanya-de-la-fundacio-mgc-amb-mes-exit-a-les-escoles-de-catalunya\/"},"wordCount":506,"publisher":{"@id":"https:\/\/www.mgc.es\/#organization"},"image":{"@id":"https:\/\/www.mgc.es\/ca\/blog\/torna-1-origami-1-euro-la-campanya-de-la-fundacio-mgc-amb-mes-exit-a-les-escoles-de-catalunya\/#primaryimage"},"thumbnailUrl":"https:\/\/www.mgc.es\/wp-content\/uploads\/2021\/11\/origami-2021.jpg","keywords":["1origami1euro","nens"],"articleSection":["Actualitat M\u00fatua","Fundaci\u00f3 MGC"],"inLanguage":"ca"},{"@type":["WebPage","ItemPage"],"@id":"https:\/\/www.mgc.es\/ca\/blog\/torna-1-origami-1-euro-la-campanya-de-la-fundacio-mgc-amb-mes-exit-a-les-escoles-de-catalunya\/","url":"https:\/\/www.mgc.es\/ca\/blog\/torna-1-origami-1-euro-la-campanya-de-la-fundacio-mgc-amb-mes-exit-a-les-escoles-de-catalunya\/","name":"Torna \u201c1 origami 1 euro\u201d, la campanya de la Fundaci\u00f3 MGC amb m\u00e9s \u00e8xit a les escoles de Catalunya - MGC M\u00fatua","isPartOf":{"@id":"https:\/\/www.mgc.es\/#website"},"primaryImageOfPage":{"@id":"https:\/\/www.mgc.es\/ca\/blog\/torna-1-origami-1-euro-la-campanya-de-la-fundacio-mgc-amb-mes-exit-a-les-escoles-de-catalunya\/#primaryimage"},"image":{"@id":"https:\/\/www.mgc.es\/ca\/blog\/torna-1-origami-1-euro-la-campanya-de-la-fundacio-mgc-amb-mes-exit-a-les-escoles-de-catalunya\/#primaryimage"},"thumbnailUrl":"https:\/\/www.mgc.es\/wp-content\/uploads\/2021\/11\/origami-2021.jpg","datePublished":"2021-11-15T15:36:03+00:00","dateModified":"2021-11-15T15:39:55+00:00","breadcrumb":{"@id":"https:\/\/www.mgc.es\/ca\/blog\/torna-1-origami-1-euro-la-campanya-de-la-fundacio-mgc-amb-mes-exit-a-les-escoles-de-catalunya\/#breadcrumb"},"inLanguage":"ca","potentialAction":[{"@type":"ReadAction","target":["https:\/\/www.mgc.es\/ca\/blog\/torna-1-origami-1-euro-la-campanya-de-la-fundacio-mgc-amb-mes-exit-a-les-escoles-de-catalunya\/"]}]},{"@type":"ImageObject","inLanguage":"ca","@id":"https:\/\/www.mgc.es\/ca\/blog\/torna-1-origami-1-euro-la-campanya-de-la-fundacio-mgc-amb-mes-exit-a-les-escoles-de-catalunya\/#primaryimage","url":"https:\/\/www.mgc.es\/wp-content\/uploads\/2021\/11\/origami-2021.jpg","contentUrl":"https:\/\/www.mgc.es\/wp-content\/uploads\/2021\/11\/origami-2021.jpg","width":1024,"height":614},{"@type":"BreadcrumbList","@id":"https:\/\/www.mgc.es\/ca\/blog\/torna-1-origami-1-euro-la-campanya-de-la-fundacio-mgc-amb-mes-exit-a-les-escoles-de-catalunya\/#breadcrumb","itemListElement":[{"@type":"ListItem","position":1,"name":"Home","item":"https:\/\/www.mgc.es\/ca\/"},{"@type":"ListItem","position":2,"name":"Torna \u201c1 origami 1 euro\u201d, la campanya de la Fundaci\u00f3 MGC amb m\u00e9s \u00e8xit a les escoles de Catalunya"}]},{"@type":"WebSite","@id":"https:\/\/www.mgc.es\/#website","url":"https:\/\/www.mgc.es\/","name":"MGC M\u00fatua","description":"MGC M\u00fatua \u00e9s una entitat asseguradora sense \u00e0nim de lucre constitu\u00efda al 1982 i especialitzada en assegurances de salut i assist\u00e8ncia.","publisher":{"@id":"https:\/\/www.mgc.es\/#organization"},"alternateName":"MGC","potentialAction":[{"@type":"SearchAction","target":{"@type":"EntryPoint","urlTemplate":"https:\/\/www.mgc.es\/?s={search_term_string}"},"query-input":{"@type":"PropertyValueSpecification","valueRequired":true,"valueName":"search_term_string"}}],"inLanguage":"ca"},{"@type":"Organization","@id":"https:\/\/www.mgc.es\/#organization","name":"MGC Mutua","alternateName":"MGC","url":"https:\/\/www.mgc.es\/","logo":{"@type":"ImageObject","inLanguage":"ca","@id":"https:\/\/www.mgc.es\/#\/schema\/logo\/image\/","url":"https:\/\/www.mgc.es\/wp-content\/uploads\/2020\/03\/mgcmutua_h2_2t_reduccions.png","contentUrl":"https:\/\/www.mgc.es\/wp-content\/uploads\/2020\/03\/mgcmutua_h2_2t_reduccions.png","width":303,"height":165,"caption":"MGC Mutua"},"image":{"@id":"https:\/\/www.mgc.es\/#\/schema\/logo\/image\/"},"sameAs":["https:\/\/www.facebook.com\/mgcmutua","https:\/\/x.com\/mgcmutua","https:\/\/www.youtube.com\/c\/MGCMutua"]},{"@type":"Person","@id":"https:\/\/www.mgc.es\/#\/schema\/person\/010c961d9c9acf38f11187a02b646c16","name":"Revista Inter\u00e8s Mutu","image":{"@type":"ImageObject","inLanguage":"ca","@id":"https:\/\/secure.gravatar.com\/avatar\/52302d684339b9d7bf5691e2ad00835d62ce3b4a435f21ca9f21fbe39c63cb1b?s=96&d=mm&r=g","url":"https:\/\/secure.gravatar.com\/avatar\/52302d684339b9d7bf5691e2ad00835d62ce3b4a435f21ca9f21fbe39c63cb1b?s=96&d=mm&r=g","contentUrl":"https:\/\/secure.gravatar.com\/avatar\/52302d684339b9d7bf5691e2ad00835d62ce3b4a435f21ca9f21fbe39c63cb1b?s=96&d=mm&r=g","caption":"Revista Inter\u00e8s Mutu"}}]}},"_links":{"self":[{"href":"https:\/\/www.mgc.es\/ca\/wp-json\/wp\/v2\/posts\/23771","targetHints":{"allow":["GET"]}}],"collection":[{"href":"https:\/\/www.mgc.es\/ca\/wp-json\/wp\/v2\/posts"}],"about":[{"href":"https:\/\/www.mgc.es\/ca\/wp-json\/wp\/v2\/types\/post"}],"author":[{"embeddable":true,"href":"https:\/\/www.mgc.es\/ca\/wp-json\/wp\/v2\/users\/3"}],"replies":[{"embeddable":true,"href":"https:\/\/www.mgc.es\/ca\/wp-json\/wp\/v2\/comments?post=23771"}],"version-history":[{"count":3,"href":"https:\/\/www.mgc.es\/ca\/wp-json\/wp\/v2\/posts\/23771\/revisions"}],"predecessor-version":[{"id":23775,"href":"https:\/\/www.mgc.es\/ca\/wp-json\/wp\/v2\/posts\/23771\/revisions\/23775"}],"wp:featuredmedia":[{"embeddable":true,"href":"https:\/\/www.mgc.es\/ca\/wp-json\/wp\/v2\/media\/23767"}],"wp:attachment":[{"href":"https:\/\/www.mgc.es\/ca\/wp-json\/wp\/v2\/media?parent=23771"}],"wp:term":[{"taxonomy":"category","embeddable":true,"href":"https:\/\/www.mgc.es\/ca\/wp-json\/wp\/v2\/categories?post=23771"},{"taxonomy":"post_tag","embeddable":true,"href":"https:\/\/www.mgc.es\/ca\/wp-json\/wp\/v2\/tags?post=23771"}],"curies":[{"name":"wp","href":"https:\/\/api.w.org\/{rel}","templated":true}]}}