{"id":23739,"date":"2021-12-21T09:05:00","date_gmt":"2021-12-21T08:05:00","guid":{"rendered":"https:\/\/www.mgc.es\/?p=23739"},"modified":"2022-03-29T13:35:42","modified_gmt":"2022-03-29T11:35:42","slug":"aftes-bucals-en-els-infants-per-que-apareixen-quin-tractament-cal-seguir-i-com-es-calmen","status":"publish","type":"post","link":"https:\/\/www.mgc.es\/ca\/blog\/aftes-bucals-en-els-infants-per-que-apareixen-quin-tractament-cal-seguir-i-com-es-calmen\/","title":{"rendered":"Aftes bucals en els infants: per qu\u00e8 apareixen, quin tractament cal seguir i com es calmen"},"content":{"rendered":"<div id=\"ez-toc-container\" class=\"ez-toc-v2_0_82_1 counter-hierarchy ez-toc-counter ez-toc-custom ez-toc-container-direction\">\n<div class=\"ez-toc-title-container\"><p class=\"ez-toc-title\" style=\"cursor:inherit\">\u00cdndex de continguts<\/p>\n<\/div><nav><ul class='ez-toc-list ez-toc-list-level-1 ' ><li class='ez-toc-page-1 ez-toc-heading-level-2'><a class=\"ez-toc-link ez-toc-heading-1\" href=\"https:\/\/www.mgc.es\/ca\/blog\/aftes-bucals-en-els-infants-per-que-apareixen-quin-tractament-cal-seguir-i-com-es-calmen\/#Que_son_les_aftes\" >Qu\u00e8 s\u00f3n les aftes<\/a><\/li><li class='ez-toc-page-1 ez-toc-heading-level-2'><a class=\"ez-toc-link ez-toc-heading-2\" href=\"https:\/\/www.mgc.es\/ca\/blog\/aftes-bucals-en-els-infants-per-que-apareixen-quin-tractament-cal-seguir-i-com-es-calmen\/#Per_que_surten\" >Per qu\u00e8 surten<\/a><\/li><li class='ez-toc-page-1 ez-toc-heading-level-2'><a class=\"ez-toc-link ez-toc-heading-3\" href=\"https:\/\/www.mgc.es\/ca\/blog\/aftes-bucals-en-els-infants-per-que-apareixen-quin-tractament-cal-seguir-i-com-es-calmen\/#Tipus_daftes\" >Tipus d&#8217;aftes<\/a><\/li><li class='ez-toc-page-1 ez-toc-heading-level-2'><a class=\"ez-toc-link ez-toc-heading-4\" href=\"https:\/\/www.mgc.es\/ca\/blog\/aftes-bucals-en-els-infants-per-que-apareixen-quin-tractament-cal-seguir-i-com-es-calmen\/#Tractament_de_les_aftes\" >Tractament de les aftes<\/a><\/li><\/ul><\/nav><\/div>\n\n<figure class=\"wp-block-image size-full\"><img loading=\"lazy\" decoding=\"async\" width=\"800\" height=\"534\" src=\"https:\/\/www.mgc.es\/wp-content\/uploads\/2021\/11\/tratamiento-aftas.jpg\" alt=\"\" class=\"wp-image-23734\" srcset=\"https:\/\/www.mgc.es\/wp-content\/uploads\/2021\/11\/tratamiento-aftas.jpg 800w, https:\/\/www.mgc.es\/wp-content\/uploads\/2021\/11\/tratamiento-aftas-440x294.jpg 440w, https:\/\/www.mgc.es\/wp-content\/uploads\/2021\/11\/tratamiento-aftas-768x513.jpg 768w\" sizes=\"auto, (max-width: 800px) 100vw, 800px\" \/><\/figure>\n\n\n\n<h2 class=\"wp-block-heading\"><span class=\"ez-toc-section\" id=\"Que_son_les_aftes\"><\/span><strong>Qu\u00e8 s\u00f3n les aftes<\/strong><span class=\"ez-toc-section-end\"><\/span><\/h2>\n\n\n\n<p>Col\u00b7loquialment conegudes com a nafres o llagues, les aftes s\u00f3n petites ferides o \u00falceres que surten dins la boca, en concret al recobriment interior, \u00e9s a dir a la mucosa. Tenen una tonalitat blanquinosa o b\u00e9 grogosa i s\u00f3n d&#8217;un vermell intens a les vores. En general, la mida no supera el mig cent\u00edmetre, i fins i tot poden ser m\u00e9s petites.<\/p>\n\n\n\n<p>Es localitzen a qualsevol part dins la boca, a les superf\u00edcies que toquen amb les galtes, les genives, a l&#8217;interior dels llavis, al paladar tou, a la llengua o la zona lingual i, fins i tot, a la gola. No s&#8217;han de confondre amb l&#8217;herpes labial que trobem als llavis, \u00e9s a dir fora de la boca (i no a dins com les aftes). Les aftes no s&#8217;encomanen, a difer\u00e8ncia de l&#8217;herpes.<\/p>\n\n\n\n<p>El tret m\u00e9s distintiu de les aftes \u00e9s que fan mal. Poden ser molt doloroses i reactives amb els aliments forts o \u00e0cids (per exemple, els picants, el tom\u00e0quet, els sucs de llimona o de taronja), i ser una nosa quan mengem o, fins i tot, quan parlem. Surten espor\u00e0dicament, tot i que sovint es tracta d&#8217;un proc\u00e9s cr\u00f2nic, i reapareixen inesperadament per esvanir-se al cap de pocs dies.<\/p>\n\n\n\n<h2 class=\"wp-block-heading\"><span class=\"ez-toc-section\" id=\"Per_que_surten\"><\/span><strong>Per qu\u00e8 surten<\/strong><span class=\"ez-toc-section-end\"><\/span><\/h2>\n\n\n\n<p>No sabem per qu\u00e8 apareixen. S&#8217;han associat a determinats factors com ara l&#8217;estr\u00e8s, els traumes psicol\u00f2gics i certs aliments. Tamb\u00e9 s&#8217;ha pensat que les podien causar certs virus o bacteris, la manca de vitamines o les defici\u00e8ncies del sistema immunol\u00f2gic. D&#8217;altra banda, sembla que hi interv\u00e9 un factor gen\u00e8tic: els fills dels qui tenen aftes solen ser m\u00e9s proclius a tenir-ne, per\u00f2 en realitat no se&#8217;n sap ben b\u00e9 l&#8217;origen.<\/p>\n\n\n\n<figure class=\"wp-block-image size-full\"><img loading=\"lazy\" decoding=\"async\" width=\"800\" height=\"533\" src=\"https:\/\/www.mgc.es\/wp-content\/uploads\/2021\/11\/aftas-nino.jpg\" alt=\"\" class=\"wp-image-23737\" srcset=\"https:\/\/www.mgc.es\/wp-content\/uploads\/2021\/11\/aftas-nino.jpg 800w, https:\/\/www.mgc.es\/wp-content\/uploads\/2021\/11\/aftas-nino-440x293.jpg 440w, https:\/\/www.mgc.es\/wp-content\/uploads\/2021\/11\/aftas-nino-768x512.jpg 768w\" sizes=\"auto, (max-width: 800px) 100vw, 800px\" \/><\/figure>\n\n\n\n<h2 class=\"wp-block-heading\"><span class=\"ez-toc-section\" id=\"Tipus_daftes\"><\/span><strong>Tipus d&#8217;aftes<\/strong><span class=\"ez-toc-section-end\"><\/span><\/h2>\n\n\n\n<p>Diferenciem tres classes diferents d&#8217;aftes: les <em>alfa minor<\/em> o petites, les <em>alfa major<\/em> o grosses i les aftes herpetiformes. Les m\u00e9s habituals en els infants s\u00f3n sobretot les petites, \u00e9s a dir les m\u00e9s lleus. Les aftes grosses i herpetiformes afecten amb m\u00e9s freq\u00fc\u00e8ncia la gent d&#8217;edat m\u00e9s avan\u00e7ada.<\/p>\n\n\n\n<h2 class=\"wp-block-heading\"><span class=\"ez-toc-section\" id=\"Tractament_de_les_aftes\"><\/span><strong>Tractament de les aftes<\/strong><span class=\"ez-toc-section-end\"><\/span><\/h2>\n\n\n\n<p>No hi ha cap tractament espec\u00edfic per a aquest trastorn. L&#8217;\u00fanica cosa que podem fer actualment \u00e9s apaivagar-ne el dolor, per a la qual cosa farem servir diferents preparats, que inclouen de les solucions anest\u00e8siques, com ara la lidoca\u00efna, fins als col\u00b7lutoris o els antibi\u00f2tics de tetraciclina per glopejar, i tamb\u00e9 pomades o pastilles de corticoides que es dissolen a la zona exacta de la boca on surt l&#8217;\u00falcera.<\/p>\n\n\n\n<p>Es recomana de raspallar-se les dents amb dent\u00edfrics que no continguin lauril(polietoxi)sulfat de sodi i, tamb\u00e9, esbandir-se la boca amb col\u00b7lutoris que no incloguin aquest compost. Cal evitar de fregar l&#8217;afta, perqu\u00e8 podria empitjorar.<\/p>\n","protected":false},"excerpt":{"rendered":"<p>Qu\u00e8 s\u00f3n les aftes Col\u00b7loquialment conegudes com a nafres o llagues, les aftes s\u00f3n petites ferides o \u00falceres que surten dins la boca, en concret al recobriment interior, \u00e9s a dir a la mucosa. Tenen una tonalitat blanquinosa o b\u00e9 grogosa i s\u00f3n d&#8217;un vermell intens a les vores. En general, la mida no supera [&hellip;]<\/p>\n","protected":false},"author":3,"featured_media":23734,"comment_status":"closed","ping_status":"closed","sticky":false,"template":"","format":"standard","meta":{"footnotes":""},"categories":[669,15],"tags":[463],"class_list":["post-23739","post","type-post","status-publish","format-standard","has-post-thumbnail","hentry","category-fills","category-salut","tag-nens"],"featured_image_src":"https:\/\/www.mgc.es\/wp-content\/uploads\/2021\/11\/tratamiento-aftas.jpg","author_info":{"display_name":"Revista Inter\u00e8s Mutu","author_link":"https:\/\/www.mgc.es\/ca\/blog\/author\/interesmutu\/"},"yoast_head":"<!-- This site is optimized with the Yoast SEO plugin v27.2 - https:\/\/yoast.com\/product\/yoast-seo-wordpress\/ -->\n<title>Aftes bucals en els infants: per qu\u00e8 apareixen, quin tractament cal seguir i com es calmen - MGC M\u00fatua<\/title>\n<meta name=\"robots\" content=\"index, follow, max-snippet:-1, max-image-preview:large, max-video-preview:-1\" \/>\n<link rel=\"canonical\" href=\"https:\/\/www.mgc.es\/ca\/blog\/aftes-bucals-en-els-infants-per-que-apareixen-quin-tractament-cal-seguir-i-com-es-calmen\/\" \/>\n<meta property=\"og:locale\" content=\"ca_ES\" \/>\n<meta property=\"og:type\" content=\"article\" \/>\n<meta property=\"og:title\" content=\"Aftes bucals en els infants: per qu\u00e8 apareixen, quin tractament cal seguir i com es calmen - MGC M\u00fatua\" \/>\n<meta property=\"og:description\" content=\"Qu\u00e8 s\u00f3n les aftes Col\u00b7loquialment conegudes com a nafres o llagues, les aftes s\u00f3n petites ferides o \u00falceres que surten dins la boca, en concret al recobriment interior, \u00e9s a dir a la mucosa. Tenen una tonalitat blanquinosa o b\u00e9 grogosa i s\u00f3n d&#8217;un vermell intens a les vores. En general, la mida no supera [&hellip;]\" \/>\n<meta property=\"og:url\" content=\"https:\/\/www.mgc.es\/ca\/blog\/aftes-bucals-en-els-infants-per-que-apareixen-quin-tractament-cal-seguir-i-com-es-calmen\/\" \/>\n<meta property=\"og:site_name\" content=\"MGC M\u00fatua\" \/>\n<meta property=\"article:publisher\" content=\"https:\/\/www.facebook.com\/mgcmutua\" \/>\n<meta property=\"article:published_time\" content=\"2021-12-21T08:05:00+00:00\" \/>\n<meta property=\"article:modified_time\" content=\"2022-03-29T11:35:42+00:00\" \/>\n<meta property=\"og:image\" content=\"https:\/\/www.mgc.es\/wp-content\/uploads\/2021\/11\/tratamiento-aftas.jpg\" \/>\n\t<meta property=\"og:image:width\" content=\"800\" \/>\n\t<meta property=\"og:image:height\" content=\"534\" \/>\n\t<meta property=\"og:image:type\" content=\"image\/jpeg\" \/>\n<meta name=\"author\" content=\"Revista Inter\u00e8s Mutu\" \/>\n<meta name=\"twitter:card\" content=\"summary_large_image\" \/>\n<meta name=\"twitter:creator\" content=\"@mgcmutua\" \/>\n<meta name=\"twitter:site\" content=\"@mgcmutua\" \/>\n<meta name=\"twitter:label1\" content=\"Escrit per\" \/>\n\t<meta name=\"twitter:data1\" content=\"Revista Inter\u00e8s Mutu\" \/>\n\t<meta name=\"twitter:label2\" content=\"Temps estimat de lectura\" \/>\n\t<meta name=\"twitter:data2\" content=\"3 minuts\" \/>\n<!-- \/ Yoast SEO plugin. -->","yoast_head_json":{"title":"Aftes bucals en els infants: per qu\u00e8 apareixen, quin tractament cal seguir i com es calmen - MGC M\u00fatua","robots":{"index":"index","follow":"follow","max-snippet":"max-snippet:-1","max-image-preview":"max-image-preview:large","max-video-preview":"max-video-preview:-1"},"canonical":"https:\/\/www.mgc.es\/ca\/blog\/aftes-bucals-en-els-infants-per-que-apareixen-quin-tractament-cal-seguir-i-com-es-calmen\/","og_locale":"ca_ES","og_type":"article","og_title":"Aftes bucals en els infants: per qu\u00e8 apareixen, quin tractament cal seguir i com es calmen - MGC M\u00fatua","og_description":"Qu\u00e8 s\u00f3n les aftes Col\u00b7loquialment conegudes com a nafres o llagues, les aftes s\u00f3n petites ferides o \u00falceres que surten dins la boca, en concret al recobriment interior, \u00e9s a dir a la mucosa. Tenen una tonalitat blanquinosa o b\u00e9 grogosa i s\u00f3n d&#8217;un vermell intens a les vores. En general, la mida no supera [&hellip;]","og_url":"https:\/\/www.mgc.es\/ca\/blog\/aftes-bucals-en-els-infants-per-que-apareixen-quin-tractament-cal-seguir-i-com-es-calmen\/","og_site_name":"MGC M\u00fatua","article_publisher":"https:\/\/www.facebook.com\/mgcmutua","article_published_time":"2021-12-21T08:05:00+00:00","article_modified_time":"2022-03-29T11:35:42+00:00","og_image":[{"width":800,"height":534,"url":"https:\/\/www.mgc.es\/wp-content\/uploads\/2021\/11\/tratamiento-aftas.jpg","type":"image\/jpeg"}],"author":"Revista Inter\u00e8s Mutu","twitter_card":"summary_large_image","twitter_creator":"@mgcmutua","twitter_site":"@mgcmutua","twitter_misc":{"Escrit per":"Revista Inter\u00e8s Mutu","Temps estimat de lectura":"3 minuts"},"schema":{"@context":"https:\/\/schema.org","@graph":[{"@type":["Article","BlogPosting"],"@id":"https:\/\/www.mgc.es\/ca\/blog\/aftes-bucals-en-els-infants-per-que-apareixen-quin-tractament-cal-seguir-i-com-es-calmen\/#article","isPartOf":{"@id":"https:\/\/www.mgc.es\/ca\/blog\/aftes-bucals-en-els-infants-per-que-apareixen-quin-tractament-cal-seguir-i-com-es-calmen\/"},"author":{"name":"Revista Inter\u00e8s Mutu","@id":"https:\/\/www.mgc.es\/#\/schema\/person\/010c961d9c9acf38f11187a02b646c16"},"headline":"Aftes bucals en els infants: per qu\u00e8 apareixen, quin tractament cal seguir i com es calmen","datePublished":"2021-12-21T08:05:00+00:00","dateModified":"2022-03-29T11:35:42+00:00","mainEntityOfPage":{"@id":"https:\/\/www.mgc.es\/ca\/blog\/aftes-bucals-en-els-infants-per-que-apareixen-quin-tractament-cal-seguir-i-com-es-calmen\/"},"wordCount":491,"publisher":{"@id":"https:\/\/www.mgc.es\/#organization"},"image":{"@id":"https:\/\/www.mgc.es\/ca\/blog\/aftes-bucals-en-els-infants-per-que-apareixen-quin-tractament-cal-seguir-i-com-es-calmen\/#primaryimage"},"thumbnailUrl":"https:\/\/www.mgc.es\/wp-content\/uploads\/2021\/11\/tratamiento-aftas.jpg","keywords":["nens"],"articleSection":["Familia i fills","Salut i medicina"],"inLanguage":"ca"},{"@type":["WebPage","ItemPage"],"@id":"https:\/\/www.mgc.es\/ca\/blog\/aftes-bucals-en-els-infants-per-que-apareixen-quin-tractament-cal-seguir-i-com-es-calmen\/","url":"https:\/\/www.mgc.es\/ca\/blog\/aftes-bucals-en-els-infants-per-que-apareixen-quin-tractament-cal-seguir-i-com-es-calmen\/","name":"Aftes bucals en els infants: per qu\u00e8 apareixen, quin tractament cal seguir i com es calmen - MGC M\u00fatua","isPartOf":{"@id":"https:\/\/www.mgc.es\/#website"},"primaryImageOfPage":{"@id":"https:\/\/www.mgc.es\/ca\/blog\/aftes-bucals-en-els-infants-per-que-apareixen-quin-tractament-cal-seguir-i-com-es-calmen\/#primaryimage"},"image":{"@id":"https:\/\/www.mgc.es\/ca\/blog\/aftes-bucals-en-els-infants-per-que-apareixen-quin-tractament-cal-seguir-i-com-es-calmen\/#primaryimage"},"thumbnailUrl":"https:\/\/www.mgc.es\/wp-content\/uploads\/2021\/11\/tratamiento-aftas.jpg","datePublished":"2021-12-21T08:05:00+00:00","dateModified":"2022-03-29T11:35:42+00:00","breadcrumb":{"@id":"https:\/\/www.mgc.es\/ca\/blog\/aftes-bucals-en-els-infants-per-que-apareixen-quin-tractament-cal-seguir-i-com-es-calmen\/#breadcrumb"},"inLanguage":"ca","potentialAction":[{"@type":"ReadAction","target":["https:\/\/www.mgc.es\/ca\/blog\/aftes-bucals-en-els-infants-per-que-apareixen-quin-tractament-cal-seguir-i-com-es-calmen\/"]}]},{"@type":"ImageObject","inLanguage":"ca","@id":"https:\/\/www.mgc.es\/ca\/blog\/aftes-bucals-en-els-infants-per-que-apareixen-quin-tractament-cal-seguir-i-com-es-calmen\/#primaryimage","url":"https:\/\/www.mgc.es\/wp-content\/uploads\/2021\/11\/tratamiento-aftas.jpg","contentUrl":"https:\/\/www.mgc.es\/wp-content\/uploads\/2021\/11\/tratamiento-aftas.jpg","width":800,"height":534},{"@type":"BreadcrumbList","@id":"https:\/\/www.mgc.es\/ca\/blog\/aftes-bucals-en-els-infants-per-que-apareixen-quin-tractament-cal-seguir-i-com-es-calmen\/#breadcrumb","itemListElement":[{"@type":"ListItem","position":1,"name":"Home","item":"https:\/\/www.mgc.es\/ca\/"},{"@type":"ListItem","position":2,"name":"Aftes bucals en els infants: per qu\u00e8 apareixen, quin tractament cal seguir i com es calmen"}]},{"@type":"WebSite","@id":"https:\/\/www.mgc.es\/#website","url":"https:\/\/www.mgc.es\/","name":"MGC M\u00fatua","description":"MGC M\u00fatua \u00e9s una entitat asseguradora sense \u00e0nim de lucre constitu\u00efda al 1982 i especialitzada en assegurances de salut i assist\u00e8ncia.","publisher":{"@id":"https:\/\/www.mgc.es\/#organization"},"alternateName":"MGC","potentialAction":[{"@type":"SearchAction","target":{"@type":"EntryPoint","urlTemplate":"https:\/\/www.mgc.es\/?s={search_term_string}"},"query-input":{"@type":"PropertyValueSpecification","valueRequired":true,"valueName":"search_term_string"}}],"inLanguage":"ca"},{"@type":"Organization","@id":"https:\/\/www.mgc.es\/#organization","name":"MGC Mutua","alternateName":"MGC","url":"https:\/\/www.mgc.es\/","logo":{"@type":"ImageObject","inLanguage":"ca","@id":"https:\/\/www.mgc.es\/#\/schema\/logo\/image\/","url":"https:\/\/www.mgc.es\/wp-content\/uploads\/2020\/03\/mgcmutua_h2_2t_reduccions.png","contentUrl":"https:\/\/www.mgc.es\/wp-content\/uploads\/2020\/03\/mgcmutua_h2_2t_reduccions.png","width":303,"height":165,"caption":"MGC Mutua"},"image":{"@id":"https:\/\/www.mgc.es\/#\/schema\/logo\/image\/"},"sameAs":["https:\/\/www.facebook.com\/mgcmutua","https:\/\/x.com\/mgcmutua","https:\/\/www.youtube.com\/c\/MGCMutua"]},{"@type":"Person","@id":"https:\/\/www.mgc.es\/#\/schema\/person\/010c961d9c9acf38f11187a02b646c16","name":"Revista Inter\u00e8s Mutu","image":{"@type":"ImageObject","inLanguage":"ca","@id":"https:\/\/secure.gravatar.com\/avatar\/52302d684339b9d7bf5691e2ad00835d62ce3b4a435f21ca9f21fbe39c63cb1b?s=96&d=mm&r=g","url":"https:\/\/secure.gravatar.com\/avatar\/52302d684339b9d7bf5691e2ad00835d62ce3b4a435f21ca9f21fbe39c63cb1b?s=96&d=mm&r=g","contentUrl":"https:\/\/secure.gravatar.com\/avatar\/52302d684339b9d7bf5691e2ad00835d62ce3b4a435f21ca9f21fbe39c63cb1b?s=96&d=mm&r=g","caption":"Revista Inter\u00e8s Mutu"}}]}},"_links":{"self":[{"href":"https:\/\/www.mgc.es\/ca\/wp-json\/wp\/v2\/posts\/23739","targetHints":{"allow":["GET"]}}],"collection":[{"href":"https:\/\/www.mgc.es\/ca\/wp-json\/wp\/v2\/posts"}],"about":[{"href":"https:\/\/www.mgc.es\/ca\/wp-json\/wp\/v2\/types\/post"}],"author":[{"embeddable":true,"href":"https:\/\/www.mgc.es\/ca\/wp-json\/wp\/v2\/users\/3"}],"replies":[{"embeddable":true,"href":"https:\/\/www.mgc.es\/ca\/wp-json\/wp\/v2\/comments?post=23739"}],"version-history":[{"count":1,"href":"https:\/\/www.mgc.es\/ca\/wp-json\/wp\/v2\/posts\/23739\/revisions"}],"predecessor-version":[{"id":23740,"href":"https:\/\/www.mgc.es\/ca\/wp-json\/wp\/v2\/posts\/23739\/revisions\/23740"}],"wp:featuredmedia":[{"embeddable":true,"href":"https:\/\/www.mgc.es\/ca\/wp-json\/wp\/v2\/media\/23734"}],"wp:attachment":[{"href":"https:\/\/www.mgc.es\/ca\/wp-json\/wp\/v2\/media?parent=23739"}],"wp:term":[{"taxonomy":"category","embeddable":true,"href":"https:\/\/www.mgc.es\/ca\/wp-json\/wp\/v2\/categories?post=23739"},{"taxonomy":"post_tag","embeddable":true,"href":"https:\/\/www.mgc.es\/ca\/wp-json\/wp\/v2\/tags?post=23739"}],"curies":[{"name":"wp","href":"https:\/\/api.w.org\/{rel}","templated":true}]}}