{"id":23502,"date":"2021-10-06T09:30:00","date_gmt":"2021-10-06T07:30:00","guid":{"rendered":"https:\/\/www.mgc.es\/?p=23502"},"modified":"2021-10-18T16:03:15","modified_gmt":"2021-10-18T14:03:15","slug":"mgc-mutua-integra-la-mutua-igualadina","status":"publish","type":"post","link":"https:\/\/www.mgc.es\/ca\/blog\/mgc-mutua-integra-la-mutua-igualadina\/","title":{"rendered":"MGC M\u00fatua integra la M\u00fatua Igualadina"},"content":{"rendered":"\n<figure class=\"wp-block-image size-large\"><img loading=\"lazy\" decoding=\"async\" width=\"880\" height=\"586\" src=\"https:\/\/www.mgc.es\/wp-content\/uploads\/2021\/10\/unir-piezas-puzle-880x586.jpg\" alt=\"\" class=\"wp-image-23500\" srcset=\"https:\/\/www.mgc.es\/wp-content\/uploads\/2021\/10\/unir-piezas-puzle-880x586.jpg 880w, https:\/\/www.mgc.es\/wp-content\/uploads\/2021\/10\/unir-piezas-puzle-440x293.jpg 440w, https:\/\/www.mgc.es\/wp-content\/uploads\/2021\/10\/unir-piezas-puzle-768x511.jpg 768w, https:\/\/www.mgc.es\/wp-content\/uploads\/2021\/10\/unir-piezas-puzle.jpg 1000w\" sizes=\"auto, (max-width: 880px) 100vw, 880px\" \/><\/figure>\n\n\n\n<p>Els mutualistes de M\u00fatua Igualadina s&#8217;incorporen a MGC M\u00fatua i passen a ser-ne mutualistes, amb tots el drets i obligacions que es reconeixen en els seus estatuts socials. L&#8217;operaci\u00f3 \u00e9s una fusi\u00f3 per la qual MGC M\u00fatua absorbeix M\u00fatua Igualadina, i n&#8217;assumeix tots els actius i passius que componen el patrimoni, les reserves i el fons mutual de M\u00fatua Igualadina.<\/p>\n\n\n\n<p>Aquesta operaci\u00f3 s&#8217;emmarca en el proc\u00e9s que ha portat a terme l&#8217;entitat per cr\u00e9ixer a Catalunya a trav\u00e9s de la incorporaci\u00f3 d&#8217;altres m\u00fatues especialitzades en salut i amb una forta implantaci\u00f3 local. Tot apunta que &#8220;aquest ser\u00e0 el model que seguirem properament en altres territoris, per\u00f2 amb tranquil\u00b7litat, sense presses&#8221;, assegura Daniel Redondo, director general d\u2019MGC M\u00fatua.<\/p>\n\n\n\n<p>El mes de desembre del 2020 es va aprovar la fusi\u00f3 per absorci\u00f3 a les assemblees generals de les entitats respectives, que es va fer efectiva el 1r d\u2019octubre passat, despr\u00e9s de rebre l&#8217;autoritzaci\u00f3 de la Direcci\u00f3n General de Seguros y Fondos de Pensiones de l\u2019Estat i la Direcci\u00f3 General de Pol\u00edtica Financera, Assegurances i Tresor de la Generalitat de Catalunya.<\/p>\n\n\n\n<p>La integraci\u00f3 de totes dues ha tingut com a resultat una entitat fusionada m\u00e9s solvent, eficient i en condicions d\u2019oferir un millor servei als seus mutualistes, amb un cat\u00e0leg de productes superior i m\u00e9s competitiu, que aprofita les sin\u00e8rgies de totes dues entitats, i que disposa d&#8217;una oferta complement\u00e0ria de productes i serveis que presten les empreses del grup MGC. Tot plegat comporta un important benefici a les persones assegurades d\u2019ambdues entitats.<\/p>\n\n\n\n<p>Els valors que transmet MGC M\u00fatua, com tamb\u00e9 la seva capacitat per adaptar-se a les necessitats de cada mutualista, li han perm\u00e8s cr\u00e9ixer de manera continuada i sostinguda al llarg dels anys, una dada que reflecteix l&#8217;alt grau d&#8217;acceptaci\u00f3 i fidelitat entre els seus assegurats.<\/p>\n\n\n\n<p>En l&#8217;actualitat, MGC M\u00fatua \u00e9s l&#8217;entitat de car\u00e0cter mutualista m\u00e9s ben valorada pels metges que treballen en el sector assegurador. Cal destacar tamb\u00e9 que, per segon any consecutiu, l&#8217;Organitzaci\u00f3 de Consumidors i Usuaris (OCU) la situa en la primera posici\u00f3 del r\u00e0nquing d&#8217;assegurances de salut d&#8217;Espanya, segons les enquestes dutes a terme entre els socis el 2019 i el 2020 (publicades en les revistes n\u00fam. 174 i n\u00fam. 181 de <em>Dinero y Derechos<\/em>).<\/p>\n","protected":false},"excerpt":{"rendered":"<p>Els mutualistes de M\u00fatua Igualadina s&#8217;incorporen a MGC M\u00fatua i passen a ser-ne mutualistes, amb tots el drets i obligacions que es reconeixen en els seus estatuts socials. L&#8217;operaci\u00f3 \u00e9s una fusi\u00f3 per la qual MGC M\u00fatua absorbeix M\u00fatua Igualadina, i n&#8217;assumeix tots els actius i passius que componen el patrimoni, les reserves i el [&hellip;]<\/p>\n","protected":false},"author":3,"featured_media":23500,"comment_status":"closed","ping_status":"closed","sticky":false,"template":"","format":"standard","meta":{"footnotes":""},"categories":[11,16],"tags":[457,458],"class_list":["post-23502","post","type-post","status-publish","format-standard","has-post-thumbnail","hentry","category-actualitat","category-assegurances","tag-mutua-ca","tag-mutualisme"],"featured_image_src":"https:\/\/www.mgc.es\/wp-content\/uploads\/2021\/10\/unir-piezas-puzle.jpg","author_info":{"display_name":"Revista Inter\u00e8s Mutu","author_link":"https:\/\/www.mgc.es\/ca\/blog\/author\/interesmutu\/"},"yoast_head":"<!-- This site is optimized with the Yoast SEO plugin v27.2 - https:\/\/yoast.com\/product\/yoast-seo-wordpress\/ -->\n<title>MGC M\u00fatua integra la M\u00fatua Igualadina - MGC M\u00fatua<\/title>\n<meta name=\"robots\" content=\"index, follow, max-snippet:-1, max-image-preview:large, max-video-preview:-1\" \/>\n<link rel=\"canonical\" href=\"https:\/\/www.mgc.es\/ca\/blog\/mgc-mutua-integra-la-mutua-igualadina\/\" \/>\n<meta property=\"og:locale\" content=\"ca_ES\" \/>\n<meta property=\"og:type\" content=\"article\" \/>\n<meta property=\"og:title\" content=\"MGC M\u00fatua integra la M\u00fatua Igualadina - MGC M\u00fatua\" \/>\n<meta property=\"og:description\" content=\"Els mutualistes de M\u00fatua Igualadina s&#8217;incorporen a MGC M\u00fatua i passen a ser-ne mutualistes, amb tots el drets i obligacions que es reconeixen en els seus estatuts socials. L&#8217;operaci\u00f3 \u00e9s una fusi\u00f3 per la qual MGC M\u00fatua absorbeix M\u00fatua Igualadina, i n&#8217;assumeix tots els actius i passius que componen el patrimoni, les reserves i el [&hellip;]\" \/>\n<meta property=\"og:url\" content=\"https:\/\/www.mgc.es\/ca\/blog\/mgc-mutua-integra-la-mutua-igualadina\/\" \/>\n<meta property=\"og:site_name\" content=\"MGC M\u00fatua\" \/>\n<meta property=\"article:publisher\" content=\"https:\/\/www.facebook.com\/mgcmutua\" \/>\n<meta property=\"article:published_time\" content=\"2021-10-06T07:30:00+00:00\" \/>\n<meta property=\"article:modified_time\" content=\"2021-10-18T14:03:15+00:00\" \/>\n<meta property=\"og:image\" content=\"https:\/\/www.mgc.es\/wp-content\/uploads\/2021\/10\/unir-piezas-puzle.jpg\" \/>\n\t<meta property=\"og:image:width\" content=\"1000\" \/>\n\t<meta property=\"og:image:height\" content=\"666\" \/>\n\t<meta property=\"og:image:type\" content=\"image\/jpeg\" \/>\n<meta name=\"author\" content=\"Revista Inter\u00e8s Mutu\" \/>\n<meta name=\"twitter:card\" content=\"summary_large_image\" \/>\n<meta name=\"twitter:creator\" content=\"@mgcmutua\" \/>\n<meta name=\"twitter:site\" content=\"@mgcmutua\" \/>\n<meta name=\"twitter:label1\" content=\"Escrit per\" \/>\n\t<meta name=\"twitter:data1\" content=\"Revista Inter\u00e8s Mutu\" \/>\n\t<meta name=\"twitter:label2\" content=\"Temps estimat de lectura\" \/>\n\t<meta name=\"twitter:data2\" content=\"2 minuts\" \/>\n<!-- \/ Yoast SEO plugin. -->","yoast_head_json":{"title":"MGC M\u00fatua integra la M\u00fatua Igualadina - MGC M\u00fatua","robots":{"index":"index","follow":"follow","max-snippet":"max-snippet:-1","max-image-preview":"max-image-preview:large","max-video-preview":"max-video-preview:-1"},"canonical":"https:\/\/www.mgc.es\/ca\/blog\/mgc-mutua-integra-la-mutua-igualadina\/","og_locale":"ca_ES","og_type":"article","og_title":"MGC M\u00fatua integra la M\u00fatua Igualadina - MGC M\u00fatua","og_description":"Els mutualistes de M\u00fatua Igualadina s&#8217;incorporen a MGC M\u00fatua i passen a ser-ne mutualistes, amb tots el drets i obligacions que es reconeixen en els seus estatuts socials. L&#8217;operaci\u00f3 \u00e9s una fusi\u00f3 per la qual MGC M\u00fatua absorbeix M\u00fatua Igualadina, i n&#8217;assumeix tots els actius i passius que componen el patrimoni, les reserves i el [&hellip;]","og_url":"https:\/\/www.mgc.es\/ca\/blog\/mgc-mutua-integra-la-mutua-igualadina\/","og_site_name":"MGC M\u00fatua","article_publisher":"https:\/\/www.facebook.com\/mgcmutua","article_published_time":"2021-10-06T07:30:00+00:00","article_modified_time":"2021-10-18T14:03:15+00:00","og_image":[{"width":1000,"height":666,"url":"https:\/\/www.mgc.es\/wp-content\/uploads\/2021\/10\/unir-piezas-puzle.jpg","type":"image\/jpeg"}],"author":"Revista Inter\u00e8s Mutu","twitter_card":"summary_large_image","twitter_creator":"@mgcmutua","twitter_site":"@mgcmutua","twitter_misc":{"Escrit per":"Revista Inter\u00e8s Mutu","Temps estimat de lectura":"2 minuts"},"schema":{"@context":"https:\/\/schema.org","@graph":[{"@type":["Article","BlogPosting"],"@id":"https:\/\/www.mgc.es\/ca\/blog\/mgc-mutua-integra-la-mutua-igualadina\/#article","isPartOf":{"@id":"https:\/\/www.mgc.es\/ca\/blog\/mgc-mutua-integra-la-mutua-igualadina\/"},"author":{"name":"Revista Inter\u00e8s Mutu","@id":"https:\/\/www.mgc.es\/#\/schema\/person\/010c961d9c9acf38f11187a02b646c16"},"headline":"MGC M\u00fatua integra la M\u00fatua Igualadina","datePublished":"2021-10-06T07:30:00+00:00","dateModified":"2021-10-18T14:03:15+00:00","mainEntityOfPage":{"@id":"https:\/\/www.mgc.es\/ca\/blog\/mgc-mutua-integra-la-mutua-igualadina\/"},"wordCount":404,"publisher":{"@id":"https:\/\/www.mgc.es\/#organization"},"image":{"@id":"https:\/\/www.mgc.es\/ca\/blog\/mgc-mutua-integra-la-mutua-igualadina\/#primaryimage"},"thumbnailUrl":"https:\/\/www.mgc.es\/wp-content\/uploads\/2021\/10\/unir-piezas-puzle.jpg","keywords":["m\u00fatua","mutualisme"],"articleSection":["Actualitat M\u00fatua","Sector assegurances"],"inLanguage":"ca"},{"@type":["WebPage","ItemPage"],"@id":"https:\/\/www.mgc.es\/ca\/blog\/mgc-mutua-integra-la-mutua-igualadina\/","url":"https:\/\/www.mgc.es\/ca\/blog\/mgc-mutua-integra-la-mutua-igualadina\/","name":"MGC M\u00fatua integra la M\u00fatua Igualadina - MGC M\u00fatua","isPartOf":{"@id":"https:\/\/www.mgc.es\/#website"},"primaryImageOfPage":{"@id":"https:\/\/www.mgc.es\/ca\/blog\/mgc-mutua-integra-la-mutua-igualadina\/#primaryimage"},"image":{"@id":"https:\/\/www.mgc.es\/ca\/blog\/mgc-mutua-integra-la-mutua-igualadina\/#primaryimage"},"thumbnailUrl":"https:\/\/www.mgc.es\/wp-content\/uploads\/2021\/10\/unir-piezas-puzle.jpg","datePublished":"2021-10-06T07:30:00+00:00","dateModified":"2021-10-18T14:03:15+00:00","breadcrumb":{"@id":"https:\/\/www.mgc.es\/ca\/blog\/mgc-mutua-integra-la-mutua-igualadina\/#breadcrumb"},"inLanguage":"ca","potentialAction":[{"@type":"ReadAction","target":["https:\/\/www.mgc.es\/ca\/blog\/mgc-mutua-integra-la-mutua-igualadina\/"]}]},{"@type":"ImageObject","inLanguage":"ca","@id":"https:\/\/www.mgc.es\/ca\/blog\/mgc-mutua-integra-la-mutua-igualadina\/#primaryimage","url":"https:\/\/www.mgc.es\/wp-content\/uploads\/2021\/10\/unir-piezas-puzle.jpg","contentUrl":"https:\/\/www.mgc.es\/wp-content\/uploads\/2021\/10\/unir-piezas-puzle.jpg","width":1000,"height":666},{"@type":"BreadcrumbList","@id":"https:\/\/www.mgc.es\/ca\/blog\/mgc-mutua-integra-la-mutua-igualadina\/#breadcrumb","itemListElement":[{"@type":"ListItem","position":1,"name":"Home","item":"https:\/\/www.mgc.es\/ca\/"},{"@type":"ListItem","position":2,"name":"MGC M\u00fatua integra la M\u00fatua Igualadina"}]},{"@type":"WebSite","@id":"https:\/\/www.mgc.es\/#website","url":"https:\/\/www.mgc.es\/","name":"MGC M\u00fatua","description":"MGC M\u00fatua \u00e9s una entitat asseguradora sense \u00e0nim de lucre constitu\u00efda al 1982 i especialitzada en assegurances de salut i assist\u00e8ncia.","publisher":{"@id":"https:\/\/www.mgc.es\/#organization"},"alternateName":"MGC","potentialAction":[{"@type":"SearchAction","target":{"@type":"EntryPoint","urlTemplate":"https:\/\/www.mgc.es\/?s={search_term_string}"},"query-input":{"@type":"PropertyValueSpecification","valueRequired":true,"valueName":"search_term_string"}}],"inLanguage":"ca"},{"@type":"Organization","@id":"https:\/\/www.mgc.es\/#organization","name":"MGC Mutua","alternateName":"MGC","url":"https:\/\/www.mgc.es\/","logo":{"@type":"ImageObject","inLanguage":"ca","@id":"https:\/\/www.mgc.es\/#\/schema\/logo\/image\/","url":"https:\/\/www.mgc.es\/wp-content\/uploads\/2020\/03\/mgcmutua_h2_2t_reduccions.png","contentUrl":"https:\/\/www.mgc.es\/wp-content\/uploads\/2020\/03\/mgcmutua_h2_2t_reduccions.png","width":303,"height":165,"caption":"MGC Mutua"},"image":{"@id":"https:\/\/www.mgc.es\/#\/schema\/logo\/image\/"},"sameAs":["https:\/\/www.facebook.com\/mgcmutua","https:\/\/x.com\/mgcmutua","https:\/\/www.youtube.com\/c\/MGCMutua"]},{"@type":"Person","@id":"https:\/\/www.mgc.es\/#\/schema\/person\/010c961d9c9acf38f11187a02b646c16","name":"Revista Inter\u00e8s Mutu","image":{"@type":"ImageObject","inLanguage":"ca","@id":"https:\/\/secure.gravatar.com\/avatar\/52302d684339b9d7bf5691e2ad00835d62ce3b4a435f21ca9f21fbe39c63cb1b?s=96&d=mm&r=g","url":"https:\/\/secure.gravatar.com\/avatar\/52302d684339b9d7bf5691e2ad00835d62ce3b4a435f21ca9f21fbe39c63cb1b?s=96&d=mm&r=g","contentUrl":"https:\/\/secure.gravatar.com\/avatar\/52302d684339b9d7bf5691e2ad00835d62ce3b4a435f21ca9f21fbe39c63cb1b?s=96&d=mm&r=g","caption":"Revista Inter\u00e8s Mutu"}}]}},"_links":{"self":[{"href":"https:\/\/www.mgc.es\/ca\/wp-json\/wp\/v2\/posts\/23502","targetHints":{"allow":["GET"]}}],"collection":[{"href":"https:\/\/www.mgc.es\/ca\/wp-json\/wp\/v2\/posts"}],"about":[{"href":"https:\/\/www.mgc.es\/ca\/wp-json\/wp\/v2\/types\/post"}],"author":[{"embeddable":true,"href":"https:\/\/www.mgc.es\/ca\/wp-json\/wp\/v2\/users\/3"}],"replies":[{"embeddable":true,"href":"https:\/\/www.mgc.es\/ca\/wp-json\/wp\/v2\/comments?post=23502"}],"version-history":[{"count":2,"href":"https:\/\/www.mgc.es\/ca\/wp-json\/wp\/v2\/posts\/23502\/revisions"}],"predecessor-version":[{"id":23603,"href":"https:\/\/www.mgc.es\/ca\/wp-json\/wp\/v2\/posts\/23502\/revisions\/23603"}],"wp:featuredmedia":[{"embeddable":true,"href":"https:\/\/www.mgc.es\/ca\/wp-json\/wp\/v2\/media\/23500"}],"wp:attachment":[{"href":"https:\/\/www.mgc.es\/ca\/wp-json\/wp\/v2\/media?parent=23502"}],"wp:term":[{"taxonomy":"category","embeddable":true,"href":"https:\/\/www.mgc.es\/ca\/wp-json\/wp\/v2\/categories?post=23502"},{"taxonomy":"post_tag","embeddable":true,"href":"https:\/\/www.mgc.es\/ca\/wp-json\/wp\/v2\/tags?post=23502"}],"curies":[{"name":"wp","href":"https:\/\/api.w.org\/{rel}","templated":true}]}}