{"id":22474,"date":"2021-07-05T13:34:41","date_gmt":"2021-07-05T11:34:41","guid":{"rendered":"https:\/\/www.mgc.es\/?p=22474"},"modified":"2021-07-16T14:54:35","modified_gmt":"2021-07-16T12:54:35","slug":"encara-dubtes-10-raons-per-vacunar-te-contra-el-covid-19","status":"publish","type":"post","link":"https:\/\/www.mgc.es\/ca\/blog\/encara-dubtes-10-raons-per-vacunar-te-contra-el-covid-19\/","title":{"rendered":"Encara dubtes? 10 raons per vacunar-te contra el COVID-19"},"content":{"rendered":"<div id=\"ez-toc-container\" class=\"ez-toc-v2_0_82_1 counter-hierarchy ez-toc-counter ez-toc-custom ez-toc-container-direction\">\n<div class=\"ez-toc-title-container\"><p class=\"ez-toc-title\" style=\"cursor:inherit\">\u00cdndex de continguts<\/p>\n<\/div><nav><ul class='ez-toc-list ez-toc-list-level-1 ' ><li class='ez-toc-page-1 ez-toc-heading-level-2'><a class=\"ez-toc-link ez-toc-heading-1\" href=\"https:\/\/www.mgc.es\/ca\/blog\/encara-dubtes-10-raons-per-vacunar-te-contra-el-covid-19\/#La_vacuna_no_et_fara_agafar_el_virus\" >La vacuna no et far\u00e0 agafar el virus<\/a><\/li><li class='ez-toc-page-1 ez-toc-heading-level-2'><a class=\"ez-toc-link ez-toc-heading-2\" href=\"https:\/\/www.mgc.es\/ca\/blog\/encara-dubtes-10-raons-per-vacunar-te-contra-el-covid-19\/#No_nomes_per_tu\" >No nom\u00e9s per tu<\/a><\/li><li class='ez-toc-page-1 ez-toc-heading-level-2'><a class=\"ez-toc-link ez-toc-heading-3\" href=\"https:\/\/www.mgc.es\/ca\/blog\/encara-dubtes-10-raons-per-vacunar-te-contra-el-covid-19\/#La_vacuna_es_segura\" >La vacuna \u00e9s segura<\/a><\/li><li class='ez-toc-page-1 ez-toc-heading-level-2'><a class=\"ez-toc-link ez-toc-heading-4\" href=\"https:\/\/www.mgc.es\/ca\/blog\/encara-dubtes-10-raons-per-vacunar-te-contra-el-covid-19\/#La_vacuna_no_interfereix_amb_lADN\" >La vacuna no interfereix amb l&#8217;ADN<\/a><\/li><li class='ez-toc-page-1 ez-toc-heading-level-2'><a class=\"ez-toc-link ez-toc-heading-5\" href=\"https:\/\/www.mgc.es\/ca\/blog\/encara-dubtes-10-raons-per-vacunar-te-contra-el-covid-19\/#Els_seus_efectes_son_generalment_lleus\" >Els seus efectes s\u00f3n generalment lleus<\/a><\/li><li class='ez-toc-page-1 ez-toc-heading-level-2'><a class=\"ez-toc-link ez-toc-heading-6\" href=\"https:\/\/www.mgc.es\/ca\/blog\/encara-dubtes-10-raons-per-vacunar-te-contra-el-covid-19\/#Es_gratuita\" >\u00c9s gratu\u00efta<\/a><\/li><li class='ez-toc-page-1 ez-toc-heading-level-2'><a class=\"ez-toc-link ez-toc-heading-7\" href=\"https:\/\/www.mgc.es\/ca\/blog\/encara-dubtes-10-raons-per-vacunar-te-contra-el-covid-19\/#La_vacuna_funciona\" >La vacuna funciona<\/a><\/li><li class='ez-toc-page-1 ez-toc-heading-level-2'><a class=\"ez-toc-link ez-toc-heading-8\" href=\"https:\/\/www.mgc.es\/ca\/blog\/encara-dubtes-10-raons-per-vacunar-te-contra-el-covid-19\/#La_vacuna_es_per_a_tots\" >La vacuna \u00e9s per a tots<\/a><\/li><li class='ez-toc-page-1 ez-toc-heading-level-2'><a class=\"ez-toc-link ez-toc-heading-9\" href=\"https:\/\/www.mgc.es\/ca\/blog\/encara-dubtes-10-raons-per-vacunar-te-contra-el-covid-19\/#Es_segura_per_a_embarassades\" >\u00c9s segura per a embarassades<\/a><\/li><li class='ez-toc-page-1 ez-toc-heading-level-2'><a class=\"ez-toc-link ez-toc-heading-10\" href=\"https:\/\/www.mgc.es\/ca\/blog\/encara-dubtes-10-raons-per-vacunar-te-contra-el-covid-19\/#Hi_ha_prou_vacunes_per_a_tots\" >Hi ha prou vacunes per a tots<\/a><\/li><\/ul><\/nav><\/div>\n\n<figure class=\"wp-block-image size-large\"><img loading=\"lazy\" decoding=\"async\" width=\"800\" height=\"534\" src=\"https:\/\/www.mgc.es\/wp-content\/uploads\/2021\/07\/vacuna-covid.jpg\" alt=\"\" class=\"wp-image-22472\" srcset=\"https:\/\/www.mgc.es\/wp-content\/uploads\/2021\/07\/vacuna-covid.jpg 800w, https:\/\/www.mgc.es\/wp-content\/uploads\/2021\/07\/vacuna-covid-440x294.jpg 440w, https:\/\/www.mgc.es\/wp-content\/uploads\/2021\/07\/vacuna-covid-768x513.jpg 768w\" sizes=\"auto, (max-width: 800px) 100vw, 800px\" \/><\/figure>\n\n\n\n<p>Estem passant per una campanya de vacunaci\u00f3 sense precedents, amb el m\u00f3n sencer tractant de protegir-se davant d\u2019aquesta nova amena\u00e7a que \u00e9s la pand\u00e8mia creada pel COVID-19. Si encara no t&#8217;has vacunat o si tens dubtes de si fer-ho o no, aqu\u00ed et donem deu raons que esperem que t&#8217;ajudin a prendre la decisi\u00f3 correcta: vacunar-te, \u00e9s clar.<\/p>\n\n\n\n<h2 class=\"wp-block-heading\"><span class=\"ez-toc-section\" id=\"La_vacuna_no_et_fara_agafar_el_virus\"><\/span><strong>La vacuna no et far\u00e0 agafar el virus<\/strong><span class=\"ez-toc-section-end\"><\/span><\/h2>\n\n\n\n<p>Et sembla una obvietat? No ho \u00e9s. Encara se senten veus assegurant que la vacuna provoca la malaltia. Cap de les vacunes cont\u00e9 el virus complet, per tant no s\u00f3n no infeccioses. \u00c9s segura fins i tot per a persones amb sistemes immunitaris molt debilitats.<\/p>\n\n\n\n<h2 class=\"wp-block-heading\"><span class=\"ez-toc-section\" id=\"No_nomes_per_tu\"><\/span><strong>No nom\u00e9s per tu<\/strong><span class=\"ez-toc-section-end\"><\/span><\/h2>\n\n\n\n<p>La vacuna et protegir\u00e0 contra el virus, \u00e9s clar, per\u00f2 \u00e9s important igualment que tu no puguis contagiar altres. Molta gent \u00e9s molt vulnerable als efectes de la COVID-19 -com ara la gent gran o els que pateixen trastorns previs a la infecci\u00f3- de manera que reduir el risc d&#8217;expandir la infecci\u00f3 ajuda globalment a la societat.<\/p>\n\n\n\n<h2 class=\"wp-block-heading\"><span class=\"ez-toc-section\" id=\"La_vacuna_es_segura\"><\/span><strong>La vacuna \u00e9s segura<\/strong><span class=\"ez-toc-section-end\"><\/span><\/h2>\n\n\n\n<p>Les vacunes s&#8217;han desenvolupat a una velocitat notable, fonamentalment perqu\u00e8 els governs han donat llum verda amb molta m\u00e9s celeritat del que \u00e9s habitual. Aix\u00f2 pot sonar a precipitaci\u00f3 (interessos comercials, falta d&#8217;assajos cl\u00ednics), per\u00f2 en el cas d&#8217;aquestes vacunes no hi ha hagut l\u00edmits de diners, ni falta de voluntaris, ni -per desgr\u00e0cia- casos de persones infectades en qu\u00e8 comprovar l&#8217;efectivitat. Les vacunes aconseguides s&#8217;han provat en moltes m\u00e9s persones que qualsevol altra vacuna anterior, s&#8217;han desenvolupat amb t\u00e8cniques depurades durant d\u00e8cades i han passat per totes les fases requerides pels assajos cl\u00ednics.<\/p>\n\n\n\n<h2 class=\"wp-block-heading\"><span class=\"ez-toc-section\" id=\"La_vacuna_no_interfereix_amb_lADN\"><\/span><strong>La vacuna no interfereix amb l&#8217;ADN<\/strong><span class=\"ez-toc-section-end\"><\/span><\/h2>\n\n\n\n<p>Alguns antivacunes han llan\u00e7at la mentida que la vacuna interfereix amb el propi ADN del cos. \u00c9s completament fals, de manera que pots estar tranquil.<\/p>\n\n\n\n<h2 class=\"wp-block-heading\"><span class=\"ez-toc-section\" id=\"Els_seus_efectes_son_generalment_lleus\"><\/span><strong>Els seus efectes s\u00f3n generalment lleus<\/strong><span class=\"ez-toc-section-end\"><\/span><\/h2>\n\n\n\n<p>La majoria dels vacunats no pateix efectes secundaris o s\u00f3n molt lleus i de curta durada, de la mateixa manera que passa, per exemple, amb la vacuna anual de la grip. Alguns efectes reportats es deuen en realitat al sistema immunitari dels pacients, que reaccionava saludablement davant la vacuna, complint amb la seva obligaci\u00f3 de lluitar contra un virus.<\/p>\n\n\n\n<h2 class=\"wp-block-heading\"><span class=\"ez-toc-section\" id=\"Es_gratuita\"><\/span><strong>\u00c9s gratu\u00efta<\/strong><span class=\"ez-toc-section-end\"><\/span><\/h2>\n\n\n\n<p>Cap comentari afegir. Estar protegit contra un perillos\u00edssim virus sense pagar un euro&#8230;<\/p>\n\n\n\n<h2 class=\"wp-block-heading\"><span class=\"ez-toc-section\" id=\"La_vacuna_funciona\"><\/span><strong>La vacuna funciona<\/strong><span class=\"ez-toc-section-end\"><\/span><\/h2>\n\n\n\n<p>Cap vacuna \u00e9s efectiva a el cent per cent. Per\u00f2 s&#8217;ha constatat que el nivell de protecci\u00f3 de les vacunes \u00e9s remarcable.<\/p>\n\n\n\n<p>A Espanya hi ha autoritzades 4 vacunes: la de BioNtech Pfizer, la de Moderna, la d&#8217;AstraZeneca i la de Janssen. Les dades actuals de protecci\u00f3 de cadascuna davant del virus s\u00f3n variables, per\u00f2 totes elles s&#8217;aproximen a el 90% d&#8217;efectivitat o el superen.<\/p>\n\n\n\n<h2 class=\"wp-block-heading\"><span class=\"ez-toc-section\" id=\"La_vacuna_es_per_a_tots\"><\/span><strong>La vacuna \u00e9s per a tots<\/strong><span class=\"ez-toc-section-end\"><\/span><\/h2>\n\n\n\n<p>No cont\u00e9 ous ni productes animals, de manera que \u00e9s v\u00e0lida per a persones de totes les creences.<\/p>\n\n\n\n<h2 class=\"wp-block-heading\"><span class=\"ez-toc-section\" id=\"Es_segura_per_a_embarassades\"><\/span><strong>\u00c9s segura per a embarassades<\/strong><span class=\"ez-toc-section-end\"><\/span><\/h2>\n\n\n\n<p>Tant si est\u00e0s embarassada, creus que podries estar-ho, si est\u00e0s intentant quedar-te o si est\u00e0s en plena lact\u00e0ncia, la vacuna \u00e9s cent per cent segura per a tu i per al nad\u00f3.<\/p>\n\n\n\n<h2 class=\"wp-block-heading\"><span class=\"ez-toc-section\" id=\"Hi_ha_prou_vacunes_per_a_tots\"><\/span><strong>Hi ha prou vacunes per a tots<\/strong><span class=\"ez-toc-section-end\"><\/span><\/h2>\n\n\n\n<p>La quantitat de dosis elaborades per a tothom \u00e9s molt superior a la de qualsevol altra vacuna anterior, amb el que hi ha hagut l\u00f2giques faltes puntuals d&#8217;estoc. I per descomptat, \u00e9s poc probable que es tornin a produir-se, tenint en compte, a m\u00e9s, que Espanya t\u00e9 aprovades 4 vacunes.<\/p>\n","protected":false},"excerpt":{"rendered":"<p>Estem passant per una campanya de vacunaci\u00f3 sense precedents, amb el m\u00f3n sencer tractant de protegir-se davant d\u2019aquesta nova amena\u00e7a que \u00e9s la pand\u00e8mia creada pel COVID-19. Si encara no t&#8217;has vacunat o si tens dubtes de si fer-ho o no, aqu\u00ed et donem deu raons que esperem que t&#8217;ajudin a prendre la decisi\u00f3 correcta: [&hellip;]<\/p>\n","protected":false},"author":3,"featured_media":22472,"comment_status":"closed","ping_status":"closed","sticky":false,"template":"","format":"standard","meta":{"footnotes":""},"categories":[15],"tags":[637],"class_list":["post-22474","post","type-post","status-publish","format-standard","has-post-thumbnail","hentry","category-salut","tag-covid"],"featured_image_src":"https:\/\/www.mgc.es\/wp-content\/uploads\/2021\/07\/vacuna-covid.jpg","author_info":{"display_name":"Revista Inter\u00e8s Mutu","author_link":"https:\/\/www.mgc.es\/ca\/blog\/author\/interesmutu\/"},"yoast_head":"<!-- This site is optimized with the Yoast SEO plugin v27.2 - https:\/\/yoast.com\/product\/yoast-seo-wordpress\/ -->\n<title>Encara dubtes? 10 raons per vacunar-te contra el COVID-19 - MGC M\u00fatua<\/title>\n<meta name=\"description\" content=\"Estem passant per una campanya de vacunaci\u00f3 sense precedents, amb el m\u00f3n sencer tractant de protegir-se davant d\u2019aquesta nova amena\u00e7a que \u00e9s la pand\u00e8mia creada pel COVID-19.\" \/>\n<meta name=\"robots\" content=\"index, follow, max-snippet:-1, max-image-preview:large, max-video-preview:-1\" \/>\n<link rel=\"canonical\" href=\"https:\/\/www.mgc.es\/ca\/blog\/encara-dubtes-10-raons-per-vacunar-te-contra-el-covid-19\/\" \/>\n<meta property=\"og:locale\" content=\"ca_ES\" \/>\n<meta property=\"og:type\" content=\"article\" \/>\n<meta property=\"og:title\" content=\"Encara dubtes? 10 raons per vacunar-te contra el COVID-19 - MGC M\u00fatua\" \/>\n<meta property=\"og:description\" content=\"Estem passant per una campanya de vacunaci\u00f3 sense precedents, amb el m\u00f3n sencer tractant de protegir-se davant d\u2019aquesta nova amena\u00e7a que \u00e9s la pand\u00e8mia creada pel COVID-19.\" \/>\n<meta property=\"og:url\" content=\"https:\/\/www.mgc.es\/ca\/blog\/encara-dubtes-10-raons-per-vacunar-te-contra-el-covid-19\/\" \/>\n<meta property=\"og:site_name\" content=\"MGC M\u00fatua\" \/>\n<meta property=\"article:publisher\" content=\"https:\/\/www.facebook.com\/mgcmutua\" \/>\n<meta property=\"article:published_time\" content=\"2021-07-05T11:34:41+00:00\" \/>\n<meta property=\"article:modified_time\" content=\"2021-07-16T12:54:35+00:00\" \/>\n<meta property=\"og:image\" content=\"https:\/\/www.mgc.es\/wp-content\/uploads\/2021\/07\/vacuna-covid.jpg\" \/>\n\t<meta property=\"og:image:width\" content=\"800\" \/>\n\t<meta property=\"og:image:height\" content=\"534\" \/>\n\t<meta property=\"og:image:type\" content=\"image\/jpeg\" \/>\n<meta name=\"author\" content=\"Revista Inter\u00e8s Mutu\" \/>\n<meta name=\"twitter:card\" content=\"summary_large_image\" \/>\n<meta name=\"twitter:creator\" content=\"@mgcmutua\" \/>\n<meta name=\"twitter:site\" content=\"@mgcmutua\" \/>\n<meta name=\"twitter:label1\" content=\"Escrit per\" \/>\n\t<meta name=\"twitter:data1\" content=\"Revista Inter\u00e8s Mutu\" \/>\n\t<meta name=\"twitter:label2\" content=\"Temps estimat de lectura\" \/>\n\t<meta name=\"twitter:data2\" content=\"3 minuts\" \/>\n<!-- \/ Yoast SEO plugin. -->","yoast_head_json":{"title":"Encara dubtes? 10 raons per vacunar-te contra el COVID-19 - MGC M\u00fatua","description":"Estem passant per una campanya de vacunaci\u00f3 sense precedents, amb el m\u00f3n sencer tractant de protegir-se davant d\u2019aquesta nova amena\u00e7a que \u00e9s la pand\u00e8mia creada pel COVID-19.","robots":{"index":"index","follow":"follow","max-snippet":"max-snippet:-1","max-image-preview":"max-image-preview:large","max-video-preview":"max-video-preview:-1"},"canonical":"https:\/\/www.mgc.es\/ca\/blog\/encara-dubtes-10-raons-per-vacunar-te-contra-el-covid-19\/","og_locale":"ca_ES","og_type":"article","og_title":"Encara dubtes? 10 raons per vacunar-te contra el COVID-19 - MGC M\u00fatua","og_description":"Estem passant per una campanya de vacunaci\u00f3 sense precedents, amb el m\u00f3n sencer tractant de protegir-se davant d\u2019aquesta nova amena\u00e7a que \u00e9s la pand\u00e8mia creada pel COVID-19.","og_url":"https:\/\/www.mgc.es\/ca\/blog\/encara-dubtes-10-raons-per-vacunar-te-contra-el-covid-19\/","og_site_name":"MGC M\u00fatua","article_publisher":"https:\/\/www.facebook.com\/mgcmutua","article_published_time":"2021-07-05T11:34:41+00:00","article_modified_time":"2021-07-16T12:54:35+00:00","og_image":[{"width":800,"height":534,"url":"https:\/\/www.mgc.es\/wp-content\/uploads\/2021\/07\/vacuna-covid.jpg","type":"image\/jpeg"}],"author":"Revista Inter\u00e8s Mutu","twitter_card":"summary_large_image","twitter_creator":"@mgcmutua","twitter_site":"@mgcmutua","twitter_misc":{"Escrit per":"Revista Inter\u00e8s Mutu","Temps estimat de lectura":"3 minuts"},"schema":{"@context":"https:\/\/schema.org","@graph":[{"@type":["Article","BlogPosting"],"@id":"https:\/\/www.mgc.es\/ca\/blog\/encara-dubtes-10-raons-per-vacunar-te-contra-el-covid-19\/#article","isPartOf":{"@id":"https:\/\/www.mgc.es\/ca\/blog\/encara-dubtes-10-raons-per-vacunar-te-contra-el-covid-19\/"},"author":{"name":"Revista Inter\u00e8s Mutu","@id":"https:\/\/www.mgc.es\/#\/schema\/person\/010c961d9c9acf38f11187a02b646c16"},"headline":"Encara dubtes? 10 raons per vacunar-te contra el COVID-19","datePublished":"2021-07-05T11:34:41+00:00","dateModified":"2021-07-16T12:54:35+00:00","mainEntityOfPage":{"@id":"https:\/\/www.mgc.es\/ca\/blog\/encara-dubtes-10-raons-per-vacunar-te-contra-el-covid-19\/"},"wordCount":600,"publisher":{"@id":"https:\/\/www.mgc.es\/#organization"},"image":{"@id":"https:\/\/www.mgc.es\/ca\/blog\/encara-dubtes-10-raons-per-vacunar-te-contra-el-covid-19\/#primaryimage"},"thumbnailUrl":"https:\/\/www.mgc.es\/wp-content\/uploads\/2021\/07\/vacuna-covid.jpg","keywords":["covid"],"articleSection":["Salut i medicina"],"inLanguage":"ca"},{"@type":["WebPage","ItemPage"],"@id":"https:\/\/www.mgc.es\/ca\/blog\/encara-dubtes-10-raons-per-vacunar-te-contra-el-covid-19\/","url":"https:\/\/www.mgc.es\/ca\/blog\/encara-dubtes-10-raons-per-vacunar-te-contra-el-covid-19\/","name":"Encara dubtes? 10 raons per vacunar-te contra el COVID-19 - MGC M\u00fatua","isPartOf":{"@id":"https:\/\/www.mgc.es\/#website"},"primaryImageOfPage":{"@id":"https:\/\/www.mgc.es\/ca\/blog\/encara-dubtes-10-raons-per-vacunar-te-contra-el-covid-19\/#primaryimage"},"image":{"@id":"https:\/\/www.mgc.es\/ca\/blog\/encara-dubtes-10-raons-per-vacunar-te-contra-el-covid-19\/#primaryimage"},"thumbnailUrl":"https:\/\/www.mgc.es\/wp-content\/uploads\/2021\/07\/vacuna-covid.jpg","datePublished":"2021-07-05T11:34:41+00:00","dateModified":"2021-07-16T12:54:35+00:00","description":"Estem passant per una campanya de vacunaci\u00f3 sense precedents, amb el m\u00f3n sencer tractant de protegir-se davant d\u2019aquesta nova amena\u00e7a que \u00e9s la pand\u00e8mia creada pel COVID-19.","breadcrumb":{"@id":"https:\/\/www.mgc.es\/ca\/blog\/encara-dubtes-10-raons-per-vacunar-te-contra-el-covid-19\/#breadcrumb"},"inLanguage":"ca","potentialAction":[{"@type":"ReadAction","target":["https:\/\/www.mgc.es\/ca\/blog\/encara-dubtes-10-raons-per-vacunar-te-contra-el-covid-19\/"]}]},{"@type":"ImageObject","inLanguage":"ca","@id":"https:\/\/www.mgc.es\/ca\/blog\/encara-dubtes-10-raons-per-vacunar-te-contra-el-covid-19\/#primaryimage","url":"https:\/\/www.mgc.es\/wp-content\/uploads\/2021\/07\/vacuna-covid.jpg","contentUrl":"https:\/\/www.mgc.es\/wp-content\/uploads\/2021\/07\/vacuna-covid.jpg","width":800,"height":534},{"@type":"BreadcrumbList","@id":"https:\/\/www.mgc.es\/ca\/blog\/encara-dubtes-10-raons-per-vacunar-te-contra-el-covid-19\/#breadcrumb","itemListElement":[{"@type":"ListItem","position":1,"name":"Home","item":"https:\/\/www.mgc.es\/ca\/"},{"@type":"ListItem","position":2,"name":"Encara dubtes? 10 raons per vacunar-te contra el COVID-19"}]},{"@type":"WebSite","@id":"https:\/\/www.mgc.es\/#website","url":"https:\/\/www.mgc.es\/","name":"MGC M\u00fatua","description":"MGC M\u00fatua \u00e9s una entitat asseguradora sense \u00e0nim de lucre constitu\u00efda al 1982 i especialitzada en assegurances de salut i assist\u00e8ncia.","publisher":{"@id":"https:\/\/www.mgc.es\/#organization"},"alternateName":"MGC","potentialAction":[{"@type":"SearchAction","target":{"@type":"EntryPoint","urlTemplate":"https:\/\/www.mgc.es\/?s={search_term_string}"},"query-input":{"@type":"PropertyValueSpecification","valueRequired":true,"valueName":"search_term_string"}}],"inLanguage":"ca"},{"@type":"Organization","@id":"https:\/\/www.mgc.es\/#organization","name":"MGC Mutua","alternateName":"MGC","url":"https:\/\/www.mgc.es\/","logo":{"@type":"ImageObject","inLanguage":"ca","@id":"https:\/\/www.mgc.es\/#\/schema\/logo\/image\/","url":"https:\/\/www.mgc.es\/wp-content\/uploads\/2020\/03\/mgcmutua_h2_2t_reduccions.png","contentUrl":"https:\/\/www.mgc.es\/wp-content\/uploads\/2020\/03\/mgcmutua_h2_2t_reduccions.png","width":303,"height":165,"caption":"MGC Mutua"},"image":{"@id":"https:\/\/www.mgc.es\/#\/schema\/logo\/image\/"},"sameAs":["https:\/\/www.facebook.com\/mgcmutua","https:\/\/x.com\/mgcmutua","https:\/\/www.youtube.com\/c\/MGCMutua"]},{"@type":"Person","@id":"https:\/\/www.mgc.es\/#\/schema\/person\/010c961d9c9acf38f11187a02b646c16","name":"Revista Inter\u00e8s Mutu","image":{"@type":"ImageObject","inLanguage":"ca","@id":"https:\/\/secure.gravatar.com\/avatar\/52302d684339b9d7bf5691e2ad00835d62ce3b4a435f21ca9f21fbe39c63cb1b?s=96&d=mm&r=g","url":"https:\/\/secure.gravatar.com\/avatar\/52302d684339b9d7bf5691e2ad00835d62ce3b4a435f21ca9f21fbe39c63cb1b?s=96&d=mm&r=g","contentUrl":"https:\/\/secure.gravatar.com\/avatar\/52302d684339b9d7bf5691e2ad00835d62ce3b4a435f21ca9f21fbe39c63cb1b?s=96&d=mm&r=g","caption":"Revista Inter\u00e8s Mutu"}}]}},"_links":{"self":[{"href":"https:\/\/www.mgc.es\/ca\/wp-json\/wp\/v2\/posts\/22474","targetHints":{"allow":["GET"]}}],"collection":[{"href":"https:\/\/www.mgc.es\/ca\/wp-json\/wp\/v2\/posts"}],"about":[{"href":"https:\/\/www.mgc.es\/ca\/wp-json\/wp\/v2\/types\/post"}],"author":[{"embeddable":true,"href":"https:\/\/www.mgc.es\/ca\/wp-json\/wp\/v2\/users\/3"}],"replies":[{"embeddable":true,"href":"https:\/\/www.mgc.es\/ca\/wp-json\/wp\/v2\/comments?post=22474"}],"version-history":[{"count":2,"href":"https:\/\/www.mgc.es\/ca\/wp-json\/wp\/v2\/posts\/22474\/revisions"}],"predecessor-version":[{"id":23027,"href":"https:\/\/www.mgc.es\/ca\/wp-json\/wp\/v2\/posts\/22474\/revisions\/23027"}],"wp:featuredmedia":[{"embeddable":true,"href":"https:\/\/www.mgc.es\/ca\/wp-json\/wp\/v2\/media\/22472"}],"wp:attachment":[{"href":"https:\/\/www.mgc.es\/ca\/wp-json\/wp\/v2\/media?parent=22474"}],"wp:term":[{"taxonomy":"category","embeddable":true,"href":"https:\/\/www.mgc.es\/ca\/wp-json\/wp\/v2\/categories?post=22474"},{"taxonomy":"post_tag","embeddable":true,"href":"https:\/\/www.mgc.es\/ca\/wp-json\/wp\/v2\/tags?post=22474"}],"curies":[{"name":"wp","href":"https:\/\/api.w.org\/{rel}","templated":true}]}}