{"id":20308,"date":"2020-11-20T09:00:00","date_gmt":"2020-11-20T08:00:00","guid":{"rendered":"https:\/\/www.mgc.es\/?p=20308"},"modified":"2020-11-19T13:17:13","modified_gmt":"2020-11-19T12:17:13","slug":"els-beneficis-de-laprenentatge-musical","status":"publish","type":"post","link":"https:\/\/www.mgc.es\/ca\/blog\/els-beneficis-de-laprenentatge-musical\/","title":{"rendered":"Els beneficis de l&#8217;aprenentatge musical"},"content":{"rendered":"<div id=\"ez-toc-container\" class=\"ez-toc-v2_0_82_1 counter-hierarchy ez-toc-counter ez-toc-custom ez-toc-container-direction\">\n<div class=\"ez-toc-title-container\"><p class=\"ez-toc-title\" style=\"cursor:inherit\">\u00cdndex de continguts<\/p>\n<\/div><nav><ul class='ez-toc-list ez-toc-list-level-1 ' ><li class='ez-toc-page-1 ez-toc-heading-level-2'><a class=\"ez-toc-link ez-toc-heading-1\" href=\"https:\/\/www.mgc.es\/ca\/blog\/els-beneficis-de-laprenentatge-musical\/#Millora_les_capacitats_cognitives_i_motores\" >Millora les capacitats cognitives i motores<\/a><\/li><li class='ez-toc-page-1 ez-toc-heading-level-2'><a class=\"ez-toc-link ez-toc-heading-2\" href=\"https:\/\/www.mgc.es\/ca\/blog\/els-beneficis-de-laprenentatge-musical\/#Incrementa_la_memoria\" >Incrementa la mem\u00f2ria<\/a><\/li><li class='ez-toc-page-1 ez-toc-heading-level-2'><a class=\"ez-toc-link ez-toc-heading-3\" href=\"https:\/\/www.mgc.es\/ca\/blog\/els-beneficis-de-laprenentatge-musical\/#Estimula_la_creativitat_i_la_imaginacio\" >Estimula la creativitat i la imaginaci\u00f3<\/a><\/li><li class='ez-toc-page-1 ez-toc-heading-level-2'><a class=\"ez-toc-link ez-toc-heading-4\" href=\"https:\/\/www.mgc.es\/ca\/blog\/els-beneficis-de-laprenentatge-musical\/#Reforca_latencio_i_la_concentracio_i_afavoreix_la_disciplina\" >Refor\u00e7a l&#8217;atenci\u00f3 i la concentraci\u00f3 i afavoreix la disciplina<\/a><\/li><li class='ez-toc-page-1 ez-toc-heading-level-2'><a class=\"ez-toc-link ez-toc-heading-5\" href=\"https:\/\/www.mgc.es\/ca\/blog\/els-beneficis-de-laprenentatge-musical\/#Millora_les_habilitats_socials_i_lautoestima\" >Millora les habilitats socials i l&#8217;autoestima<\/a><\/li><li class='ez-toc-page-1 ez-toc-heading-level-2'><a class=\"ez-toc-link ez-toc-heading-6\" href=\"https:\/\/www.mgc.es\/ca\/blog\/els-beneficis-de-laprenentatge-musical\/#Afavoreix_el_desenvolupament_emocional\" >Afavoreix el desenvolupament emocional<\/a><\/li><li class='ez-toc-page-1 ez-toc-heading-level-2'><a class=\"ez-toc-link ez-toc-heading-7\" href=\"https:\/\/www.mgc.es\/ca\/blog\/els-beneficis-de-laprenentatge-musical\/#Protegeix_contra_les_malalties_neurodegeneratives\" >Protegeix contra les malalties neurodegeneratives<\/a><\/li><\/ul><\/nav><\/div>\n\n<figure class=\"wp-block-image size-large\"><img loading=\"lazy\" decoding=\"async\" width=\"880\" height=\"587\" src=\"https:\/\/www.mgc.es\/wp-content\/uploads\/2020\/11\/aprendizaje-musical-partitura-880x587.jpg\" alt=\"Aprendizaje musical partitura\" class=\"wp-image-20300\" srcset=\"https:\/\/www.mgc.es\/wp-content\/uploads\/2020\/11\/aprendizaje-musical-partitura-880x587.jpg 880w, https:\/\/www.mgc.es\/wp-content\/uploads\/2020\/11\/aprendizaje-musical-partitura-440x293.jpg 440w, https:\/\/www.mgc.es\/wp-content\/uploads\/2020\/11\/aprendizaje-musical-partitura-768x512.jpg 768w, https:\/\/www.mgc.es\/wp-content\/uploads\/2020\/11\/aprendizaje-musical-partitura-600x400.jpg 600w, https:\/\/www.mgc.es\/wp-content\/uploads\/2020\/11\/aprendizaje-musical-partitura.jpg 1000w\" sizes=\"auto, (max-width: 880px) 100vw, 880px\" \/><\/figure>\n\n\n\n<p>Estudiar m\u00fasica, cant, composici\u00f3 i\/o aprendre a tocar un instrument \u00e9s un proc\u00e9s d&#8217;aprenentatge, pr\u00e0ctica i perfeccionament que t\u00e9 multitud de beneficis en el desenvolupament motriu, intel\u00b7lectual i emocional: afavoreix la mem\u00f2ria i la creativitat, incrementa la coordinaci\u00f3 i ajuda a desenvolupar habilitats socials des d&#8217;edats molt primerenques.<\/p>\n\n\n\n<!--more-->\n\n\n\n<p>En una interpretaci\u00f3 musical es duen a terme una gran quantitat d&#8217;accions: lectura de la partitura, traducci\u00f3 i interpretaci\u00f3 del codi musical, translaci\u00f3 a moviments motors, planificaci\u00f3 de l&#8217;execuci\u00f3 futura, etc., a m\u00e9s de requerir grans dosis de concentraci\u00f3, atenci\u00f3 i emoci\u00f3. Tot aix\u00f2 ens mostra que l&#8217;aprenentatge musical \u00e9s un potent entrenament que requereix multitud de recursos cognitius, de manera que <strong>el cervell dels m\u00fasics \u00e9s un gran exemple de plasticitat<\/strong>.<\/p>\n\n\n\n<p>Estudiar m\u00fasica \u00e9s un plaer. A m\u00e9s, la m\u00fasica ens influeix en l\u2019aspecte f\u00edsic (pols, respiraci\u00f3), emocional, cognitiu, i en altres aspectes essencials per a l&#8217;\u00e9sser hum\u00e0, com el social. <strong>Tot i que els seus beneficis s\u00f3n visibles a qualsevol edat, s\u00f3n especialment rellevants quan el contacte amb la m\u00fasica s&#8217;inicia a edats primerenques<\/strong>.<\/p>\n\n\n\n<figure class=\"wp-block-image size-large\"><img loading=\"lazy\" decoding=\"async\" width=\"880\" height=\"592\" src=\"https:\/\/www.mgc.es\/wp-content\/uploads\/2020\/11\/aprendizaje-musical-ni\u00f1o-880x592.jpg\" alt=\"Aprendizaje musical guitarra\" class=\"wp-image-20298\" srcset=\"https:\/\/www.mgc.es\/wp-content\/uploads\/2020\/11\/aprendizaje-musical-ni\u00f1o-880x592.jpg 880w, https:\/\/www.mgc.es\/wp-content\/uploads\/2020\/11\/aprendizaje-musical-ni\u00f1o-440x296.jpg 440w, https:\/\/www.mgc.es\/wp-content\/uploads\/2020\/11\/aprendizaje-musical-ni\u00f1o-768x517.jpg 768w, https:\/\/www.mgc.es\/wp-content\/uploads\/2020\/11\/aprendizaje-musical-ni\u00f1o.jpg 1000w\" sizes=\"auto, (max-width: 880px) 100vw, 880px\" \/><\/figure>\n\n\n\n<h2 class=\"wp-block-heading\"><span class=\"ez-toc-section\" id=\"Millora_les_capacitats_cognitives_i_motores\"><\/span>Millora les capacitats cognitives i motores<span class=\"ez-toc-section-end\"><\/span><\/h2>\n\n\n\n<p>La pr\u00e0ctica musical habitual estimula el cervell i fa que es cre\u00efn <strong>noves connexions neuronals<\/strong> entre els dos hemisferis cerebrals, de manera que es milloren les habilitats ling\u00fc\u00edstiques, la mem\u00f2ria, la conducta o la intel\u00b7lig\u00e8ncia espacial (la capacitat per percebre el m\u00f3n de manera detallada i formar imatges mentals dels objectes), que \u00e9s fonamental en la vida quotidiana, ja sigui per solucionar problemes matem\u00e0tics complexos o fins i tot per embolicar un regal. I les caracter\u00edstiques de l&#8217;estudi d&#8217;un instrument, en qu\u00e8 es posen en pr\u00e0ctica rutines i exercicis, ajuden a interioritzar i desenvolupar una capacitat de <strong>coordinaci\u00f3<\/strong> que \u00e9s dif\u00edcil d\u2019aconseguir amb un altre tipus d&#8217;activitat.<\/p>\n\n\n\n<h2 class=\"wp-block-heading\"><span class=\"ez-toc-section\" id=\"Incrementa_la_memoria\"><\/span>Incrementa la mem\u00f2ria<span class=\"ez-toc-section-end\"><\/span><\/h2>\n\n\n\n<p>L&#8217;estudi de la m\u00fasica i\/o d&#8217;un instrument musical requereix adquirir una s\u00e8rie de coneixements sobre l&#8217;instrument, les peces que s&#8217;interpreten i altres aspectes m\u00e9s te\u00f2rics. Es treballen fonamentalment tres aspectes: <strong>la mem\u00f2ria visual, la mem\u00f2ria muscular o gestual i la mem\u00f2ria auditiva<\/strong>, que interactuen en un complex proc\u00e9s intel\u00b7lectual. Aquest tipus d&#8217;entrenament afavoreix la mem\u00f2ria, tant en l&#8217;estudi musical com en qualsevol altra \u00e0rea de la vida.<\/p>\n\n\n\n<figure class=\"wp-block-image size-large\"><img loading=\"lazy\" decoding=\"async\" width=\"880\" height=\"587\" src=\"https:\/\/www.mgc.es\/wp-content\/uploads\/2020\/11\/aprendizaje-musical-piano-880x587.jpg\" alt=\"Aprendizaje musical piano\" class=\"wp-image-20302\" srcset=\"https:\/\/www.mgc.es\/wp-content\/uploads\/2020\/11\/aprendizaje-musical-piano-880x587.jpg 880w, https:\/\/www.mgc.es\/wp-content\/uploads\/2020\/11\/aprendizaje-musical-piano-440x293.jpg 440w, https:\/\/www.mgc.es\/wp-content\/uploads\/2020\/11\/aprendizaje-musical-piano-768x512.jpg 768w, https:\/\/www.mgc.es\/wp-content\/uploads\/2020\/11\/aprendizaje-musical-piano-600x400.jpg 600w, https:\/\/www.mgc.es\/wp-content\/uploads\/2020\/11\/aprendizaje-musical-piano.jpg 1000w\" sizes=\"auto, (max-width: 880px) 100vw, 880px\" \/><\/figure>\n\n\n\n<h2 class=\"wp-block-heading\"><span class=\"ez-toc-section\" id=\"Estimula_la_creativitat_i_la_imaginacio\"><\/span>Estimula la creativitat i la imaginaci\u00f3<span class=\"ez-toc-section-end\"><\/span><\/h2>\n\n\n\n<p>Desenvolupar una disciplina art\u00edstica com la m\u00fasica <strong>potencia la creativitat i l&#8217;agilitat mental<\/strong>. El reconeixement de patrons r\u00edtmics en una melodia actua sobre la regi\u00f3 creativa i la motivadora del cervell, cosa que fa que desenvolupem el nostre m\u00f3n interior, estimula la nostra imaginaci\u00f3 i facilita la soluci\u00f3 de problemes de manera creativa.<\/p>\n\n\n\n<h2 class=\"wp-block-heading\"><span class=\"ez-toc-section\" id=\"Reforca_latencio_i_la_concentracio_i_afavoreix_la_disciplina\"><\/span>Refor\u00e7a l&#8217;atenci\u00f3 i la concentraci\u00f3 i afavoreix la disciplina<span class=\"ez-toc-section-end\"><\/span><\/h2>\n\n\n\n<p>Estudiar m\u00fasica i\/o tocar un instrument requereix ser capa\u00e7 de llegir una partitura i estar atent a la pr\u00f2pia interpretaci\u00f3 i a la dels altres. Aix\u00f2 fa que les persones amb formaci\u00f3 musical desenvolupin una capacitat superior de <strong>concentraci\u00f3 i atenci\u00f3<\/strong> als detalls, coneguin el valor de la paci\u00e8ncia i tinguin m\u00e9s voluntat per seguir disciplines i ser constants en el dia a dia.<\/p>\n\n\n\n<figure class=\"wp-block-image size-large\"><img loading=\"lazy\" decoding=\"async\" width=\"880\" height=\"587\" src=\"https:\/\/www.mgc.es\/wp-content\/uploads\/2020\/11\/aprenzizaje-musical-bateria-880x587.jpg\" alt=\"Aprendizaje musical bater\u00eda\" class=\"wp-image-20304\" srcset=\"https:\/\/www.mgc.es\/wp-content\/uploads\/2020\/11\/aprenzizaje-musical-bateria-880x587.jpg 880w, https:\/\/www.mgc.es\/wp-content\/uploads\/2020\/11\/aprenzizaje-musical-bateria-440x293.jpg 440w, https:\/\/www.mgc.es\/wp-content\/uploads\/2020\/11\/aprenzizaje-musical-bateria-768x512.jpg 768w, https:\/\/www.mgc.es\/wp-content\/uploads\/2020\/11\/aprenzizaje-musical-bateria-600x400.jpg 600w, https:\/\/www.mgc.es\/wp-content\/uploads\/2020\/11\/aprenzizaje-musical-bateria.jpg 1000w\" sizes=\"auto, (max-width: 880px) 100vw, 880px\" \/><\/figure>\n\n\n\n<h2 class=\"wp-block-heading\"><span class=\"ez-toc-section\" id=\"Millora_les_habilitats_socials_i_lautoestima\"><\/span>Millora les habilitats socials i l&#8217;autoestima<span class=\"ez-toc-section-end\"><\/span><\/h2>\n\n\n\n<p>Interpretar una pe\u00e7a musical en grup ensenya a apreciar la import\u00e0ncia de la coordinaci\u00f3 i el <strong>treball en equip<\/strong> a l&#8217;hora d&#8217;aconseguir un objectiu com\u00fa, cosa que millora notablement les habilitats socials. D&#8217;altra banda, la nostra capacitat constant d&#8217;aprenentatge, el fet de ser conscients dels nostres progressos i aconseguir l&#8217;atenci\u00f3 i el gaudi dels altres a trav\u00e9s de les nostres execucions musicals <strong>augmenta la confian\u00e7a en nosaltres mateixos<\/strong> i contribueix a augmentar la nostra autoestima.<\/p>\n\n\n\n<h2 class=\"wp-block-heading\"><span class=\"ez-toc-section\" id=\"Afavoreix_el_desenvolupament_emocional\"><\/span>Afavoreix el desenvolupament emocional<span class=\"ez-toc-section-end\"><\/span><\/h2>\n\n\n\n<p>Estudiar i interpretar m\u00fasica requereix que <strong>connectem amb les nostres emocions<\/strong>, indaguem en el nostre interior tot el que ens fa sentir i siguem capa\u00e7os de projectar-ho a l&#8217;exterior. Aix\u00ed, les persones que estudien, componen i interpreten m\u00fasica tenen m\u00e9s desenvolupat el sentit est\u00e8tic i compten amb una <strong>intel\u00b7lig\u00e8ncia emocional<\/strong> superior.<\/p>\n\n\n\n<figure class=\"wp-block-image size-large\"><img loading=\"lazy\" decoding=\"async\" width=\"880\" height=\"587\" src=\"https:\/\/www.mgc.es\/wp-content\/uploads\/2020\/11\/aprendizaje-musical-cantar-880x587.jpg\" alt=\"Cantando\" class=\"wp-image-20296\" srcset=\"https:\/\/www.mgc.es\/wp-content\/uploads\/2020\/11\/aprendizaje-musical-cantar-880x587.jpg 880w, https:\/\/www.mgc.es\/wp-content\/uploads\/2020\/11\/aprendizaje-musical-cantar-440x293.jpg 440w, https:\/\/www.mgc.es\/wp-content\/uploads\/2020\/11\/aprendizaje-musical-cantar-768x512.jpg 768w, https:\/\/www.mgc.es\/wp-content\/uploads\/2020\/11\/aprendizaje-musical-cantar-600x400.jpg 600w, https:\/\/www.mgc.es\/wp-content\/uploads\/2020\/11\/aprendizaje-musical-cantar.jpg 1000w\" sizes=\"auto, (max-width: 880px) 100vw, 880px\" \/><\/figure>\n\n\n\n<h2 class=\"wp-block-heading\"><span class=\"ez-toc-section\" id=\"Protegeix_contra_les_malalties_neurodegeneratives\"><\/span>Protegeix contra les malalties neurodegeneratives<span class=\"ez-toc-section-end\"><\/span><\/h2>\n\n\n\n<p>Algunes publicacions dels darrers anys han relacionat l&#8217;aprenentatge i la pr\u00e0ctica musical professional (amb un m\u00ednim de 10 anys) amb una <strong>protecci\u00f3 davant les malalties neurodegeneratives en edats avan\u00e7ades<\/strong>. \u00c9s a dir, estudiar m\u00fasica augmenta el volum o gruix de la mat\u00e8ria cerebral blanca i grisa, cosa que pot ajudar a prevenir aquestes malalties.<\/p>\n\n\n\n<p>A m\u00e9s de l&#8217;estudi musical, <strong>escoltar m\u00fasica t\u00e9 tamb\u00e9 molts beneficis saludables<\/strong>: genera endorfines que milloren el nostre estat d&#8217;\u00e0nim; redueix l&#8217;estr\u00e8s i l&#8217;ansietat, cosa que enforteix el sistema immunol\u00f2gic; <a href=\"https:\/\/www.mgc.es\/ca\/blog\/escoltar-musica-beneficia-el-teu-cor\/\">\u00e9s benefici\u00f3s per al cor<\/a>; millora la qualitat del son; ajuda a reduir el dolor; ens motiva a la realitzaci\u00f3 d&#8217;altres activitats, com la feina o l&#8217;esport, i, en general, millora la nostra qualitat de vida. Tot s\u00f3n avantatges, aix\u00ed que&#8230; que comenci la m\u00fasica!<\/p>\n","protected":false},"excerpt":{"rendered":"<p>Estudiar m\u00fasica, cant, composici\u00f3 i\/o aprendre a tocar un instrument \u00e9s un proc\u00e9s d&#8217;aprenentatge, pr\u00e0ctica i perfeccionament que t\u00e9 multitud de beneficis en el desenvolupament motriu, intel\u00b7lectual i emocional: afavoreix la mem\u00f2ria i la creativitat, incrementa la coordinaci\u00f3 i ajuda a desenvolupar habilitats socials des d&#8217;edats molt primerenques.<\/p>\n","protected":false},"author":3,"featured_media":20298,"comment_status":"open","ping_status":"open","sticky":false,"template":"","format":"standard","meta":{"footnotes":""},"categories":[659,662],"tags":[437,463,499],"class_list":["post-20308","post","type-post","status-publish","format-standard","has-post-thumbnail","hentry","category-benestar","category-salut-mental","tag-habits-saludables","tag-nens","tag-salut-emocional"],"featured_image_src":"https:\/\/www.mgc.es\/wp-content\/uploads\/2020\/11\/aprendizaje-musical-ni\u00f1o.jpg","author_info":{"display_name":"Revista Inter\u00e8s Mutu","author_link":"https:\/\/www.mgc.es\/ca\/blog\/author\/interesmutu\/"},"yoast_head":"<!-- This site is optimized with the Yoast SEO plugin v27.2 - https:\/\/yoast.com\/product\/yoast-seo-wordpress\/ -->\n<title>Els beneficis de l&#039;aprenentatge musical - MGC M\u00fatua<\/title>\n<meta name=\"robots\" content=\"index, follow, max-snippet:-1, max-image-preview:large, max-video-preview:-1\" \/>\n<link rel=\"canonical\" href=\"https:\/\/www.mgc.es\/ca\/blog\/els-beneficis-de-laprenentatge-musical\/\" \/>\n<meta property=\"og:locale\" content=\"ca_ES\" \/>\n<meta property=\"og:type\" content=\"article\" \/>\n<meta property=\"og:title\" content=\"Els beneficis de l&#039;aprenentatge musical - MGC M\u00fatua\" \/>\n<meta property=\"og:description\" content=\"Estudiar m\u00fasica, cant, composici\u00f3 i\/o aprendre a tocar un instrument \u00e9s un proc\u00e9s d&#8217;aprenentatge, pr\u00e0ctica i perfeccionament que t\u00e9 multitud de beneficis en el desenvolupament motriu, intel\u00b7lectual i emocional: afavoreix la mem\u00f2ria i la creativitat, incrementa la coordinaci\u00f3 i ajuda a desenvolupar habilitats socials des d&#8217;edats molt primerenques.\" \/>\n<meta property=\"og:url\" content=\"https:\/\/www.mgc.es\/ca\/blog\/els-beneficis-de-laprenentatge-musical\/\" \/>\n<meta property=\"og:site_name\" content=\"MGC M\u00fatua\" \/>\n<meta property=\"article:publisher\" content=\"https:\/\/www.facebook.com\/mgcmutua\" \/>\n<meta property=\"article:published_time\" content=\"2020-11-20T08:00:00+00:00\" \/>\n<meta property=\"og:image\" content=\"https:\/\/www.mgc.es\/wp-content\/uploads\/2020\/11\/aprendizaje-musical-ni\u00f1o.jpg\" \/>\n\t<meta property=\"og:image:width\" content=\"1000\" \/>\n\t<meta property=\"og:image:height\" content=\"673\" \/>\n\t<meta property=\"og:image:type\" content=\"image\/jpeg\" \/>\n<meta name=\"author\" content=\"Revista Inter\u00e8s Mutu\" \/>\n<meta name=\"twitter:card\" content=\"summary_large_image\" \/>\n<meta name=\"twitter:creator\" content=\"@mgcmutua\" \/>\n<meta name=\"twitter:site\" content=\"@mgcmutua\" \/>\n<meta name=\"twitter:label1\" content=\"Escrit per\" \/>\n\t<meta name=\"twitter:data1\" content=\"Revista Inter\u00e8s Mutu\" \/>\n\t<meta name=\"twitter:label2\" content=\"Temps estimat de lectura\" \/>\n\t<meta name=\"twitter:data2\" content=\"4 minuts\" \/>\n<!-- \/ Yoast SEO plugin. -->","yoast_head_json":{"title":"Els beneficis de l'aprenentatge musical - MGC M\u00fatua","robots":{"index":"index","follow":"follow","max-snippet":"max-snippet:-1","max-image-preview":"max-image-preview:large","max-video-preview":"max-video-preview:-1"},"canonical":"https:\/\/www.mgc.es\/ca\/blog\/els-beneficis-de-laprenentatge-musical\/","og_locale":"ca_ES","og_type":"article","og_title":"Els beneficis de l'aprenentatge musical - MGC M\u00fatua","og_description":"Estudiar m\u00fasica, cant, composici\u00f3 i\/o aprendre a tocar un instrument \u00e9s un proc\u00e9s d&#8217;aprenentatge, pr\u00e0ctica i perfeccionament que t\u00e9 multitud de beneficis en el desenvolupament motriu, intel\u00b7lectual i emocional: afavoreix la mem\u00f2ria i la creativitat, incrementa la coordinaci\u00f3 i ajuda a desenvolupar habilitats socials des d&#8217;edats molt primerenques.","og_url":"https:\/\/www.mgc.es\/ca\/blog\/els-beneficis-de-laprenentatge-musical\/","og_site_name":"MGC M\u00fatua","article_publisher":"https:\/\/www.facebook.com\/mgcmutua","article_published_time":"2020-11-20T08:00:00+00:00","og_image":[{"width":1000,"height":673,"url":"https:\/\/www.mgc.es\/wp-content\/uploads\/2020\/11\/aprendizaje-musical-ni\u00f1o.jpg","type":"image\/jpeg"}],"author":"Revista Inter\u00e8s Mutu","twitter_card":"summary_large_image","twitter_creator":"@mgcmutua","twitter_site":"@mgcmutua","twitter_misc":{"Escrit per":"Revista Inter\u00e8s Mutu","Temps estimat de lectura":"4 minuts"},"schema":{"@context":"https:\/\/schema.org","@graph":[{"@type":["Article","BlogPosting"],"@id":"https:\/\/www.mgc.es\/ca\/blog\/els-beneficis-de-laprenentatge-musical\/#article","isPartOf":{"@id":"https:\/\/www.mgc.es\/ca\/blog\/els-beneficis-de-laprenentatge-musical\/"},"author":{"name":"Revista Inter\u00e8s Mutu","@id":"https:\/\/www.mgc.es\/#\/schema\/person\/010c961d9c9acf38f11187a02b646c16"},"headline":"Els beneficis de l&#8217;aprenentatge musical","datePublished":"2020-11-20T08:00:00+00:00","mainEntityOfPage":{"@id":"https:\/\/www.mgc.es\/ca\/blog\/els-beneficis-de-laprenentatge-musical\/"},"wordCount":838,"commentCount":0,"publisher":{"@id":"https:\/\/www.mgc.es\/#organization"},"image":{"@id":"https:\/\/www.mgc.es\/ca\/blog\/els-beneficis-de-laprenentatge-musical\/#primaryimage"},"thumbnailUrl":"https:\/\/www.mgc.es\/wp-content\/uploads\/2020\/11\/aprendizaje-musical-ni\u00f1o.jpg","keywords":["h\u00e0bits saludables","nens","salut emocional"],"articleSection":["Benestar i exercici","Salut Mental"],"inLanguage":"ca","potentialAction":[{"@type":"CommentAction","name":"Comment","target":["https:\/\/www.mgc.es\/ca\/blog\/els-beneficis-de-laprenentatge-musical\/#respond"]}]},{"@type":["WebPage","ItemPage"],"@id":"https:\/\/www.mgc.es\/ca\/blog\/els-beneficis-de-laprenentatge-musical\/","url":"https:\/\/www.mgc.es\/ca\/blog\/els-beneficis-de-laprenentatge-musical\/","name":"Els beneficis de l'aprenentatge musical - MGC M\u00fatua","isPartOf":{"@id":"https:\/\/www.mgc.es\/#website"},"primaryImageOfPage":{"@id":"https:\/\/www.mgc.es\/ca\/blog\/els-beneficis-de-laprenentatge-musical\/#primaryimage"},"image":{"@id":"https:\/\/www.mgc.es\/ca\/blog\/els-beneficis-de-laprenentatge-musical\/#primaryimage"},"thumbnailUrl":"https:\/\/www.mgc.es\/wp-content\/uploads\/2020\/11\/aprendizaje-musical-ni\u00f1o.jpg","datePublished":"2020-11-20T08:00:00+00:00","breadcrumb":{"@id":"https:\/\/www.mgc.es\/ca\/blog\/els-beneficis-de-laprenentatge-musical\/#breadcrumb"},"inLanguage":"ca","potentialAction":[{"@type":"ReadAction","target":["https:\/\/www.mgc.es\/ca\/blog\/els-beneficis-de-laprenentatge-musical\/"]}]},{"@type":"ImageObject","inLanguage":"ca","@id":"https:\/\/www.mgc.es\/ca\/blog\/els-beneficis-de-laprenentatge-musical\/#primaryimage","url":"https:\/\/www.mgc.es\/wp-content\/uploads\/2020\/11\/aprendizaje-musical-ni\u00f1o.jpg","contentUrl":"https:\/\/www.mgc.es\/wp-content\/uploads\/2020\/11\/aprendizaje-musical-ni\u00f1o.jpg","width":1000,"height":673,"caption":"Aprendizaje musical guitarra"},{"@type":"BreadcrumbList","@id":"https:\/\/www.mgc.es\/ca\/blog\/els-beneficis-de-laprenentatge-musical\/#breadcrumb","itemListElement":[{"@type":"ListItem","position":1,"name":"Home","item":"https:\/\/www.mgc.es\/ca\/"},{"@type":"ListItem","position":2,"name":"Els beneficis de l&#8217;aprenentatge musical"}]},{"@type":"WebSite","@id":"https:\/\/www.mgc.es\/#website","url":"https:\/\/www.mgc.es\/","name":"MGC M\u00fatua","description":"MGC M\u00fatua \u00e9s una entitat asseguradora sense \u00e0nim de lucre constitu\u00efda al 1982 i especialitzada en assegurances de salut i assist\u00e8ncia.","publisher":{"@id":"https:\/\/www.mgc.es\/#organization"},"alternateName":"MGC","potentialAction":[{"@type":"SearchAction","target":{"@type":"EntryPoint","urlTemplate":"https:\/\/www.mgc.es\/?s={search_term_string}"},"query-input":{"@type":"PropertyValueSpecification","valueRequired":true,"valueName":"search_term_string"}}],"inLanguage":"ca"},{"@type":"Organization","@id":"https:\/\/www.mgc.es\/#organization","name":"MGC Mutua","alternateName":"MGC","url":"https:\/\/www.mgc.es\/","logo":{"@type":"ImageObject","inLanguage":"ca","@id":"https:\/\/www.mgc.es\/#\/schema\/logo\/image\/","url":"https:\/\/www.mgc.es\/wp-content\/uploads\/2020\/03\/mgcmutua_h2_2t_reduccions.png","contentUrl":"https:\/\/www.mgc.es\/wp-content\/uploads\/2020\/03\/mgcmutua_h2_2t_reduccions.png","width":303,"height":165,"caption":"MGC Mutua"},"image":{"@id":"https:\/\/www.mgc.es\/#\/schema\/logo\/image\/"},"sameAs":["https:\/\/www.facebook.com\/mgcmutua","https:\/\/x.com\/mgcmutua","https:\/\/www.youtube.com\/c\/MGCMutua"]},{"@type":"Person","@id":"https:\/\/www.mgc.es\/#\/schema\/person\/010c961d9c9acf38f11187a02b646c16","name":"Revista Inter\u00e8s Mutu","image":{"@type":"ImageObject","inLanguage":"ca","@id":"https:\/\/secure.gravatar.com\/avatar\/52302d684339b9d7bf5691e2ad00835d62ce3b4a435f21ca9f21fbe39c63cb1b?s=96&d=mm&r=g","url":"https:\/\/secure.gravatar.com\/avatar\/52302d684339b9d7bf5691e2ad00835d62ce3b4a435f21ca9f21fbe39c63cb1b?s=96&d=mm&r=g","contentUrl":"https:\/\/secure.gravatar.com\/avatar\/52302d684339b9d7bf5691e2ad00835d62ce3b4a435f21ca9f21fbe39c63cb1b?s=96&d=mm&r=g","caption":"Revista Inter\u00e8s Mutu"}}]}},"_links":{"self":[{"href":"https:\/\/www.mgc.es\/ca\/wp-json\/wp\/v2\/posts\/20308","targetHints":{"allow":["GET"]}}],"collection":[{"href":"https:\/\/www.mgc.es\/ca\/wp-json\/wp\/v2\/posts"}],"about":[{"href":"https:\/\/www.mgc.es\/ca\/wp-json\/wp\/v2\/types\/post"}],"author":[{"embeddable":true,"href":"https:\/\/www.mgc.es\/ca\/wp-json\/wp\/v2\/users\/3"}],"replies":[{"embeddable":true,"href":"https:\/\/www.mgc.es\/ca\/wp-json\/wp\/v2\/comments?post=20308"}],"version-history":[{"count":1,"href":"https:\/\/www.mgc.es\/ca\/wp-json\/wp\/v2\/posts\/20308\/revisions"}],"predecessor-version":[{"id":20309,"href":"https:\/\/www.mgc.es\/ca\/wp-json\/wp\/v2\/posts\/20308\/revisions\/20309"}],"wp:featuredmedia":[{"embeddable":true,"href":"https:\/\/www.mgc.es\/ca\/wp-json\/wp\/v2\/media\/20298"}],"wp:attachment":[{"href":"https:\/\/www.mgc.es\/ca\/wp-json\/wp\/v2\/media?parent=20308"}],"wp:term":[{"taxonomy":"category","embeddable":true,"href":"https:\/\/www.mgc.es\/ca\/wp-json\/wp\/v2\/categories?post=20308"},{"taxonomy":"post_tag","embeddable":true,"href":"https:\/\/www.mgc.es\/ca\/wp-json\/wp\/v2\/tags?post=20308"}],"curies":[{"name":"wp","href":"https:\/\/api.w.org\/{rel}","templated":true}]}}