{"id":20268,"date":"2020-11-16T16:05:27","date_gmt":"2020-11-16T15:05:27","guid":{"rendered":"https:\/\/www.mgc.es\/?p=20268"},"modified":"2020-11-25T13:41:37","modified_gmt":"2020-11-25T12:41:37","slug":"tractaments-destetica-dental-les-facetes-dentals","status":"publish","type":"post","link":"https:\/\/www.mgc.es\/ca\/blog\/tractaments-destetica-dental-les-facetes-dentals\/","title":{"rendered":"Tractaments d&#8217;est\u00e8tica dental: les facetes dentals"},"content":{"rendered":"<div id=\"ez-toc-container\" class=\"ez-toc-v2_0_82_1 counter-hierarchy ez-toc-counter ez-toc-custom ez-toc-container-direction\">\n<div class=\"ez-toc-title-container\"><p class=\"ez-toc-title\" style=\"cursor:inherit\">\u00cdndex de continguts<\/p>\n<\/div><nav><ul class='ez-toc-list ez-toc-list-level-1 ' ><li class='ez-toc-page-1 ez-toc-heading-level-2'><a class=\"ez-toc-link ez-toc-heading-1\" href=\"https:\/\/www.mgc.es\/ca\/blog\/tractaments-destetica-dental-les-facetes-dentals\/#Que_son_les_facetes_dentals_i_per_a_que_serveixen\" >Qu\u00e8 s\u00f3n les facetes dentals i per a qu\u00e8 serveixen?<\/a><\/li><li class='ez-toc-page-1 ez-toc-heading-level-2'><a class=\"ez-toc-link ez-toc-heading-2\" href=\"https:\/\/www.mgc.es\/ca\/blog\/tractaments-destetica-dental-les-facetes-dentals\/#Quins_tipus_de_facetes_hi_ha\" >Quins tipus de facetes hi ha?<\/a><\/li><li class='ez-toc-page-1 ez-toc-heading-level-2'><a class=\"ez-toc-link ez-toc-heading-3\" href=\"https:\/\/www.mgc.es\/ca\/blog\/tractaments-destetica-dental-les-facetes-dentals\/#Requereixen_un_manteniment_especial\" >Requereixen un manteniment especial?<\/a><\/li><\/ul><\/nav><\/div>\n\n<div class=\"video\"><iframe loading=\"lazy\" src=\"https:\/\/player.vimeo.com\/video\/481170221\" width=\"640\" height=\"360\" frameborder=\"0\" allow=\"autoplay; fullscreen\" allowfullscreen=\"\"><\/iframe><\/div>\n\n\n\n<p>Les facetes dentals s\u00f3n un dels tractaments d&#8217;est\u00e8tica dental m\u00e9s sol\u00b7licitats en els \u00faltims anys per corregir defectes en el color i l&#8217;alineaci\u00f3 o els produ\u00efts pel desgast. <strong>Patricia-Jara L\u00f3pez L\u00f3pez<\/strong>, especialista en odontologia de la <a href=\"https:\/\/www.belodonte.es\">Cl\u00ednica Belodonte<\/a>, ens explica en qu\u00e8 consisteix aquesta t\u00e8cnica i quin tipus de materials es poden utilitzar.<\/p>\n\n\n\n<!--more-->\n\n\n\n<h3 class=\"wp-block-heading\">Qu\u00e8 \u00e9s l\u2019est\u00e8tica dental?<\/h3>\n\n\n\n<p>L\u2019est\u00e8tica dental \u00e9s una especialitat de l\u2019odontologia que t\u00e9 l\u2019objectiu de solucionar problemes relatius a la salut i la funcionalitat de la boca i aconseguir l\u2019harmonia del somriure. Aquesta harmonia est\u00e8tica \u00e9s important per aconseguir resultats positius per a la confian\u00e7a i l\u2019autoestima del pacient, i per aquest motiu ha de sentir-se c\u00f2mode quan somrigui. No \u00e9s el mateix una persona a qui li agrada somriure, perqu\u00e8 t\u00e9 un somriure bonic, que una que l\u2019oculta. Hi ha molts pacients que tenen aquesta por de somriure i ho eviten en la mesura del possible perqu\u00e8 els incomoda la seva boca. I aix\u00f2 pot arribar a produir un complex.<\/p>\n\n\n\n<p>Gr\u00e0cies a la tecnologia, l\u2019est\u00e8tica dental ha avan\u00e7at molt en els \u00faltims anys i avui dia tenim m\u00faltiples opcions. Per exemple, si fem una ortod\u00f2ncia per a l\u2019alineament dental, existeixen t\u00e8cniques, com ara l\u2019ortod\u00f2ncia invisible (Invisalign), amb les quals ja no cal utilitzar els tradicionals br\u00e0quets, que podien crear una mica de complex. D\u2019altra banda, si les dents no tenen un color bonic, podem fer un <a href=\"https:\/\/www.mgc.es\/ca\/blog\/tractaments-destetica-dental-lemblanquiment-dental\/\">emblanquiment dental<\/a>. O si no tenen un aspecte est\u00e8tic, podem fer facetes dentals, un dels tractaments est\u00e8tics amb m\u00e9s demanda en els \u00faltims anys, per trobar l&#8217;harmonia dental.<\/p>\n\n\n\n<h2 class=\"wp-block-heading\"><span class=\"ez-toc-section\" id=\"Que_son_les_facetes_dentals_i_per_a_que_serveixen\"><\/span>Qu\u00e8 s\u00f3n les facetes dentals i per a qu\u00e8 serveixen?<span class=\"ez-toc-section-end\"><\/span><\/h2>\n\n\n\n<p>Les facetes s\u00f3n unes petites l\u00e0mines que cobreixen la part frontal de les dents per corregir la forma, el color, la desalineaci\u00f3 dental i altres defectes produ\u00efts pel desgast. Proporcionen una aparen\u00e7a natural i atractiva i creen harmonia en el somriure. Aquests revestiments s\u00f3n fins i forts, d&#8217;aspecte natural i estan fets a mida perqu\u00e8 coincideixin amb la forma i el color de les dents del pacient.<\/p>\n\n\n\n<p>El disseny del somriure es fa a trav\u00e9s d&#8217;unes maquetes o prototips que es diuen <em>mock up<\/em> i que permeten que el pacient pugui avaluar abans de comen\u00e7ar el tractament, tant de manera funcional com est\u00e8tica, si li agrada, si no li agrada o qu\u00e8 es pot millorar. Sempre busquem aquesta harmonia i que el pacient se senti c\u00f2mode a l&#8217;hora de somriure.<\/p>\n\n\n\n<p>Actualment, les facetes es consideren un tractament poc invasiu molt respectu\u00f3s amb l&#8217;estructura natural de la dent que permet millorar substancialment el seu aspecte de manera r\u00e0pida i efica\u00e7, tot i que l&#8217;odont\u00f2leg ha de valorar si estan indicades en cada cas.<\/p>\n\n\n\n<figure class=\"wp-block-image size-large\"><img loading=\"lazy\" decoding=\"async\" width=\"880\" height=\"587\" src=\"https:\/\/www.mgc.es\/wp-content\/uploads\/2020\/11\/carillas-880x587.jpg\" alt=\"\" class=\"wp-image-20271\" srcset=\"https:\/\/www.mgc.es\/wp-content\/uploads\/2020\/11\/carillas-880x587.jpg 880w, https:\/\/www.mgc.es\/wp-content\/uploads\/2020\/11\/carillas-440x293.jpg 440w, https:\/\/www.mgc.es\/wp-content\/uploads\/2020\/11\/carillas-768x512.jpg 768w, https:\/\/www.mgc.es\/wp-content\/uploads\/2020\/11\/carillas-600x400.jpg 600w, https:\/\/www.mgc.es\/wp-content\/uploads\/2020\/11\/carillas.jpg 1500w\" sizes=\"auto, (max-width: 880px) 100vw, 880px\" \/><\/figure>\n\n\n\n<h2 class=\"wp-block-heading\"><span class=\"ez-toc-section\" id=\"Quins_tipus_de_facetes_hi_ha\"><\/span>Quins tipus de facetes hi ha?<span class=\"ez-toc-section-end\"><\/span><\/h2>\n\n\n\n<p>Les facetes es fan amb materials d&#8217;alt valor est\u00e8tic i que tenen una gran semblan\u00e7a amb la dent natural. Avui dia, gr\u00e0cies a la tecnologia i als diferents materials que tenim, podem col\u00b7locar facetes dentals pr\u00e0cticament sense tallar les peces dentals. Poden ser de comp\u00f2sit (resines compostes) o de porcellana.<\/p>\n\n\n\n<p><strong>Les facetes de comp\u00f2sit<\/strong> estan fetes de resines sint\u00e8tiques compostes que s&#8217;adhereixen a la dent i es treballen i modelen a la cl\u00ednica dental, directament a la boca del pacient. No danyen la dent ni la geniva i s\u00f3n m\u00e9s econ\u00f2miques que les de porcellana, tot i que tamb\u00e9 menys duradores i poden perdre color, de manera que solen necessitar una renovaci\u00f3 entre els 5 i els 7 anys. Posar aquest tipus de facetes nom\u00e9s requereix una visita a la cl\u00ednica dental.<\/p>\n\n\n\n<p><strong>Les facetes de porcellana<\/strong> estan fetes de material cer\u00e0mic, m\u00e9s fort i resistent, per la qual cosa s\u00f3n m\u00e9s duradores (al voltant de 20 anys). Posar aquest tipus de facetes requereix dues visites a la cl\u00ednica dental. En la primera es dissenya el motlle de les dents i s&#8217;envia al laboratori per fer les peces, i en la segona es col\u00b7loquen en cada dent amb un ciment resin\u00f3s.<\/p>\n\n\n\n<h2 class=\"wp-block-heading\"><span class=\"ez-toc-section\" id=\"Requereixen_un_manteniment_especial\"><\/span>Requereixen un manteniment especial?<span class=\"ez-toc-section-end\"><\/span><\/h2>\n\n\n\n<p>Les facetes requereixen la mateixa cura i neteja que les dents naturals pel que fa a higiene bucodental: un raspallat suau i lent com a m\u00ednim tres vegades al dia i la neteja interdental amb l&#8217;ajuda de fils o raspalls espec\u00edfics.<\/p>\n\n\n\n<p>Tamb\u00e9 hem de tenir en compte que, tot i que les facetes estan fetes de materials resistents, hem de tenir cura a l&#8217;hora de menjar certs aliments, com ara llavors, ossos o closques, per evitar que es fracturin.<\/p>\n\n\n\n<p>I com a norma general en la cura bucodental, les revisions i visites al dentista han de ser regulars, tot i que que si les facetes s\u00f3n de comp\u00f2sit, com que \u00e9s un material que es pot deteriorar m\u00e9s que la porcellana, \u00e9s recomanable fer una revisi\u00f3 cada 6 o 12 mesos, depenent de la valoraci\u00f3 de l&#8217;especialista dental.<\/p>\n","protected":false},"excerpt":{"rendered":"<p>Les facetes dentals s\u00f3n un dels tractaments d&#8217;est\u00e8tica dental m\u00e9s sol\u00b7licitats en els \u00faltims anys per corregir defectes en el color i l&#8217;alineaci\u00f3 o els produ\u00efts pel desgast. Patricia-Jara L\u00f3pez L\u00f3pez, especialista en odontologia de la Cl\u00ednica Belodonte, ens explica en qu\u00e8 consisteix aquesta t\u00e8cnica i quin tipus de materials es poden utilitzar.<\/p>\n","protected":false},"author":3,"featured_media":20318,"comment_status":"open","ping_status":"open","sticky":false,"template":"","format":"standard","meta":{"footnotes":""},"categories":[997,15],"tags":[402,372,413,616],"class_list":["post-20268","post","type-post","status-publish","format-standard","has-post-thumbnail","hentry","category-odontologia","category-salut","tag-centre-medic","tag-dental-ca","tag-destacat","tag-estetica"],"featured_image_src":"https:\/\/www.mgc.es\/wp-content\/uploads\/2020\/11\/carillas-dentales-THUMBNAIL-1.jpg","author_info":{"display_name":"Revista Inter\u00e8s Mutu","author_link":"https:\/\/www.mgc.es\/ca\/blog\/author\/interesmutu\/"},"yoast_head":"<!-- This site is optimized with the Yoast SEO plugin v27.2 - https:\/\/yoast.com\/product\/yoast-seo-wordpress\/ -->\n<title>Tractaments d&#039;est\u00e8tica dental: les facetes dentals - MGC M\u00fatua<\/title>\n<meta name=\"robots\" content=\"index, follow, max-snippet:-1, max-image-preview:large, max-video-preview:-1\" \/>\n<link rel=\"canonical\" href=\"https:\/\/www.mgc.es\/ca\/blog\/tractaments-destetica-dental-les-facetes-dentals\/\" \/>\n<meta property=\"og:locale\" content=\"ca_ES\" \/>\n<meta property=\"og:type\" content=\"article\" \/>\n<meta property=\"og:title\" content=\"Tractaments d&#039;est\u00e8tica dental: les facetes dentals - MGC M\u00fatua\" \/>\n<meta property=\"og:description\" content=\"Les facetes dentals s\u00f3n un dels tractaments d&#8217;est\u00e8tica dental m\u00e9s sol\u00b7licitats en els \u00faltims anys per corregir defectes en el color i l&#8217;alineaci\u00f3 o els produ\u00efts pel desgast. Patricia-Jara L\u00f3pez L\u00f3pez, especialista en odontologia de la Cl\u00ednica Belodonte, ens explica en qu\u00e8 consisteix aquesta t\u00e8cnica i quin tipus de materials es poden utilitzar.\" \/>\n<meta property=\"og:url\" content=\"https:\/\/www.mgc.es\/ca\/blog\/tractaments-destetica-dental-les-facetes-dentals\/\" \/>\n<meta property=\"og:site_name\" content=\"MGC M\u00fatua\" \/>\n<meta property=\"article:publisher\" content=\"https:\/\/www.facebook.com\/mgcmutua\" \/>\n<meta property=\"article:published_time\" content=\"2020-11-16T15:05:27+00:00\" \/>\n<meta property=\"article:modified_time\" content=\"2020-11-25T12:41:37+00:00\" \/>\n<meta property=\"og:image\" content=\"https:\/\/www.mgc.es\/wp-content\/uploads\/2020\/11\/carillas-dentales-THUMBNAIL-1.jpg\" \/>\n\t<meta property=\"og:image:width\" content=\"1024\" \/>\n\t<meta property=\"og:image:height\" content=\"576\" \/>\n\t<meta property=\"og:image:type\" content=\"image\/jpeg\" \/>\n<meta name=\"author\" content=\"Revista Inter\u00e8s Mutu\" \/>\n<meta name=\"twitter:card\" content=\"summary_large_image\" \/>\n<meta name=\"twitter:creator\" content=\"@mgcmutua\" \/>\n<meta name=\"twitter:site\" content=\"@mgcmutua\" \/>\n<meta name=\"twitter:label1\" content=\"Escrit per\" \/>\n\t<meta name=\"twitter:data1\" content=\"Revista Inter\u00e8s Mutu\" \/>\n\t<meta name=\"twitter:label2\" content=\"Temps estimat de lectura\" \/>\n\t<meta name=\"twitter:data2\" content=\"4 minuts\" \/>\n<!-- \/ Yoast SEO plugin. -->","yoast_head_json":{"title":"Tractaments d'est\u00e8tica dental: les facetes dentals - MGC M\u00fatua","robots":{"index":"index","follow":"follow","max-snippet":"max-snippet:-1","max-image-preview":"max-image-preview:large","max-video-preview":"max-video-preview:-1"},"canonical":"https:\/\/www.mgc.es\/ca\/blog\/tractaments-destetica-dental-les-facetes-dentals\/","og_locale":"ca_ES","og_type":"article","og_title":"Tractaments d'est\u00e8tica dental: les facetes dentals - MGC M\u00fatua","og_description":"Les facetes dentals s\u00f3n un dels tractaments d&#8217;est\u00e8tica dental m\u00e9s sol\u00b7licitats en els \u00faltims anys per corregir defectes en el color i l&#8217;alineaci\u00f3 o els produ\u00efts pel desgast. Patricia-Jara L\u00f3pez L\u00f3pez, especialista en odontologia de la Cl\u00ednica Belodonte, ens explica en qu\u00e8 consisteix aquesta t\u00e8cnica i quin tipus de materials es poden utilitzar.","og_url":"https:\/\/www.mgc.es\/ca\/blog\/tractaments-destetica-dental-les-facetes-dentals\/","og_site_name":"MGC M\u00fatua","article_publisher":"https:\/\/www.facebook.com\/mgcmutua","article_published_time":"2020-11-16T15:05:27+00:00","article_modified_time":"2020-11-25T12:41:37+00:00","og_image":[{"width":1024,"height":576,"url":"https:\/\/www.mgc.es\/wp-content\/uploads\/2020\/11\/carillas-dentales-THUMBNAIL-1.jpg","type":"image\/jpeg"}],"author":"Revista Inter\u00e8s Mutu","twitter_card":"summary_large_image","twitter_creator":"@mgcmutua","twitter_site":"@mgcmutua","twitter_misc":{"Escrit per":"Revista Inter\u00e8s Mutu","Temps estimat de lectura":"4 minuts"},"schema":{"@context":"https:\/\/schema.org","@graph":[{"@type":["Article","BlogPosting"],"@id":"https:\/\/www.mgc.es\/ca\/blog\/tractaments-destetica-dental-les-facetes-dentals\/#article","isPartOf":{"@id":"https:\/\/www.mgc.es\/ca\/blog\/tractaments-destetica-dental-les-facetes-dentals\/"},"author":{"name":"Revista Inter\u00e8s Mutu","@id":"https:\/\/www.mgc.es\/#\/schema\/person\/010c961d9c9acf38f11187a02b646c16"},"headline":"Tractaments d&#8217;est\u00e8tica dental: les facetes dentals","datePublished":"2020-11-16T15:05:27+00:00","dateModified":"2020-11-25T12:41:37+00:00","mainEntityOfPage":{"@id":"https:\/\/www.mgc.es\/ca\/blog\/tractaments-destetica-dental-les-facetes-dentals\/"},"wordCount":865,"commentCount":0,"publisher":{"@id":"https:\/\/www.mgc.es\/#organization"},"image":{"@id":"https:\/\/www.mgc.es\/ca\/blog\/tractaments-destetica-dental-les-facetes-dentals\/#primaryimage"},"thumbnailUrl":"https:\/\/www.mgc.es\/wp-content\/uploads\/2020\/11\/carillas-dentales-THUMBNAIL-1.jpg","keywords":["centre m\u00e8dic","Dental","destacat","estetica"],"articleSection":["Odontologia","Salut i medicina"],"inLanguage":"ca","potentialAction":[{"@type":"CommentAction","name":"Comment","target":["https:\/\/www.mgc.es\/ca\/blog\/tractaments-destetica-dental-les-facetes-dentals\/#respond"]}]},{"@type":["WebPage","ItemPage"],"@id":"https:\/\/www.mgc.es\/ca\/blog\/tractaments-destetica-dental-les-facetes-dentals\/","url":"https:\/\/www.mgc.es\/ca\/blog\/tractaments-destetica-dental-les-facetes-dentals\/","name":"Tractaments d'est\u00e8tica dental: les facetes dentals - MGC M\u00fatua","isPartOf":{"@id":"https:\/\/www.mgc.es\/#website"},"primaryImageOfPage":{"@id":"https:\/\/www.mgc.es\/ca\/blog\/tractaments-destetica-dental-les-facetes-dentals\/#primaryimage"},"image":{"@id":"https:\/\/www.mgc.es\/ca\/blog\/tractaments-destetica-dental-les-facetes-dentals\/#primaryimage"},"thumbnailUrl":"https:\/\/www.mgc.es\/wp-content\/uploads\/2020\/11\/carillas-dentales-THUMBNAIL-1.jpg","datePublished":"2020-11-16T15:05:27+00:00","dateModified":"2020-11-25T12:41:37+00:00","breadcrumb":{"@id":"https:\/\/www.mgc.es\/ca\/blog\/tractaments-destetica-dental-les-facetes-dentals\/#breadcrumb"},"inLanguage":"ca","potentialAction":[{"@type":"ReadAction","target":["https:\/\/www.mgc.es\/ca\/blog\/tractaments-destetica-dental-les-facetes-dentals\/"]}]},{"@type":"ImageObject","inLanguage":"ca","@id":"https:\/\/www.mgc.es\/ca\/blog\/tractaments-destetica-dental-les-facetes-dentals\/#primaryimage","url":"https:\/\/www.mgc.es\/wp-content\/uploads\/2020\/11\/carillas-dentales-THUMBNAIL-1.jpg","contentUrl":"https:\/\/www.mgc.es\/wp-content\/uploads\/2020\/11\/carillas-dentales-THUMBNAIL-1.jpg","width":1024,"height":576,"caption":"carillas dentales"},{"@type":"BreadcrumbList","@id":"https:\/\/www.mgc.es\/ca\/blog\/tractaments-destetica-dental-les-facetes-dentals\/#breadcrumb","itemListElement":[{"@type":"ListItem","position":1,"name":"Home","item":"https:\/\/www.mgc.es\/ca\/"},{"@type":"ListItem","position":2,"name":"Tractaments d&#8217;est\u00e8tica dental: les facetes dentals"}]},{"@type":"WebSite","@id":"https:\/\/www.mgc.es\/#website","url":"https:\/\/www.mgc.es\/","name":"MGC M\u00fatua","description":"MGC M\u00fatua \u00e9s una entitat asseguradora sense \u00e0nim de lucre constitu\u00efda al 1982 i especialitzada en assegurances de salut i assist\u00e8ncia.","publisher":{"@id":"https:\/\/www.mgc.es\/#organization"},"alternateName":"MGC","potentialAction":[{"@type":"SearchAction","target":{"@type":"EntryPoint","urlTemplate":"https:\/\/www.mgc.es\/?s={search_term_string}"},"query-input":{"@type":"PropertyValueSpecification","valueRequired":true,"valueName":"search_term_string"}}],"inLanguage":"ca"},{"@type":"Organization","@id":"https:\/\/www.mgc.es\/#organization","name":"MGC Mutua","alternateName":"MGC","url":"https:\/\/www.mgc.es\/","logo":{"@type":"ImageObject","inLanguage":"ca","@id":"https:\/\/www.mgc.es\/#\/schema\/logo\/image\/","url":"https:\/\/www.mgc.es\/wp-content\/uploads\/2020\/03\/mgcmutua_h2_2t_reduccions.png","contentUrl":"https:\/\/www.mgc.es\/wp-content\/uploads\/2020\/03\/mgcmutua_h2_2t_reduccions.png","width":303,"height":165,"caption":"MGC Mutua"},"image":{"@id":"https:\/\/www.mgc.es\/#\/schema\/logo\/image\/"},"sameAs":["https:\/\/www.facebook.com\/mgcmutua","https:\/\/x.com\/mgcmutua","https:\/\/www.youtube.com\/c\/MGCMutua"]},{"@type":"Person","@id":"https:\/\/www.mgc.es\/#\/schema\/person\/010c961d9c9acf38f11187a02b646c16","name":"Revista Inter\u00e8s Mutu","image":{"@type":"ImageObject","inLanguage":"ca","@id":"https:\/\/secure.gravatar.com\/avatar\/52302d684339b9d7bf5691e2ad00835d62ce3b4a435f21ca9f21fbe39c63cb1b?s=96&d=mm&r=g","url":"https:\/\/secure.gravatar.com\/avatar\/52302d684339b9d7bf5691e2ad00835d62ce3b4a435f21ca9f21fbe39c63cb1b?s=96&d=mm&r=g","contentUrl":"https:\/\/secure.gravatar.com\/avatar\/52302d684339b9d7bf5691e2ad00835d62ce3b4a435f21ca9f21fbe39c63cb1b?s=96&d=mm&r=g","caption":"Revista Inter\u00e8s Mutu"}}]}},"_links":{"self":[{"href":"https:\/\/www.mgc.es\/ca\/wp-json\/wp\/v2\/posts\/20268","targetHints":{"allow":["GET"]}}],"collection":[{"href":"https:\/\/www.mgc.es\/ca\/wp-json\/wp\/v2\/posts"}],"about":[{"href":"https:\/\/www.mgc.es\/ca\/wp-json\/wp\/v2\/types\/post"}],"author":[{"embeddable":true,"href":"https:\/\/www.mgc.es\/ca\/wp-json\/wp\/v2\/users\/3"}],"replies":[{"embeddable":true,"href":"https:\/\/www.mgc.es\/ca\/wp-json\/wp\/v2\/comments?post=20268"}],"version-history":[{"count":5,"href":"https:\/\/www.mgc.es\/ca\/wp-json\/wp\/v2\/posts\/20268\/revisions"}],"predecessor-version":[{"id":20317,"href":"https:\/\/www.mgc.es\/ca\/wp-json\/wp\/v2\/posts\/20268\/revisions\/20317"}],"wp:featuredmedia":[{"embeddable":true,"href":"https:\/\/www.mgc.es\/ca\/wp-json\/wp\/v2\/media\/20318"}],"wp:attachment":[{"href":"https:\/\/www.mgc.es\/ca\/wp-json\/wp\/v2\/media?parent=20268"}],"wp:term":[{"taxonomy":"category","embeddable":true,"href":"https:\/\/www.mgc.es\/ca\/wp-json\/wp\/v2\/categories?post=20268"},{"taxonomy":"post_tag","embeddable":true,"href":"https:\/\/www.mgc.es\/ca\/wp-json\/wp\/v2\/tags?post=20268"}],"curies":[{"name":"wp","href":"https:\/\/api.w.org\/{rel}","templated":true}]}}