{"id":19656,"date":"2020-08-11T09:00:00","date_gmt":"2020-08-11T07:00:00","guid":{"rendered":"https:\/\/www.mgc.es\/?p=19656"},"modified":"2021-03-11T10:11:56","modified_gmt":"2021-03-11T09:11:56","slug":"conservacio-de-cellules-mare-de-cordo-umbilical-per-que-guardar-les","status":"publish","type":"post","link":"https:\/\/www.mgc.es\/ca\/blog\/conservacio-de-cellules-mare-de-cordo-umbilical-per-que-guardar-les\/","title":{"rendered":"Conservaci\u00f3 de c\u00e8l\u00b7lules mare de cord\u00f3 umbilical. Per qu\u00e8 guardar-les?"},"content":{"rendered":"<div id=\"ez-toc-container\" class=\"ez-toc-v2_0_82_1 counter-hierarchy ez-toc-counter ez-toc-custom ez-toc-container-direction\">\n<div class=\"ez-toc-title-container\"><p class=\"ez-toc-title\" style=\"cursor:inherit\">\u00cdndex de continguts<\/p>\n<\/div><nav><ul class='ez-toc-list ez-toc-list-level-1 ' ><li class='ez-toc-page-1 ez-toc-heading-level-2'><a class=\"ez-toc-link ez-toc-heading-1\" href=\"https:\/\/www.mgc.es\/ca\/blog\/conservacio-de-cellules-mare-de-cordo-umbilical-per-que-guardar-les\/#Per_que_es_tan_valuosa_la_sang_de_cordo_umbilical\" >Per qu\u00e8 \u00e9s tan valuosa la sang de cord\u00f3 umbilical?<\/a><\/li><li class='ez-toc-page-1 ez-toc-heading-level-2'><a class=\"ez-toc-link ez-toc-heading-2\" href=\"https:\/\/www.mgc.es\/ca\/blog\/conservacio-de-cellules-mare-de-cordo-umbilical-per-que-guardar-les\/#El_potencial_terapeutic_de_les_cellules_mare\" >El potencial terap\u00e8utic de les c\u00e8l\u00b7lules mare<\/a><\/li><li class='ez-toc-page-1 ez-toc-heading-level-2'><a class=\"ez-toc-link ez-toc-heading-3\" href=\"https:\/\/www.mgc.es\/ca\/blog\/conservacio-de-cellules-mare-de-cordo-umbilical-per-que-guardar-les\/#MGC_Mutua_posa_a_la_teva_disposicio_el_servei_de_crioconservacio_de_cellules_mare_de_cordo_umbilical\" >MGC M\u00fatua posa a la teva disposici\u00f3 el servei de crioconservaci\u00f3 de c\u00e8l\u00b7lules mare de cord\u00f3 umbilical<\/a><\/li><\/ul><\/nav><\/div>\n\n<figure class=\"wp-block-image size-large\"><img loading=\"lazy\" decoding=\"async\" width=\"880\" height=\"587\" src=\"https:\/\/www.mgc.es\/wp-content\/uploads\/2020\/08\/crioconsevacio-cordon-880x587.jpg\" alt=\"Crioconsrvaci\" class=\"wp-image-19653\" srcset=\"https:\/\/www.mgc.es\/wp-content\/uploads\/2020\/08\/crioconsevacio-cordon-880x587.jpg 880w, https:\/\/www.mgc.es\/wp-content\/uploads\/2020\/08\/crioconsevacio-cordon-440x293.jpg 440w, https:\/\/www.mgc.es\/wp-content\/uploads\/2020\/08\/crioconsevacio-cordon-768x512.jpg 768w, https:\/\/www.mgc.es\/wp-content\/uploads\/2020\/08\/crioconsevacio-cordon-600x400.jpg 600w, https:\/\/www.mgc.es\/wp-content\/uploads\/2020\/08\/crioconsevacio-cordon.jpg 927w\" sizes=\"auto, (max-width: 880px) 100vw, 880px\" \/><\/figure>\n\n\n\n<p>La crioconservaci\u00f3 de c\u00e8l\u00b7lules mare de cord\u00f3 umbilical suposa una esperan\u00e7a per al futur en cas de patir determinades afeccions dif\u00edcils de tractar. El fet que se segueixi investigant sobre les seves possibilitats terap\u00e8utiques far\u00e0 que, amb el pas del temps, les \u00e0rees d&#8217;actuaci\u00f3 d&#8217;aquesta pr\u00e0ctica augmentin.<\/p>\n\n\n\n<!--more-->\n\n\n\n<p>El primer trasplantament de sang de cord\u00f3 umbilical es va fer fa ja 30 anys. Des de llavors se n&#8217;han realitzat m\u00e9s de 40.000, per tractar una gran varietat de malalties de la sang o hematol\u00f2giques que comprenen des de patologies oncol\u00f2giques, fallades medul\u00b7lars i an\u00e8mies fins a malalties metab\u00f2liques, immunodefici\u00e8ncies o malalties autoimmunes.<\/p>\n\n\n\n<p>La sang de cord\u00f3 umbilical es troba en els vasos sanguinis de la placenta i en el cord\u00f3 umbilical. Es recol\u00b7lecta despr\u00e9s del part i immediatament despr\u00e9s de tallar el cord\u00f3, de manera que <strong>la intervenci\u00f3 sol ser segura tant per a la mare com per al nad\u00f3<\/strong>.<\/p>\n\n\n\n<h2 class=\"wp-block-heading\"><span class=\"ez-toc-section\" id=\"Per_que_es_tan_valuosa_la_sang_de_cordo_umbilical\"><\/span>Per qu\u00e8 \u00e9s tan valuosa la sang de cord\u00f3 umbilical?<span class=\"ez-toc-section-end\"><\/span><\/h2>\n\n\n\n<p>Les c\u00e8l\u00b7lules mare de cord\u00f3 umbilical poden ser utilitzades per al <strong>tractament d&#8217;algunes malalties tant en la persona origin\u00e0ria com en alguns familiars<\/strong>.<\/p>\n\n\n\n<p>La sang de cord\u00f3 umbilical \u00e9s una <strong>font de c\u00e8l\u00b7lules mare<\/strong> que es transformen en gl\u00f2buls sanguinis. S\u00f3n l&#8217;origen de la resta de les c\u00e8l\u00b7lules, de manera que d&#8217;elles deriven les c\u00e8l\u00b7lules que formaran totes les estructures musculars, neuronals, card\u00edaques, etc\u00e8tera. Al seu torn tamb\u00e9 tenen la capacitat de multiplicar-se i donar lloc a noves c\u00e8l\u00b7lules exactament iguals que elles. Aquesta doble capacitat converteix les c\u00e8l\u00b7lules mare en un possible element reparador en el cas d&#8217;algunes malalties o lesions.<\/p>\n\n\n\n<figure class=\"wp-block-image size-large\"><img loading=\"lazy\" decoding=\"async\" width=\"880\" height=\"525\" src=\"https:\/\/www.mgc.es\/wp-content\/uploads\/2020\/08\/crioconsevacio2-880x525.jpg\" alt=\"Crioconservaci\u00f3n\" class=\"wp-image-19651\" srcset=\"https:\/\/www.mgc.es\/wp-content\/uploads\/2020\/08\/crioconsevacio2-880x525.jpg 880w, https:\/\/www.mgc.es\/wp-content\/uploads\/2020\/08\/crioconsevacio2-440x263.jpg 440w, https:\/\/www.mgc.es\/wp-content\/uploads\/2020\/08\/crioconsevacio2-768x458.jpg 768w, https:\/\/www.mgc.es\/wp-content\/uploads\/2020\/08\/crioconsevacio2.jpg 980w\" sizes=\"auto, (max-width: 880px) 100vw, 880px\" \/><\/figure>\n\n\n\n<p>Tot i que el tipus de c\u00e8l\u00b7lules originals precursores de les c\u00e8l\u00b7lules sangu\u00ednies (c\u00e8l\u00b7lules hematopo\u00e8tiques) poden trobar-se en altres zones de l&#8217;organisme, com ara la medul\u00b7la \u00f2ssia o la sang perif\u00e8rica, les extretes del cord\u00f3 umbilical despr\u00e9s del part s\u00f3n m\u00e9s joves i, per tant, m\u00e9s vers\u00e0tils. A m\u00e9s, com que no han estat exposades a alteracions derivades del pas del temps, no les transmeten al pacient. I pel fet d&#8217;estar crioconservades, poden ser recuperades r\u00e0pidament quan sigui necessari.<\/p>\n\n\n\n<h2 class=\"wp-block-heading\"><span class=\"ez-toc-section\" id=\"El_potencial_terapeutic_de_les_cellules_mare\"><\/span>El potencial terap\u00e8utic de les c\u00e8l\u00b7lules mare<span class=\"ez-toc-section-end\"><\/span><\/h2>\n\n\n\n<p>A m\u00e9s de la sang de cord\u00f3 umbilical, tamb\u00e9 se\u2019n pot recollir part del teixit, que compta amb c\u00e8l\u00b7lules mesenquim\u00e0tiques, amb capacitat de crear estructures i teixit connectiu, i un gran potencial en medicina regenerativa.<\/p>\n\n\n\n<p>El <strong>potencial terap\u00e8utic de les c\u00e8l\u00b7lules mare de cord\u00f3 umbilical<\/strong> s&#8217;est\u00e0 reflectint en diversos assaigs cl\u00ednics, que mostren que la seva utilitat \u00e9s molt \u00e0mplia. A m\u00e9s d&#8217;utilitzar-se en la <strong>medicina regenerativa<\/strong>, s&#8217;estan obtenint bons resultats en malalties neuronals i en el tractament de pacients amb diabetis, en regeneraci\u00f3 de cors infartats, accidents cerebrovasculars (ictus) i fins i tot pacients amb sida. I s&#8217;est\u00e0 provant en altres patologies diverses.<\/p>\n\n\n\n<p>Per tant, a la pregunta de si guardar la sang de cord\u00f3 umbilical o no, la resposta \u00e9s evident: o es guarda per a un mateix o es dona per a altres, per\u00f2 no ens haur\u00edem de plantejar l&#8217;opci\u00f3 de no aprofitar-la.<\/p>\n\n\n\n<p>Tot i que a Espanya hi ha bancs p\u00fablics i privats de conservaci\u00f3 de les c\u00e8l\u00b7lules mare de cord\u00f3 umbilical, <strong>nombroses asseguradores de salut inclouen ja aquesta possibilitat en les seves cobertures<\/strong>, cosa que disminueix el preu d&#8217;aquest servei per a l&#8217;assegurat.<\/p>\n\n\n\n<figure class=\"wp-block-image size-large\"><img loading=\"lazy\" decoding=\"async\" width=\"755\" height=\"321\" src=\"https:\/\/www.mgc.es\/wp-content\/uploads\/2020\/08\/crioconsevacio.jpg\" alt=\"Crioconservaci\u00f3n\" class=\"wp-image-19649\" srcset=\"https:\/\/www.mgc.es\/wp-content\/uploads\/2020\/08\/crioconsevacio.jpg 755w, https:\/\/www.mgc.es\/wp-content\/uploads\/2020\/08\/crioconsevacio-440x187.jpg 440w\" sizes=\"auto, (max-width: 755px) 100vw, 755px\" \/><\/figure>\n\n\n\n<h2 class=\"wp-block-heading\"><span class=\"ez-toc-section\" id=\"MGC_Mutua_posa_a_la_teva_disposicio_el_servei_de_crioconservacio_de_cellules_mare_de_cordo_umbilical\"><\/span>MGC M\u00fatua posa a la teva disposici\u00f3 el servei de crioconservaci\u00f3 de c\u00e8l\u00b7lules mare de cord\u00f3 umbilical<span class=\"ez-toc-section-end\"><\/span><\/h2>\n\n\n\n<p>En les assegurances <a href=\"https:\/\/www.mgc.es\/ca\/assegurances-de-salut\/total\/\">AS Total<\/a>, <a href=\"https:\/\/www.mgc.es\/ca\/assegurances-de-salut\/global\/\">AS Global<\/a> i <a href=\"https:\/\/www.mgc.es\/ca\/assegurances-de-salut\/ideal\/\">AS Ideal<\/a>, la M\u00fatua ofereix la possibilitat de contractar, a preus especials, el <strong>servei <a href=\"https:\/\/cobertures.mgc.es\/crioconservacio\">d&#8217;extracci\u00f3 de les c\u00e8l\u00b7lules mare de cord\u00f3 umbilical<\/a><\/strong> del nounat en el moment del part i la seva posterior crioconservaci\u00f3 en laboratori.<\/p>\n\n\n\n<h3 class=\"wp-block-heading\">Serveis<\/h3>\n\n\n\n<ul class=\"wp-block-list\"><li>Kit i servei personal d&#8217;assist\u00e8ncia prepart.<\/li><li>Transport aeri sota la norma UN 3373, relativa a material biol\u00f2gic.<\/li><li>Preparaci\u00f3, an\u00e0lisi i crioconservaci\u00f3 de la mostra al laboratori segons els protocols AABB. Inclou t\u00e8cnica PCR per a l&#8217;anal\u00edtica de la sang materna.<\/li><li>Emmagatzematge de la mostra durant 20 anys.<\/li><\/ul>\n\n\n\n<p><strong>Per a m\u00e9s informaci\u00f3, contacta amb nosaltres a trav\u00e9s del <\/strong><a href=\"https:\/\/cobertures.mgc.es\/crioconservacio\"><strong>formulari<\/strong><\/a><strong> o trucant al 93 414 36 00.<\/strong><\/p>\n","protected":false},"excerpt":{"rendered":"<p>La crioconservaci\u00f3 de c\u00e8l\u00b7lules mare de cord\u00f3 umbilical suposa una esperan\u00e7a per al futur en cas de patir determinades afeccions dif\u00edcils de tractar. El fet que se segueixi investigant sobre les seves possibilitats terap\u00e8utiques far\u00e0 que, amb el pas del temps, les \u00e0rees d&#8217;actuaci\u00f3 d&#8217;aquesta pr\u00e0ctica augmentin.<\/p>\n","protected":false},"author":3,"featured_media":19649,"comment_status":"open","ping_status":"open","sticky":false,"template":"","format":"standard","meta":{"footnotes":""},"categories":[15],"tags":[405,433],"class_list":["post-19656","post","type-post","status-publish","format-standard","has-post-thumbnail","hentry","category-salut","tag-cobertures","tag-ginecologia-ca"],"featured_image_src":"https:\/\/www.mgc.es\/wp-content\/uploads\/2020\/08\/crioconsevacio.jpg","author_info":{"display_name":"Revista Inter\u00e8s Mutu","author_link":"https:\/\/www.mgc.es\/ca\/blog\/author\/interesmutu\/"},"yoast_head":"<!-- This site is optimized with the Yoast SEO plugin v27.2 - https:\/\/yoast.com\/product\/yoast-seo-wordpress\/ -->\n<title>Conservaci\u00f3 de c\u00e8l\u00b7lules mare de cord\u00f3 umbilical. Per qu\u00e8 guardar-les? - MGC M\u00fatua<\/title>\n<meta name=\"robots\" content=\"index, follow, max-snippet:-1, max-image-preview:large, max-video-preview:-1\" \/>\n<link rel=\"canonical\" href=\"https:\/\/www.mgc.es\/ca\/blog\/conservacio-de-cellules-mare-de-cordo-umbilical-per-que-guardar-les\/\" \/>\n<meta property=\"og:locale\" content=\"ca_ES\" \/>\n<meta property=\"og:type\" content=\"article\" \/>\n<meta property=\"og:title\" content=\"Conservaci\u00f3 de c\u00e8l\u00b7lules mare de cord\u00f3 umbilical. Per qu\u00e8 guardar-les? - MGC M\u00fatua\" \/>\n<meta property=\"og:description\" content=\"La crioconservaci\u00f3 de c\u00e8l\u00b7lules mare de cord\u00f3 umbilical suposa una esperan\u00e7a per al futur en cas de patir determinades afeccions dif\u00edcils de tractar. El fet que se segueixi investigant sobre les seves possibilitats terap\u00e8utiques far\u00e0 que, amb el pas del temps, les \u00e0rees d&#8217;actuaci\u00f3 d&#8217;aquesta pr\u00e0ctica augmentin.\" \/>\n<meta property=\"og:url\" content=\"https:\/\/www.mgc.es\/ca\/blog\/conservacio-de-cellules-mare-de-cordo-umbilical-per-que-guardar-les\/\" \/>\n<meta property=\"og:site_name\" content=\"MGC M\u00fatua\" \/>\n<meta property=\"article:publisher\" content=\"https:\/\/www.facebook.com\/mgcmutua\" \/>\n<meta property=\"article:published_time\" content=\"2020-08-11T07:00:00+00:00\" \/>\n<meta property=\"article:modified_time\" content=\"2021-03-11T09:11:56+00:00\" \/>\n<meta property=\"og:image\" content=\"https:\/\/www.mgc.es\/wp-content\/uploads\/2020\/08\/crioconsevacio.jpg\" \/>\n\t<meta property=\"og:image:width\" content=\"755\" \/>\n\t<meta property=\"og:image:height\" content=\"321\" \/>\n\t<meta property=\"og:image:type\" content=\"image\/jpeg\" \/>\n<meta name=\"author\" content=\"Revista Inter\u00e8s Mutu\" \/>\n<meta name=\"twitter:card\" content=\"summary_large_image\" \/>\n<meta name=\"twitter:creator\" content=\"@mgcmutua\" \/>\n<meta name=\"twitter:site\" content=\"@mgcmutua\" \/>\n<meta name=\"twitter:label1\" content=\"Escrit per\" \/>\n\t<meta name=\"twitter:data1\" content=\"Revista Inter\u00e8s Mutu\" \/>\n\t<meta name=\"twitter:label2\" content=\"Temps estimat de lectura\" \/>\n\t<meta name=\"twitter:data2\" content=\"4 minuts\" \/>\n<!-- \/ Yoast SEO plugin. -->","yoast_head_json":{"title":"Conservaci\u00f3 de c\u00e8l\u00b7lules mare de cord\u00f3 umbilical. Per qu\u00e8 guardar-les? - MGC M\u00fatua","robots":{"index":"index","follow":"follow","max-snippet":"max-snippet:-1","max-image-preview":"max-image-preview:large","max-video-preview":"max-video-preview:-1"},"canonical":"https:\/\/www.mgc.es\/ca\/blog\/conservacio-de-cellules-mare-de-cordo-umbilical-per-que-guardar-les\/","og_locale":"ca_ES","og_type":"article","og_title":"Conservaci\u00f3 de c\u00e8l\u00b7lules mare de cord\u00f3 umbilical. Per qu\u00e8 guardar-les? - MGC M\u00fatua","og_description":"La crioconservaci\u00f3 de c\u00e8l\u00b7lules mare de cord\u00f3 umbilical suposa una esperan\u00e7a per al futur en cas de patir determinades afeccions dif\u00edcils de tractar. El fet que se segueixi investigant sobre les seves possibilitats terap\u00e8utiques far\u00e0 que, amb el pas del temps, les \u00e0rees d&#8217;actuaci\u00f3 d&#8217;aquesta pr\u00e0ctica augmentin.","og_url":"https:\/\/www.mgc.es\/ca\/blog\/conservacio-de-cellules-mare-de-cordo-umbilical-per-que-guardar-les\/","og_site_name":"MGC M\u00fatua","article_publisher":"https:\/\/www.facebook.com\/mgcmutua","article_published_time":"2020-08-11T07:00:00+00:00","article_modified_time":"2021-03-11T09:11:56+00:00","og_image":[{"width":755,"height":321,"url":"https:\/\/www.mgc.es\/wp-content\/uploads\/2020\/08\/crioconsevacio.jpg","type":"image\/jpeg"}],"author":"Revista Inter\u00e8s Mutu","twitter_card":"summary_large_image","twitter_creator":"@mgcmutua","twitter_site":"@mgcmutua","twitter_misc":{"Escrit per":"Revista Inter\u00e8s Mutu","Temps estimat de lectura":"4 minuts"},"schema":{"@context":"https:\/\/schema.org","@graph":[{"@type":["Article","BlogPosting"],"@id":"https:\/\/www.mgc.es\/ca\/blog\/conservacio-de-cellules-mare-de-cordo-umbilical-per-que-guardar-les\/#article","isPartOf":{"@id":"https:\/\/www.mgc.es\/ca\/blog\/conservacio-de-cellules-mare-de-cordo-umbilical-per-que-guardar-les\/"},"author":{"name":"Revista Inter\u00e8s Mutu","@id":"https:\/\/www.mgc.es\/#\/schema\/person\/010c961d9c9acf38f11187a02b646c16"},"headline":"Conservaci\u00f3 de c\u00e8l\u00b7lules mare de cord\u00f3 umbilical. Per qu\u00e8 guardar-les?","datePublished":"2020-08-11T07:00:00+00:00","dateModified":"2021-03-11T09:11:56+00:00","mainEntityOfPage":{"@id":"https:\/\/www.mgc.es\/ca\/blog\/conservacio-de-cellules-mare-de-cordo-umbilical-per-que-guardar-les\/"},"wordCount":746,"commentCount":0,"publisher":{"@id":"https:\/\/www.mgc.es\/#organization"},"image":{"@id":"https:\/\/www.mgc.es\/ca\/blog\/conservacio-de-cellules-mare-de-cordo-umbilical-per-que-guardar-les\/#primaryimage"},"thumbnailUrl":"https:\/\/www.mgc.es\/wp-content\/uploads\/2020\/08\/crioconsevacio.jpg","keywords":["cobertures","ginecologia"],"articleSection":["Salut i medicina"],"inLanguage":"ca","potentialAction":[{"@type":"CommentAction","name":"Comment","target":["https:\/\/www.mgc.es\/ca\/blog\/conservacio-de-cellules-mare-de-cordo-umbilical-per-que-guardar-les\/#respond"]}]},{"@type":["WebPage","ItemPage"],"@id":"https:\/\/www.mgc.es\/ca\/blog\/conservacio-de-cellules-mare-de-cordo-umbilical-per-que-guardar-les\/","url":"https:\/\/www.mgc.es\/ca\/blog\/conservacio-de-cellules-mare-de-cordo-umbilical-per-que-guardar-les\/","name":"Conservaci\u00f3 de c\u00e8l\u00b7lules mare de cord\u00f3 umbilical. Per qu\u00e8 guardar-les? - MGC M\u00fatua","isPartOf":{"@id":"https:\/\/www.mgc.es\/#website"},"primaryImageOfPage":{"@id":"https:\/\/www.mgc.es\/ca\/blog\/conservacio-de-cellules-mare-de-cordo-umbilical-per-que-guardar-les\/#primaryimage"},"image":{"@id":"https:\/\/www.mgc.es\/ca\/blog\/conservacio-de-cellules-mare-de-cordo-umbilical-per-que-guardar-les\/#primaryimage"},"thumbnailUrl":"https:\/\/www.mgc.es\/wp-content\/uploads\/2020\/08\/crioconsevacio.jpg","datePublished":"2020-08-11T07:00:00+00:00","dateModified":"2021-03-11T09:11:56+00:00","breadcrumb":{"@id":"https:\/\/www.mgc.es\/ca\/blog\/conservacio-de-cellules-mare-de-cordo-umbilical-per-que-guardar-les\/#breadcrumb"},"inLanguage":"ca","potentialAction":[{"@type":"ReadAction","target":["https:\/\/www.mgc.es\/ca\/blog\/conservacio-de-cellules-mare-de-cordo-umbilical-per-que-guardar-les\/"]}]},{"@type":"ImageObject","inLanguage":"ca","@id":"https:\/\/www.mgc.es\/ca\/blog\/conservacio-de-cellules-mare-de-cordo-umbilical-per-que-guardar-les\/#primaryimage","url":"https:\/\/www.mgc.es\/wp-content\/uploads\/2020\/08\/crioconsevacio.jpg","contentUrl":"https:\/\/www.mgc.es\/wp-content\/uploads\/2020\/08\/crioconsevacio.jpg","width":755,"height":321,"caption":"Crioconservaci\u00f3n"},{"@type":"BreadcrumbList","@id":"https:\/\/www.mgc.es\/ca\/blog\/conservacio-de-cellules-mare-de-cordo-umbilical-per-que-guardar-les\/#breadcrumb","itemListElement":[{"@type":"ListItem","position":1,"name":"Home","item":"https:\/\/www.mgc.es\/ca\/"},{"@type":"ListItem","position":2,"name":"Conservaci\u00f3 de c\u00e8l\u00b7lules mare de cord\u00f3 umbilical. Per qu\u00e8 guardar-les?"}]},{"@type":"WebSite","@id":"https:\/\/www.mgc.es\/#website","url":"https:\/\/www.mgc.es\/","name":"MGC M\u00fatua","description":"MGC M\u00fatua \u00e9s una entitat asseguradora sense \u00e0nim de lucre constitu\u00efda al 1982 i especialitzada en assegurances de salut i assist\u00e8ncia.","publisher":{"@id":"https:\/\/www.mgc.es\/#organization"},"alternateName":"MGC","potentialAction":[{"@type":"SearchAction","target":{"@type":"EntryPoint","urlTemplate":"https:\/\/www.mgc.es\/?s={search_term_string}"},"query-input":{"@type":"PropertyValueSpecification","valueRequired":true,"valueName":"search_term_string"}}],"inLanguage":"ca"},{"@type":"Organization","@id":"https:\/\/www.mgc.es\/#organization","name":"MGC Mutua","alternateName":"MGC","url":"https:\/\/www.mgc.es\/","logo":{"@type":"ImageObject","inLanguage":"ca","@id":"https:\/\/www.mgc.es\/#\/schema\/logo\/image\/","url":"https:\/\/www.mgc.es\/wp-content\/uploads\/2020\/03\/mgcmutua_h2_2t_reduccions.png","contentUrl":"https:\/\/www.mgc.es\/wp-content\/uploads\/2020\/03\/mgcmutua_h2_2t_reduccions.png","width":303,"height":165,"caption":"MGC Mutua"},"image":{"@id":"https:\/\/www.mgc.es\/#\/schema\/logo\/image\/"},"sameAs":["https:\/\/www.facebook.com\/mgcmutua","https:\/\/x.com\/mgcmutua","https:\/\/www.youtube.com\/c\/MGCMutua"]},{"@type":"Person","@id":"https:\/\/www.mgc.es\/#\/schema\/person\/010c961d9c9acf38f11187a02b646c16","name":"Revista Inter\u00e8s Mutu","image":{"@type":"ImageObject","inLanguage":"ca","@id":"https:\/\/secure.gravatar.com\/avatar\/52302d684339b9d7bf5691e2ad00835d62ce3b4a435f21ca9f21fbe39c63cb1b?s=96&d=mm&r=g","url":"https:\/\/secure.gravatar.com\/avatar\/52302d684339b9d7bf5691e2ad00835d62ce3b4a435f21ca9f21fbe39c63cb1b?s=96&d=mm&r=g","contentUrl":"https:\/\/secure.gravatar.com\/avatar\/52302d684339b9d7bf5691e2ad00835d62ce3b4a435f21ca9f21fbe39c63cb1b?s=96&d=mm&r=g","caption":"Revista Inter\u00e8s Mutu"}}]}},"_links":{"self":[{"href":"https:\/\/www.mgc.es\/ca\/wp-json\/wp\/v2\/posts\/19656","targetHints":{"allow":["GET"]}}],"collection":[{"href":"https:\/\/www.mgc.es\/ca\/wp-json\/wp\/v2\/posts"}],"about":[{"href":"https:\/\/www.mgc.es\/ca\/wp-json\/wp\/v2\/types\/post"}],"author":[{"embeddable":true,"href":"https:\/\/www.mgc.es\/ca\/wp-json\/wp\/v2\/users\/3"}],"replies":[{"embeddable":true,"href":"https:\/\/www.mgc.es\/ca\/wp-json\/wp\/v2\/comments?post=19656"}],"version-history":[{"count":1,"href":"https:\/\/www.mgc.es\/ca\/wp-json\/wp\/v2\/posts\/19656\/revisions"}],"predecessor-version":[{"id":19657,"href":"https:\/\/www.mgc.es\/ca\/wp-json\/wp\/v2\/posts\/19656\/revisions\/19657"}],"wp:featuredmedia":[{"embeddable":true,"href":"https:\/\/www.mgc.es\/ca\/wp-json\/wp\/v2\/media\/19649"}],"wp:attachment":[{"href":"https:\/\/www.mgc.es\/ca\/wp-json\/wp\/v2\/media?parent=19656"}],"wp:term":[{"taxonomy":"category","embeddable":true,"href":"https:\/\/www.mgc.es\/ca\/wp-json\/wp\/v2\/categories?post=19656"},{"taxonomy":"post_tag","embeddable":true,"href":"https:\/\/www.mgc.es\/ca\/wp-json\/wp\/v2\/tags?post=19656"}],"curies":[{"name":"wp","href":"https:\/\/api.w.org\/{rel}","templated":true}]}}