{"id":19559,"date":"2021-02-09T11:00:00","date_gmt":"2021-02-09T10:00:00","guid":{"rendered":"https:\/\/www.mgc.es\/?p=19559"},"modified":"2021-04-12T16:53:54","modified_gmt":"2021-04-12T14:53:54","slug":"per-que-contractar-una-asseguranca-dindemnitzacio-per-baixa-laboral","status":"publish","type":"post","link":"https:\/\/www.mgc.es\/ca\/blog\/per-que-contractar-una-asseguranca-dindemnitzacio-per-baixa-laboral\/","title":{"rendered":"Per qu\u00e8 contractar una asseguran\u00e7a d&#8217;indemnitzaci\u00f3 per baixa laboral?"},"content":{"rendered":"<div id=\"ez-toc-container\" class=\"ez-toc-v2_0_82_1 counter-hierarchy ez-toc-counter ez-toc-custom ez-toc-container-direction\">\n<div class=\"ez-toc-title-container\"><p class=\"ez-toc-title\" style=\"cursor:inherit\">\u00cdndex de continguts<\/p>\n<\/div><nav><ul class='ez-toc-list ez-toc-list-level-1 ' ><li class='ez-toc-page-1 ez-toc-heading-level-2'><a class=\"ez-toc-link ez-toc-heading-1\" href=\"https:\/\/www.mgc.es\/ca\/blog\/per-que-contractar-una-asseguranca-dindemnitzacio-per-baixa-laboral\/#Que_es_una_asseguranca_dindemnitzacio_per_baixa_laboral\" >Qu\u00e8 \u00e9s una asseguran\u00e7a d&#8217;indemnitzaci\u00f3 per baixa laboral?<\/a><\/li><li class='ez-toc-page-1 ez-toc-heading-level-2'><a class=\"ez-toc-link ez-toc-heading-2\" href=\"https:\/\/www.mgc.es\/ca\/blog\/per-que-contractar-una-asseguranca-dindemnitzacio-per-baixa-laboral\/#Tipus_dasseguranca_dindemnitzacio_per_baixa_laboral\" >Tipus d&#8217;asseguran\u00e7a d&#8217;indemnitzaci\u00f3 per baixa laboral<\/a><\/li><li class='ez-toc-page-1 ez-toc-heading-level-2'><a class=\"ez-toc-link ez-toc-heading-3\" href=\"https:\/\/www.mgc.es\/ca\/blog\/per-que-contractar-una-asseguranca-dindemnitzacio-per-baixa-laboral\/#Lasseguranca_dindemnitzacio_per_baixa_laboral_dMGC_Mutua_es_el_complement_economic_que_necessita_el_professional_autonom\" >L&#8217;asseguran\u00e7a d&#8217;indemnitzaci\u00f3 per baixa laboral d\u2019MGC M\u00fatua \u00e9s el complement econ\u00f2mic que necessita el professional aut\u00f2nom<\/a><\/li><\/ul><\/nav><\/div>\n\n<figure class=\"wp-block-image size-large\"><img loading=\"lazy\" decoding=\"async\" width=\"810\" height=\"556\" src=\"https:\/\/www.mgc.es\/wp-content\/uploads\/2020\/07\/Renda-Plus_03B.jpg\" alt=\"I-S Renda PLUS\" class=\"wp-image-19557\" srcset=\"https:\/\/www.mgc.es\/wp-content\/uploads\/2020\/07\/Renda-Plus_03B.jpg 810w, https:\/\/www.mgc.es\/wp-content\/uploads\/2020\/07\/Renda-Plus_03B-440x302.jpg 440w, https:\/\/www.mgc.es\/wp-content\/uploads\/2020\/07\/Renda-Plus_03B-768x527.jpg 768w\" sizes=\"auto, (max-width: 810px) 100vw, 810px\" \/><\/figure>\n\n\n\n<p><br>Davant situacions imprevistes, una asseguran\u00e7a d&#8217;indemnitzaci\u00f3 per baixa laboral pot ser la soluci\u00f3 per als teus problemes. Si encara no saps quins s\u00f3n els seus avantatges, t&#8217;expliquem per qu\u00e8 hauries de contractar una asseguran\u00e7a d&#8217;indemnitzaci\u00f3.<\/p>\n\n\n\n<!--more-->\n\n\n\n<h2 class=\"wp-block-heading\"><span class=\"ez-toc-section\" id=\"Que_es_una_asseguranca_dindemnitzacio_per_baixa_laboral\"><\/span>Qu\u00e8 \u00e9s una asseguran\u00e7a d&#8217;indemnitzaci\u00f3 per baixa laboral?<span class=\"ez-toc-section-end\"><\/span><\/h2>\n\n\n\n<p>L&#8217;asseguran\u00e7a d&#8217;indemnitzaci\u00f3 per baixa laboral t&#8217;ofereix la tranquil\u00b7litat de comptar amb un subsidi diari que compensa la reducci\u00f3 d&#8217;ingressos durant els per\u00edodes d&#8217;incapacitat laboral temporal, de manera que es converteix en el complement perfecte per als professionals aut\u00f2noms.<\/p>\n\n\n\n<p>Un accident o una malaltia s\u00f3n situacions imprevistes que poden derivar en una incapacitat temporal que ens impedeixi mantenir la nostra activitat laboral. En aquests casos, mantenir les despeses mensuals quan els nostres ingressos es veuen redu\u00efts de manera considerable pot fer dif\u00edcil arribar a final de mes i posar a la fam\u00edlia en una situaci\u00f3 econ\u00f2mica complicada.<\/p>\n\n\n\n<p>Aquest escenari pot resultar especialment preocupant per als treballadors aut\u00f2noms, ja que, tot i que en una situaci\u00f3 d&#8217;incapacitat temporal la Seguretat Social ofereix un subsidi econ\u00f2mic per pal\u00b7liar la falta d&#8217;ingressos, aquest ajut mensual es calcula a partir de la base reguladora, que per a la gran majoria dels treballadors per compte propi sol ser la m\u00ednima.<\/p>\n\n\n\n<figure class=\"wp-block-image size-large\"><img loading=\"lazy\" decoding=\"async\" width=\"800\" height=\"534\" src=\"https:\/\/www.mgc.es\/wp-content\/uploads\/2019\/11\/A-S-Total-escayola.jpg\" alt=\"seguro de indemnizaci\u00f3n por baja laboral\" class=\"wp-image-16439\"\/><\/figure>\n\n\n\n<p>La funci\u00f3 de la indemnitzaci\u00f3 de l&#8217;asseguran\u00e7a de baixa laboral \u00e9s <strong>complementar la prestaci\u00f3 de la Seguretat Social<\/strong> a l&#8217;hora de compensar els ingressos que es deixen d&#8217;obtenir davant d&#8217;una incapacitat temporal, de manera que s\u00f3n completament compatibles a l&#8217;hora de protegir-te a tu i als teus.<\/p>\n\n\n\n<p>Depenent de la companyia asseguradora i de la p\u00f2lissa que escullis, pots afegir <strong>cobertures addicionals<\/strong> a l&#8217;asseguran\u00e7a d&#8217;indemnitzaci\u00f3 per baixa laboral, com ara hospitalitzaci\u00f3, mort, invalidesa absoluta permanent i d\u2019altres.<\/p>\n\n\n\n<h2 class=\"wp-block-heading\"><span class=\"ez-toc-section\" id=\"Tipus_dasseguranca_dindemnitzacio_per_baixa_laboral\"><\/span>Tipus d&#8217;asseguran\u00e7a d&#8217;indemnitzaci\u00f3 per baixa laboral<span class=\"ez-toc-section-end\"><\/span><\/h2>\n\n\n\n<p>Els dos tipus principals de p\u00f2lisses d&#8217;una asseguran\u00e7a de baixa laboral s\u00f3n sense barem i amb barem.<\/p>\n\n\n\n<h3 class=\"wp-block-heading\">Asseguran\u00e7a de baixa laboral sense barem<\/h3>\n\n\n\n<p>En la modalitat d&#8217;<strong>asseguran\u00e7a de baixa laboral sense barem<\/strong>, l&#8217;asseguradora ofereix una quantitat fixa de diners per cada dia que el treballador romangui inactiu. I \u00e9s el mateix assegurat que, en signar la p\u00f2lissa, decideix quina ser\u00e0 la quantitat a percebre com a indemnitzaci\u00f3. Aquest tipus d&#8217;asseguran\u00e7a per baixa laboral \u00e9s molt flexible, per\u00f2 m\u00e9s costosa. Per fer-se efectiva necessita la presentaci\u00f3 de la baixa m\u00e8dica tramitada a la Seguretat Social i els posteriors comunicats fins a l&#8217;alta definitiva, per la qual cosa la tramitaci\u00f3 \u00e9s m\u00e9s complexa. En aquesta modalitat, la indemnitzaci\u00f3 es cobra un cop transcorregut el per\u00edode d&#8217;incapacitat temporal, tot i que si el temps \u00e9s prolongat es poden estipular bestretes peri\u00f2diques.<\/p>\n\n\n\n<figure class=\"wp-block-image size-large\"><img loading=\"lazy\" decoding=\"async\" width=\"800\" height=\"533\" src=\"https:\/\/www.mgc.es\/wp-content\/uploads\/2020\/01\/edad-seguro-salud-familia.jpg\" alt=\"seguros de salud\" class=\"wp-image-17047\"\/><\/figure>\n\n\n\n<h3 class=\"wp-block-heading\">Asseguran\u00e7a per baixa laboral amb barem<\/h3>\n\n\n\n<p>En la modalitat <strong>d&#8217;asseguran\u00e7a de baixa laboral amb barem<\/strong> els dies d&#8217;indemnitzaci\u00f3 s&#8217;estableixen amb un barem fix, que dep\u00e8n de cada companyia asseguradora en funci\u00f3 de la causa que ha provocat la baixa. La p\u00f2lissa d&#8217;asseguran\u00e7a d&#8217;indemnitzaci\u00f3 per baixa laboral amb barem no necessita que existeixi una baixa en la Seguretat Social, pel que tramitar-la \u00e9s m\u00e9s simple. \u00c9s m\u00e9s econ\u00f2mica que la modalitat anterior, per\u00f2 no cobreix petites malalties ni accidents lleus, ni tots els dies de baixa: nom\u00e9s aquells que estiguin dins del barem. En aquesta modalitat, la indemnitzaci\u00f3 es cobra en lliurar a l&#8217;asseguradora el comunicat de baixa en el qual s&#8217;especifica la lesi\u00f3 que sofreix el treballador.<\/p>\n\n\n\n<h2 class=\"wp-block-heading\"><span class=\"ez-toc-section\" id=\"Lasseguranca_dindemnitzacio_per_baixa_laboral_dMGC_Mutua_es_el_complement_economic_que_necessita_el_professional_autonom\"><\/span>L&#8217;asseguran\u00e7a d&#8217;indemnitzaci\u00f3 per baixa laboral d\u2019MGC M\u00fatua \u00e9s el complement econ\u00f2mic que necessita el professional aut\u00f2nom<span class=\"ez-toc-section-end\"><\/span><\/h2>\n\n\n\n<p><strong>I-S Renda<\/strong> complementa els ingressos de la fam\u00edlia en cas de malaltia o accident, mitjan\u00e7ant un subsidi per incapacitat laboral temporal des del primer dia de baixa i una indemnitzaci\u00f3 per invalidesa o mort per accident. A m\u00e9s, contractant I-S Renda Plus ampliar\u00e0s les cobertures d\u2019I-S Renda amb una indemnitzaci\u00f3 per hospitalitzaci\u00f3.<\/p>\n\n\n\n<p><strong>L&#8217;asseguran\u00e7a d&#8217;indemnitzaci\u00f3 per baixa laboral de\u00a0MGC\u00a0M\u00fatua\u00a0compta amb \u00e0mplies cobertures que garanteixen la teva total tranquil\u00b7litat i la dels teus sers estimats.<\/strong><\/p>\n\n\n\n<h3 class=\"wp-block-heading\">Subsidi diari<\/h3>\n\n\n\n<p><br>L&#8217;asseguran\u00e7a per baixa laboral de\u00a0MGC\u00a0M\u00fatua compta amb un subsidi diari, fins a 365 dies, que es comen\u00e7a a cobrar desde del primer dia de baixa, per incapacitat laboral temporal causada per malaltia o accident.<\/p>\n\n\n\n<h3 class=\"wp-block-heading\">Indemnitzaci\u00f3 en cas de mort per accident<\/h3>\n\n\n\n<p>Indemnitzaci\u00f3 econ\u00f2mica en cas de mort per accident en funci\u00f3 del nivell de cobertura concertat.<\/p>\n\n\n\n<h3 class=\"wp-block-heading\">Indemnitzaci\u00f3 en cas de mort per accident de tr\u00e0nsit<\/h3>\n\n\n\n<p>Doble indemnitzaci\u00f3 en cas de mort per accident de tr\u00e0nsit.<\/p>\n\n\n\n<figure class=\"wp-block-image size-large\"><img loading=\"lazy\" decoding=\"async\" width=\"800\" height=\"533\" src=\"https:\/\/www.mgc.es\/wp-content\/uploads\/2019\/11\/segurosMGC-singles.jpg\" alt=\"seguro de indemnizaci\u00f3n por baja laboral\" class=\"wp-image-14645\"\/><\/figure>\n\n\n\n<h3 class=\"wp-block-heading\">Indemnitzaci\u00f3 en cas d\u2019IPA i d\u2019IPP per accident<\/h3>\n\n\n\n<p>Indemnitzaci\u00f3 econ\u00f2mica en cas d\u2019invalidesa permanent i absoluta o d\u2019invalidesa parcial permanent a causa d\u2019un accident.<\/p>\n\n\n\n<p><br>I si vols afegir m\u00e9s cobertures dins de la teva asseguran\u00e7a per baixa laboral,, contracta <strong>I-S Renda PLUS<\/strong> i afegeix una indemnitzaci\u00f3 econ\u00f2mica en cas d\u2019hospitalitzaci\u00f3.<\/p>\n\n\n\n<p><strong>Descobreix tots els avantatges de contractar l&#8217;asseguran\u00e7a d&#8217;indemnitzaci\u00f3 per baixa laboral d\u2019MGC M\u00fatua i consulta\u2019n les condicions <\/strong><a href=\"https:\/\/www.mgc.es\/ca\/assegurances-de-salut\/indemnitzacio-per-baixa-laboral\/\"><strong>a la nostra web<\/strong><\/a><strong> o trucant al tel\u00e8fon 93 445 19 86.<\/strong><\/p>\n","protected":false},"excerpt":{"rendered":"<p>Davant situacions imprevistes, una asseguran\u00e7a d&#8217;indemnitzaci\u00f3 per baixa laboral pot ser la soluci\u00f3 per als teus problemes. Si encara no saps quins s\u00f3n els seus avantatges, t&#8217;expliquem per qu\u00e8 hauries de contractar una asseguran\u00e7a d&#8217;indemnitzaci\u00f3.<\/p>\n","protected":false},"author":3,"featured_media":21497,"comment_status":"open","ping_status":"open","sticky":false,"template":"","format":"standard","meta":{"footnotes":""},"categories":[11,16],"tags":[507],"class_list":["post-19559","post","type-post","status-publish","format-standard","has-post-thumbnail","hentry","category-actualitat","category-assegurances","tag-asseguranca-accidents"],"featured_image_src":"https:\/\/www.mgc.es\/wp-content\/uploads\/2020\/07\/por-que-contratar-seguro-de-salud-por-baja-laboral.jpg","author_info":{"display_name":"Revista Inter\u00e8s Mutu","author_link":"https:\/\/www.mgc.es\/ca\/blog\/author\/interesmutu\/"},"yoast_head":"<!-- This site is optimized with the Yoast SEO plugin v27.2 - https:\/\/yoast.com\/product\/yoast-seo-wordpress\/ -->\n<title>Per qu\u00e8 contractar una asseguran\u00e7a d&#039;indemnitzaci\u00f3 per baixa laboral? - MGC M\u00fatua<\/title>\n<meta name=\"description\" content=\"Vols saber-ho tot sobre l&#039;asseguran\u00e7a d&#039;indemnitzaci\u00f3 per baixa laboral? Parlem dels tipus d&#039;asseguran\u00e7a per baixa laboral i les cobertures.\" \/>\n<meta name=\"robots\" content=\"index, follow, max-snippet:-1, max-image-preview:large, max-video-preview:-1\" \/>\n<link rel=\"canonical\" href=\"https:\/\/www.mgc.es\/ca\/blog\/per-que-contractar-una-asseguranca-dindemnitzacio-per-baixa-laboral\/\" \/>\n<meta property=\"og:locale\" content=\"ca_ES\" \/>\n<meta property=\"og:type\" content=\"article\" \/>\n<meta property=\"og:title\" content=\"Per qu\u00e8 contractar una asseguran\u00e7a d&#039;indemnitzaci\u00f3 per baixa laboral? - MGC M\u00fatua\" \/>\n<meta property=\"og:description\" content=\"Vols saber-ho tot sobre l&#039;asseguran\u00e7a d&#039;indemnitzaci\u00f3 per baixa laboral? Parlem dels tipus d&#039;asseguran\u00e7a per baixa laboral i les cobertures.\" \/>\n<meta property=\"og:url\" content=\"https:\/\/www.mgc.es\/ca\/blog\/per-que-contractar-una-asseguranca-dindemnitzacio-per-baixa-laboral\/\" \/>\n<meta property=\"og:site_name\" content=\"MGC M\u00fatua\" \/>\n<meta property=\"article:publisher\" content=\"https:\/\/www.facebook.com\/mgcmutua\" \/>\n<meta property=\"article:published_time\" content=\"2021-02-09T10:00:00+00:00\" \/>\n<meta property=\"article:modified_time\" content=\"2021-04-12T14:53:54+00:00\" \/>\n<meta property=\"og:image\" content=\"https:\/\/www.mgc.es\/wp-content\/uploads\/2020\/07\/por-que-contratar-seguro-de-salud-por-baja-laboral.jpg\" \/>\n\t<meta property=\"og:image:width\" content=\"810\" \/>\n\t<meta property=\"og:image:height\" content=\"556\" \/>\n\t<meta property=\"og:image:type\" content=\"image\/jpeg\" \/>\n<meta name=\"author\" content=\"Revista Inter\u00e8s Mutu\" \/>\n<meta name=\"twitter:card\" content=\"summary_large_image\" \/>\n<meta name=\"twitter:creator\" content=\"@mgcmutua\" \/>\n<meta name=\"twitter:site\" content=\"@mgcmutua\" \/>\n<meta name=\"twitter:label1\" content=\"Escrit per\" \/>\n\t<meta name=\"twitter:data1\" content=\"Revista Inter\u00e8s Mutu\" \/>\n\t<meta name=\"twitter:label2\" content=\"Temps estimat de lectura\" \/>\n\t<meta name=\"twitter:data2\" content=\"5 minuts\" \/>\n<!-- \/ Yoast SEO plugin. -->","yoast_head_json":{"title":"Per qu\u00e8 contractar una asseguran\u00e7a d'indemnitzaci\u00f3 per baixa laboral? - MGC M\u00fatua","description":"Vols saber-ho tot sobre l'asseguran\u00e7a d'indemnitzaci\u00f3 per baixa laboral? Parlem dels tipus d'asseguran\u00e7a per baixa laboral i les cobertures.","robots":{"index":"index","follow":"follow","max-snippet":"max-snippet:-1","max-image-preview":"max-image-preview:large","max-video-preview":"max-video-preview:-1"},"canonical":"https:\/\/www.mgc.es\/ca\/blog\/per-que-contractar-una-asseguranca-dindemnitzacio-per-baixa-laboral\/","og_locale":"ca_ES","og_type":"article","og_title":"Per qu\u00e8 contractar una asseguran\u00e7a d'indemnitzaci\u00f3 per baixa laboral? - MGC M\u00fatua","og_description":"Vols saber-ho tot sobre l'asseguran\u00e7a d'indemnitzaci\u00f3 per baixa laboral? Parlem dels tipus d'asseguran\u00e7a per baixa laboral i les cobertures.","og_url":"https:\/\/www.mgc.es\/ca\/blog\/per-que-contractar-una-asseguranca-dindemnitzacio-per-baixa-laboral\/","og_site_name":"MGC M\u00fatua","article_publisher":"https:\/\/www.facebook.com\/mgcmutua","article_published_time":"2021-02-09T10:00:00+00:00","article_modified_time":"2021-04-12T14:53:54+00:00","og_image":[{"width":810,"height":556,"url":"https:\/\/www.mgc.es\/wp-content\/uploads\/2020\/07\/por-que-contratar-seguro-de-salud-por-baja-laboral.jpg","type":"image\/jpeg"}],"author":"Revista Inter\u00e8s Mutu","twitter_card":"summary_large_image","twitter_creator":"@mgcmutua","twitter_site":"@mgcmutua","twitter_misc":{"Escrit per":"Revista Inter\u00e8s Mutu","Temps estimat de lectura":"5 minuts"},"schema":{"@context":"https:\/\/schema.org","@graph":[{"@type":["Article","BlogPosting"],"@id":"https:\/\/www.mgc.es\/ca\/blog\/per-que-contractar-una-asseguranca-dindemnitzacio-per-baixa-laboral\/#article","isPartOf":{"@id":"https:\/\/www.mgc.es\/ca\/blog\/per-que-contractar-una-asseguranca-dindemnitzacio-per-baixa-laboral\/"},"author":{"name":"Revista Inter\u00e8s Mutu","@id":"https:\/\/www.mgc.es\/#\/schema\/person\/010c961d9c9acf38f11187a02b646c16"},"headline":"Per qu\u00e8 contractar una asseguran\u00e7a d&#8217;indemnitzaci\u00f3 per baixa laboral?","datePublished":"2021-02-09T10:00:00+00:00","dateModified":"2021-04-12T14:53:54+00:00","mainEntityOfPage":{"@id":"https:\/\/www.mgc.es\/ca\/blog\/per-que-contractar-una-asseguranca-dindemnitzacio-per-baixa-laboral\/"},"wordCount":868,"commentCount":0,"publisher":{"@id":"https:\/\/www.mgc.es\/#organization"},"image":{"@id":"https:\/\/www.mgc.es\/ca\/blog\/per-que-contractar-una-asseguranca-dindemnitzacio-per-baixa-laboral\/#primaryimage"},"thumbnailUrl":"https:\/\/www.mgc.es\/wp-content\/uploads\/2020\/07\/por-que-contratar-seguro-de-salud-por-baja-laboral.jpg","keywords":["asseguran\u00e7a accidents"],"articleSection":["Actualitat M\u00fatua","Sector assegurances"],"inLanguage":"ca","potentialAction":[{"@type":"CommentAction","name":"Comment","target":["https:\/\/www.mgc.es\/ca\/blog\/per-que-contractar-una-asseguranca-dindemnitzacio-per-baixa-laboral\/#respond"]}]},{"@type":["WebPage","ItemPage"],"@id":"https:\/\/www.mgc.es\/ca\/blog\/per-que-contractar-una-asseguranca-dindemnitzacio-per-baixa-laboral\/","url":"https:\/\/www.mgc.es\/ca\/blog\/per-que-contractar-una-asseguranca-dindemnitzacio-per-baixa-laboral\/","name":"Per qu\u00e8 contractar una asseguran\u00e7a d'indemnitzaci\u00f3 per baixa laboral? - MGC M\u00fatua","isPartOf":{"@id":"https:\/\/www.mgc.es\/#website"},"primaryImageOfPage":{"@id":"https:\/\/www.mgc.es\/ca\/blog\/per-que-contractar-una-asseguranca-dindemnitzacio-per-baixa-laboral\/#primaryimage"},"image":{"@id":"https:\/\/www.mgc.es\/ca\/blog\/per-que-contractar-una-asseguranca-dindemnitzacio-per-baixa-laboral\/#primaryimage"},"thumbnailUrl":"https:\/\/www.mgc.es\/wp-content\/uploads\/2020\/07\/por-que-contratar-seguro-de-salud-por-baja-laboral.jpg","datePublished":"2021-02-09T10:00:00+00:00","dateModified":"2021-04-12T14:53:54+00:00","description":"Vols saber-ho tot sobre l'asseguran\u00e7a d'indemnitzaci\u00f3 per baixa laboral? Parlem dels tipus d'asseguran\u00e7a per baixa laboral i les cobertures.","breadcrumb":{"@id":"https:\/\/www.mgc.es\/ca\/blog\/per-que-contractar-una-asseguranca-dindemnitzacio-per-baixa-laboral\/#breadcrumb"},"inLanguage":"ca","potentialAction":[{"@type":"ReadAction","target":["https:\/\/www.mgc.es\/ca\/blog\/per-que-contractar-una-asseguranca-dindemnitzacio-per-baixa-laboral\/"]}]},{"@type":"ImageObject","inLanguage":"ca","@id":"https:\/\/www.mgc.es\/ca\/blog\/per-que-contractar-una-asseguranca-dindemnitzacio-per-baixa-laboral\/#primaryimage","url":"https:\/\/www.mgc.es\/wp-content\/uploads\/2020\/07\/por-que-contratar-seguro-de-salud-por-baja-laboral.jpg","contentUrl":"https:\/\/www.mgc.es\/wp-content\/uploads\/2020\/07\/por-que-contratar-seguro-de-salud-por-baja-laboral.jpg","width":810,"height":556,"caption":"por que contratar seguro de salud por baja laboral"},{"@type":"BreadcrumbList","@id":"https:\/\/www.mgc.es\/ca\/blog\/per-que-contractar-una-asseguranca-dindemnitzacio-per-baixa-laboral\/#breadcrumb","itemListElement":[{"@type":"ListItem","position":1,"name":"Home","item":"https:\/\/www.mgc.es\/ca\/"},{"@type":"ListItem","position":2,"name":"Per qu\u00e8 contractar una asseguran\u00e7a d&#8217;indemnitzaci\u00f3 per baixa laboral?"}]},{"@type":"WebSite","@id":"https:\/\/www.mgc.es\/#website","url":"https:\/\/www.mgc.es\/","name":"MGC M\u00fatua","description":"MGC M\u00fatua \u00e9s una entitat asseguradora sense \u00e0nim de lucre constitu\u00efda al 1982 i especialitzada en assegurances de salut i assist\u00e8ncia.","publisher":{"@id":"https:\/\/www.mgc.es\/#organization"},"alternateName":"MGC","potentialAction":[{"@type":"SearchAction","target":{"@type":"EntryPoint","urlTemplate":"https:\/\/www.mgc.es\/?s={search_term_string}"},"query-input":{"@type":"PropertyValueSpecification","valueRequired":true,"valueName":"search_term_string"}}],"inLanguage":"ca"},{"@type":"Organization","@id":"https:\/\/www.mgc.es\/#organization","name":"MGC Mutua","alternateName":"MGC","url":"https:\/\/www.mgc.es\/","logo":{"@type":"ImageObject","inLanguage":"ca","@id":"https:\/\/www.mgc.es\/#\/schema\/logo\/image\/","url":"https:\/\/www.mgc.es\/wp-content\/uploads\/2020\/03\/mgcmutua_h2_2t_reduccions.png","contentUrl":"https:\/\/www.mgc.es\/wp-content\/uploads\/2020\/03\/mgcmutua_h2_2t_reduccions.png","width":303,"height":165,"caption":"MGC Mutua"},"image":{"@id":"https:\/\/www.mgc.es\/#\/schema\/logo\/image\/"},"sameAs":["https:\/\/www.facebook.com\/mgcmutua","https:\/\/x.com\/mgcmutua","https:\/\/www.youtube.com\/c\/MGCMutua"]},{"@type":"Person","@id":"https:\/\/www.mgc.es\/#\/schema\/person\/010c961d9c9acf38f11187a02b646c16","name":"Revista Inter\u00e8s Mutu","image":{"@type":"ImageObject","inLanguage":"ca","@id":"https:\/\/secure.gravatar.com\/avatar\/52302d684339b9d7bf5691e2ad00835d62ce3b4a435f21ca9f21fbe39c63cb1b?s=96&d=mm&r=g","url":"https:\/\/secure.gravatar.com\/avatar\/52302d684339b9d7bf5691e2ad00835d62ce3b4a435f21ca9f21fbe39c63cb1b?s=96&d=mm&r=g","contentUrl":"https:\/\/secure.gravatar.com\/avatar\/52302d684339b9d7bf5691e2ad00835d62ce3b4a435f21ca9f21fbe39c63cb1b?s=96&d=mm&r=g","caption":"Revista Inter\u00e8s Mutu"}}]}},"_links":{"self":[{"href":"https:\/\/www.mgc.es\/ca\/wp-json\/wp\/v2\/posts\/19559","targetHints":{"allow":["GET"]}}],"collection":[{"href":"https:\/\/www.mgc.es\/ca\/wp-json\/wp\/v2\/posts"}],"about":[{"href":"https:\/\/www.mgc.es\/ca\/wp-json\/wp\/v2\/types\/post"}],"author":[{"embeddable":true,"href":"https:\/\/www.mgc.es\/ca\/wp-json\/wp\/v2\/users\/3"}],"replies":[{"embeddable":true,"href":"https:\/\/www.mgc.es\/ca\/wp-json\/wp\/v2\/comments?post=19559"}],"version-history":[{"count":4,"href":"https:\/\/www.mgc.es\/ca\/wp-json\/wp\/v2\/posts\/19559\/revisions"}],"predecessor-version":[{"id":21659,"href":"https:\/\/www.mgc.es\/ca\/wp-json\/wp\/v2\/posts\/19559\/revisions\/21659"}],"wp:featuredmedia":[{"embeddable":true,"href":"https:\/\/www.mgc.es\/ca\/wp-json\/wp\/v2\/media\/21497"}],"wp:attachment":[{"href":"https:\/\/www.mgc.es\/ca\/wp-json\/wp\/v2\/media?parent=19559"}],"wp:term":[{"taxonomy":"category","embeddable":true,"href":"https:\/\/www.mgc.es\/ca\/wp-json\/wp\/v2\/categories?post=19559"},{"taxonomy":"post_tag","embeddable":true,"href":"https:\/\/www.mgc.es\/ca\/wp-json\/wp\/v2\/tags?post=19559"}],"curies":[{"name":"wp","href":"https:\/\/api.w.org\/{rel}","templated":true}]}}