{"id":19501,"date":"2020-07-14T09:00:00","date_gmt":"2020-07-14T07:00:00","guid":{"rendered":"https:\/\/www.mgc.es\/?p=19501"},"modified":"2020-07-17T09:21:48","modified_gmt":"2020-07-17T07:21:48","slug":"es-segur-de-volar-amb-el-coronavirus-uns-quants-consells-per-fer-ho-mes-protegits","status":"publish","type":"post","link":"https:\/\/www.mgc.es\/ca\/blog\/es-segur-de-volar-amb-el-coronavirus-uns-quants-consells-per-fer-ho-mes-protegits\/","title":{"rendered":"\u00c9s segur volar amb el coronavirus? Uns quants consells per fer-ho m\u00e9s protegits"},"content":{"rendered":"<div id=\"ez-toc-container\" class=\"ez-toc-v2_0_82_1 counter-hierarchy ez-toc-counter ez-toc-custom ez-toc-container-direction\">\n<div class=\"ez-toc-title-container\"><p class=\"ez-toc-title\" style=\"cursor:inherit\">\u00cdndex de continguts<\/p>\n<\/div><nav><ul class='ez-toc-list ez-toc-list-level-1 ' ><li class='ez-toc-page-1 ez-toc-heading-level-2'><a class=\"ez-toc-link ez-toc-heading-1\" href=\"https:\/\/www.mgc.es\/ca\/blog\/es-segur-de-volar-amb-el-coronavirus-uns-quants-consells-per-fer-ho-mes-protegits\/#Es_segur_volar_amb_el_coronavirus\" >\u00c9s segur volar amb el coronavirus?<\/a><\/li><li class='ez-toc-page-1 ez-toc-heading-level-2'><a class=\"ez-toc-link ez-toc-heading-2\" href=\"https:\/\/www.mgc.es\/ca\/blog\/es-segur-de-volar-amb-el-coronavirus-uns-quants-consells-per-fer-ho-mes-protegits\/#Hi_ha_llocs_a_lavio_mes_segurs_que_uns_altres\" >Hi ha llocs a l\u2019avi\u00f3 m\u00e9s segurs que uns altres?<\/a><\/li><li class='ez-toc-page-1 ez-toc-heading-level-2'><a class=\"ez-toc-link ez-toc-heading-3\" href=\"https:\/\/www.mgc.es\/ca\/blog\/es-segur-de-volar-amb-el-coronavirus-uns-quants-consells-per-fer-ho-mes-protegits\/#12_consells_per_volar_durant_la_COVID-19\" >12 consells per volar durant la COVID-19<\/a><\/li><\/ul><\/nav><\/div>\n\n<figure class=\"wp-block-image size-large\"><img loading=\"lazy\" decoding=\"async\" width=\"800\" height=\"533\" src=\"https:\/\/www.mgc.es\/wp-content\/uploads\/2020\/07\/Terminal-con-mascarilla.jpg\" alt=\"Volar durante el \" class=\"wp-image-19499\" srcset=\"https:\/\/www.mgc.es\/wp-content\/uploads\/2020\/07\/Terminal-con-mascarilla.jpg 800w, https:\/\/www.mgc.es\/wp-content\/uploads\/2020\/07\/Terminal-con-mascarilla-440x293.jpg 440w, https:\/\/www.mgc.es\/wp-content\/uploads\/2020\/07\/Terminal-con-mascarilla-768x512.jpg 768w, https:\/\/www.mgc.es\/wp-content\/uploads\/2020\/07\/Terminal-con-mascarilla-600x400.jpg 600w\" sizes=\"auto, (max-width: 800px) 100vw, 800px\" \/><\/figure>\n\n\n\n<p>D\u2019en\u00e7\u00e0 que es va decretar el confinament al nostre pa\u00eds, el 15 de mar\u00e7 passat, el govern va aconsellar de no sortir de casa si no era imprescindible, i evitar els viatges que no eren essencials. Ara b\u00e9, per a molta gent, viatjar \u00e9s absolutament necessari. Ens plantegem el dubte de si \u00e9s segur, si es poden prendre precaucions quan pugem a l\u2019avi\u00f3, i de quines es tractaria.<\/p>\n\n\n\n<!--more-->\n\n\n\n<h2 class=\"wp-block-heading\"><span class=\"ez-toc-section\" id=\"Es_segur_volar_amb_el_coronavirus\"><\/span><strong>\u00c9s segur volar amb el coronavirus?<\/strong><span class=\"ez-toc-section-end\"><\/span><\/h2>\n\n\n\n<p>El risc dep\u00e8n del nombre o volum de passatgers, la durada del vol, el grau d\u2019as\u00e8psia de l\u2019avi\u00f3 i la qualitat de filtratge de l\u2019aire condicionat. Hi ha l\u00ednies a\u00e8ries que han limitat el nombre de passatgers, a banda d\u2019haver extremat no \u00fanicament les mesures de desinfecci\u00f3 de l\u2019interior de l\u2019avi\u00f3, sin\u00f3 tamb\u00e9 la freq\u00fc\u00e8ncia amb qu\u00e8 s\u2019hi du a terme, la qual cosa representa una millora important.<\/p>\n\n\n\n<p>Com tothom sap, la COVID-19 es pot escampar amb les microgotes que s\u2019expel\u00b7leixen quan tossim o esternudem. Aquestes gotes romanen durant hores en les superf\u00edcies on cauen, de manera que poden infectar els qui s\u00f3n a la vora de l\u2019emissor. Es calcula que el grau de proximitat de risc \u00e9s de dues files, d\u2019acord amb la recomanaci\u00f3 de l\u2019Organitzaci\u00f3 Mundial de la Salut (OMS). Per aix\u00f2 s\u2019aconsella de guardar un metre i mig de dist\u00e0ncia entre persones.<\/p>\n\n\n\n<p>Hi ha l\u00ednies a\u00e8ries que hi han instal\u00b7lat filtres especials HEPA (High Efficiency Particulate Air) que retenen les gotes, per\u00f2, fins i tot d\u2019aquesta manera, encara \u00e9s possible d\u2019encomanar-se\u2019n abans que es filtrin i s\u2019eliminin les gotes.<\/p>\n\n\n\n<p>De la mateixa manera, en un viatge llarg \u00e9s inevitable d\u2019anar al lavabo o d\u2019aixecar-se per estirar les cames.<\/p>\n\n\n\n<h2 class=\"wp-block-heading\"><span class=\"ez-toc-section\" id=\"Hi_ha_llocs_a_lavio_mes_segurs_que_uns_altres\"><\/span><strong>Hi ha llocs a l\u2019avi\u00f3 m\u00e9s segurs que uns altres?<\/strong><span class=\"ez-toc-section-end\"><\/span><\/h2>\n\n\n\n<p>Els seients al costat de la finestreta s\u00f3n m\u00e9s segurs, perqu\u00e8 s\u00f3n m\u00e9s lluny del passad\u00eds pel qual transiten inevitablement la tripulaci\u00f3 i els altres passatgers. Hi ha l\u00ednies a\u00e8ries que no venen tots els seients, en particular els centrals, cosa que tamb\u00e9 hi ajuda.<\/p>\n\n\n\n<p>Un estudi de 2018 va demostrar que la majoria dels passatgers es van aixecar un cop, com a m\u00ednim, en vols de recorregut mitj\u00e0. Amb tot, nom\u00e9s el 43 % dels qui viatjaven al costat de la finestreta ho van fer, per oposici\u00f3 al 80 % dels qui viatjaven al costat del passad\u00eds.<\/p>\n\n\n\n<p>Viatjar al costat de la finestreta limita el risc de contacte. Aquest mateix estudi va demostrar que aquests passatgers tenien contacte amb altres passatgers o amb la tripulaci\u00f3 una mitjana de 12 vegades, mentre que els dels seients centrals o els del passad\u00eds en tenien, respectivament, 58 i 64 ocasions.<\/p>\n\n\n\n<h2 class=\"wp-block-heading\"><span class=\"ez-toc-section\" id=\"12_consells_per_volar_durant_la_COVID-19\"><\/span><strong>12 consells per volar durant la COVID-19<\/strong><span class=\"ez-toc-section-end\"><\/span><\/h2>\n\n\n\n<p>Si et cal de totes passades agafar un avi\u00f3, aquests consells et poden ajudar a estar protegit:<\/p>\n\n\n\n<p><strong>1.<\/strong> Recorda de dur la m\u00e0scara sempre posada, perqu\u00e8 evita que aspiris part\u00edcules contaminades.<\/p>\n\n\n\n<p><strong>2.<\/strong> Mantingues la \u201cdist\u00e0ncia social\u201d d\u2019un metre i mig tant com puguis, a l\u2019aeroport i tamb\u00e9 dins de l\u2019avi\u00f3.<\/p>\n\n\n\n<p><strong>3.<\/strong> Procura de no facturar equipatge i de dur les coses necess\u00e0ries a la cabina, aix\u00ed sempre passar\u00e0 per menys mans.<\/p>\n\n\n\n<p>4. Tanca b\u00e9 les cremalleres de les bosses de m\u00e0 o de les bosses de viatge, per evitar que se\u2019n contamini l\u2019interior.<\/p>\n\n\n\n<p><strong>5.<\/strong> No dubtis de passar, abans de seure-hi, una tovalloleta desinfectant pel seient, el cintur\u00f3 de seguretat, la finestreta, la taula i els bra\u00e7os del seient.<\/p>\n\n\n\n<p><strong>6.<\/strong> Fes servir guants o una tovalloleta de paper per obrir i tancar la porta del lavabo, el compartiment de c\u00e0rrega superior, les taules i qualsevol altra superf\u00edcie que toqui o hagi tocat m\u00e9s gent.<\/p>\n\n\n\n<p><strong>7.<\/strong> Utilitza gel desinfectant durant tot el vol i, en particular, despr\u00e9s de tocar qualsevol superf\u00edcie que hagin pogut tocar altres persones.<\/p>\n\n\n\n<p><strong>8.<\/strong> Procura de no anar al lavabo, per\u00f2 si \u00e9s inevitable, recorda de rentar-te les mans amb molta cura.<\/p>\n\n\n\n<p><strong>9.<\/strong> Mantingues una hidrataci\u00f3 adequada! Les mucoses funcionen de manera m\u00e9s eficient. Despr\u00e9s del vol, renta\u2019t b\u00e9 les mans i moca\u2019t. Si et pots netejar el nas amb una soluci\u00f3 salina, encara millor. Mantindr\u00e0s una barrera de protecci\u00f3 humida m\u00e9s efica\u00e7.<\/p>\n\n\n\n<p><strong>10.<\/strong> Pren un complement vitam\u00ednic i mineral, perqu\u00e8 ajuda el sistema immunol\u00f2gic.<\/p>\n\n\n\n<p><strong>11.<\/strong> Emporta\u2019t a bord el teu coix\u00ed, acabat de rentar (o acabat de comprar), i la teva manta, si penses que els far\u00e0s servir.<\/p>\n\n\n\n<p><strong>12.<\/strong> Despr\u00e9s del vol, renta\u2019t la cara i les mans amb aigua i sab\u00f3, almenys durant 20 segons.<\/p>\n","protected":false},"excerpt":{"rendered":"<p>D\u2019en\u00e7\u00e0 que es va decretar el confinament al nostre pa\u00eds, el 15 de mar\u00e7 passat, el govern va aconsellar de no sortir de casa si no era imprescindible, i evitar els viatges que no eren essencials. Ara b\u00e9, per a molta gent, viatjar \u00e9s absolutament necessari. Ens plantegem el dubte de si \u00e9s segur, si [&hellip;]<\/p>\n","protected":false},"author":3,"featured_media":19499,"comment_status":"open","ping_status":"open","sticky":false,"template":"","format":"standard","meta":{"footnotes":""},"categories":[996,15],"tags":[619,481],"class_list":["post-19501","post","type-post","status-publish","format-standard","has-post-thumbnail","hentry","category-malalties-i-salut-general","category-salut","tag-coronavirus-ca","tag-prevencio"],"featured_image_src":"https:\/\/www.mgc.es\/wp-content\/uploads\/2020\/07\/Terminal-con-mascarilla.jpg","author_info":{"display_name":"Revista Inter\u00e8s Mutu","author_link":"https:\/\/www.mgc.es\/ca\/blog\/author\/interesmutu\/"},"yoast_head":"<!-- This site is optimized with the Yoast SEO plugin v27.2 - https:\/\/yoast.com\/product\/yoast-seo-wordpress\/ -->\n<title>\u00c9s segur volar amb el coronavirus? Uns quants consells per fer-ho m\u00e9s protegits - MGC M\u00fatua<\/title>\n<meta name=\"robots\" content=\"index, follow, max-snippet:-1, max-image-preview:large, max-video-preview:-1\" \/>\n<link rel=\"canonical\" href=\"https:\/\/www.mgc.es\/ca\/blog\/es-segur-de-volar-amb-el-coronavirus-uns-quants-consells-per-fer-ho-mes-protegits\/\" \/>\n<meta property=\"og:locale\" content=\"ca_ES\" \/>\n<meta property=\"og:type\" content=\"article\" \/>\n<meta property=\"og:title\" content=\"\u00c9s segur volar amb el coronavirus? Uns quants consells per fer-ho m\u00e9s protegits - MGC M\u00fatua\" \/>\n<meta property=\"og:description\" content=\"D\u2019en\u00e7\u00e0 que es va decretar el confinament al nostre pa\u00eds, el 15 de mar\u00e7 passat, el govern va aconsellar de no sortir de casa si no era imprescindible, i evitar els viatges que no eren essencials. Ara b\u00e9, per a molta gent, viatjar \u00e9s absolutament necessari. Ens plantegem el dubte de si \u00e9s segur, si [&hellip;]\" \/>\n<meta property=\"og:url\" content=\"https:\/\/www.mgc.es\/ca\/blog\/es-segur-de-volar-amb-el-coronavirus-uns-quants-consells-per-fer-ho-mes-protegits\/\" \/>\n<meta property=\"og:site_name\" content=\"MGC M\u00fatua\" \/>\n<meta property=\"article:publisher\" content=\"https:\/\/www.facebook.com\/mgcmutua\" \/>\n<meta property=\"article:published_time\" content=\"2020-07-14T07:00:00+00:00\" \/>\n<meta property=\"article:modified_time\" content=\"2020-07-17T07:21:48+00:00\" \/>\n<meta property=\"og:image\" content=\"https:\/\/www.mgc.es\/wp-content\/uploads\/2020\/07\/Terminal-con-mascarilla.jpg\" \/>\n\t<meta property=\"og:image:width\" content=\"800\" \/>\n\t<meta property=\"og:image:height\" content=\"533\" \/>\n\t<meta property=\"og:image:type\" content=\"image\/jpeg\" \/>\n<meta name=\"author\" content=\"Revista Inter\u00e8s Mutu\" \/>\n<meta name=\"twitter:card\" content=\"summary_large_image\" \/>\n<meta name=\"twitter:creator\" content=\"@mgcmutua\" \/>\n<meta name=\"twitter:site\" content=\"@mgcmutua\" \/>\n<meta name=\"twitter:label1\" content=\"Escrit per\" \/>\n\t<meta name=\"twitter:data1\" content=\"Revista Inter\u00e8s Mutu\" \/>\n\t<meta name=\"twitter:label2\" content=\"Temps estimat de lectura\" \/>\n\t<meta name=\"twitter:data2\" content=\"4 minuts\" \/>\n<!-- \/ Yoast SEO plugin. -->","yoast_head_json":{"title":"\u00c9s segur volar amb el coronavirus? Uns quants consells per fer-ho m\u00e9s protegits - MGC M\u00fatua","robots":{"index":"index","follow":"follow","max-snippet":"max-snippet:-1","max-image-preview":"max-image-preview:large","max-video-preview":"max-video-preview:-1"},"canonical":"https:\/\/www.mgc.es\/ca\/blog\/es-segur-de-volar-amb-el-coronavirus-uns-quants-consells-per-fer-ho-mes-protegits\/","og_locale":"ca_ES","og_type":"article","og_title":"\u00c9s segur volar amb el coronavirus? Uns quants consells per fer-ho m\u00e9s protegits - MGC M\u00fatua","og_description":"D\u2019en\u00e7\u00e0 que es va decretar el confinament al nostre pa\u00eds, el 15 de mar\u00e7 passat, el govern va aconsellar de no sortir de casa si no era imprescindible, i evitar els viatges que no eren essencials. Ara b\u00e9, per a molta gent, viatjar \u00e9s absolutament necessari. Ens plantegem el dubte de si \u00e9s segur, si [&hellip;]","og_url":"https:\/\/www.mgc.es\/ca\/blog\/es-segur-de-volar-amb-el-coronavirus-uns-quants-consells-per-fer-ho-mes-protegits\/","og_site_name":"MGC M\u00fatua","article_publisher":"https:\/\/www.facebook.com\/mgcmutua","article_published_time":"2020-07-14T07:00:00+00:00","article_modified_time":"2020-07-17T07:21:48+00:00","og_image":[{"width":800,"height":533,"url":"https:\/\/www.mgc.es\/wp-content\/uploads\/2020\/07\/Terminal-con-mascarilla.jpg","type":"image\/jpeg"}],"author":"Revista Inter\u00e8s Mutu","twitter_card":"summary_large_image","twitter_creator":"@mgcmutua","twitter_site":"@mgcmutua","twitter_misc":{"Escrit per":"Revista Inter\u00e8s Mutu","Temps estimat de lectura":"4 minuts"},"schema":{"@context":"https:\/\/schema.org","@graph":[{"@type":["Article","BlogPosting"],"@id":"https:\/\/www.mgc.es\/ca\/blog\/es-segur-de-volar-amb-el-coronavirus-uns-quants-consells-per-fer-ho-mes-protegits\/#article","isPartOf":{"@id":"https:\/\/www.mgc.es\/ca\/blog\/es-segur-de-volar-amb-el-coronavirus-uns-quants-consells-per-fer-ho-mes-protegits\/"},"author":{"name":"Revista Inter\u00e8s Mutu","@id":"https:\/\/www.mgc.es\/#\/schema\/person\/010c961d9c9acf38f11187a02b646c16"},"headline":"\u00c9s segur volar amb el coronavirus? Uns quants consells per fer-ho m\u00e9s protegits","datePublished":"2020-07-14T07:00:00+00:00","dateModified":"2020-07-17T07:21:48+00:00","mainEntityOfPage":{"@id":"https:\/\/www.mgc.es\/ca\/blog\/es-segur-de-volar-amb-el-coronavirus-uns-quants-consells-per-fer-ho-mes-protegits\/"},"wordCount":794,"commentCount":0,"publisher":{"@id":"https:\/\/www.mgc.es\/#organization"},"image":{"@id":"https:\/\/www.mgc.es\/ca\/blog\/es-segur-de-volar-amb-el-coronavirus-uns-quants-consells-per-fer-ho-mes-protegits\/#primaryimage"},"thumbnailUrl":"https:\/\/www.mgc.es\/wp-content\/uploads\/2020\/07\/Terminal-con-mascarilla.jpg","keywords":["coronavirus","prevenci\u00f3"],"articleSection":["Malalties i salut general","Salut i medicina"],"inLanguage":"ca","potentialAction":[{"@type":"CommentAction","name":"Comment","target":["https:\/\/www.mgc.es\/ca\/blog\/es-segur-de-volar-amb-el-coronavirus-uns-quants-consells-per-fer-ho-mes-protegits\/#respond"]}]},{"@type":["WebPage","ItemPage"],"@id":"https:\/\/www.mgc.es\/ca\/blog\/es-segur-de-volar-amb-el-coronavirus-uns-quants-consells-per-fer-ho-mes-protegits\/","url":"https:\/\/www.mgc.es\/ca\/blog\/es-segur-de-volar-amb-el-coronavirus-uns-quants-consells-per-fer-ho-mes-protegits\/","name":"\u00c9s segur volar amb el coronavirus? Uns quants consells per fer-ho m\u00e9s protegits - MGC M\u00fatua","isPartOf":{"@id":"https:\/\/www.mgc.es\/#website"},"primaryImageOfPage":{"@id":"https:\/\/www.mgc.es\/ca\/blog\/es-segur-de-volar-amb-el-coronavirus-uns-quants-consells-per-fer-ho-mes-protegits\/#primaryimage"},"image":{"@id":"https:\/\/www.mgc.es\/ca\/blog\/es-segur-de-volar-amb-el-coronavirus-uns-quants-consells-per-fer-ho-mes-protegits\/#primaryimage"},"thumbnailUrl":"https:\/\/www.mgc.es\/wp-content\/uploads\/2020\/07\/Terminal-con-mascarilla.jpg","datePublished":"2020-07-14T07:00:00+00:00","dateModified":"2020-07-17T07:21:48+00:00","breadcrumb":{"@id":"https:\/\/www.mgc.es\/ca\/blog\/es-segur-de-volar-amb-el-coronavirus-uns-quants-consells-per-fer-ho-mes-protegits\/#breadcrumb"},"inLanguage":"ca","potentialAction":[{"@type":"ReadAction","target":["https:\/\/www.mgc.es\/ca\/blog\/es-segur-de-volar-amb-el-coronavirus-uns-quants-consells-per-fer-ho-mes-protegits\/"]}]},{"@type":"ImageObject","inLanguage":"ca","@id":"https:\/\/www.mgc.es\/ca\/blog\/es-segur-de-volar-amb-el-coronavirus-uns-quants-consells-per-fer-ho-mes-protegits\/#primaryimage","url":"https:\/\/www.mgc.es\/wp-content\/uploads\/2020\/07\/Terminal-con-mascarilla.jpg","contentUrl":"https:\/\/www.mgc.es\/wp-content\/uploads\/2020\/07\/Terminal-con-mascarilla.jpg","width":800,"height":533,"caption":"Volar durante el"},{"@type":"BreadcrumbList","@id":"https:\/\/www.mgc.es\/ca\/blog\/es-segur-de-volar-amb-el-coronavirus-uns-quants-consells-per-fer-ho-mes-protegits\/#breadcrumb","itemListElement":[{"@type":"ListItem","position":1,"name":"Home","item":"https:\/\/www.mgc.es\/ca\/"},{"@type":"ListItem","position":2,"name":"\u00c9s segur volar amb el coronavirus? Uns quants consells per fer-ho m\u00e9s protegits"}]},{"@type":"WebSite","@id":"https:\/\/www.mgc.es\/#website","url":"https:\/\/www.mgc.es\/","name":"MGC M\u00fatua","description":"MGC M\u00fatua \u00e9s una entitat asseguradora sense \u00e0nim de lucre constitu\u00efda al 1982 i especialitzada en assegurances de salut i assist\u00e8ncia.","publisher":{"@id":"https:\/\/www.mgc.es\/#organization"},"alternateName":"MGC","potentialAction":[{"@type":"SearchAction","target":{"@type":"EntryPoint","urlTemplate":"https:\/\/www.mgc.es\/?s={search_term_string}"},"query-input":{"@type":"PropertyValueSpecification","valueRequired":true,"valueName":"search_term_string"}}],"inLanguage":"ca"},{"@type":"Organization","@id":"https:\/\/www.mgc.es\/#organization","name":"MGC Mutua","alternateName":"MGC","url":"https:\/\/www.mgc.es\/","logo":{"@type":"ImageObject","inLanguage":"ca","@id":"https:\/\/www.mgc.es\/#\/schema\/logo\/image\/","url":"https:\/\/www.mgc.es\/wp-content\/uploads\/2020\/03\/mgcmutua_h2_2t_reduccions.png","contentUrl":"https:\/\/www.mgc.es\/wp-content\/uploads\/2020\/03\/mgcmutua_h2_2t_reduccions.png","width":303,"height":165,"caption":"MGC Mutua"},"image":{"@id":"https:\/\/www.mgc.es\/#\/schema\/logo\/image\/"},"sameAs":["https:\/\/www.facebook.com\/mgcmutua","https:\/\/x.com\/mgcmutua","https:\/\/www.youtube.com\/c\/MGCMutua"]},{"@type":"Person","@id":"https:\/\/www.mgc.es\/#\/schema\/person\/010c961d9c9acf38f11187a02b646c16","name":"Revista Inter\u00e8s Mutu","image":{"@type":"ImageObject","inLanguage":"ca","@id":"https:\/\/secure.gravatar.com\/avatar\/52302d684339b9d7bf5691e2ad00835d62ce3b4a435f21ca9f21fbe39c63cb1b?s=96&d=mm&r=g","url":"https:\/\/secure.gravatar.com\/avatar\/52302d684339b9d7bf5691e2ad00835d62ce3b4a435f21ca9f21fbe39c63cb1b?s=96&d=mm&r=g","contentUrl":"https:\/\/secure.gravatar.com\/avatar\/52302d684339b9d7bf5691e2ad00835d62ce3b4a435f21ca9f21fbe39c63cb1b?s=96&d=mm&r=g","caption":"Revista Inter\u00e8s Mutu"}}]}},"_links":{"self":[{"href":"https:\/\/www.mgc.es\/ca\/wp-json\/wp\/v2\/posts\/19501","targetHints":{"allow":["GET"]}}],"collection":[{"href":"https:\/\/www.mgc.es\/ca\/wp-json\/wp\/v2\/posts"}],"about":[{"href":"https:\/\/www.mgc.es\/ca\/wp-json\/wp\/v2\/types\/post"}],"author":[{"embeddable":true,"href":"https:\/\/www.mgc.es\/ca\/wp-json\/wp\/v2\/users\/3"}],"replies":[{"embeddable":true,"href":"https:\/\/www.mgc.es\/ca\/wp-json\/wp\/v2\/comments?post=19501"}],"version-history":[{"count":2,"href":"https:\/\/www.mgc.es\/ca\/wp-json\/wp\/v2\/posts\/19501\/revisions"}],"predecessor-version":[{"id":19563,"href":"https:\/\/www.mgc.es\/ca\/wp-json\/wp\/v2\/posts\/19501\/revisions\/19563"}],"wp:featuredmedia":[{"embeddable":true,"href":"https:\/\/www.mgc.es\/ca\/wp-json\/wp\/v2\/media\/19499"}],"wp:attachment":[{"href":"https:\/\/www.mgc.es\/ca\/wp-json\/wp\/v2\/media?parent=19501"}],"wp:term":[{"taxonomy":"category","embeddable":true,"href":"https:\/\/www.mgc.es\/ca\/wp-json\/wp\/v2\/categories?post=19501"},{"taxonomy":"post_tag","embeddable":true,"href":"https:\/\/www.mgc.es\/ca\/wp-json\/wp\/v2\/tags?post=19501"}],"curies":[{"name":"wp","href":"https:\/\/api.w.org\/{rel}","templated":true}]}}