{"id":19348,"date":"2020-06-15T18:26:27","date_gmt":"2020-06-15T16:26:27","guid":{"rendered":"https:\/\/www.mgc.es\/?p=19348"},"modified":"2021-03-11T10:16:40","modified_gmt":"2021-03-11T09:16:40","slug":"lasseguranca-destudis","status":"publish","type":"post","link":"https:\/\/www.mgc.es\/ca\/blog\/lasseguranca-destudis\/","title":{"rendered":"L&#8217;asseguran\u00e7a d&#8217;estudis"},"content":{"rendered":"<div id=\"ez-toc-container\" class=\"ez-toc-v2_0_82_1 counter-hierarchy ez-toc-counter ez-toc-custom ez-toc-container-direction\">\n<div class=\"ez-toc-title-container\"><p class=\"ez-toc-title\" style=\"cursor:inherit\">\u00cdndex de continguts<\/p>\n<\/div><nav><ul class='ez-toc-list ez-toc-list-level-1 ' ><li class='ez-toc-page-1 ez-toc-heading-level-2'><a class=\"ez-toc-link ez-toc-heading-1\" href=\"https:\/\/www.mgc.es\/ca\/blog\/lasseguranca-destudis\/#Per_que_contractar_una_asseguranca_destudis\" >Per qu\u00e8 contractar una asseguran\u00e7a d&#8217;estudis?<\/a><\/li><li class='ez-toc-page-1 ez-toc-heading-level-2'><a class=\"ez-toc-link ez-toc-heading-2\" href=\"https:\/\/www.mgc.es\/ca\/blog\/lasseguranca-destudis\/#Que_ofereix_lasseguranca_destudis\" >Qu\u00e8 ofereix l&#8217;asseguran\u00e7a d&#8217;estudis?<\/a><\/li><li class='ez-toc-page-1 ez-toc-heading-level-2'><a class=\"ez-toc-link ez-toc-heading-3\" href=\"https:\/\/www.mgc.es\/ca\/blog\/lasseguranca-destudis\/#Qui_pot_contractar-la\" >Qui pot contractar-la?<\/a><\/li><li class='ez-toc-page-1 ez-toc-heading-level-2'><a class=\"ez-toc-link ez-toc-heading-4\" href=\"https:\/\/www.mgc.es\/ca\/blog\/lasseguranca-destudis\/#Lasseguranca_A-V_Renda_Estudis_dMGC_Mutua_esta_pensada_per_aquells_per_a_qui_protegir_el_futur_dels_fills_es_prioritari\" >L&#8217;asseguran\u00e7a A-V Renda Estudis d\u2019MGC M\u00fatua est\u00e0 pensada per aquells per a qui protegir el futur dels fills \u00e9s prioritari<\/a><\/li><\/ul><\/nav><\/div>\n\n<figure class=\"wp-block-image size-large\"><img loading=\"lazy\" decoding=\"async\" width=\"810\" height=\"530\" src=\"https:\/\/www.mgc.es\/wp-content\/uploads\/2020\/06\/Renda-Estudis.jpg\" alt=\"Seguro Renta Estudios\" class=\"wp-image-19346\" srcset=\"https:\/\/www.mgc.es\/wp-content\/uploads\/2020\/06\/Renda-Estudis.jpg 810w, https:\/\/www.mgc.es\/wp-content\/uploads\/2020\/06\/Renda-Estudis-440x288.jpg 440w, https:\/\/www.mgc.es\/wp-content\/uploads\/2020\/06\/Renda-Estudis-768x503.jpg 768w\" sizes=\"auto, (max-width: 810px) 100vw, 810px\" \/><\/figure>\n\n\n\n<p>La formaci\u00f3 acad\u00e8mica dels teus fills no pot aturar-se per un imprevist. L&#8217;asseguran\u00e7a d&#8217;estudis \u00e9s una modalitat de l&#8217;asseguran\u00e7a de vida que garanteix el cost dels estudis dels fills en cas de la mort o la invalidesa dels progenitors.&nbsp;<\/p>\n\n\n\n<!--more-->\n\n\n\n<h2 class=\"wp-block-heading\"><span class=\"ez-toc-section\" id=\"Per_que_contractar_una_asseguranca_destudis\"><\/span>Per qu\u00e8 contractar una asseguran\u00e7a d&#8217;estudis?<span class=\"ez-toc-section-end\"><\/span><\/h2>\n\n\n\n<p>Avui m\u00e9s que mai sabem que la vida pot canviar de manera sobtada i que en la majoria dels casos no avisa. Davant la preocupaci\u00f3 dels pares de no deixar desprotegits els nostres fills si ens passa alguna cosa, la <strong>indemnitzaci\u00f3 econ\u00f2mica<\/strong> de les assegurances de vida i les seves diferents modalitats pot ser un suport fonamental <strong>en cas de malaltia, invalidesa o mort de l&#8217;assegurat<\/strong>.<\/p>\n\n\n\n<p>L&#8217;asseguran\u00e7a d&#8217;estudis \u00e9s una d&#8217;aquestes modalitats. La formaci\u00f3 acad\u00e8mica \u00e9s una eina fonamental de cara al futur dels fills, i no \u00e9s barata, ja que tamb\u00e9 inclou despeses derivades com ara material, transport, serveis de menjador i les quotes si s&#8217;estudia en escoles o universitats privades.<\/p>\n\n\n\n<p>Comptar amb <strong>una cobertura que garanteixi el cost dels estudis dels fills<\/strong> si per un imprevist no podem fer-nos-en c\u00e0rrec \u00e9s una bona manera de garantir la seva formaci\u00f3 perqu\u00e8 puguin tirar endavant i desenvolupar-se en el futur. Si la teva asseguran\u00e7a de vida no inclou cap cl\u00e0usula que cobreixi aquesta situaci\u00f3, contractar una asseguran\u00e7a d&#8217;estudis \u00e9s una bona opci\u00f3.<\/p>\n\n\n\n<h2 class=\"wp-block-heading\"><span class=\"ez-toc-section\" id=\"Que_ofereix_lasseguranca_destudis\"><\/span>Qu\u00e8 ofereix l&#8217;asseguran\u00e7a d&#8217;estudis?<span class=\"ez-toc-section-end\"><\/span><\/h2>\n\n\n\n<p><strong>La p\u00f2lissa de l&#8217;asseguran\u00e7a d&#8217;estudis cobrir\u00e0 el cost d&#8217;escolaritzaci\u00f3 de l&#8217;alumne<\/strong>, des de la data del sinistre derivat de la mort dels pares assegurats fins a l&#8217;eventual finalitzaci\u00f3 dels estudis per als quals ha estat contractada l&#8217;asseguran\u00e7a.<\/p>\n\n\n\n<p>Algunes asseguradores ofereixen, a m\u00e9s, <strong>altres garanties complement\u00e0ries<\/strong> addicionals que inclouen, per exemple, el sup\u00f2sit d&#8217;invalidesa permanent i absoluta.<\/p>\n\n\n\n<p>La majoria de les p\u00f2lisses no nom\u00e9s cobreixen la continu\u00eftat dels estudis en el centre educatiu, sin\u00f3 que es poden fer c\u00e0rrec d&#8217;altres despeses addicionals de les quals ja hem parlat anteriorment: material escolar, serveis de menjador i transport, uniformes, activitats extraescolars&#8230;<\/p>\n\n\n\n<p><strong>Si algun dia faltem, podem tenir la tranquil\u00b7litat que l&#8217;asseguran\u00e7a d&#8217;estudis es far\u00e0 c\u00e0rrec de les despeses de la formaci\u00f3 dels nostres fills.<\/strong><\/p>\n\n\n\n<figure class=\"wp-block-image size-large\"><img loading=\"lazy\" decoding=\"async\" width=\"800\" height=\"533\" src=\"https:\/\/www.mgc.es\/wp-content\/uploads\/2019\/11\/espaimutuaestudio.jpg\" alt=\"Seguro Renta Estudios\" class=\"wp-image-14373\"\/><\/figure>\n\n\n\n<h2 class=\"wp-block-heading\"><span class=\"ez-toc-section\" id=\"Qui_pot_contractar-la\"><\/span>Qui pot contractar-la?<span class=\"ez-toc-section-end\"><\/span><\/h2>\n\n\n\n<p>Els pares o qualsevol persona que pagui la formaci\u00f3 acad\u00e8mica d&#8217;un alumne pot contractar una asseguran\u00e7a d&#8217;estudis. Encara que no totes les p\u00f2lisses s\u00f3n iguals, un dels requisits fonamentals \u00e9s l&#8217;edat de contractaci\u00f3, i els l\u00edmits els fixa cada companyia asseguradora.<\/p>\n\n\n\n<h2 class=\"wp-block-heading\"><span class=\"ez-toc-section\" id=\"Lasseguranca_A-V_Renda_Estudis_dMGC_Mutua_esta_pensada_per_aquells_per_a_qui_protegir_el_futur_dels_fills_es_prioritari\"><\/span>L&#8217;asseguran\u00e7a A-V Renda Estudis d\u2019MGC M\u00fatua est\u00e0 pensada per aquells per a qui protegir el futur dels fills \u00e9s prioritari<span class=\"ez-toc-section-end\"><\/span><\/h2>\n\n\n\n<p>Cada any m\u00e9s nens i nenes dels que ens pensem queden orfes de pare i\/o mare, o aquests queden inv\u00e0lids. El cost dels seus estudis, des de P3 fins a 2n de batxillerat, pot arribar als 40.000 \u20ac.<\/p>\n\n\n\n<p><a href=\"https:\/\/www.mgc.es\/ca\/vida\/renda-estudis\/\"><strong>A-V Renda Estudis<\/strong><\/a> ofereix:<\/p>\n\n\n\n<ul class=\"wp-block-list\"><li>Una renda mensual per fer front als estudis o als inicis professionals dels fills en cas de mort dels progenitors assegurats.<\/li><li>Garantia complement\u00e0ria opcional en forma de capital, en cas d&#8217;esdevenir-se una invalidesa permanent i absoluta.<\/li><\/ul>\n\n\n\n<p><strong>Sol\u00b7licita\u2019n m\u00e9s informaci\u00f3 enviant el <\/strong><a href=\"https:\/\/www.mgc.es\/ca\/vida\/renda-estudis\/\"><strong>formulari<\/strong><\/a><strong> que trobar\u00e0s al nostre web o trucant al tel\u00e8fon 93 414 36 00.<\/strong><\/p>\n","protected":false},"excerpt":{"rendered":"<p>La formaci\u00f3 acad\u00e8mica dels teus fills no pot aturar-se per un imprevist. L&#8217;asseguran\u00e7a d&#8217;estudis \u00e9s una modalitat de l&#8217;asseguran\u00e7a de vida que garanteix el cost dels estudis dels fills en cas de la mort o la invalidesa dels progenitors.&nbsp;<\/p>\n","protected":false},"author":3,"featured_media":19346,"comment_status":"open","ping_status":"open","sticky":false,"template":"","format":"standard","meta":{"footnotes":""},"categories":[11,16],"tags":[566],"class_list":["post-19348","post","type-post","status-publish","format-standard","has-post-thumbnail","hentry","category-actualitat","category-assegurances","tag-asseguranca-estudis"],"featured_image_src":"https:\/\/www.mgc.es\/wp-content\/uploads\/2020\/06\/Renda-Estudis.jpg","author_info":{"display_name":"Revista Inter\u00e8s Mutu","author_link":"https:\/\/www.mgc.es\/ca\/blog\/author\/interesmutu\/"},"yoast_head":"<!-- This site is optimized with the Yoast SEO plugin v27.2 - https:\/\/yoast.com\/product\/yoast-seo-wordpress\/ -->\n<title>L&#039;asseguran\u00e7a d&#039;estudis - MGC M\u00fatua<\/title>\n<meta name=\"robots\" content=\"index, follow, max-snippet:-1, max-image-preview:large, max-video-preview:-1\" \/>\n<link rel=\"canonical\" href=\"https:\/\/www.mgc.es\/ca\/blog\/lasseguranca-destudis\/\" \/>\n<meta property=\"og:locale\" content=\"ca_ES\" \/>\n<meta property=\"og:type\" content=\"article\" \/>\n<meta property=\"og:title\" content=\"L&#039;asseguran\u00e7a d&#039;estudis - MGC M\u00fatua\" \/>\n<meta property=\"og:description\" content=\"La formaci\u00f3 acad\u00e8mica dels teus fills no pot aturar-se per un imprevist. L&#8217;asseguran\u00e7a d&#8217;estudis \u00e9s una modalitat de l&#8217;asseguran\u00e7a de vida que garanteix el cost dels estudis dels fills en cas de la mort o la invalidesa dels progenitors.&nbsp;\" \/>\n<meta property=\"og:url\" content=\"https:\/\/www.mgc.es\/ca\/blog\/lasseguranca-destudis\/\" \/>\n<meta property=\"og:site_name\" content=\"MGC M\u00fatua\" \/>\n<meta property=\"article:publisher\" content=\"https:\/\/www.facebook.com\/mgcmutua\" \/>\n<meta property=\"article:published_time\" content=\"2020-06-15T16:26:27+00:00\" \/>\n<meta property=\"article:modified_time\" content=\"2021-03-11T09:16:40+00:00\" \/>\n<meta property=\"og:image\" content=\"https:\/\/www.mgc.es\/wp-content\/uploads\/2020\/06\/Renda-Estudis.jpg\" \/>\n\t<meta property=\"og:image:width\" content=\"810\" \/>\n\t<meta property=\"og:image:height\" content=\"530\" \/>\n\t<meta property=\"og:image:type\" content=\"image\/jpeg\" \/>\n<meta name=\"author\" content=\"Revista Inter\u00e8s Mutu\" \/>\n<meta name=\"twitter:card\" content=\"summary_large_image\" \/>\n<meta name=\"twitter:creator\" content=\"@mgcmutua\" \/>\n<meta name=\"twitter:site\" content=\"@mgcmutua\" \/>\n<meta name=\"twitter:label1\" content=\"Escrit per\" \/>\n\t<meta name=\"twitter:data1\" content=\"Revista Inter\u00e8s Mutu\" \/>\n\t<meta name=\"twitter:label2\" content=\"Temps estimat de lectura\" \/>\n\t<meta name=\"twitter:data2\" content=\"3 minuts\" \/>\n<!-- \/ Yoast SEO plugin. -->","yoast_head_json":{"title":"L'asseguran\u00e7a d'estudis - MGC M\u00fatua","robots":{"index":"index","follow":"follow","max-snippet":"max-snippet:-1","max-image-preview":"max-image-preview:large","max-video-preview":"max-video-preview:-1"},"canonical":"https:\/\/www.mgc.es\/ca\/blog\/lasseguranca-destudis\/","og_locale":"ca_ES","og_type":"article","og_title":"L'asseguran\u00e7a d'estudis - MGC M\u00fatua","og_description":"La formaci\u00f3 acad\u00e8mica dels teus fills no pot aturar-se per un imprevist. L&#8217;asseguran\u00e7a d&#8217;estudis \u00e9s una modalitat de l&#8217;asseguran\u00e7a de vida que garanteix el cost dels estudis dels fills en cas de la mort o la invalidesa dels progenitors.&nbsp;","og_url":"https:\/\/www.mgc.es\/ca\/blog\/lasseguranca-destudis\/","og_site_name":"MGC M\u00fatua","article_publisher":"https:\/\/www.facebook.com\/mgcmutua","article_published_time":"2020-06-15T16:26:27+00:00","article_modified_time":"2021-03-11T09:16:40+00:00","og_image":[{"width":810,"height":530,"url":"https:\/\/www.mgc.es\/wp-content\/uploads\/2020\/06\/Renda-Estudis.jpg","type":"image\/jpeg"}],"author":"Revista Inter\u00e8s Mutu","twitter_card":"summary_large_image","twitter_creator":"@mgcmutua","twitter_site":"@mgcmutua","twitter_misc":{"Escrit per":"Revista Inter\u00e8s Mutu","Temps estimat de lectura":"3 minuts"},"schema":{"@context":"https:\/\/schema.org","@graph":[{"@type":["Article","BlogPosting"],"@id":"https:\/\/www.mgc.es\/ca\/blog\/lasseguranca-destudis\/#article","isPartOf":{"@id":"https:\/\/www.mgc.es\/ca\/blog\/lasseguranca-destudis\/"},"author":{"name":"Revista Inter\u00e8s Mutu","@id":"https:\/\/www.mgc.es\/#\/schema\/person\/010c961d9c9acf38f11187a02b646c16"},"headline":"L&#8217;asseguran\u00e7a d&#8217;estudis","datePublished":"2020-06-15T16:26:27+00:00","dateModified":"2021-03-11T09:16:40+00:00","mainEntityOfPage":{"@id":"https:\/\/www.mgc.es\/ca\/blog\/lasseguranca-destudis\/"},"wordCount":544,"commentCount":0,"publisher":{"@id":"https:\/\/www.mgc.es\/#organization"},"image":{"@id":"https:\/\/www.mgc.es\/ca\/blog\/lasseguranca-destudis\/#primaryimage"},"thumbnailUrl":"https:\/\/www.mgc.es\/wp-content\/uploads\/2020\/06\/Renda-Estudis.jpg","keywords":["asseguran\u00e7a estudis"],"articleSection":["Actualitat M\u00fatua","Sector assegurances"],"inLanguage":"ca","potentialAction":[{"@type":"CommentAction","name":"Comment","target":["https:\/\/www.mgc.es\/ca\/blog\/lasseguranca-destudis\/#respond"]}]},{"@type":["WebPage","ItemPage"],"@id":"https:\/\/www.mgc.es\/ca\/blog\/lasseguranca-destudis\/","url":"https:\/\/www.mgc.es\/ca\/blog\/lasseguranca-destudis\/","name":"L'asseguran\u00e7a d'estudis - MGC M\u00fatua","isPartOf":{"@id":"https:\/\/www.mgc.es\/#website"},"primaryImageOfPage":{"@id":"https:\/\/www.mgc.es\/ca\/blog\/lasseguranca-destudis\/#primaryimage"},"image":{"@id":"https:\/\/www.mgc.es\/ca\/blog\/lasseguranca-destudis\/#primaryimage"},"thumbnailUrl":"https:\/\/www.mgc.es\/wp-content\/uploads\/2020\/06\/Renda-Estudis.jpg","datePublished":"2020-06-15T16:26:27+00:00","dateModified":"2021-03-11T09:16:40+00:00","breadcrumb":{"@id":"https:\/\/www.mgc.es\/ca\/blog\/lasseguranca-destudis\/#breadcrumb"},"inLanguage":"ca","potentialAction":[{"@type":"ReadAction","target":["https:\/\/www.mgc.es\/ca\/blog\/lasseguranca-destudis\/"]}]},{"@type":"ImageObject","inLanguage":"ca","@id":"https:\/\/www.mgc.es\/ca\/blog\/lasseguranca-destudis\/#primaryimage","url":"https:\/\/www.mgc.es\/wp-content\/uploads\/2020\/06\/Renda-Estudis.jpg","contentUrl":"https:\/\/www.mgc.es\/wp-content\/uploads\/2020\/06\/Renda-Estudis.jpg","width":810,"height":530,"caption":"Seguro Renta Estudios"},{"@type":"BreadcrumbList","@id":"https:\/\/www.mgc.es\/ca\/blog\/lasseguranca-destudis\/#breadcrumb","itemListElement":[{"@type":"ListItem","position":1,"name":"Home","item":"https:\/\/www.mgc.es\/ca\/"},{"@type":"ListItem","position":2,"name":"L&#8217;asseguran\u00e7a d&#8217;estudis"}]},{"@type":"WebSite","@id":"https:\/\/www.mgc.es\/#website","url":"https:\/\/www.mgc.es\/","name":"MGC M\u00fatua","description":"MGC M\u00fatua \u00e9s una entitat asseguradora sense \u00e0nim de lucre constitu\u00efda al 1982 i especialitzada en assegurances de salut i assist\u00e8ncia.","publisher":{"@id":"https:\/\/www.mgc.es\/#organization"},"alternateName":"MGC","potentialAction":[{"@type":"SearchAction","target":{"@type":"EntryPoint","urlTemplate":"https:\/\/www.mgc.es\/?s={search_term_string}"},"query-input":{"@type":"PropertyValueSpecification","valueRequired":true,"valueName":"search_term_string"}}],"inLanguage":"ca"},{"@type":"Organization","@id":"https:\/\/www.mgc.es\/#organization","name":"MGC Mutua","alternateName":"MGC","url":"https:\/\/www.mgc.es\/","logo":{"@type":"ImageObject","inLanguage":"ca","@id":"https:\/\/www.mgc.es\/#\/schema\/logo\/image\/","url":"https:\/\/www.mgc.es\/wp-content\/uploads\/2020\/03\/mgcmutua_h2_2t_reduccions.png","contentUrl":"https:\/\/www.mgc.es\/wp-content\/uploads\/2020\/03\/mgcmutua_h2_2t_reduccions.png","width":303,"height":165,"caption":"MGC Mutua"},"image":{"@id":"https:\/\/www.mgc.es\/#\/schema\/logo\/image\/"},"sameAs":["https:\/\/www.facebook.com\/mgcmutua","https:\/\/x.com\/mgcmutua","https:\/\/www.youtube.com\/c\/MGCMutua"]},{"@type":"Person","@id":"https:\/\/www.mgc.es\/#\/schema\/person\/010c961d9c9acf38f11187a02b646c16","name":"Revista Inter\u00e8s Mutu","image":{"@type":"ImageObject","inLanguage":"ca","@id":"https:\/\/secure.gravatar.com\/avatar\/52302d684339b9d7bf5691e2ad00835d62ce3b4a435f21ca9f21fbe39c63cb1b?s=96&d=mm&r=g","url":"https:\/\/secure.gravatar.com\/avatar\/52302d684339b9d7bf5691e2ad00835d62ce3b4a435f21ca9f21fbe39c63cb1b?s=96&d=mm&r=g","contentUrl":"https:\/\/secure.gravatar.com\/avatar\/52302d684339b9d7bf5691e2ad00835d62ce3b4a435f21ca9f21fbe39c63cb1b?s=96&d=mm&r=g","caption":"Revista Inter\u00e8s Mutu"}}]}},"_links":{"self":[{"href":"https:\/\/www.mgc.es\/ca\/wp-json\/wp\/v2\/posts\/19348","targetHints":{"allow":["GET"]}}],"collection":[{"href":"https:\/\/www.mgc.es\/ca\/wp-json\/wp\/v2\/posts"}],"about":[{"href":"https:\/\/www.mgc.es\/ca\/wp-json\/wp\/v2\/types\/post"}],"author":[{"embeddable":true,"href":"https:\/\/www.mgc.es\/ca\/wp-json\/wp\/v2\/users\/3"}],"replies":[{"embeddable":true,"href":"https:\/\/www.mgc.es\/ca\/wp-json\/wp\/v2\/comments?post=19348"}],"version-history":[{"count":1,"href":"https:\/\/www.mgc.es\/ca\/wp-json\/wp\/v2\/posts\/19348\/revisions"}],"predecessor-version":[{"id":19350,"href":"https:\/\/www.mgc.es\/ca\/wp-json\/wp\/v2\/posts\/19348\/revisions\/19350"}],"wp:featuredmedia":[{"embeddable":true,"href":"https:\/\/www.mgc.es\/ca\/wp-json\/wp\/v2\/media\/19346"}],"wp:attachment":[{"href":"https:\/\/www.mgc.es\/ca\/wp-json\/wp\/v2\/media?parent=19348"}],"wp:term":[{"taxonomy":"category","embeddable":true,"href":"https:\/\/www.mgc.es\/ca\/wp-json\/wp\/v2\/categories?post=19348"},{"taxonomy":"post_tag","embeddable":true,"href":"https:\/\/www.mgc.es\/ca\/wp-json\/wp\/v2\/tags?post=19348"}],"curies":[{"name":"wp","href":"https:\/\/api.w.org\/{rel}","templated":true}]}}