{"id":19317,"date":"2020-06-12T12:07:43","date_gmt":"2020-06-12T10:07:43","guid":{"rendered":"https:\/\/www.mgc.es\/?p=19317"},"modified":"2020-06-12T12:07:52","modified_gmt":"2020-06-12T10:07:52","slug":"despres-del-confinament-lal%c2%b7lergia-al-pol%c2%b7len-causes-simptomes-i-tractaments","status":"publish","type":"post","link":"https:\/\/www.mgc.es\/ca\/blog\/despres-del-confinament-lal%c2%b7lergia-al-pol%c2%b7len-causes-simptomes-i-tractaments\/","title":{"rendered":"Despr\u00e9s del confinament: l\u2019al\u00b7l\u00e8rgia al pol\u00b7len. Causes, s\u00edmptomes i tractaments"},"content":{"rendered":"<div id=\"ez-toc-container\" class=\"ez-toc-v2_0_82_1 counter-hierarchy ez-toc-counter ez-toc-custom ez-toc-container-direction\">\n<div class=\"ez-toc-title-container\"><p class=\"ez-toc-title\" style=\"cursor:inherit\">\u00cdndex de continguts<\/p>\n<\/div><nav><ul class='ez-toc-list ez-toc-list-level-1 ' ><li class='ez-toc-page-1 ez-toc-heading-level-2'><a class=\"ez-toc-link ez-toc-heading-1\" href=\"https:\/\/www.mgc.es\/ca\/blog\/despres-del-confinament-lal%c2%b7lergia-al-pol%c2%b7len-causes-simptomes-i-tractaments\/#Que_es_lallergia_al_pollen\" >Qu\u00e8 \u00e9s l\u2019al\u00b7l\u00e8rgia al pol\u00b7len<\/a><\/li><li class='ez-toc-page-1 ez-toc-heading-level-2'><a class=\"ez-toc-link ez-toc-heading-2\" href=\"https:\/\/www.mgc.es\/ca\/blog\/despres-del-confinament-lal%c2%b7lergia-al-pol%c2%b7len-causes-simptomes-i-tractaments\/#Que_la_causa\" >Qu\u00e8 la causa<\/a><\/li><li class='ez-toc-page-1 ez-toc-heading-level-2'><a class=\"ez-toc-link ez-toc-heading-3\" href=\"https:\/\/www.mgc.es\/ca\/blog\/despres-del-confinament-lal%c2%b7lergia-al-pol%c2%b7len-causes-simptomes-i-tractaments\/#Que_desencadena_lallergia\" >Qu\u00e8 desencadena l\u2019al\u00b7l\u00e8rgia<\/a><\/li><li class='ez-toc-page-1 ez-toc-heading-level-2'><a class=\"ez-toc-link ez-toc-heading-4\" href=\"https:\/\/www.mgc.es\/ca\/blog\/despres-del-confinament-lal%c2%b7lergia-al-pol%c2%b7len-causes-simptomes-i-tractaments\/#Simptomes_de_la_rinitis_allergica\" >S\u00edmptomes de la rinitis al\u00b7l\u00e8rgica<\/a><\/li><li class='ez-toc-page-1 ez-toc-heading-level-2'><a class=\"ez-toc-link ez-toc-heading-5\" href=\"https:\/\/www.mgc.es\/ca\/blog\/despres-del-confinament-lal%c2%b7lergia-al-pol%c2%b7len-causes-simptomes-i-tractaments\/#Com_es_diferencia_daltres_trastorns\" >Com es diferencia d\u2019altres trastorns<\/a><\/li><li class='ez-toc-page-1 ez-toc-heading-level-2'><a class=\"ez-toc-link ez-toc-heading-6\" href=\"https:\/\/www.mgc.es\/ca\/blog\/despres-del-confinament-lal%c2%b7lergia-al-pol%c2%b7len-causes-simptomes-i-tractaments\/#Complicacions_de_la_rinitis_allergica\" >Complicacions de la rinitis al\u00b7l\u00e8rgica<\/a><\/li><li class='ez-toc-page-1 ez-toc-heading-level-2'><a class=\"ez-toc-link ez-toc-heading-7\" href=\"https:\/\/www.mgc.es\/ca\/blog\/despres-del-confinament-lal%c2%b7lergia-al-pol%c2%b7len-causes-simptomes-i-tractaments\/#Rinitis_allergica_en_els_infants\" >Rinitis al\u00b7l\u00e8rgica en els infants<\/a><\/li><li class='ez-toc-page-1 ez-toc-heading-level-2'><a class=\"ez-toc-link ez-toc-heading-8\" href=\"https:\/\/www.mgc.es\/ca\/blog\/despres-del-confinament-lal%c2%b7lergia-al-pol%c2%b7len-causes-simptomes-i-tractaments\/#Tractament_de_la_rinitis_allergica\" >Tractament de la rinitis al\u00b7l\u00e8rgica<\/a><\/li><li class='ez-toc-page-1 ez-toc-heading-level-2'><a class=\"ez-toc-link ez-toc-heading-9\" href=\"https:\/\/www.mgc.es\/ca\/blog\/despres-del-confinament-lal%c2%b7lergia-al-pol%c2%b7len-causes-simptomes-i-tractaments\/#Remeis_naturals_per_combatre_la_rinitis\" >Remeis naturals per combatre la rinitis<\/a><\/li><li class='ez-toc-page-1 ez-toc-heading-level-2'><a class=\"ez-toc-link ez-toc-heading-10\" href=\"https:\/\/www.mgc.es\/ca\/blog\/despres-del-confinament-lal%c2%b7lergia-al-pol%c2%b7len-causes-simptomes-i-tractaments\/#Quan_cal_anar_al_metge\" >Quan cal anar al metge<\/a><\/li><\/ul><\/nav><\/div>\n\n<figure class=\"wp-block-image size-large\"><img loading=\"lazy\" decoding=\"async\" width=\"800\" height=\"533\" src=\"https:\/\/www.mgc.es\/wp-content\/uploads\/2020\/06\/Alergia..jpg\" alt=\"alergia\" class=\"wp-image-19318\" srcset=\"https:\/\/www.mgc.es\/wp-content\/uploads\/2020\/06\/Alergia..jpg 800w, https:\/\/www.mgc.es\/wp-content\/uploads\/2020\/06\/Alergia.-440x293.jpg 440w, https:\/\/www.mgc.es\/wp-content\/uploads\/2020\/06\/Alergia.-768x512.jpg 768w, https:\/\/www.mgc.es\/wp-content\/uploads\/2020\/06\/Alergia.-600x400.jpg 600w\" sizes=\"auto, (max-width: 800px) 100vw, 800px\" \/><\/figure>\n\n\n\n<p>Tot i que el confinament ha fet que estigu\u00e9ssim tancats i, per aix\u00f2, es pot pensar que l\u2019hem patida menys que altres anys, convindria recordar algunes caracter\u00edstiques d\u2019aquesta reacci\u00f3 que tamb\u00e9 s\u2019anomena febre del fenc.<\/p>\n\n\n\n<!--more-->\n\n\n\n<p>Afecta vuit milions de persones a Espanya, segons les dades de la Societat Espanyola d\u2019Al\u00b7lergologia i Immunologia Cl\u00ednica, fet que la converteix en l\u2019al\u00b7l\u00e8rgia m\u00e9s freq\u00fcent al nostre pa\u00eds.<\/p>\n\n\n\n<h2 class=\"wp-block-heading\"><span class=\"ez-toc-section\" id=\"Que_es_lallergia_al_pollen\"><\/span><strong>Qu\u00e8 \u00e9s l\u2019al\u00b7l\u00e8rgia al pol\u00b7len<\/strong><span class=\"ez-toc-section-end\"><\/span><\/h2>\n\n\n\n<p>Dit d\u2019una manera planera, \u00e9s la inflamaci\u00f3 de les membranes mucoses que cobreixen el nas i els ulls. La desencadena el pol\u00b7len d\u2019algunes plantes i \u00e9s, per tant, m\u00e9s comuna a la primavera.<\/p>\n\n\n\n<p>La intensitat de la inflamaci\u00f3 \u00e9s diferent en cada persona al\u00b7l\u00e8rgica i n\u2019hi ha que nom\u00e9s tenen algunes mol\u00e8sties, mentre que d\u2019altres poden tenir problemes m\u00e9s greus quan s\u00f3n a l\u2019aire lliure si no prenen la medicaci\u00f3.<\/p>\n\n\n\n<h2 class=\"wp-block-heading\"><span class=\"ez-toc-section\" id=\"Que_la_causa\"><\/span><strong>Qu\u00e8 la causa<\/strong><span class=\"ez-toc-section-end\"><\/span><\/h2>\n\n\n\n<p>L\u2019exposici\u00f3 al pol\u00b7len desencadena la reacci\u00f3 immunit\u00e0ria que constitueix l\u2019al\u00b7l\u00e8rgia. Hi ha pol\u00b7lens que poden afectar for\u00e7a algunes persones, les quals no reaccionarien, per\u00f2, amb altres classes de pol\u00b7len.<\/p>\n\n\n\n<p>Hi ha altres agents al\u00b7l\u00e8rgens que poden provocar rinitis al\u00b7l\u00e8rgiques, entre d\u2019altres:<\/p>\n\n\n\n<ul class=\"wp-block-list\"><li>Els \u00e0cars de la pols<\/li><li>El verdet i els fongs<\/li><li>Alguns perfums<\/li><li>El p\u00e8l de les mascotes<\/li><li>El fum del tabac<\/li><\/ul>\n\n\n\n<p>Quan els al\u00b7l\u00e8rgens entren en contacte amb les mucoses (la boca, el nas, els ulls o la gola) es desencadena una reacci\u00f3 al\u00b7l\u00e8rgica. El sistema immunitari allibera anticossos per evitar que s\u2019escampi el que identifica err\u00f2niament com una infecci\u00f3 i els anticossos produeixen agents qu\u00edmics com ara la histamina, la qual cosa fa que es manifestin els s\u00edmptomes coneguts.<\/p>\n\n\n\n<p>A m\u00e9s, hi interv\u00e9 un component gen\u00e8tic, de manera que si tens familiars al\u00b7l\u00e8rgics creix el risc que tu tamb\u00e9 en siguis.<\/p>\n\n\n\n<h2 class=\"wp-block-heading\"><span class=\"ez-toc-section\" id=\"Que_desencadena_lallergia\"><\/span><strong>Qu\u00e8 desencadena l\u2019al\u00b7l\u00e8rgia<\/strong><span class=\"ez-toc-section-end\"><\/span><\/h2>\n\n\n\n<p>S\u2019han de distingir tres tipus d\u2019al\u00b7l\u00e8rgies: estacional, perenne i ocupacional. Els s\u00edmptomes depenen de la classe d\u2019al\u00b7l\u00e8rgia que tinguis. La rinitis al\u00b7l\u00e8rgica (o l\u2019al\u00b7l\u00e8rgia al pol\u00b7len, que tamb\u00e9 \u00e9s anomenada febre del fenc) \u00e9s estacional i m\u00e9s freq\u00fcent entre les acaballes de mar\u00e7 i de setembre, sobretot quan el clima \u00e9s humit, vent\u00f3s i c\u00e0lid: el pol\u00b7len arriba aleshores al punt \u00e0lgid.<\/p>\n\n\n\n<p>En els pacients al\u00b7l\u00e8rgics sensibles a al\u00b7l\u00e8rgens dom\u00e8stics (per exemple, el p\u00e8l de les mascotes o els \u00e0cars de la pols) els s\u00edmptomes no varien al llarg de l\u2019any. Malgrat tot, hi ha al\u00b7l\u00e8rgens \u201cde portes endins\u201d que poden proliferar els mesos m\u00e9s c\u00e0lids i humits.<\/p>\n\n\n\n<p>Hi ha agents irritants que poden fer que els s\u00edmptomes d\u2019una al\u00b7l\u00e8rgia nasal o d\u2019una inflamaci\u00f3 existent empitjorin. Per exemple:<\/p>\n\n\n\n<ul class=\"wp-block-list\"><li>Les olors fortes<\/li><li>La contaminaci\u00f3<\/li><li>El fum del tabac<\/li><li>Els canvis de temperatura o d\u2019humitat en l\u2019ambient<\/li><\/ul>\n\n\n\n<h2 class=\"wp-block-heading\"><span class=\"ez-toc-section\" id=\"Simptomes_de_la_rinitis_allergica\"><\/span><strong>S\u00edmptomes de la rinitis al\u00b7l\u00e8rgica<\/strong><span class=\"ez-toc-section-end\"><\/span><\/h2>\n\n\n\n<p>Pot ser que s\u2019assemblin als d\u2019un refredat i hi podem trobar entre aquests:<\/p>\n\n\n\n<ul class=\"wp-block-list\"><li>La secreci\u00f3 nasal o, ben al contrari, el nas tapat<\/li><li>Els esternuts i la tos<\/li><li>La picor al coll o a la boca, al nas i a les orelles<\/li><li>Els ulls plorosos i la co\u00efssor d\u2019ulls<\/li><li>La p\u00e8rdua de l\u2019olfacte<\/li><li>El mal de cap<\/li><li>La sensaci\u00f3 de cansament<\/li><\/ul>\n\n\n\n<h2 class=\"wp-block-heading\"><span class=\"ez-toc-section\" id=\"Com_es_diferencia_daltres_trastorns\"><\/span><strong>Com es diferencia d\u2019altres trastorns<\/strong><span class=\"ez-toc-section-end\"><\/span><\/h2>\n\n\n\n<p>Si fem un cop d\u2019ull als s\u00edmptomes de la rinitis al\u00b7l\u00e8rgica, podr\u00edem observar que no tan sols es pot assemblar a un refredat, com d\u00e8iem m\u00e9s amunt, sin\u00f3 que tamb\u00e9 pot recordar a la grip i, fins i tot, al coronavirus. Amb la finalitat de diferenciar-la, tingues en compte que:<\/p>\n\n\n\n<ul class=\"wp-block-list\"><li><strong>S\u00edmptomes<\/strong>: La secreci\u00f3 nasal de la rinitis \u00e9s molt l\u00edquida i lleugera, mentre que un refredat provoca una secreci\u00f3 groguenca i m\u00e9s espessa.<\/li><li><strong>Febre<\/strong>: La rinitis no produeix febre ni dolors corporals, al contrari que els refredats.<\/li><li><strong>Durada<\/strong>: La rinitis pot durar unes quantes setmanes i, fins i tot, uns quants mesos, ben al contrari que un refredat, que s\u2019acaba al cap d\u2019un parell de setmanes.<\/li><li><strong>Temps<\/strong>: La rinitis apareix immediatament despr\u00e9s d\u2019una exposici\u00f3 a un al\u00b7lergen i, en canvi, les infeccions v\u00edriques es manifesten al cap d\u2019un a tres dies despr\u00e9s de tenir contacte amb el virus.<\/li><\/ul>\n\n\n\n<h2 class=\"wp-block-heading\"><span class=\"ez-toc-section\" id=\"Complicacions_de_la_rinitis_allergica\"><\/span><strong>Complicacions de la rinitis al\u00b7l\u00e8rgica<\/strong><span class=\"ez-toc-section-end\"><\/span><\/h2>\n\n\n\n<p>Quan la rinitis \u00e9s duradora, pot ser que acabi causant infeccions a les orelles o sinusitis.<\/p>\n\n\n\n<p>Tamb\u00e9 pot repercutir significativament en la qualitat de vida del pacient. Un estudi va demostrar que m\u00e9s d\u2019un ter\u00e7 dels pacients adults en reportaven un considerable impacte negatiu en la seva feina, en l\u2019activitat de la vida di\u00e0ria i social.<\/p>\n\n\n\n<h2 class=\"wp-block-heading\"><span class=\"ez-toc-section\" id=\"Rinitis_allergica_en_els_infants\"><\/span><strong>Rinitis al\u00b7l\u00e8rgica en els infants<\/strong><span class=\"ez-toc-section-end\"><\/span><\/h2>\n\n\n\n<p>La rinitis pot afectar fins a un 30 % dels infants, per\u00f2 ben rarament es manifesta abans dels tres anys. Les criatures al\u00b7l\u00e8rgiques solen tenir altres problemes com ara asma, \u00e8czemes o al\u00b7l\u00e8rgies aliment\u00e0ries.<\/p>\n\n\n\n<p>Si no se\u2019ls tracta, pot induir a una manca de son o a un son de baixa qualitat, provocar cansament o b\u00e9 somnol\u00e8ncia, i aix\u00f2 pot afectar-ne l\u2019aprenentatge i el desenvolupament. I, a m\u00e9s a m\u00e9s, pot:<\/p>\n\n\n\n<ul class=\"wp-block-list\"><li>Fer augmentar el risc d\u2019infeccions en les cavitats nasals<\/li><li>Afectar-ne el rendiment escolar<\/li><li>Dificultar el control de l\u2019asma<\/li><li>Causar infeccions freq\u00fcents als ulls<\/li><\/ul>\n\n\n\n<h2 class=\"wp-block-heading\"><span class=\"ez-toc-section\" id=\"Tractament_de_la_rinitis_allergica\"><\/span><strong>Tractament de la rinitis al\u00b7l\u00e8rgica<\/strong><span class=\"ez-toc-section-end\"><\/span><\/h2>\n\n\n\n<p>Actualment no hi ha cap tractament espec\u00edfic per combatre aquest trastorn, ni tampoc es pot prevenir.<\/p>\n\n\n\n<p>El tractament de xoc \u00e9s una p\u00edndola di\u00e0ria d\u2019antihistam\u00ednic, encara que la freq\u00fc\u00e8ncia i la dosi es poden alterar en funci\u00f3 de la intensitat i la gravetat dels s\u00edmptomes. Tamb\u00e9 hi ha altres pal\u00b7liatius. Per exemple, si tens co\u00efssor als ulls, et pot fer servei un col\u00b7liri a base de cromoglicat de sodi (cal parlar-ne amb el farmac\u00e8utic).<\/p>\n\n\n\n<p>Altres opcions s\u00f3n els col\u00b7liris, els esprais nasals, les neteges nasals amb fluxos d\u2019aigua i sal o, en casos greus, la immunoter\u00e0pia. Tamb\u00e9 es poden administrar dosis altes de corticoides injectats per via intramuscular o intravenosa, tot i aix\u00ed \u00e9s un remei pol\u00e8mic perqu\u00e8 t\u00e9 el risc de causar efectes secundaris i \u00e9s discutible que sigui efectiu. De tota manera, cal que un metge n\u2019avalu\u00ef els casos greus.<\/p>\n\n\n\n<h2 class=\"wp-block-heading\"><span class=\"ez-toc-section\" id=\"Remeis_naturals_per_combatre_la_rinitis\"><\/span><strong>Remeis naturals per combatre la rinitis<\/strong><span class=\"ez-toc-section-end\"><\/span><\/h2>\n\n\n\n<p>Hi ha altres coses que pots fer quan l\u2019\u00edndex de pol\u00b7len es dispara, entre les quals:<\/p>\n\n\n\n<ul class=\"wp-block-list\"><li>Posa\u2019t vaselina al voltant de les fosses nasals perqu\u00e8 retingui el pol\u00b7len<\/li><li>Estigues a casa sempre que puguis, i mantingues les finestres tancades<\/li><li>Quan surtis, fes servir ulleres de sol<\/li><li>En arribar a casa, dutxa\u2019t i canvia\u2019t de roba<\/li><li>No tinguis flors fresques a casa<\/li><li>No tallis la gespa ni hi camines pel damunt<\/li><li>No estenguis la roba a l\u2019aire lliure<\/li><\/ul>\n\n\n\n<p>Es pensa que hi ha aliments i suplements que ajuden a combatre\u2019n els s\u00edmptomes. No hi ha cap prova que ho demostri, per\u00f2 en determinats casos aporten beneficis. S\u00f3n els seg\u00fcents:<\/p>\n\n\n\n<ul class=\"wp-block-list\"><li>Espirulina<\/li><li>Vitamina C<\/li><li>Oli de peix<\/li><li>Pebre<\/li><li>Mel<\/li><\/ul>\n\n\n\n<h2 class=\"wp-block-heading\"><span class=\"ez-toc-section\" id=\"Quan_cal_anar_al_metge\"><\/span><strong>Quan cal anar al metge<\/strong><span class=\"ez-toc-section-end\"><\/span><\/h2>\n\n\n\n<p>Si els s\u00edmptomes empitjoren, o no notes milloria amb el que t\u2019aconselli el farmac\u00e8utic, ha arribat el moment d\u2019anar al metge, perqu\u00e8 prescrigui un tractament m\u00e9s efica\u00e7.<\/p>\n","protected":false},"excerpt":{"rendered":"<p>Tot i que el confinament ha fet que estigu\u00e9ssim tancats i, per aix\u00f2, es pot pensar que l\u2019hem patida menys que altres anys, convindria recordar algunes caracter\u00edstiques d\u2019aquesta reacci\u00f3 que tamb\u00e9 s\u2019anomena febre del fenc.<\/p>\n","protected":false},"author":3,"featured_media":19318,"comment_status":"open","ping_status":"open","sticky":false,"template":"","format":"standard","meta":{"footnotes":""},"categories":[15],"tags":[383],"class_list":["post-19317","post","type-post","status-publish","format-standard","has-post-thumbnail","hentry","category-salut","tag-allergies"],"featured_image_src":"https:\/\/www.mgc.es\/wp-content\/uploads\/2020\/06\/Alergia..jpg","author_info":{"display_name":"Revista Inter\u00e8s Mutu","author_link":"https:\/\/www.mgc.es\/ca\/blog\/author\/interesmutu\/"},"yoast_head":"<!-- This site is optimized with the Yoast SEO plugin v27.2 - https:\/\/yoast.com\/product\/yoast-seo-wordpress\/ -->\n<title>Despr\u00e9s del confinament: l\u2019al\u00b7l\u00e8rgia al pol\u00b7len. Causes, s\u00edmptomes i tractaments - MGC M\u00fatua<\/title>\n<meta name=\"robots\" content=\"index, follow, max-snippet:-1, max-image-preview:large, max-video-preview:-1\" \/>\n<link rel=\"canonical\" href=\"https:\/\/www.mgc.es\/ca\/blog\/despres-del-confinament-lal\u00b7lergia-al-pol\u00b7len-causes-simptomes-i-tractaments\/\" \/>\n<meta property=\"og:locale\" content=\"ca_ES\" \/>\n<meta property=\"og:type\" content=\"article\" \/>\n<meta property=\"og:title\" content=\"Despr\u00e9s del confinament: l\u2019al\u00b7l\u00e8rgia al pol\u00b7len. Causes, s\u00edmptomes i tractaments - MGC M\u00fatua\" \/>\n<meta property=\"og:description\" content=\"Tot i que el confinament ha fet que estigu\u00e9ssim tancats i, per aix\u00f2, es pot pensar que l\u2019hem patida menys que altres anys, convindria recordar algunes caracter\u00edstiques d\u2019aquesta reacci\u00f3 que tamb\u00e9 s\u2019anomena febre del fenc.\" \/>\n<meta property=\"og:url\" content=\"https:\/\/www.mgc.es\/ca\/blog\/despres-del-confinament-lal\u00b7lergia-al-pol\u00b7len-causes-simptomes-i-tractaments\/\" \/>\n<meta property=\"og:site_name\" content=\"MGC M\u00fatua\" \/>\n<meta property=\"article:publisher\" content=\"https:\/\/www.facebook.com\/mgcmutua\" \/>\n<meta property=\"article:published_time\" content=\"2020-06-12T10:07:43+00:00\" \/>\n<meta property=\"article:modified_time\" content=\"2020-06-12T10:07:52+00:00\" \/>\n<meta property=\"og:image\" content=\"https:\/\/www.mgc.es\/wp-content\/uploads\/2020\/06\/Alergia..jpg\" \/>\n\t<meta property=\"og:image:width\" content=\"800\" \/>\n\t<meta property=\"og:image:height\" content=\"533\" \/>\n\t<meta property=\"og:image:type\" content=\"image\/jpeg\" \/>\n<meta name=\"author\" content=\"Revista Inter\u00e8s Mutu\" \/>\n<meta name=\"twitter:card\" content=\"summary_large_image\" \/>\n<meta name=\"twitter:creator\" content=\"@mgcmutua\" \/>\n<meta name=\"twitter:site\" content=\"@mgcmutua\" \/>\n<meta name=\"twitter:label1\" content=\"Escrit per\" \/>\n\t<meta name=\"twitter:data1\" content=\"Revista Inter\u00e8s Mutu\" \/>\n\t<meta name=\"twitter:label2\" content=\"Temps estimat de lectura\" \/>\n\t<meta name=\"twitter:data2\" content=\"6 minuts\" \/>\n<!-- \/ Yoast SEO plugin. -->","yoast_head_json":{"title":"Despr\u00e9s del confinament: l\u2019al\u00b7l\u00e8rgia al pol\u00b7len. Causes, s\u00edmptomes i tractaments - MGC M\u00fatua","robots":{"index":"index","follow":"follow","max-snippet":"max-snippet:-1","max-image-preview":"max-image-preview:large","max-video-preview":"max-video-preview:-1"},"canonical":"https:\/\/www.mgc.es\/ca\/blog\/despres-del-confinament-lal\u00b7lergia-al-pol\u00b7len-causes-simptomes-i-tractaments\/","og_locale":"ca_ES","og_type":"article","og_title":"Despr\u00e9s del confinament: l\u2019al\u00b7l\u00e8rgia al pol\u00b7len. Causes, s\u00edmptomes i tractaments - MGC M\u00fatua","og_description":"Tot i que el confinament ha fet que estigu\u00e9ssim tancats i, per aix\u00f2, es pot pensar que l\u2019hem patida menys que altres anys, convindria recordar algunes caracter\u00edstiques d\u2019aquesta reacci\u00f3 que tamb\u00e9 s\u2019anomena febre del fenc.","og_url":"https:\/\/www.mgc.es\/ca\/blog\/despres-del-confinament-lal\u00b7lergia-al-pol\u00b7len-causes-simptomes-i-tractaments\/","og_site_name":"MGC M\u00fatua","article_publisher":"https:\/\/www.facebook.com\/mgcmutua","article_published_time":"2020-06-12T10:07:43+00:00","article_modified_time":"2020-06-12T10:07:52+00:00","og_image":[{"width":800,"height":533,"url":"https:\/\/www.mgc.es\/wp-content\/uploads\/2020\/06\/Alergia..jpg","type":"image\/jpeg"}],"author":"Revista Inter\u00e8s Mutu","twitter_card":"summary_large_image","twitter_creator":"@mgcmutua","twitter_site":"@mgcmutua","twitter_misc":{"Escrit per":"Revista Inter\u00e8s Mutu","Temps estimat de lectura":"6 minuts"},"schema":{"@context":"https:\/\/schema.org","@graph":[{"@type":["Article","BlogPosting"],"@id":"https:\/\/www.mgc.es\/ca\/blog\/despres-del-confinament-lal%c2%b7lergia-al-pol%c2%b7len-causes-simptomes-i-tractaments\/#article","isPartOf":{"@id":"https:\/\/www.mgc.es\/ca\/blog\/despres-del-confinament-lal%c2%b7lergia-al-pol%c2%b7len-causes-simptomes-i-tractaments\/"},"author":{"name":"Revista Inter\u00e8s Mutu","@id":"https:\/\/www.mgc.es\/#\/schema\/person\/010c961d9c9acf38f11187a02b646c16"},"headline":"Despr\u00e9s del confinament: l\u2019al\u00b7l\u00e8rgia al pol\u00b7len. Causes, s\u00edmptomes i tractaments","datePublished":"2020-06-12T10:07:43+00:00","dateModified":"2020-06-12T10:07:52+00:00","mainEntityOfPage":{"@id":"https:\/\/www.mgc.es\/ca\/blog\/despres-del-confinament-lal%c2%b7lergia-al-pol%c2%b7len-causes-simptomes-i-tractaments\/"},"wordCount":1310,"commentCount":0,"publisher":{"@id":"https:\/\/www.mgc.es\/#organization"},"image":{"@id":"https:\/\/www.mgc.es\/ca\/blog\/despres-del-confinament-lal%c2%b7lergia-al-pol%c2%b7len-causes-simptomes-i-tractaments\/#primaryimage"},"thumbnailUrl":"https:\/\/www.mgc.es\/wp-content\/uploads\/2020\/06\/Alergia..jpg","keywords":["al\u00b7lergies"],"articleSection":["Salut i medicina"],"inLanguage":"ca","potentialAction":[{"@type":"CommentAction","name":"Comment","target":["https:\/\/www.mgc.es\/ca\/blog\/despres-del-confinament-lal%c2%b7lergia-al-pol%c2%b7len-causes-simptomes-i-tractaments\/#respond"]}]},{"@type":["WebPage","ItemPage"],"@id":"https:\/\/www.mgc.es\/ca\/blog\/despres-del-confinament-lal%c2%b7lergia-al-pol%c2%b7len-causes-simptomes-i-tractaments\/","url":"https:\/\/www.mgc.es\/ca\/blog\/despres-del-confinament-lal%c2%b7lergia-al-pol%c2%b7len-causes-simptomes-i-tractaments\/","name":"Despr\u00e9s del confinament: l\u2019al\u00b7l\u00e8rgia al pol\u00b7len. Causes, s\u00edmptomes i tractaments - MGC M\u00fatua","isPartOf":{"@id":"https:\/\/www.mgc.es\/#website"},"primaryImageOfPage":{"@id":"https:\/\/www.mgc.es\/ca\/blog\/despres-del-confinament-lal%c2%b7lergia-al-pol%c2%b7len-causes-simptomes-i-tractaments\/#primaryimage"},"image":{"@id":"https:\/\/www.mgc.es\/ca\/blog\/despres-del-confinament-lal%c2%b7lergia-al-pol%c2%b7len-causes-simptomes-i-tractaments\/#primaryimage"},"thumbnailUrl":"https:\/\/www.mgc.es\/wp-content\/uploads\/2020\/06\/Alergia..jpg","datePublished":"2020-06-12T10:07:43+00:00","dateModified":"2020-06-12T10:07:52+00:00","breadcrumb":{"@id":"https:\/\/www.mgc.es\/ca\/blog\/despres-del-confinament-lal%c2%b7lergia-al-pol%c2%b7len-causes-simptomes-i-tractaments\/#breadcrumb"},"inLanguage":"ca","potentialAction":[{"@type":"ReadAction","target":["https:\/\/www.mgc.es\/ca\/blog\/despres-del-confinament-lal%c2%b7lergia-al-pol%c2%b7len-causes-simptomes-i-tractaments\/"]}]},{"@type":"ImageObject","inLanguage":"ca","@id":"https:\/\/www.mgc.es\/ca\/blog\/despres-del-confinament-lal%c2%b7lergia-al-pol%c2%b7len-causes-simptomes-i-tractaments\/#primaryimage","url":"https:\/\/www.mgc.es\/wp-content\/uploads\/2020\/06\/Alergia..jpg","contentUrl":"https:\/\/www.mgc.es\/wp-content\/uploads\/2020\/06\/Alergia..jpg","width":800,"height":533,"caption":"alergia"},{"@type":"BreadcrumbList","@id":"https:\/\/www.mgc.es\/ca\/blog\/despres-del-confinament-lal%c2%b7lergia-al-pol%c2%b7len-causes-simptomes-i-tractaments\/#breadcrumb","itemListElement":[{"@type":"ListItem","position":1,"name":"Home","item":"https:\/\/www.mgc.es\/ca\/"},{"@type":"ListItem","position":2,"name":"Despr\u00e9s del confinament: l\u2019al\u00b7l\u00e8rgia al pol\u00b7len. Causes, s\u00edmptomes i tractaments"}]},{"@type":"WebSite","@id":"https:\/\/www.mgc.es\/#website","url":"https:\/\/www.mgc.es\/","name":"MGC M\u00fatua","description":"MGC M\u00fatua \u00e9s una entitat asseguradora sense \u00e0nim de lucre constitu\u00efda al 1982 i especialitzada en assegurances de salut i assist\u00e8ncia.","publisher":{"@id":"https:\/\/www.mgc.es\/#organization"},"alternateName":"MGC","potentialAction":[{"@type":"SearchAction","target":{"@type":"EntryPoint","urlTemplate":"https:\/\/www.mgc.es\/?s={search_term_string}"},"query-input":{"@type":"PropertyValueSpecification","valueRequired":true,"valueName":"search_term_string"}}],"inLanguage":"ca"},{"@type":"Organization","@id":"https:\/\/www.mgc.es\/#organization","name":"MGC Mutua","alternateName":"MGC","url":"https:\/\/www.mgc.es\/","logo":{"@type":"ImageObject","inLanguage":"ca","@id":"https:\/\/www.mgc.es\/#\/schema\/logo\/image\/","url":"https:\/\/www.mgc.es\/wp-content\/uploads\/2020\/03\/mgcmutua_h2_2t_reduccions.png","contentUrl":"https:\/\/www.mgc.es\/wp-content\/uploads\/2020\/03\/mgcmutua_h2_2t_reduccions.png","width":303,"height":165,"caption":"MGC Mutua"},"image":{"@id":"https:\/\/www.mgc.es\/#\/schema\/logo\/image\/"},"sameAs":["https:\/\/www.facebook.com\/mgcmutua","https:\/\/x.com\/mgcmutua","https:\/\/www.youtube.com\/c\/MGCMutua"]},{"@type":"Person","@id":"https:\/\/www.mgc.es\/#\/schema\/person\/010c961d9c9acf38f11187a02b646c16","name":"Revista Inter\u00e8s Mutu","image":{"@type":"ImageObject","inLanguage":"ca","@id":"https:\/\/secure.gravatar.com\/avatar\/52302d684339b9d7bf5691e2ad00835d62ce3b4a435f21ca9f21fbe39c63cb1b?s=96&d=mm&r=g","url":"https:\/\/secure.gravatar.com\/avatar\/52302d684339b9d7bf5691e2ad00835d62ce3b4a435f21ca9f21fbe39c63cb1b?s=96&d=mm&r=g","contentUrl":"https:\/\/secure.gravatar.com\/avatar\/52302d684339b9d7bf5691e2ad00835d62ce3b4a435f21ca9f21fbe39c63cb1b?s=96&d=mm&r=g","caption":"Revista Inter\u00e8s Mutu"}}]}},"_links":{"self":[{"href":"https:\/\/www.mgc.es\/ca\/wp-json\/wp\/v2\/posts\/19317","targetHints":{"allow":["GET"]}}],"collection":[{"href":"https:\/\/www.mgc.es\/ca\/wp-json\/wp\/v2\/posts"}],"about":[{"href":"https:\/\/www.mgc.es\/ca\/wp-json\/wp\/v2\/types\/post"}],"author":[{"embeddable":true,"href":"https:\/\/www.mgc.es\/ca\/wp-json\/wp\/v2\/users\/3"}],"replies":[{"embeddable":true,"href":"https:\/\/www.mgc.es\/ca\/wp-json\/wp\/v2\/comments?post=19317"}],"version-history":[{"count":2,"href":"https:\/\/www.mgc.es\/ca\/wp-json\/wp\/v2\/posts\/19317\/revisions"}],"predecessor-version":[{"id":19323,"href":"https:\/\/www.mgc.es\/ca\/wp-json\/wp\/v2\/posts\/19317\/revisions\/19323"}],"wp:featuredmedia":[{"embeddable":true,"href":"https:\/\/www.mgc.es\/ca\/wp-json\/wp\/v2\/media\/19318"}],"wp:attachment":[{"href":"https:\/\/www.mgc.es\/ca\/wp-json\/wp\/v2\/media?parent=19317"}],"wp:term":[{"taxonomy":"category","embeddable":true,"href":"https:\/\/www.mgc.es\/ca\/wp-json\/wp\/v2\/categories?post=19317"},{"taxonomy":"post_tag","embeddable":true,"href":"https:\/\/www.mgc.es\/ca\/wp-json\/wp\/v2\/tags?post=19317"}],"curies":[{"name":"wp","href":"https:\/\/api.w.org\/{rel}","templated":true}]}}