{"id":18840,"date":"2020-05-08T11:30:00","date_gmt":"2020-05-08T09:30:00","guid":{"rendered":"https:\/\/www.mgc.es\/?p=18840"},"modified":"2021-03-11T11:32:19","modified_gmt":"2021-03-11T10:32:19","slug":"quins-tipus-de-mascaretes-hi-ha-i-quin-hem-dutilitzar","status":"publish","type":"post","link":"https:\/\/www.mgc.es\/ca\/blog\/quins-tipus-de-mascaretes-hi-ha-i-quin-hem-dutilitzar\/","title":{"rendered":"Quins tipus de mascaretes hi ha i quina hem d&#8217;utilitzar?"},"content":{"rendered":"<div id=\"ez-toc-container\" class=\"ez-toc-v2_0_82_1 counter-hierarchy ez-toc-counter ez-toc-custom ez-toc-container-direction\">\n<div class=\"ez-toc-title-container\"><p class=\"ez-toc-title\" style=\"cursor:inherit\">\u00cdndex de continguts<\/p>\n<\/div><nav><ul class='ez-toc-list ez-toc-list-level-1 ' ><li class='ez-toc-page-1 ez-toc-heading-level-2'><a class=\"ez-toc-link ez-toc-heading-1\" href=\"https:\/\/www.mgc.es\/ca\/blog\/quins-tipus-de-mascaretes-hi-ha-i-quin-hem-dutilitzar\/#Mascaretes_higieniques_o_de_barrera\" >Mascaretes higi\u00e8niques o de barrera<\/a><\/li><li class='ez-toc-page-1 ez-toc-heading-level-2'><a class=\"ez-toc-link ez-toc-heading-2\" href=\"https:\/\/www.mgc.es\/ca\/blog\/quins-tipus-de-mascaretes-hi-ha-i-quin-hem-dutilitzar\/#Mascaretes_quirurgiques\" >Mascaretes quir\u00fargiques<\/a><\/li><li class='ez-toc-page-1 ez-toc-heading-level-2'><a class=\"ez-toc-link ez-toc-heading-3\" href=\"https:\/\/www.mgc.es\/ca\/blog\/quins-tipus-de-mascaretes-hi-ha-i-quin-hem-dutilitzar\/#Mascaretes_autofiltrants_o_EPI\" >Mascaretes autofiltrants o EPI<\/a><\/li><\/ul><\/nav><\/div>\n\n<figure class=\"wp-block-image size-large\"><img loading=\"lazy\" decoding=\"async\" width=\"880\" height=\"587\" src=\"https:\/\/www.mgc.es\/wp-content\/uploads\/2020\/05\/mascarilla-tipos-880x587.jpg\" alt=\"mascarillas\" class=\"wp-image-18829\" srcset=\"https:\/\/www.mgc.es\/wp-content\/uploads\/2020\/05\/mascarilla-tipos-880x587.jpg 880w, https:\/\/www.mgc.es\/wp-content\/uploads\/2020\/05\/mascarilla-tipos-440x293.jpg 440w, https:\/\/www.mgc.es\/wp-content\/uploads\/2020\/05\/mascarilla-tipos-768x512.jpg 768w, https:\/\/www.mgc.es\/wp-content\/uploads\/2020\/05\/mascarilla-tipos-600x400.jpg 600w, https:\/\/www.mgc.es\/wp-content\/uploads\/2020\/05\/mascarilla-tipos.jpg 927w\" sizes=\"auto, (max-width: 880px) 100vw, 880px\" \/><\/figure>\n\n\n\n<p>Les mascaretes s\u00f3n un mitj\u00e0 complementari de protecci\u00f3 que estar\u00e0 molt present en el pla de desescalada del confinament i quan es torni a la &#8220;nova normalitat&#8221;. Els tipus de mascaretes i les seves diferents funcions poden causar dubtes a l&#8217;hora d&#8217;adquirir-ne. Quina \u00e9s la m\u00e9s \u00fatil segons la nostra situaci\u00f3 personal amb relaci\u00f3 amb la COVID-19?<\/p>\n\n\n\n<!--more-->\n\n\n\n<p>Tot i que el Govern no considera obligatori l&#8217;\u00fas de mascaretes en la poblaci\u00f3 general, excepte en el transport p\u00fablic, en els taxis i els VTC i en els vehicles privats on viatja m\u00e9s d&#8217;una persona, el Ministeri de Sanitat les assenyala com una &#8220;forta recomanaci\u00f3&#8221; de protecci\u00f3, sobretot en la fase 1 de la desescalada, prevista per a una part del territori a partir de l&#8217;11 de maig.<\/p>\n\n\n\n<p>En aquest article recollim informaci\u00f3 facilitada pel Col\u00b7legi de Farmac\u00e8utics de Barcelona i per la <a href=\"https:\/\/www.lamoncloa.gob.es\/serviciosdeprensa\/notasprensa\/consumo\/Documents\/2020\/030520%20GU%C3%8DA%20COMPRA%20MASCARILLAS.pdf\">guia publicada pel Ministeri de Consum<\/a> amb recomanacions sobre l&#8217;\u00fas de mascaretes, que ens poden aclarir els dubtes.<\/p>\n\n\n\n<p>Els tres tipus b\u00e0sics de mascaretes s\u00f3n:<\/p>\n\n\n\n<ul class=\"wp-block-list\"><li><strong>Higi\u00e8niques<\/strong>. Recomanades preferentment per a persones sanes.<\/li><li><strong>Quir\u00fargiques<\/strong>. Recomanades per a les persones malaltes: persones simptom\u00e0tiques o asimptom\u00e0tiques positives.<\/li><li><strong>Autofiltrants o EPI<\/strong> (Equip de Protecci\u00f3 Individual). Recomanades per a persones que estiguin en contacte amb el virus: els que tinguin cura o estiguin en contacte amb persones simptom\u00e0tiques o positius per COVID-19.<\/li><\/ul>\n\n\n\n<figure class=\"wp-block-image size-large\"><img loading=\"lazy\" decoding=\"async\" width=\"880\" height=\"513\" src=\"https:\/\/www.mgc.es\/wp-content\/uploads\/2020\/05\/mascarilla-usos-880x513.jpg\" alt=\"mascarillas\" class=\"wp-image-18833\" srcset=\"https:\/\/www.mgc.es\/wp-content\/uploads\/2020\/05\/mascarilla-usos-880x513.jpg 880w, https:\/\/www.mgc.es\/wp-content\/uploads\/2020\/05\/mascarilla-usos-440x257.jpg 440w, https:\/\/www.mgc.es\/wp-content\/uploads\/2020\/05\/mascarilla-usos-768x448.jpg 768w, https:\/\/www.mgc.es\/wp-content\/uploads\/2020\/05\/mascarilla-usos.jpg 900w\" sizes=\"auto, (max-width: 880px) 100vw, 880px\" \/><\/figure>\n\n\n\n<h2 class=\"wp-block-heading\"><span class=\"ez-toc-section\" id=\"Mascaretes_higieniques_o_de_barrera\"><\/span>Mascaretes higi\u00e8niques o de barrera<span class=\"ez-toc-section-end\"><\/span><\/h2>\n\n\n\n<p>Aquest tipus de mascareta cobreix el nas, la boca i la barbeta i est\u00e0 prove\u00efda d&#8217;un arn\u00e8s que envolta el cap o se subjecta a les orelles. Solen estar compostes per una o diverses capes de material t\u00e8xtil i poden ser reutilitzables o d&#8217;un sol \u00fas.<\/p>\n\n\n\n<p>L&#8217;\u00fas de les mascaretes higi\u00e8niques est\u00e0 <strong>indicat per a la poblaci\u00f3 sana en general i sempre com una mesura complement\u00e0ria a les normes d&#8217;higiene i distanciament f\u00edsic recomanades<\/strong>. La seva funci\u00f3 \u00e9s reduir el risc de transmissi\u00f3 de virus en persones asimptom\u00e0tiques sense diagnosticar. Es recomana el seu \u00fas en entorns comunitaris on hi pugui haver aglomeracions o no es pugui guardar correctament la dist\u00e0ncia f\u00edsica de seguretat.<\/p>\n\n\n\n<p>Aquest tipus de mascaretes s\u00f3n les m\u00e9s senzilles i les que ofereixen una menor protecci\u00f3. Les <strong>mascaretes casolanes<\/strong> entrarien dins d&#8217;aquest grup.<\/p>\n\n\n\n<p>Encara que sempre hem de mirar les indicacions de fabricaci\u00f3, es recomana <strong>utilitzar-les un m\u00e0xim de quatre hores<\/strong>, encara que si s&#8217;humiteja, s&#8217;embruta o es deteriora, s&#8217;ha de rebutjar immediatament. Si s\u00f3n reutilitzables, estar\u00e0 especificat en l&#8217;etiquetatge, on el fabricant indicar\u00e0 tamb\u00e9 el nombre m\u00e0xim de rentats.<\/p>\n\n\n\n<figure class=\"wp-block-image size-large\"><img loading=\"lazy\" decoding=\"async\" width=\"880\" height=\"588\" src=\"https:\/\/www.mgc.es\/wp-content\/uploads\/2020\/05\/mascarilla-ni\u00f1o-880x588.jpg\" alt=\"mascarillas\" class=\"wp-image-18825\" srcset=\"https:\/\/www.mgc.es\/wp-content\/uploads\/2020\/05\/mascarilla-ni\u00f1o-880x588.jpg 880w, https:\/\/www.mgc.es\/wp-content\/uploads\/2020\/05\/mascarilla-ni\u00f1o-440x294.jpg 440w, https:\/\/www.mgc.es\/wp-content\/uploads\/2020\/05\/mascarilla-ni\u00f1o-768x513.jpg 768w, https:\/\/www.mgc.es\/wp-content\/uploads\/2020\/05\/mascarilla-ni\u00f1o-600x400.jpg 600w, https:\/\/www.mgc.es\/wp-content\/uploads\/2020\/05\/mascarilla-ni\u00f1o.jpg 927w\" sizes=\"auto, (max-width: 880px) 100vw, 880px\" \/><\/figure>\n\n\n\n<h3 class=\"wp-block-heading\">\u00das recomanat en els nens<\/h3>\n\n\n\n<p>Si els m\u00e9s petits utilitzen mascaretes, la recomanaci\u00f3 \u00e9s <strong>l&#8217;\u00fas de mascaretes higi\u00e8niques per als nens i nenes sans de 3 a 12 anys<\/strong>. \u00c9s important que un adult supervisi la col\u00b7locaci\u00f3, l&#8217;\u00fas i la retirada de les mascaretes.<\/p>\n\n\n\n<h2 class=\"wp-block-heading\"><span class=\"ez-toc-section\" id=\"Mascaretes_quirurgiques\"><\/span>Mascaretes quir\u00fargiques<span class=\"ez-toc-section-end\"><\/span><\/h2>\n\n\n\n<p>Les mascaretes quir\u00fargiques s\u00f3n les que acostumem a veure en ambients cl\u00ednics. S\u00f3n planes o prisades i han de tenir un mecanisme que permeti cenyir-les estretament sobre el nas, la boca i la barbeta a qui la porta posada. Aquest tipus de mascaretes \u00e9s el que podem trobar <strong>a la venda en farm\u00e0cies i altres establiments<\/strong> (nom\u00e9s les farm\u00e0cies poden vendre mascaretes quir\u00fargiques individualment sense envasar i s&#8217;han de subministrar en un format que garanteixi la seva protecci\u00f3 enfront de la contaminaci\u00f3 abans d\u2019usar-la).<\/p>\n\n\n\n<figure class=\"wp-block-image size-large\"><img loading=\"lazy\" decoding=\"async\" width=\"880\" height=\"660\" src=\"https:\/\/www.mgc.es\/wp-content\/uploads\/2020\/05\/mascarilla-quirurgica-880x660.jpg\" alt=\"mascarillas\" class=\"wp-image-18827\" srcset=\"https:\/\/www.mgc.es\/wp-content\/uploads\/2020\/05\/mascarilla-quirurgica-880x660.jpg 880w, https:\/\/www.mgc.es\/wp-content\/uploads\/2020\/05\/mascarilla-quirurgica-440x330.jpg 440w, https:\/\/www.mgc.es\/wp-content\/uploads\/2020\/05\/mascarilla-quirurgica-768x576.jpg 768w, https:\/\/www.mgc.es\/wp-content\/uploads\/2020\/05\/mascarilla-quirurgica.jpg 900w\" sizes=\"auto, (max-width: 880px) 100vw, 880px\" \/><\/figure>\n\n\n\n<p>La seva funci\u00f3 \u00e9s evitar que el personal sanitari i els pacients infectats (o sospitosos d&#8217;estar-ho) transmetin agents infecciosos a m\u00e9s persones sanes. No prevenen el contagi a l&#8217;usuari de la mascareta, ja que <strong>protegeixen des de dins cap a fora<\/strong>, filtrant l&#8217;aire exhalat per evitar l&#8217;emissi\u00f3 de part\u00edcules respirat\u00f2ries en esternudar o tossir.<\/p>\n\n\n\n<p>El seu \u00fas est\u00e0 recomanat <strong>per a sospitosos de COVID-19 o persones amb s\u00edmptomes d&#8217;infecci\u00f3 respirat\u00f2ria i per a personal sanitari o sociosanitari que acompanya els pacients a les zones d&#8217;a\u00efllament<\/strong>.<\/p>\n\n\n\n<p>El Ministeri de Consum indica que en l&#8217;etiquetatge hem de mirar:<\/p>\n\n\n\n<ul class=\"wp-block-list\"><li>El marcatge CE, que assegura que el producte compleix amb la legislaci\u00f3.<\/li><li>La refer\u00e8ncia a la norma UNE EN 14683, que assegura el compliment d&#8217;un est\u00e0ndard de qualitat.<\/li><li>El tipus de mascareta: Tipus I i Tipus II. Aquestes \u00faltimes poden ser tamb\u00e9 resistents a esquitxades (sang i altres l\u00edquids biol\u00f2gics) si es denominen IIR.<\/li><\/ul>\n\n\n\n<p>De la mateixa manera que les mascaretes higi\u00e8niques, no es recomana un \u00fas superior a les quatre hores i s&#8217;ha de substituir si est\u00e0 humitejada o deteriorada.<\/p>\n\n\n\n<h2 class=\"wp-block-heading\"><span class=\"ez-toc-section\" id=\"Mascaretes_autofiltrants_o_EPI\"><\/span>Mascaretes autofiltrants o EPI<span class=\"ez-toc-section-end\"><\/span><\/h2>\n\n\n\n<p>Aquest tipus de mascaretes s\u00f3n equips de protecci\u00f3 individual (EPI) i es recomanen fonamentalment <strong>per a l&#8217;\u00fas de professionals<\/strong> per crear una barrera entre un risc potencial i l&#8217;usuari. Tamb\u00e9 poden estar recomanades per a grups vulnerables per indicaci\u00f3 m\u00e8dica.<\/p>\n\n\n\n<p>Contenen un filtre de micropart\u00edcules que protegeixen l&#8217;usuari de la mascareta de la inhalaci\u00f3 de microorganismes pat\u00f2gens en aerosols. \u00c9s a dir, <strong>protegeix de fora cap a dins<\/strong>. La seva funci\u00f3 \u00e9s evitar que les persones sanes s&#8217;encomanin gr\u00e0cies al seu filtre de micropart\u00edcules. Poden portar o no una v\u00e0lvula d&#8217;exhalaci\u00f3 per reduir la humitat a l&#8217;interior de la mascareta i fer m\u00e9s c\u00f2mode el seu \u00fas.<\/p>\n\n\n\n<figure class=\"wp-block-image size-large\"><img loading=\"lazy\" decoding=\"async\" width=\"880\" height=\"587\" src=\"https:\/\/www.mgc.es\/wp-content\/uploads\/2020\/05\/mascarilla-epi-880x587.jpg\" alt=\"mascarillas\" class=\"wp-image-18823\" srcset=\"https:\/\/www.mgc.es\/wp-content\/uploads\/2020\/05\/mascarilla-epi-880x587.jpg 880w, https:\/\/www.mgc.es\/wp-content\/uploads\/2020\/05\/mascarilla-epi-440x293.jpg 440w, https:\/\/www.mgc.es\/wp-content\/uploads\/2020\/05\/mascarilla-epi-768x512.jpg 768w, https:\/\/www.mgc.es\/wp-content\/uploads\/2020\/05\/mascarilla-epi-600x400.jpg 600w, https:\/\/www.mgc.es\/wp-content\/uploads\/2020\/05\/mascarilla-epi.jpg 927w\" sizes=\"auto, (max-width: 880px) 100vw, 880px\" \/><\/figure>\n\n\n\n<p>Segons el nivell de filtraci\u00f3, les m\u00e0scares EPI es classifiquen en <strong>tres subtipus<\/strong>:<\/p>\n\n\n\n<p><strong>FFP1<\/strong>: el 78% efic\u00e0cia de filtraci\u00f3 i 22% percentatge m\u00e0xim de fugida.<\/p>\n\n\n\n<p><strong>FFP2<\/strong>: 92% efic\u00e0cia de filtraci\u00f3 i 8% percentatge m\u00e0xim de fugida (recomanada per a personal sanitari en contacte amb possibles casos de COVID-19). \u00c9s equivalent a la mascareta N95.<\/p>\n\n\n\n<p><strong>FFP3<\/strong>: 98% efic\u00e0cia de filtraci\u00f3 i 2% percentatge m\u00e0xim de fugida.<\/p>\n\n\n\n<p>L&#8217;etiquetatge ha d&#8217;indicar:<\/p>\n\n\n\n<ul class=\"wp-block-list\"><li>Nom o marca registrada<\/li><li>Identificaci\u00f3 del fabricant<\/li><li>El marcatge CE, seguit de quatre n\u00fameros, assegura que el producte compleix amb la legislaci\u00f3.<\/li><li>La refer\u00e8ncia a la norma UNE EN-149 assegura el compliment d&#8217;un est\u00e0ndard de qualitat.<\/li><li>El marcatge NR indica que el producte \u00e9s No Reutilitzable i el marcatge R, que \u00e9s Reutilitzable.<\/li><li>El tipus de m\u00e0scara (FFP1, FFP2, i FFP3) i el filtre (P1, P2 i P3).<\/li><\/ul>\n\n\n\n<p>\u00c9s important tornar a recordar que<strong> l&#8217;\u00fas de mascaretes no protegeix completament del contagi, per la qual cosa sempre s&#8217;han d&#8217;utilitzar en combinaci\u00f3 amb les altres mesures de seguretat sanit\u00e0ria<\/strong>:<\/p>\n\n\n\n<ul class=\"wp-block-list\"><li><strong>Higiene personal<\/strong>: rentat freq\u00fcent de mans, evitar tocar-se els ulls, el nas i la boca, i cobrir-se la boca amb el plec del colze o un mocador d&#8217;un sol \u00fas en tossir i esternudar.<\/li><li><strong>Mantenir la dist\u00e0ncia<\/strong> f\u00edsica de seguretat (almenys 1 metre i preferiblement 2).<\/li><li><strong>Complir amb les mesures higi\u00e8niques<\/strong> dels espais privats i p\u00fablics.<\/li><\/ul>\n\n\n\n<p><\/p>\n","protected":false},"excerpt":{"rendered":"<p>Les mascaretes s\u00f3n un mitj\u00e0 complementari de protecci\u00f3 que estar\u00e0 molt present en el pla de desescalada del confinament i quan es torni a la &#8220;nova normalitat&#8221;. Els tipus de mascaretes i les seves diferents funcions poden causar dubtes a l&#8217;hora d&#8217;adquirir-ne. Quina \u00e9s la m\u00e9s \u00fatil segons la nostra situaci\u00f3 personal amb relaci\u00f3 amb [&hellip;]<\/p>\n","protected":false},"author":3,"featured_media":18827,"comment_status":"open","ping_status":"open","sticky":false,"template":"","format":"standard","meta":{"footnotes":""},"categories":[187,15],"tags":[618,230],"class_list":["post-18840","post","type-post","status-publish","format-standard","has-post-thumbnail","hentry","category-salud","category-salut","tag-coronavirus","tag-prevencion"],"featured_image_src":"https:\/\/www.mgc.es\/wp-content\/uploads\/2020\/05\/mascarilla-quirurgica.jpg","author_info":{"display_name":"Revista Inter\u00e8s Mutu","author_link":"https:\/\/www.mgc.es\/ca\/blog\/author\/interesmutu\/"},"yoast_head":"<!-- This site is optimized with the Yoast SEO plugin v27.2 - https:\/\/yoast.com\/product\/yoast-seo-wordpress\/ -->\n<title>Quins tipus de mascaretes hi ha i quina hem d&#039;utilitzar? - MGC M\u00fatua<\/title>\n<meta name=\"robots\" content=\"index, follow, max-snippet:-1, max-image-preview:large, max-video-preview:-1\" \/>\n<link rel=\"canonical\" href=\"https:\/\/www.mgc.es\/ca\/blog\/quins-tipus-de-mascaretes-hi-ha-i-quin-hem-dutilitzar\/\" \/>\n<meta property=\"og:locale\" content=\"ca_ES\" \/>\n<meta property=\"og:type\" content=\"article\" \/>\n<meta property=\"og:title\" content=\"Quins tipus de mascaretes hi ha i quina hem d&#039;utilitzar? - MGC M\u00fatua\" \/>\n<meta property=\"og:description\" content=\"Les mascaretes s\u00f3n un mitj\u00e0 complementari de protecci\u00f3 que estar\u00e0 molt present en el pla de desescalada del confinament i quan es torni a la &#8220;nova normalitat&#8221;. Els tipus de mascaretes i les seves diferents funcions poden causar dubtes a l&#8217;hora d&#8217;adquirir-ne. Quina \u00e9s la m\u00e9s \u00fatil segons la nostra situaci\u00f3 personal amb relaci\u00f3 amb [&hellip;]\" \/>\n<meta property=\"og:url\" content=\"https:\/\/www.mgc.es\/ca\/blog\/quins-tipus-de-mascaretes-hi-ha-i-quin-hem-dutilitzar\/\" \/>\n<meta property=\"og:site_name\" content=\"MGC M\u00fatua\" \/>\n<meta property=\"article:publisher\" content=\"https:\/\/www.facebook.com\/mgcmutua\" \/>\n<meta property=\"article:published_time\" content=\"2020-05-08T09:30:00+00:00\" \/>\n<meta property=\"article:modified_time\" content=\"2021-03-11T10:32:19+00:00\" \/>\n<meta property=\"og:image\" content=\"https:\/\/www.mgc.es\/wp-content\/uploads\/2020\/05\/mascarilla-quirurgica.jpg\" \/>\n\t<meta property=\"og:image:width\" content=\"900\" \/>\n\t<meta property=\"og:image:height\" content=\"675\" \/>\n\t<meta property=\"og:image:type\" content=\"image\/jpeg\" \/>\n<meta name=\"author\" content=\"Revista Inter\u00e8s Mutu\" \/>\n<meta name=\"twitter:card\" content=\"summary_large_image\" \/>\n<meta name=\"twitter:creator\" content=\"@mgcmutua\" \/>\n<meta name=\"twitter:site\" content=\"@mgcmutua\" \/>\n<meta name=\"twitter:label1\" content=\"Escrit per\" \/>\n\t<meta name=\"twitter:data1\" content=\"Revista Inter\u00e8s Mutu\" \/>\n\t<meta name=\"twitter:label2\" content=\"Temps estimat de lectura\" \/>\n\t<meta name=\"twitter:data2\" content=\"6 minuts\" \/>\n<!-- \/ Yoast SEO plugin. -->","yoast_head_json":{"title":"Quins tipus de mascaretes hi ha i quina hem d'utilitzar? - MGC M\u00fatua","robots":{"index":"index","follow":"follow","max-snippet":"max-snippet:-1","max-image-preview":"max-image-preview:large","max-video-preview":"max-video-preview:-1"},"canonical":"https:\/\/www.mgc.es\/ca\/blog\/quins-tipus-de-mascaretes-hi-ha-i-quin-hem-dutilitzar\/","og_locale":"ca_ES","og_type":"article","og_title":"Quins tipus de mascaretes hi ha i quina hem d'utilitzar? - MGC M\u00fatua","og_description":"Les mascaretes s\u00f3n un mitj\u00e0 complementari de protecci\u00f3 que estar\u00e0 molt present en el pla de desescalada del confinament i quan es torni a la &#8220;nova normalitat&#8221;. Els tipus de mascaretes i les seves diferents funcions poden causar dubtes a l&#8217;hora d&#8217;adquirir-ne. Quina \u00e9s la m\u00e9s \u00fatil segons la nostra situaci\u00f3 personal amb relaci\u00f3 amb [&hellip;]","og_url":"https:\/\/www.mgc.es\/ca\/blog\/quins-tipus-de-mascaretes-hi-ha-i-quin-hem-dutilitzar\/","og_site_name":"MGC M\u00fatua","article_publisher":"https:\/\/www.facebook.com\/mgcmutua","article_published_time":"2020-05-08T09:30:00+00:00","article_modified_time":"2021-03-11T10:32:19+00:00","og_image":[{"width":900,"height":675,"url":"https:\/\/www.mgc.es\/wp-content\/uploads\/2020\/05\/mascarilla-quirurgica.jpg","type":"image\/jpeg"}],"author":"Revista Inter\u00e8s Mutu","twitter_card":"summary_large_image","twitter_creator":"@mgcmutua","twitter_site":"@mgcmutua","twitter_misc":{"Escrit per":"Revista Inter\u00e8s Mutu","Temps estimat de lectura":"6 minuts"},"schema":{"@context":"https:\/\/schema.org","@graph":[{"@type":["Article","BlogPosting"],"@id":"https:\/\/www.mgc.es\/ca\/blog\/quins-tipus-de-mascaretes-hi-ha-i-quin-hem-dutilitzar\/#article","isPartOf":{"@id":"https:\/\/www.mgc.es\/ca\/blog\/quins-tipus-de-mascaretes-hi-ha-i-quin-hem-dutilitzar\/"},"author":{"name":"Revista Inter\u00e8s Mutu","@id":"https:\/\/www.mgc.es\/#\/schema\/person\/010c961d9c9acf38f11187a02b646c16"},"headline":"Quins tipus de mascaretes hi ha i quina hem d&#8217;utilitzar?","datePublished":"2020-05-08T09:30:00+00:00","dateModified":"2021-03-11T10:32:19+00:00","mainEntityOfPage":{"@id":"https:\/\/www.mgc.es\/ca\/blog\/quins-tipus-de-mascaretes-hi-ha-i-quin-hem-dutilitzar\/"},"wordCount":1129,"commentCount":0,"publisher":{"@id":"https:\/\/www.mgc.es\/#organization"},"image":{"@id":"https:\/\/www.mgc.es\/ca\/blog\/quins-tipus-de-mascaretes-hi-ha-i-quin-hem-dutilitzar\/#primaryimage"},"thumbnailUrl":"https:\/\/www.mgc.es\/wp-content\/uploads\/2020\/05\/mascarilla-quirurgica.jpg","keywords":["coronavirus","prevenci\u00f3n"],"articleSection":["Salud y medicina","Salut i medicina"],"inLanguage":"ca","potentialAction":[{"@type":"CommentAction","name":"Comment","target":["https:\/\/www.mgc.es\/ca\/blog\/quins-tipus-de-mascaretes-hi-ha-i-quin-hem-dutilitzar\/#respond"]}]},{"@type":["WebPage","ItemPage"],"@id":"https:\/\/www.mgc.es\/ca\/blog\/quins-tipus-de-mascaretes-hi-ha-i-quin-hem-dutilitzar\/","url":"https:\/\/www.mgc.es\/ca\/blog\/quins-tipus-de-mascaretes-hi-ha-i-quin-hem-dutilitzar\/","name":"Quins tipus de mascaretes hi ha i quina hem d'utilitzar? - MGC M\u00fatua","isPartOf":{"@id":"https:\/\/www.mgc.es\/#website"},"primaryImageOfPage":{"@id":"https:\/\/www.mgc.es\/ca\/blog\/quins-tipus-de-mascaretes-hi-ha-i-quin-hem-dutilitzar\/#primaryimage"},"image":{"@id":"https:\/\/www.mgc.es\/ca\/blog\/quins-tipus-de-mascaretes-hi-ha-i-quin-hem-dutilitzar\/#primaryimage"},"thumbnailUrl":"https:\/\/www.mgc.es\/wp-content\/uploads\/2020\/05\/mascarilla-quirurgica.jpg","datePublished":"2020-05-08T09:30:00+00:00","dateModified":"2021-03-11T10:32:19+00:00","breadcrumb":{"@id":"https:\/\/www.mgc.es\/ca\/blog\/quins-tipus-de-mascaretes-hi-ha-i-quin-hem-dutilitzar\/#breadcrumb"},"inLanguage":"ca","potentialAction":[{"@type":"ReadAction","target":["https:\/\/www.mgc.es\/ca\/blog\/quins-tipus-de-mascaretes-hi-ha-i-quin-hem-dutilitzar\/"]}]},{"@type":"ImageObject","inLanguage":"ca","@id":"https:\/\/www.mgc.es\/ca\/blog\/quins-tipus-de-mascaretes-hi-ha-i-quin-hem-dutilitzar\/#primaryimage","url":"https:\/\/www.mgc.es\/wp-content\/uploads\/2020\/05\/mascarilla-quirurgica.jpg","contentUrl":"https:\/\/www.mgc.es\/wp-content\/uploads\/2020\/05\/mascarilla-quirurgica.jpg","width":900,"height":675,"caption":"mascarillas"},{"@type":"BreadcrumbList","@id":"https:\/\/www.mgc.es\/ca\/blog\/quins-tipus-de-mascaretes-hi-ha-i-quin-hem-dutilitzar\/#breadcrumb","itemListElement":[{"@type":"ListItem","position":1,"name":"Home","item":"https:\/\/www.mgc.es\/ca\/"},{"@type":"ListItem","position":2,"name":"Quins tipus de mascaretes hi ha i quina hem d&#8217;utilitzar?"}]},{"@type":"WebSite","@id":"https:\/\/www.mgc.es\/#website","url":"https:\/\/www.mgc.es\/","name":"MGC M\u00fatua","description":"MGC M\u00fatua \u00e9s una entitat asseguradora sense \u00e0nim de lucre constitu\u00efda al 1982 i especialitzada en assegurances de salut i assist\u00e8ncia.","publisher":{"@id":"https:\/\/www.mgc.es\/#organization"},"alternateName":"MGC","potentialAction":[{"@type":"SearchAction","target":{"@type":"EntryPoint","urlTemplate":"https:\/\/www.mgc.es\/?s={search_term_string}"},"query-input":{"@type":"PropertyValueSpecification","valueRequired":true,"valueName":"search_term_string"}}],"inLanguage":"ca"},{"@type":"Organization","@id":"https:\/\/www.mgc.es\/#organization","name":"MGC Mutua","alternateName":"MGC","url":"https:\/\/www.mgc.es\/","logo":{"@type":"ImageObject","inLanguage":"ca","@id":"https:\/\/www.mgc.es\/#\/schema\/logo\/image\/","url":"https:\/\/www.mgc.es\/wp-content\/uploads\/2020\/03\/mgcmutua_h2_2t_reduccions.png","contentUrl":"https:\/\/www.mgc.es\/wp-content\/uploads\/2020\/03\/mgcmutua_h2_2t_reduccions.png","width":303,"height":165,"caption":"MGC Mutua"},"image":{"@id":"https:\/\/www.mgc.es\/#\/schema\/logo\/image\/"},"sameAs":["https:\/\/www.facebook.com\/mgcmutua","https:\/\/x.com\/mgcmutua","https:\/\/www.youtube.com\/c\/MGCMutua"]},{"@type":"Person","@id":"https:\/\/www.mgc.es\/#\/schema\/person\/010c961d9c9acf38f11187a02b646c16","name":"Revista Inter\u00e8s Mutu","image":{"@type":"ImageObject","inLanguage":"ca","@id":"https:\/\/secure.gravatar.com\/avatar\/52302d684339b9d7bf5691e2ad00835d62ce3b4a435f21ca9f21fbe39c63cb1b?s=96&d=mm&r=g","url":"https:\/\/secure.gravatar.com\/avatar\/52302d684339b9d7bf5691e2ad00835d62ce3b4a435f21ca9f21fbe39c63cb1b?s=96&d=mm&r=g","contentUrl":"https:\/\/secure.gravatar.com\/avatar\/52302d684339b9d7bf5691e2ad00835d62ce3b4a435f21ca9f21fbe39c63cb1b?s=96&d=mm&r=g","caption":"Revista Inter\u00e8s Mutu"}}]}},"_links":{"self":[{"href":"https:\/\/www.mgc.es\/ca\/wp-json\/wp\/v2\/posts\/18840","targetHints":{"allow":["GET"]}}],"collection":[{"href":"https:\/\/www.mgc.es\/ca\/wp-json\/wp\/v2\/posts"}],"about":[{"href":"https:\/\/www.mgc.es\/ca\/wp-json\/wp\/v2\/types\/post"}],"author":[{"embeddable":true,"href":"https:\/\/www.mgc.es\/ca\/wp-json\/wp\/v2\/users\/3"}],"replies":[{"embeddable":true,"href":"https:\/\/www.mgc.es\/ca\/wp-json\/wp\/v2\/comments?post=18840"}],"version-history":[{"count":2,"href":"https:\/\/www.mgc.es\/ca\/wp-json\/wp\/v2\/posts\/18840\/revisions"}],"predecessor-version":[{"id":18944,"href":"https:\/\/www.mgc.es\/ca\/wp-json\/wp\/v2\/posts\/18840\/revisions\/18944"}],"wp:featuredmedia":[{"embeddable":true,"href":"https:\/\/www.mgc.es\/ca\/wp-json\/wp\/v2\/media\/18827"}],"wp:attachment":[{"href":"https:\/\/www.mgc.es\/ca\/wp-json\/wp\/v2\/media?parent=18840"}],"wp:term":[{"taxonomy":"category","embeddable":true,"href":"https:\/\/www.mgc.es\/ca\/wp-json\/wp\/v2\/categories?post=18840"},{"taxonomy":"post_tag","embeddable":true,"href":"https:\/\/www.mgc.es\/ca\/wp-json\/wp\/v2\/tags?post=18840"}],"curies":[{"name":"wp","href":"https:\/\/api.w.org\/{rel}","templated":true}]}}