{"id":17858,"date":"2020-03-06T13:15:01","date_gmt":"2020-03-06T12:15:01","guid":{"rendered":"https:\/\/www.mgc.es\/?p=17858"},"modified":"2020-03-09T11:30:40","modified_gmt":"2020-03-09T10:30:40","slug":"mgc-mutua-i-aura-seguros-firmen-un-acord-de-collaboracio","status":"publish","type":"post","link":"https:\/\/www.mgc.es\/ca\/blog\/mgc-mutua-i-aura-seguros-firmen-un-acord-de-collaboracio\/","title":{"rendered":"MGC M\u00fatua i AURA Seguros signen un acord de col\u00b7laboraci\u00f3"},"content":{"rendered":"\n<figure class=\"wp-block-image size-large\"><img loading=\"lazy\" decoding=\"async\" width=\"566\" height=\"404\" src=\"https:\/\/www.mgc.es\/wp-content\/uploads\/2020\/03\/aura-mgc-2.jpg\" alt=\"\" class=\"wp-image-17855\" srcset=\"https:\/\/www.mgc.es\/wp-content\/uploads\/2020\/03\/aura-mgc-2.jpg 566w, https:\/\/www.mgc.es\/wp-content\/uploads\/2020\/03\/aura-mgc-2-440x314.jpg 440w\" sizes=\"auto, (max-width: 566px) 100vw, 566px\" \/><\/figure>\n\n\n\n<p>AURA Seguros, companyia especialitzada en &nbsp;assegurances de decessos, i MGC M\u00fatua, entitat asseguradora especialitzada en assegurances de salut, han signat un conveni de col\u00b7laboraci\u00f3 que permetr\u00e0 la comercialitzaci\u00f3 de productes vinculats al &nbsp;ram de salud per part d&#8217;AURA Seguros, aix\u00ed com la comercialitzaci\u00f3 de l\u2019asseguran\u00e7a de decessos per part d&#8217;MGC M\u00fatua.<\/p>\n\n\n\n<!--more-->\n\n\n\n<p>L&#8217;acord entre ambdues entitats es basa en la complementarietat dels  serveis que ofereixen, una manera molt similar d&#8217;entendre els reptes del  mercat assegurador i la mateixa filosofia d&#8217;atenci\u00f3 i servei. \u00a0\u00a0D&#8217;aquesta manera ,les sinergies generades impliquen combinar la capacitat  de distribuci\u00f3 i venda de l&#8217;asseguran\u00e7a de decessos d&#8217;AURA Seguros amb  l&#8217;\u00e0mplia gamma i la qualitat de les cobertures d&#8217;assegurances m\u00e8diques  d\u2019MGC M\u00fatua.  <\/p>\n\n\n\n<p>La signatura de l&#8217;acord va ser a c\u00e0rrec de Daniel Redondo, director general d&#8217;MGC M\u00fatua, i Jos\u00e9 Mart\u00ednez, president i director general d&#8217;AURA Seguros.<\/p>\n\n\n\n<p>Jos\u00e9 Mart\u00ednez assenyala que &#8220;amb MGC M\u00fatua, empresa experta i especialista en salut, compartim la m\u00e0xima orientaci\u00f3 al client i excel\u00b7l\u00e8ncia en el servei; &nbsp;no hi havia una millor empresa per arribar a un acord de col\u00b7laboraci\u00f3 que garanteix millorar la protecci\u00f3 asseguradora als nostres clients i &nbsp;les seves fam\u00edlies&#8221;. <\/p>\n\n\n\n<p>Per la seva banda, Daniel Redondo considera que &#8220;l&#8217;acord ens d\u00f3na l&#8217;oportunitat de complementar l&#8217;oferta d&#8217;asseguran\u00e7a de salut a les fam\u00edlies, en la qual MGC M\u00fatua \u00e9s experta, amb l&#8217;asseguran\u00e7a de decessos  en qu\u00e8 AURA Seguros est\u00e0 especialitzada. Tot aix\u00f2 revertir\u00e0 en un millor servei als mutualistes i assegurats, i permetr\u00e0 incrementar la generaci\u00f3 de valor. Sense cap mena de dubte, guanyem tots, els mutualistes i els assegurats d&#8217;AURA Seguros, que tenen a la seva disposici\u00f3 una \u00e0mplia oferta d&#8217;assegurances d&#8217;excel\u00b7lent qualitat &#8220;.<\/p>\n\n\n\n<p><\/p>\n\n\n\n<figure class=\"wp-block-image size-large\"><img loading=\"lazy\" decoding=\"async\" width=\"880\" height=\"620\" src=\"https:\/\/www.mgc.es\/wp-content\/uploads\/2020\/03\/logos-cobranding-880x620.jpg\" alt=\"\" class=\"wp-image-17865\" srcset=\"https:\/\/www.mgc.es\/wp-content\/uploads\/2020\/03\/logos-cobranding-880x620.jpg 880w, https:\/\/www.mgc.es\/wp-content\/uploads\/2020\/03\/logos-cobranding-440x310.jpg 440w, https:\/\/www.mgc.es\/wp-content\/uploads\/2020\/03\/logos-cobranding-768x541.jpg 768w, https:\/\/www.mgc.es\/wp-content\/uploads\/2020\/03\/logos-cobranding-1536x1082.jpg 1536w, https:\/\/www.mgc.es\/wp-content\/uploads\/2020\/03\/logos-cobranding.jpg 1024w\" sizes=\"auto, (max-width: 880px) 100vw, 880px\" \/><\/figure>\n\n\n\n<p>AURA Seguros \u00e9s una companyia asseguradora especialitzada en la branca  de decessos que compta amb m\u00e9s de 500 mediadors i amb delegacions  repartides per les principals ciutats de la geografia espanyola. Els seus m\u00e9s de 70 anys d&#8217;experi\u00e8ncia el consoliden com a referent entre les empreses de defunci\u00f3, destacant per oferir un ampli ventall de  cobertures que permeten personalitzar cada p\u00f2lissa segons les  necessitats de l&#8217;assegurat. <\/p>\n","protected":false},"excerpt":{"rendered":"<p>AURA Seguros, companyia especialitzada en &nbsp;assegurances de decessos, i MGC M\u00fatua, entitat asseguradora especialitzada en assegurances de salut, han signat un conveni de col\u00b7laboraci\u00f3 que permetr\u00e0 la comercialitzaci\u00f3 de productes vinculats al &nbsp;ram de salud per part d&#8217;AURA Seguros, aix\u00ed com la comercialitzaci\u00f3 de l\u2019asseguran\u00e7a de decessos per part d&#8217;MGC M\u00fatua.<\/p>\n","protected":false},"author":3,"featured_media":17856,"comment_status":"open","ping_status":"open","sticky":false,"template":"","format":"standard","meta":{"footnotes":""},"categories":[11,16],"tags":[457,99],"class_list":["post-17858","post","type-post","status-publish","format-standard","has-post-thumbnail","hentry","category-actualitat","category-assegurances","tag-mutua-ca","tag-mutua"],"featured_image_src":"https:\/\/www.mgc.es\/wp-content\/uploads\/2020\/03\/aura-mgc-2.jpg","author_info":{"display_name":"Revista Inter\u00e8s Mutu","author_link":"https:\/\/www.mgc.es\/ca\/blog\/author\/interesmutu\/"},"yoast_head":"<!-- This site is optimized with the Yoast SEO plugin v27.2 - https:\/\/yoast.com\/product\/yoast-seo-wordpress\/ -->\n<title>MGC M\u00fatua i AURA Seguros signen un acord de col\u00b7laboraci\u00f3 - MGC M\u00fatua<\/title>\n<meta name=\"robots\" content=\"index, follow, max-snippet:-1, max-image-preview:large, max-video-preview:-1\" \/>\n<link rel=\"canonical\" href=\"https:\/\/www.mgc.es\/ca\/blog\/mgc-mutua-i-aura-seguros-firmen-un-acord-de-collaboracio\/\" \/>\n<meta property=\"og:locale\" content=\"ca_ES\" \/>\n<meta property=\"og:type\" content=\"article\" \/>\n<meta property=\"og:title\" content=\"MGC M\u00fatua i AURA Seguros signen un acord de col\u00b7laboraci\u00f3 - MGC M\u00fatua\" \/>\n<meta property=\"og:description\" content=\"AURA Seguros, companyia especialitzada en &nbsp;assegurances de decessos, i MGC M\u00fatua, entitat asseguradora especialitzada en assegurances de salut, han signat un conveni de col\u00b7laboraci\u00f3 que permetr\u00e0 la comercialitzaci\u00f3 de productes vinculats al &nbsp;ram de salud per part d&#8217;AURA Seguros, aix\u00ed com la comercialitzaci\u00f3 de l\u2019asseguran\u00e7a de decessos per part d&#8217;MGC M\u00fatua.\" \/>\n<meta property=\"og:url\" content=\"https:\/\/www.mgc.es\/ca\/blog\/mgc-mutua-i-aura-seguros-firmen-un-acord-de-collaboracio\/\" \/>\n<meta property=\"og:site_name\" content=\"MGC M\u00fatua\" \/>\n<meta property=\"article:publisher\" content=\"https:\/\/www.facebook.com\/mgcmutua\" \/>\n<meta property=\"article:published_time\" content=\"2020-03-06T12:15:01+00:00\" \/>\n<meta property=\"article:modified_time\" content=\"2020-03-09T10:30:40+00:00\" \/>\n<meta property=\"og:image\" content=\"https:\/\/www.mgc.es\/wp-content\/uploads\/2020\/03\/aura-mgc-2.jpg\" \/>\n\t<meta property=\"og:image:width\" content=\"566\" \/>\n\t<meta property=\"og:image:height\" content=\"404\" \/>\n\t<meta property=\"og:image:type\" content=\"image\/jpeg\" \/>\n<meta name=\"author\" content=\"Revista Inter\u00e8s Mutu\" \/>\n<meta name=\"twitter:card\" content=\"summary_large_image\" \/>\n<meta name=\"twitter:creator\" content=\"@mgcmutua\" \/>\n<meta name=\"twitter:site\" content=\"@mgcmutua\" \/>\n<meta name=\"twitter:label1\" content=\"Escrit per\" \/>\n\t<meta name=\"twitter:data1\" content=\"Revista Inter\u00e8s Mutu\" \/>\n\t<meta name=\"twitter:label2\" content=\"Temps estimat de lectura\" \/>\n\t<meta name=\"twitter:data2\" content=\"2 minuts\" \/>\n<!-- \/ Yoast SEO plugin. -->","yoast_head_json":{"title":"MGC M\u00fatua i AURA Seguros signen un acord de col\u00b7laboraci\u00f3 - MGC M\u00fatua","robots":{"index":"index","follow":"follow","max-snippet":"max-snippet:-1","max-image-preview":"max-image-preview:large","max-video-preview":"max-video-preview:-1"},"canonical":"https:\/\/www.mgc.es\/ca\/blog\/mgc-mutua-i-aura-seguros-firmen-un-acord-de-collaboracio\/","og_locale":"ca_ES","og_type":"article","og_title":"MGC M\u00fatua i AURA Seguros signen un acord de col\u00b7laboraci\u00f3 - MGC M\u00fatua","og_description":"AURA Seguros, companyia especialitzada en &nbsp;assegurances de decessos, i MGC M\u00fatua, entitat asseguradora especialitzada en assegurances de salut, han signat un conveni de col\u00b7laboraci\u00f3 que permetr\u00e0 la comercialitzaci\u00f3 de productes vinculats al &nbsp;ram de salud per part d&#8217;AURA Seguros, aix\u00ed com la comercialitzaci\u00f3 de l\u2019asseguran\u00e7a de decessos per part d&#8217;MGC M\u00fatua.","og_url":"https:\/\/www.mgc.es\/ca\/blog\/mgc-mutua-i-aura-seguros-firmen-un-acord-de-collaboracio\/","og_site_name":"MGC M\u00fatua","article_publisher":"https:\/\/www.facebook.com\/mgcmutua","article_published_time":"2020-03-06T12:15:01+00:00","article_modified_time":"2020-03-09T10:30:40+00:00","og_image":[{"width":566,"height":404,"url":"https:\/\/www.mgc.es\/wp-content\/uploads\/2020\/03\/aura-mgc-2.jpg","type":"image\/jpeg"}],"author":"Revista Inter\u00e8s Mutu","twitter_card":"summary_large_image","twitter_creator":"@mgcmutua","twitter_site":"@mgcmutua","twitter_misc":{"Escrit per":"Revista Inter\u00e8s Mutu","Temps estimat de lectura":"2 minuts"},"schema":{"@context":"https:\/\/schema.org","@graph":[{"@type":["Article","BlogPosting"],"@id":"https:\/\/www.mgc.es\/ca\/blog\/mgc-mutua-i-aura-seguros-firmen-un-acord-de-collaboracio\/#article","isPartOf":{"@id":"https:\/\/www.mgc.es\/ca\/blog\/mgc-mutua-i-aura-seguros-firmen-un-acord-de-collaboracio\/"},"author":{"name":"Revista Inter\u00e8s Mutu","@id":"https:\/\/www.mgc.es\/#\/schema\/person\/010c961d9c9acf38f11187a02b646c16"},"headline":"MGC M\u00fatua i AURA Seguros signen un acord de col\u00b7laboraci\u00f3","datePublished":"2020-03-06T12:15:01+00:00","dateModified":"2020-03-09T10:30:40+00:00","mainEntityOfPage":{"@id":"https:\/\/www.mgc.es\/ca\/blog\/mgc-mutua-i-aura-seguros-firmen-un-acord-de-collaboracio\/"},"wordCount":379,"commentCount":0,"publisher":{"@id":"https:\/\/www.mgc.es\/#organization"},"image":{"@id":"https:\/\/www.mgc.es\/ca\/blog\/mgc-mutua-i-aura-seguros-firmen-un-acord-de-collaboracio\/#primaryimage"},"thumbnailUrl":"https:\/\/www.mgc.es\/wp-content\/uploads\/2020\/03\/aura-mgc-2.jpg","keywords":["m\u00fatua","mutua"],"articleSection":["Actualitat M\u00fatua","Sector assegurances"],"inLanguage":"ca","potentialAction":[{"@type":"CommentAction","name":"Comment","target":["https:\/\/www.mgc.es\/ca\/blog\/mgc-mutua-i-aura-seguros-firmen-un-acord-de-collaboracio\/#respond"]}]},{"@type":["WebPage","ItemPage"],"@id":"https:\/\/www.mgc.es\/ca\/blog\/mgc-mutua-i-aura-seguros-firmen-un-acord-de-collaboracio\/","url":"https:\/\/www.mgc.es\/ca\/blog\/mgc-mutua-i-aura-seguros-firmen-un-acord-de-collaboracio\/","name":"MGC M\u00fatua i AURA Seguros signen un acord de col\u00b7laboraci\u00f3 - MGC M\u00fatua","isPartOf":{"@id":"https:\/\/www.mgc.es\/#website"},"primaryImageOfPage":{"@id":"https:\/\/www.mgc.es\/ca\/blog\/mgc-mutua-i-aura-seguros-firmen-un-acord-de-collaboracio\/#primaryimage"},"image":{"@id":"https:\/\/www.mgc.es\/ca\/blog\/mgc-mutua-i-aura-seguros-firmen-un-acord-de-collaboracio\/#primaryimage"},"thumbnailUrl":"https:\/\/www.mgc.es\/wp-content\/uploads\/2020\/03\/aura-mgc-2.jpg","datePublished":"2020-03-06T12:15:01+00:00","dateModified":"2020-03-09T10:30:40+00:00","breadcrumb":{"@id":"https:\/\/www.mgc.es\/ca\/blog\/mgc-mutua-i-aura-seguros-firmen-un-acord-de-collaboracio\/#breadcrumb"},"inLanguage":"ca","potentialAction":[{"@type":"ReadAction","target":["https:\/\/www.mgc.es\/ca\/blog\/mgc-mutua-i-aura-seguros-firmen-un-acord-de-collaboracio\/"]}]},{"@type":"ImageObject","inLanguage":"ca","@id":"https:\/\/www.mgc.es\/ca\/blog\/mgc-mutua-i-aura-seguros-firmen-un-acord-de-collaboracio\/#primaryimage","url":"https:\/\/www.mgc.es\/wp-content\/uploads\/2020\/03\/aura-mgc-2.jpg","contentUrl":"https:\/\/www.mgc.es\/wp-content\/uploads\/2020\/03\/aura-mgc-2.jpg","width":566,"height":404},{"@type":"BreadcrumbList","@id":"https:\/\/www.mgc.es\/ca\/blog\/mgc-mutua-i-aura-seguros-firmen-un-acord-de-collaboracio\/#breadcrumb","itemListElement":[{"@type":"ListItem","position":1,"name":"Home","item":"https:\/\/www.mgc.es\/ca\/"},{"@type":"ListItem","position":2,"name":"MGC M\u00fatua i AURA Seguros signen un acord de col\u00b7laboraci\u00f3"}]},{"@type":"WebSite","@id":"https:\/\/www.mgc.es\/#website","url":"https:\/\/www.mgc.es\/","name":"MGC M\u00fatua","description":"MGC M\u00fatua \u00e9s una entitat asseguradora sense \u00e0nim de lucre constitu\u00efda al 1982 i especialitzada en assegurances de salut i assist\u00e8ncia.","publisher":{"@id":"https:\/\/www.mgc.es\/#organization"},"alternateName":"MGC","potentialAction":[{"@type":"SearchAction","target":{"@type":"EntryPoint","urlTemplate":"https:\/\/www.mgc.es\/?s={search_term_string}"},"query-input":{"@type":"PropertyValueSpecification","valueRequired":true,"valueName":"search_term_string"}}],"inLanguage":"ca"},{"@type":"Organization","@id":"https:\/\/www.mgc.es\/#organization","name":"MGC Mutua","alternateName":"MGC","url":"https:\/\/www.mgc.es\/","logo":{"@type":"ImageObject","inLanguage":"ca","@id":"https:\/\/www.mgc.es\/#\/schema\/logo\/image\/","url":"https:\/\/www.mgc.es\/wp-content\/uploads\/2020\/03\/mgcmutua_h2_2t_reduccions.png","contentUrl":"https:\/\/www.mgc.es\/wp-content\/uploads\/2020\/03\/mgcmutua_h2_2t_reduccions.png","width":303,"height":165,"caption":"MGC Mutua"},"image":{"@id":"https:\/\/www.mgc.es\/#\/schema\/logo\/image\/"},"sameAs":["https:\/\/www.facebook.com\/mgcmutua","https:\/\/x.com\/mgcmutua","https:\/\/www.youtube.com\/c\/MGCMutua"]},{"@type":"Person","@id":"https:\/\/www.mgc.es\/#\/schema\/person\/010c961d9c9acf38f11187a02b646c16","name":"Revista Inter\u00e8s Mutu","image":{"@type":"ImageObject","inLanguage":"ca","@id":"https:\/\/secure.gravatar.com\/avatar\/52302d684339b9d7bf5691e2ad00835d62ce3b4a435f21ca9f21fbe39c63cb1b?s=96&d=mm&r=g","url":"https:\/\/secure.gravatar.com\/avatar\/52302d684339b9d7bf5691e2ad00835d62ce3b4a435f21ca9f21fbe39c63cb1b?s=96&d=mm&r=g","contentUrl":"https:\/\/secure.gravatar.com\/avatar\/52302d684339b9d7bf5691e2ad00835d62ce3b4a435f21ca9f21fbe39c63cb1b?s=96&d=mm&r=g","caption":"Revista Inter\u00e8s Mutu"}}]}},"_links":{"self":[{"href":"https:\/\/www.mgc.es\/ca\/wp-json\/wp\/v2\/posts\/17858","targetHints":{"allow":["GET"]}}],"collection":[{"href":"https:\/\/www.mgc.es\/ca\/wp-json\/wp\/v2\/posts"}],"about":[{"href":"https:\/\/www.mgc.es\/ca\/wp-json\/wp\/v2\/types\/post"}],"author":[{"embeddable":true,"href":"https:\/\/www.mgc.es\/ca\/wp-json\/wp\/v2\/users\/3"}],"replies":[{"embeddable":true,"href":"https:\/\/www.mgc.es\/ca\/wp-json\/wp\/v2\/comments?post=17858"}],"version-history":[{"count":12,"href":"https:\/\/www.mgc.es\/ca\/wp-json\/wp\/v2\/posts\/17858\/revisions"}],"predecessor-version":[{"id":17876,"href":"https:\/\/www.mgc.es\/ca\/wp-json\/wp\/v2\/posts\/17858\/revisions\/17876"}],"wp:featuredmedia":[{"embeddable":true,"href":"https:\/\/www.mgc.es\/ca\/wp-json\/wp\/v2\/media\/17856"}],"wp:attachment":[{"href":"https:\/\/www.mgc.es\/ca\/wp-json\/wp\/v2\/media?parent=17858"}],"wp:term":[{"taxonomy":"category","embeddable":true,"href":"https:\/\/www.mgc.es\/ca\/wp-json\/wp\/v2\/categories?post=17858"},{"taxonomy":"post_tag","embeddable":true,"href":"https:\/\/www.mgc.es\/ca\/wp-json\/wp\/v2\/tags?post=17858"}],"curies":[{"name":"wp","href":"https:\/\/api.w.org\/{rel}","templated":true}]}}