{"id":17480,"date":"2020-02-06T11:16:51","date_gmt":"2020-02-06T10:16:51","guid":{"rendered":"https:\/\/www.mgc.es\/?p=17480"},"modified":"2025-10-15T16:36:54","modified_gmt":"2025-10-15T14:36:54","slug":"bosses-palpebrals-el-rejoveniment-de-la-mirada","status":"publish","type":"post","link":"https:\/\/www.mgc.es\/ca\/blog\/bosses-palpebrals-el-rejoveniment-de-la-mirada\/","title":{"rendered":"Bosses palpebrals: qu\u00e8 s\u00f3n, causes y tractament"},"content":{"rendered":"<div id=\"ez-toc-container\" class=\"ez-toc-v2_0_82_1 counter-hierarchy ez-toc-counter ez-toc-custom ez-toc-container-direction\">\n<div class=\"ez-toc-title-container\"><p class=\"ez-toc-title\" style=\"cursor:inherit\">\u00cdndex de continguts<\/p>\n<\/div><nav><ul class='ez-toc-list ez-toc-list-level-1 ' ><li class='ez-toc-page-1 ez-toc-heading-level-2'><a class=\"ez-toc-link ez-toc-heading-1\" href=\"https:\/\/www.mgc.es\/ca\/blog\/bosses-palpebrals-el-rejoveniment-de-la-mirada\/#Que_son_les_bosses_palpebrals\" >Qu\u00e8 s\u00f3n les bosses palpebrals?<\/a><\/li><li class='ez-toc-page-1 ez-toc-heading-level-2'><a class=\"ez-toc-link ez-toc-heading-2\" href=\"https:\/\/www.mgc.es\/ca\/blog\/bosses-palpebrals-el-rejoveniment-de-la-mirada\/#Que_les_causa\" >Qu\u00e8 les causa?<\/a><\/li><li class='ez-toc-page-1 ez-toc-heading-level-2'><a class=\"ez-toc-link ez-toc-heading-3\" href=\"https:\/\/www.mgc.es\/ca\/blog\/bosses-palpebrals-el-rejoveniment-de-la-mirada\/#Com_es_poden_prevenir\" >Com es poden prevenir?<\/a><\/li><li class='ez-toc-page-1 ez-toc-heading-level-2'><a class=\"ez-toc-link ez-toc-heading-4\" href=\"https:\/\/www.mgc.es\/ca\/blog\/bosses-palpebrals-el-rejoveniment-de-la-mirada\/#Quins_tractaments_es_poden_utilitzar_per_palliar-les_o_eliminar-les\" >Quins tractaments es poden utilitzar per pal\u00b7liar-les o eliminar-les?<\/a><\/li><\/ul><\/nav><\/div>\n\n<div class=\"video\"><iframe loading=\"lazy\" src=\"https:\/\/player.vimeo.com\/video\/389719205\" allow=\"autoplay; fullscreen\" allowfullscreen=\"\" width=\"640\" height=\"360\" frameborder=\"0\"><\/iframe><\/div>\n\n\n\n<p>Les bosses que apareixen a sota dels ulls s\u00f3n\nun detall que ens dona un aspecte m\u00e9s envellit o cansat. Tot i que sorgeixen\nnaturalment quan ens fem grans, el factor hereditari fa que tamb\u00e9 puguin\napar\u00e8ixer en persones joves. Parlem amb la doctora Joana Flores, especialista\nen cirurgia pl\u00e0stica i est\u00e8tica reparadora del Centre M\u00e8dic MGC, sobre les\ncauses de les bosses palpebrals i com podem rejovenir la nostra mirada.<\/p>\n\n\n\n<!--more-->\n\n\n\n<h2 class=\"wp-block-heading\"><span class=\"ez-toc-section\" id=\"Que_son_les_bosses_palpebrals\"><\/span><strong>Qu\u00e8 s\u00f3n les bosses palpebrals?<\/strong> <span class=\"ez-toc-section-end\"><\/span><\/h2>\n\n\n\n<p>S\u00f3n les bosses de greix que apareixen a sota dels ulls, a la parpella inferior. \u00c9s una alteraci\u00f3 molt comuna que afecta tant homes com dones i \u00e9s una de les consultes m\u00e9s freq\u00fcents en la cirurgia est\u00e8tica.<\/p>\n\n\n\n<h2 class=\"wp-block-heading\"><span class=\"ez-toc-section\" id=\"Que_les_causa\"><\/span><strong>Qu\u00e8 les causa?<\/strong> <span class=\"ez-toc-section-end\"><\/span><\/h2>\n\n\n\n<p>L&#8217;ull est\u00e0 envoltat de teixit adip\u00f3s que el protegeix i en facilita els moviments. Dins de l&#8217;estructura de l&#8217;\u00f2rbita hi ha el septe, una membrana que subjecta la parpella inferior. Les bosses palpebrals es formen quan hi ha un desequilibri d&#8217;aquest greix que es troba dins de l&#8217;\u00f2rbita i surt cap a fora.<\/p>\n\n\n\n<p>Els factors gen\u00e8tics poden fer que aquestes\nbosses apareguin en persones joves, tot i que normalment es formen a mesura que\nens fem grans. Amb el proc\u00e9s natural de l&#8217;envelliment, el septe s&#8217;aprima, els\nm\u00fasculs i lligaments del voltant de l&#8217;ull es debiliten i pot passar que el\nglobus ocular baixi i empenyi cap avall el greix, que \u00e9s h\u00e8rnia i sobresurt cap\na fora. B\u00e0sicament, el volum que hi ha dins de la conca de l&#8217;ull \u00e9s el que\ndeterminar\u00e0 que surti m\u00e9s o menys bossa.<\/p>\n\n\n\n<p>Juntament amb el component hereditari i\nl&#8217;envelliment, altres factors que poden agreujar les bosses de la parpella\ninferior s\u00f3n el consum d&#8217;alcohol, el tabac, un exc\u00e9s de sal en l&#8217;alimentaci\u00f3\nque afavoreixi la retenci\u00f3 de l\u00edquids i una mala qualitat del son.<\/p>\n\n\n\n<h2 class=\"wp-block-heading\"><span class=\"ez-toc-section\" id=\"Com_es_poden_prevenir\"><\/span><strong>Com es poden prevenir?<\/strong> <span class=\"ez-toc-section-end\"><\/span><\/h2>\n\n\n\n<p>Les bosses de sota dels ulls es poden prevenir, sobretot, quan es formen a causa d&#8217;una retenci\u00f3 de l\u00edquids. Si notem que tenen tend\u00e8ncia a sortir, hem d&#8217;adoptar h\u00e0bits de vida saludable, posturalment podem dormir una mica incorporats i aplicar gel als ulls.<\/p>\n\n\n\n<p>No obstant aix\u00f2, quan ja han aparegut les\nbosses palpebrals i no es deu a una inflamaci\u00f3 temporal, sin\u00f3 que \u00e9s una cosa\nf\u00edsica, l&#8217;\u00fanica manera d&#8217;eliminar-les \u00e9s de forma quir\u00fargica. Tot i que podem\ntenir cura de la pell de la zona procurant que tingui una bona hidrataci\u00f3\nperqu\u00e8 almenys no es vegin tantes arrugues a la zona, la bossa romandr\u00e0,\nperqu\u00e8, com ja hem explicat, \u00e9s l&#8217;estructura de l&#8217;interior de l&#8217;ull, el septe,\nel que col\u00b7loca les bosses inferiors al seu lloc.<\/p>\n\n\n\n<figure class=\"wp-block-image size-large\"><img loading=\"lazy\" decoding=\"async\" width=\"850\" height=\"566\" src=\"https:\/\/www.mgc.es\/wp-content\/uploads\/2020\/02\/bolsas-ojos.jpg\" alt=\"\" class=\"wp-image-17478\"\/><\/figure>\n\n\n\n<h2 class=\"wp-block-heading\"><span class=\"ez-toc-section\" id=\"Quins_tractaments_es_poden_utilitzar_per_palliar-les_o_eliminar-les\"><\/span><strong>Quins tractaments es poden utilitzar per pal\u00b7liar-les o eliminar-les?<\/strong> <span class=\"ez-toc-section-end\"><\/span><\/h2>\n\n\n\n<p>Per eliminar les bosses palpebrals, l&#8217;\u00fanic tractament \u00e9s el quir\u00fargic. En aquesta intervenci\u00f3 \u00e9s molt important no tractar la musculatura, perqu\u00e8, tot i que pensem que s&#8217;ha afluixat i podem enfortir-la amb la intervenci\u00f3, el que realment cont\u00e9 les bosses de greix \u00e9s el septe. En canvi, aquesta musculatura de la zona ocular \u00e9s molt important per a la protecci\u00f3 dels ulls, per la qual cosa hem de procurar tocar-la el minim possible.<\/p>\n\n\n\n<p>La meva recomanaci\u00f3 \u00e9s fer una cirurgia\ntransconjuntival \u2013per dins de la conjuntiva de l&#8217;ull\u2013 per eliminar les bosses.\nSi veiem que la pell no s&#8217;adapta b\u00e9, sempre podem treure\u2019n una mica, per\u00f2 nom\u00e9s\npell. Si cal, tamb\u00e9 es pot ancorar la pell a la banda de l&#8217;ull, el que se\u2019n diu\nuna cantop\u00e8xia. Per\u00f2 aquesta opci\u00f3 \u00e9s preferible evitarla-la tret que sigui\nmolt necessari, ja que podria modificar una mica la forma d&#8217;ametlla de l&#8217;ull.<\/p>\n\n\n\n<p>En les persones joves que acudeixen a la\nconsulta, com que el factor gen\u00e8tic \u00e9s molt important, mirarem la disposici\u00f3\ndels ulls de la fam\u00edlia. Si es comprova que \u00e9s una caracter\u00edstica comuna i, per\ntant, les bosses palpebrals aniran augmentant amb el pas el temps, \u00e9s millor no\nesperar per eliminar-les, perqu\u00e8 la pell es retregui m\u00e9s, ja que encara \u00e9s\njove, i no s&#8217;hagin de practicar altres cirurgies m\u00e9s endavant que deixin\ncicatrius visibles.<\/p>\n","protected":false},"excerpt":{"rendered":"<p>Les bosses que apareixen a sota dels ulls s\u00f3n un detall que ens dona un aspecte m\u00e9s envellit o cansat. Tot i que sorgeixen naturalment quan ens fem grans, el factor hereditari fa que tamb\u00e9 puguin apar\u00e8ixer en persones joves. Parlem amb la doctora Joana Flores, especialista en cirurgia pl\u00e0stica i est\u00e8tica reparadora del Centre [&hellip;]<\/p>\n","protected":false},"author":3,"featured_media":17483,"comment_status":"open","ping_status":"open","sticky":false,"template":"","format":"standard","meta":{"footnotes":""},"categories":[995,666,15,665],"tags":[413,616],"class_list":["post-17480","post","type-post","status-publish","format-standard","has-post-thumbnail","hentry","category-estetica","category-habits-saludables","category-salut","category-vida-sana-ca","tag-destacat","tag-estetica"],"featured_image_src":"https:\/\/www.mgc.es\/wp-content\/uploads\/2020\/02\/THUMBNAIL_cirugia_estetica_1.png","author_info":{"display_name":"Revista Inter\u00e8s Mutu","author_link":"https:\/\/www.mgc.es\/ca\/blog\/author\/interesmutu\/"},"yoast_head":"<!-- This site is optimized with the Yoast SEO plugin v27.2 - https:\/\/yoast.com\/product\/yoast-seo-wordpress\/ -->\n<title>Bosses palpebrals: qu\u00e8 s\u00f3n, causes y tractament<\/title>\n<meta name=\"description\" content=\"Parlem amb la doctora Joana Flores sobre les causes de les bosses palpebrals i com podem rejovenir la nostra mirada.\" \/>\n<meta name=\"robots\" content=\"index, follow, max-snippet:-1, max-image-preview:large, max-video-preview:-1\" \/>\n<link rel=\"canonical\" href=\"https:\/\/www.mgc.es\/ca\/blog\/bosses-palpebrals-el-rejoveniment-de-la-mirada\/\" \/>\n<meta property=\"og:locale\" content=\"ca_ES\" \/>\n<meta property=\"og:type\" content=\"article\" \/>\n<meta property=\"og:title\" content=\"Bosses palpebrals: qu\u00e8 s\u00f3n, causes y tractament\" \/>\n<meta property=\"og:description\" content=\"Parlem amb la doctora Joana Flores sobre les causes de les bosses palpebrals i com podem rejovenir la nostra mirada.\" \/>\n<meta property=\"og:url\" content=\"https:\/\/www.mgc.es\/ca\/blog\/bosses-palpebrals-el-rejoveniment-de-la-mirada\/\" \/>\n<meta property=\"og:site_name\" content=\"MGC M\u00fatua\" \/>\n<meta property=\"article:publisher\" content=\"https:\/\/www.facebook.com\/mgcmutua\" \/>\n<meta property=\"article:published_time\" content=\"2020-02-06T10:16:51+00:00\" \/>\n<meta property=\"article:modified_time\" content=\"2025-10-15T14:36:54+00:00\" \/>\n<meta property=\"og:image\" content=\"https:\/\/www.mgc.es\/wp-content\/uploads\/2020\/02\/THUMBNAIL_cirugia_estetica_1.png\" \/>\n\t<meta property=\"og:image:width\" content=\"1920\" \/>\n\t<meta property=\"og:image:height\" content=\"1080\" \/>\n\t<meta property=\"og:image:type\" content=\"image\/png\" \/>\n<meta name=\"author\" content=\"Revista Inter\u00e8s Mutu\" \/>\n<meta name=\"twitter:card\" content=\"summary_large_image\" \/>\n<meta name=\"twitter:creator\" content=\"@mgcmutua\" \/>\n<meta name=\"twitter:site\" content=\"@mgcmutua\" \/>\n<meta name=\"twitter:label1\" content=\"Escrit per\" \/>\n\t<meta name=\"twitter:data1\" content=\"Revista Inter\u00e8s Mutu\" \/>\n\t<meta name=\"twitter:label2\" content=\"Temps estimat de lectura\" \/>\n\t<meta name=\"twitter:data2\" content=\"4 minuts\" \/>\n<!-- \/ Yoast SEO plugin. -->","yoast_head_json":{"title":"Bosses palpebrals: qu\u00e8 s\u00f3n, causes y tractament","description":"Parlem amb la doctora Joana Flores sobre les causes de les bosses palpebrals i com podem rejovenir la nostra mirada.","robots":{"index":"index","follow":"follow","max-snippet":"max-snippet:-1","max-image-preview":"max-image-preview:large","max-video-preview":"max-video-preview:-1"},"canonical":"https:\/\/www.mgc.es\/ca\/blog\/bosses-palpebrals-el-rejoveniment-de-la-mirada\/","og_locale":"ca_ES","og_type":"article","og_title":"Bosses palpebrals: qu\u00e8 s\u00f3n, causes y tractament","og_description":"Parlem amb la doctora Joana Flores sobre les causes de les bosses palpebrals i com podem rejovenir la nostra mirada.","og_url":"https:\/\/www.mgc.es\/ca\/blog\/bosses-palpebrals-el-rejoveniment-de-la-mirada\/","og_site_name":"MGC M\u00fatua","article_publisher":"https:\/\/www.facebook.com\/mgcmutua","article_published_time":"2020-02-06T10:16:51+00:00","article_modified_time":"2025-10-15T14:36:54+00:00","og_image":[{"width":1920,"height":1080,"url":"https:\/\/www.mgc.es\/wp-content\/uploads\/2020\/02\/THUMBNAIL_cirugia_estetica_1.png","type":"image\/png"}],"author":"Revista Inter\u00e8s Mutu","twitter_card":"summary_large_image","twitter_creator":"@mgcmutua","twitter_site":"@mgcmutua","twitter_misc":{"Escrit per":"Revista Inter\u00e8s Mutu","Temps estimat de lectura":"4 minuts"},"schema":{"@context":"https:\/\/schema.org","@graph":[{"@type":["Article","BlogPosting"],"@id":"https:\/\/www.mgc.es\/ca\/blog\/bosses-palpebrals-el-rejoveniment-de-la-mirada\/#article","isPartOf":{"@id":"https:\/\/www.mgc.es\/ca\/blog\/bosses-palpebrals-el-rejoveniment-de-la-mirada\/"},"author":{"name":"Revista Inter\u00e8s Mutu","@id":"https:\/\/www.mgc.es\/#\/schema\/person\/010c961d9c9acf38f11187a02b646c16"},"headline":"Bosses palpebrals: qu\u00e8 s\u00f3n, causes y tractament","datePublished":"2020-02-06T10:16:51+00:00","dateModified":"2025-10-15T14:36:54+00:00","mainEntityOfPage":{"@id":"https:\/\/www.mgc.es\/ca\/blog\/bosses-palpebrals-el-rejoveniment-de-la-mirada\/"},"wordCount":714,"commentCount":0,"publisher":{"@id":"https:\/\/www.mgc.es\/#organization"},"image":{"@id":"https:\/\/www.mgc.es\/ca\/blog\/bosses-palpebrals-el-rejoveniment-de-la-mirada\/#primaryimage"},"thumbnailUrl":"https:\/\/www.mgc.es\/wp-content\/uploads\/2020\/02\/THUMBNAIL_cirugia_estetica_1.png","keywords":["destacat","estetica"],"articleSection":["Est\u00e8tica","H\u00e0bits Saludables","Salut i medicina","Vida Sana"],"inLanguage":"ca","potentialAction":[{"@type":"CommentAction","name":"Comment","target":["https:\/\/www.mgc.es\/ca\/blog\/bosses-palpebrals-el-rejoveniment-de-la-mirada\/#respond"]}]},{"@type":["WebPage","ItemPage"],"@id":"https:\/\/www.mgc.es\/ca\/blog\/bosses-palpebrals-el-rejoveniment-de-la-mirada\/","url":"https:\/\/www.mgc.es\/ca\/blog\/bosses-palpebrals-el-rejoveniment-de-la-mirada\/","name":"Bosses palpebrals: qu\u00e8 s\u00f3n, causes y tractament","isPartOf":{"@id":"https:\/\/www.mgc.es\/#website"},"primaryImageOfPage":{"@id":"https:\/\/www.mgc.es\/ca\/blog\/bosses-palpebrals-el-rejoveniment-de-la-mirada\/#primaryimage"},"image":{"@id":"https:\/\/www.mgc.es\/ca\/blog\/bosses-palpebrals-el-rejoveniment-de-la-mirada\/#primaryimage"},"thumbnailUrl":"https:\/\/www.mgc.es\/wp-content\/uploads\/2020\/02\/THUMBNAIL_cirugia_estetica_1.png","datePublished":"2020-02-06T10:16:51+00:00","dateModified":"2025-10-15T14:36:54+00:00","description":"Parlem amb la doctora Joana Flores sobre les causes de les bosses palpebrals i com podem rejovenir la nostra mirada.","breadcrumb":{"@id":"https:\/\/www.mgc.es\/ca\/blog\/bosses-palpebrals-el-rejoveniment-de-la-mirada\/#breadcrumb"},"inLanguage":"ca","potentialAction":[{"@type":"ReadAction","target":["https:\/\/www.mgc.es\/ca\/blog\/bosses-palpebrals-el-rejoveniment-de-la-mirada\/"]}]},{"@type":"ImageObject","inLanguage":"ca","@id":"https:\/\/www.mgc.es\/ca\/blog\/bosses-palpebrals-el-rejoveniment-de-la-mirada\/#primaryimage","url":"https:\/\/www.mgc.es\/wp-content\/uploads\/2020\/02\/THUMBNAIL_cirugia_estetica_1.png","contentUrl":"https:\/\/www.mgc.es\/wp-content\/uploads\/2020\/02\/THUMBNAIL_cirugia_estetica_1.png","width":1920,"height":1080},{"@type":"BreadcrumbList","@id":"https:\/\/www.mgc.es\/ca\/blog\/bosses-palpebrals-el-rejoveniment-de-la-mirada\/#breadcrumb","itemListElement":[{"@type":"ListItem","position":1,"name":"Home","item":"https:\/\/www.mgc.es\/ca\/"},{"@type":"ListItem","position":2,"name":"Bosses palpebrals: qu\u00e8 s\u00f3n, causes y tractament"}]},{"@type":"WebSite","@id":"https:\/\/www.mgc.es\/#website","url":"https:\/\/www.mgc.es\/","name":"MGC M\u00fatua","description":"MGC M\u00fatua \u00e9s una entitat asseguradora sense \u00e0nim de lucre constitu\u00efda al 1982 i especialitzada en assegurances de salut i assist\u00e8ncia.","publisher":{"@id":"https:\/\/www.mgc.es\/#organization"},"alternateName":"MGC","potentialAction":[{"@type":"SearchAction","target":{"@type":"EntryPoint","urlTemplate":"https:\/\/www.mgc.es\/?s={search_term_string}"},"query-input":{"@type":"PropertyValueSpecification","valueRequired":true,"valueName":"search_term_string"}}],"inLanguage":"ca"},{"@type":"Organization","@id":"https:\/\/www.mgc.es\/#organization","name":"MGC Mutua","alternateName":"MGC","url":"https:\/\/www.mgc.es\/","logo":{"@type":"ImageObject","inLanguage":"ca","@id":"https:\/\/www.mgc.es\/#\/schema\/logo\/image\/","url":"https:\/\/www.mgc.es\/wp-content\/uploads\/2020\/03\/mgcmutua_h2_2t_reduccions.png","contentUrl":"https:\/\/www.mgc.es\/wp-content\/uploads\/2020\/03\/mgcmutua_h2_2t_reduccions.png","width":303,"height":165,"caption":"MGC Mutua"},"image":{"@id":"https:\/\/www.mgc.es\/#\/schema\/logo\/image\/"},"sameAs":["https:\/\/www.facebook.com\/mgcmutua","https:\/\/x.com\/mgcmutua","https:\/\/www.youtube.com\/c\/MGCMutua"]},{"@type":"Person","@id":"https:\/\/www.mgc.es\/#\/schema\/person\/010c961d9c9acf38f11187a02b646c16","name":"Revista Inter\u00e8s Mutu","image":{"@type":"ImageObject","inLanguage":"ca","@id":"https:\/\/secure.gravatar.com\/avatar\/52302d684339b9d7bf5691e2ad00835d62ce3b4a435f21ca9f21fbe39c63cb1b?s=96&d=mm&r=g","url":"https:\/\/secure.gravatar.com\/avatar\/52302d684339b9d7bf5691e2ad00835d62ce3b4a435f21ca9f21fbe39c63cb1b?s=96&d=mm&r=g","contentUrl":"https:\/\/secure.gravatar.com\/avatar\/52302d684339b9d7bf5691e2ad00835d62ce3b4a435f21ca9f21fbe39c63cb1b?s=96&d=mm&r=g","caption":"Revista Inter\u00e8s Mutu"}}]}},"_links":{"self":[{"href":"https:\/\/www.mgc.es\/ca\/wp-json\/wp\/v2\/posts\/17480","targetHints":{"allow":["GET"]}}],"collection":[{"href":"https:\/\/www.mgc.es\/ca\/wp-json\/wp\/v2\/posts"}],"about":[{"href":"https:\/\/www.mgc.es\/ca\/wp-json\/wp\/v2\/types\/post"}],"author":[{"embeddable":true,"href":"https:\/\/www.mgc.es\/ca\/wp-json\/wp\/v2\/users\/3"}],"replies":[{"embeddable":true,"href":"https:\/\/www.mgc.es\/ca\/wp-json\/wp\/v2\/comments?post=17480"}],"version-history":[{"count":4,"href":"https:\/\/www.mgc.es\/ca\/wp-json\/wp\/v2\/posts\/17480\/revisions"}],"predecessor-version":[{"id":36838,"href":"https:\/\/www.mgc.es\/ca\/wp-json\/wp\/v2\/posts\/17480\/revisions\/36838"}],"wp:featuredmedia":[{"embeddable":true,"href":"https:\/\/www.mgc.es\/ca\/wp-json\/wp\/v2\/media\/17483"}],"wp:attachment":[{"href":"https:\/\/www.mgc.es\/ca\/wp-json\/wp\/v2\/media?parent=17480"}],"wp:term":[{"taxonomy":"category","embeddable":true,"href":"https:\/\/www.mgc.es\/ca\/wp-json\/wp\/v2\/categories?post=17480"},{"taxonomy":"post_tag","embeddable":true,"href":"https:\/\/www.mgc.es\/ca\/wp-json\/wp\/v2\/tags?post=17480"}],"curies":[{"name":"wp","href":"https:\/\/api.w.org\/{rel}","templated":true}]}}