{"id":17398,"date":"2020-02-04T13:20:14","date_gmt":"2020-02-04T12:20:14","guid":{"rendered":"https:\/\/www.mgc.es\/?p=17398"},"modified":"2020-02-04T18:12:27","modified_gmt":"2020-02-04T17:12:27","slug":"fundacio-esclerosi-multiple-i-caritas-diocesana-de-barcelona-reben-les-donacions-economiques-de-la-fundacio-mgc","status":"publish","type":"post","link":"https:\/\/www.mgc.es\/ca\/blog\/fundacio-esclerosi-multiple-i-caritas-diocesana-de-barcelona-reben-les-donacions-economiques-de-la-fundacio-mgc\/","title":{"rendered":"Fundaci\u00f3 Esclerosi M\u00faltiple i C\u00e0ritas Diocesana de Barcelona reben les donacions econ\u00f2miques de la Fundaci\u00f3 MGC"},"content":{"rendered":"\n<figure class=\"wp-block-image size-large\"><img loading=\"lazy\" decoding=\"async\" width=\"850\" height=\"465\" src=\"https:\/\/www.mgc.es\/wp-content\/uploads\/2020\/02\/caritas-diocesana-barcelona-mgc-mutua-03feb2020.jpg\" alt=\"\" class=\"wp-image-17390\"\/><\/figure>\n\n\n\n<p>El passat 3 de febrer van tenir lloc els diferents actes de lliurament de les donacions econ\u00f2miques de la setena edici\u00f3 de la campanya solidaria <strong><a href=\"http:\/\/www.1origami1euro.org\/\">1 origami 1 euro<\/a><\/strong>, promoguda per la Fundaci\u00f3 MGC, a les organitzacions Fundaci\u00f3 Esclerosi M\u00faltiple i C\u00e0ritas Diocesana de Barcelona, respectivament.<\/p>\n\n\n\n<!--more-->\n\n\n\n<p>A la darrera edici\u00f3 d\u20191 origami 1 euro van participar 221\nescoles i associacions de Catalunya en l\u2019elaboraci\u00f3 de m\u00e9s de 250.000 grues de\npaper, petites obres d\u2019art plenes de desitjos que van fer m\u00e9s de 85.000 nens i\nnenes d\u2019arreu de Catalunya. <\/p>\n\n\n\n<p>Les grues destinades a la <strong>Fundaci\u00f3 Esclerosi M\u00faltiple<\/strong>\nes van traduir en un donatiu econ\u00f2mic de 9.920 \u20ac. A l\u2019entrega del xec van estar\npresents la directora de comunicaci\u00f3, <strong>Iria Saa<\/strong>, i la presidenta de la\nFundaci\u00f3,<strong> <\/strong><strong>Maria Jos\u00e9 Abella<\/strong>, a qui el\npresident de la Fundaci\u00f3 MGC,<strong> Joan Guitart<\/strong>, va fer entrega del xec. Per\naltra banda, les grues destinades a <strong>C\u00e0ritas Diocesana de Barcelona<\/strong> es\nvan traduir en un donatiu econ\u00f2mic de 8.156 \u20ac, que va recollir la seva\npresidenta, <strong>Anna Roig<\/strong>, tamb\u00e9 de mans de Joan Guitart, acompanyada d\u2019<strong>Angel Valero<\/strong> i <strong>Dolors Oliva<\/strong>, membres voluntaris d\u2019Entitats amb Cor.<\/p>\n\n\n\n<p>Ambdues entitats van coincidir\nen l\u2019alegria que els proporciona comprovar com una activitat tan original com\nla elaboraci\u00f3 dels origamis desperti en els infants valors tan fonamentals com\nla solidaritat o l\u2019empatia envers les persones desafavorides.<\/p>\n\n\n\n<figure class=\"wp-block-image size-large\"><img loading=\"lazy\" decoding=\"async\" width=\"850\" height=\"533\" src=\"https:\/\/www.mgc.es\/wp-content\/uploads\/2020\/02\/fundaci\u00f3-esclerosi-multiple-mgc-mutua-3feb2020.jpg\" alt=\"\" class=\"wp-image-17392\"\/><\/figure>\n\n\n\n<p>A la<a href=\"https:\/\/www.fem.es\/\"> <strong>Fundaci\u00f3 Esclerosi M\u00faltiple<\/strong><\/a> treballen des de fa 30 anys per aturar l\u2019impacte de la malaltia des del diagn\u00f2stic als serveis de neurorehabilitaci\u00f3, d\u2019intermediaci\u00f3 laboral i de suport psicol\u00f2gic i social. L\u2019esclerosi m\u00faltiple \u00e9s una malaltia cr\u00f2nica, degenerativa i discapacitant que afecta 11.000 persones a Catalunya. La majoria d\u2019elles s\u00f3n dones i tenen menys de 35 anys<\/p>\n\n\n\n<p><strong><a href=\"https:\/\/caritas.barcelona\/\">C\u00e0ritas Diocesana de Barcelona<\/a><\/strong> \u00e9s una entitat sense \u00e0nim de lucre de l\u2019Esgl\u00e9sia cat\u00f2lica. La seva missi\u00f3 \u00e9s acollir i acompanyar les persones en situaci\u00f3 de pobresa i exclusi\u00f3 social, per tal que siguin protagonistes del seu desenvolupament integral, des del comprom\u00eds de la comunitat cristiana. Els \u00e0mbits que es treballen s\u00f3n: acollida i acompanyament, ajuda a necessitats b\u00e0siques, fam\u00edlia i inf\u00e0ncia, migraci\u00f3, sense llar i habitatge, formaci\u00f3, inserci\u00f3 laboral i gent gran. Aquesta donaci\u00f3 servir\u00e0 per ajudar els joves estrangers que s\u00b4acompanyen per a la seva integraci\u00f3 des de C\u00e0ritas.<\/p>\n","protected":false},"excerpt":{"rendered":"<p>El passat 3 de febrer van tenir lloc els diferents actes de lliurament de les donacions econ\u00f2miques de la setena edici\u00f3 de la campanya solidaria 1 origami 1 euro, promoguda per la Fundaci\u00f3 MGC, a les organitzacions Fundaci\u00f3 Esclerosi M\u00faltiple i C\u00e0ritas Diocesana de Barcelona, respectivament.<\/p>\n","protected":false},"author":3,"featured_media":17390,"comment_status":"open","ping_status":"open","sticky":false,"template":"","format":"standard","meta":{"footnotes":""},"categories":[11,568],"tags":[17,371,432],"class_list":["post-17398","post","type-post","status-publish","format-standard","has-post-thumbnail","hentry","category-actualitat","category-fundacio-mgc","tag-1origami1euro","tag-1origami1euro-ca","tag-fundacio-mutua-general-de-catalunya"],"featured_image_src":"https:\/\/www.mgc.es\/wp-content\/uploads\/2020\/02\/caritas-diocesana-barcelona-mgc-mutua-03feb2020.jpg","author_info":{"display_name":"Revista Inter\u00e8s Mutu","author_link":"https:\/\/www.mgc.es\/ca\/blog\/author\/interesmutu\/"},"yoast_head":"<!-- This site is optimized with the Yoast SEO plugin v27.2 - https:\/\/yoast.com\/product\/yoast-seo-wordpress\/ -->\n<title>Fundaci\u00f3 Esclerosi M\u00faltiple i C\u00e0ritas Diocesana de Barcelona reben les donacions econ\u00f2miques de la Fundaci\u00f3 MGC - MGC M\u00fatua<\/title>\n<meta name=\"robots\" content=\"index, follow, max-snippet:-1, max-image-preview:large, max-video-preview:-1\" \/>\n<link rel=\"canonical\" href=\"https:\/\/www.mgc.es\/ca\/blog\/fundacio-esclerosi-multiple-i-caritas-diocesana-de-barcelona-reben-les-donacions-economiques-de-la-fundacio-mgc\/\" \/>\n<meta property=\"og:locale\" content=\"ca_ES\" \/>\n<meta property=\"og:type\" content=\"article\" \/>\n<meta property=\"og:title\" content=\"Fundaci\u00f3 Esclerosi M\u00faltiple i C\u00e0ritas Diocesana de Barcelona reben les donacions econ\u00f2miques de la Fundaci\u00f3 MGC - MGC M\u00fatua\" \/>\n<meta property=\"og:description\" content=\"El passat 3 de febrer van tenir lloc els diferents actes de lliurament de les donacions econ\u00f2miques de la setena edici\u00f3 de la campanya solidaria 1 origami 1 euro, promoguda per la Fundaci\u00f3 MGC, a les organitzacions Fundaci\u00f3 Esclerosi M\u00faltiple i C\u00e0ritas Diocesana de Barcelona, respectivament.\" \/>\n<meta property=\"og:url\" content=\"https:\/\/www.mgc.es\/ca\/blog\/fundacio-esclerosi-multiple-i-caritas-diocesana-de-barcelona-reben-les-donacions-economiques-de-la-fundacio-mgc\/\" \/>\n<meta property=\"og:site_name\" content=\"MGC M\u00fatua\" \/>\n<meta property=\"article:publisher\" content=\"https:\/\/www.facebook.com\/mgcmutua\" \/>\n<meta property=\"article:published_time\" content=\"2020-02-04T12:20:14+00:00\" \/>\n<meta property=\"article:modified_time\" content=\"2020-02-04T17:12:27+00:00\" \/>\n<meta property=\"og:image\" content=\"https:\/\/www.mgc.es\/wp-content\/uploads\/2020\/02\/caritas-diocesana-barcelona-mgc-mutua-03feb2020.jpg\" \/>\n\t<meta property=\"og:image:width\" content=\"850\" \/>\n\t<meta property=\"og:image:height\" content=\"465\" \/>\n\t<meta property=\"og:image:type\" content=\"image\/jpeg\" \/>\n<meta name=\"author\" content=\"Revista Inter\u00e8s Mutu\" \/>\n<meta name=\"twitter:card\" content=\"summary_large_image\" \/>\n<meta name=\"twitter:creator\" content=\"@mgcmutua\" \/>\n<meta name=\"twitter:site\" content=\"@mgcmutua\" \/>\n<meta name=\"twitter:label1\" content=\"Escrit per\" \/>\n\t<meta name=\"twitter:data1\" content=\"Revista Inter\u00e8s Mutu\" \/>\n\t<meta name=\"twitter:label2\" content=\"Temps estimat de lectura\" \/>\n\t<meta name=\"twitter:data2\" content=\"2 minuts\" \/>\n<!-- \/ Yoast SEO plugin. -->","yoast_head_json":{"title":"Fundaci\u00f3 Esclerosi M\u00faltiple i C\u00e0ritas Diocesana de Barcelona reben les donacions econ\u00f2miques de la Fundaci\u00f3 MGC - MGC M\u00fatua","robots":{"index":"index","follow":"follow","max-snippet":"max-snippet:-1","max-image-preview":"max-image-preview:large","max-video-preview":"max-video-preview:-1"},"canonical":"https:\/\/www.mgc.es\/ca\/blog\/fundacio-esclerosi-multiple-i-caritas-diocesana-de-barcelona-reben-les-donacions-economiques-de-la-fundacio-mgc\/","og_locale":"ca_ES","og_type":"article","og_title":"Fundaci\u00f3 Esclerosi M\u00faltiple i C\u00e0ritas Diocesana de Barcelona reben les donacions econ\u00f2miques de la Fundaci\u00f3 MGC - MGC M\u00fatua","og_description":"El passat 3 de febrer van tenir lloc els diferents actes de lliurament de les donacions econ\u00f2miques de la setena edici\u00f3 de la campanya solidaria 1 origami 1 euro, promoguda per la Fundaci\u00f3 MGC, a les organitzacions Fundaci\u00f3 Esclerosi M\u00faltiple i C\u00e0ritas Diocesana de Barcelona, respectivament.","og_url":"https:\/\/www.mgc.es\/ca\/blog\/fundacio-esclerosi-multiple-i-caritas-diocesana-de-barcelona-reben-les-donacions-economiques-de-la-fundacio-mgc\/","og_site_name":"MGC M\u00fatua","article_publisher":"https:\/\/www.facebook.com\/mgcmutua","article_published_time":"2020-02-04T12:20:14+00:00","article_modified_time":"2020-02-04T17:12:27+00:00","og_image":[{"width":850,"height":465,"url":"https:\/\/www.mgc.es\/wp-content\/uploads\/2020\/02\/caritas-diocesana-barcelona-mgc-mutua-03feb2020.jpg","type":"image\/jpeg"}],"author":"Revista Inter\u00e8s Mutu","twitter_card":"summary_large_image","twitter_creator":"@mgcmutua","twitter_site":"@mgcmutua","twitter_misc":{"Escrit per":"Revista Inter\u00e8s Mutu","Temps estimat de lectura":"2 minuts"},"schema":{"@context":"https:\/\/schema.org","@graph":[{"@type":["Article","BlogPosting"],"@id":"https:\/\/www.mgc.es\/ca\/blog\/fundacio-esclerosi-multiple-i-caritas-diocesana-de-barcelona-reben-les-donacions-economiques-de-la-fundacio-mgc\/#article","isPartOf":{"@id":"https:\/\/www.mgc.es\/ca\/blog\/fundacio-esclerosi-multiple-i-caritas-diocesana-de-barcelona-reben-les-donacions-economiques-de-la-fundacio-mgc\/"},"author":{"name":"Revista Inter\u00e8s Mutu","@id":"https:\/\/www.mgc.es\/#\/schema\/person\/010c961d9c9acf38f11187a02b646c16"},"headline":"Fundaci\u00f3 Esclerosi M\u00faltiple i C\u00e0ritas Diocesana de Barcelona reben les donacions econ\u00f2miques de la Fundaci\u00f3 MGC","datePublished":"2020-02-04T12:20:14+00:00","dateModified":"2020-02-04T17:12:27+00:00","mainEntityOfPage":{"@id":"https:\/\/www.mgc.es\/ca\/blog\/fundacio-esclerosi-multiple-i-caritas-diocesana-de-barcelona-reben-les-donacions-economiques-de-la-fundacio-mgc\/"},"wordCount":418,"commentCount":0,"publisher":{"@id":"https:\/\/www.mgc.es\/#organization"},"image":{"@id":"https:\/\/www.mgc.es\/ca\/blog\/fundacio-esclerosi-multiple-i-caritas-diocesana-de-barcelona-reben-les-donacions-economiques-de-la-fundacio-mgc\/#primaryimage"},"thumbnailUrl":"https:\/\/www.mgc.es\/wp-content\/uploads\/2020\/02\/caritas-diocesana-barcelona-mgc-mutua-03feb2020.jpg","keywords":["1origami1euro","1origami1euro","fundaci\u00f3 m\u00fatua general de catalunya"],"articleSection":["Actualitat M\u00fatua","Fundaci\u00f3 MGC"],"inLanguage":"ca","potentialAction":[{"@type":"CommentAction","name":"Comment","target":["https:\/\/www.mgc.es\/ca\/blog\/fundacio-esclerosi-multiple-i-caritas-diocesana-de-barcelona-reben-les-donacions-economiques-de-la-fundacio-mgc\/#respond"]}]},{"@type":["WebPage","ItemPage"],"@id":"https:\/\/www.mgc.es\/ca\/blog\/fundacio-esclerosi-multiple-i-caritas-diocesana-de-barcelona-reben-les-donacions-economiques-de-la-fundacio-mgc\/","url":"https:\/\/www.mgc.es\/ca\/blog\/fundacio-esclerosi-multiple-i-caritas-diocesana-de-barcelona-reben-les-donacions-economiques-de-la-fundacio-mgc\/","name":"Fundaci\u00f3 Esclerosi M\u00faltiple i C\u00e0ritas Diocesana de Barcelona reben les donacions econ\u00f2miques de la Fundaci\u00f3 MGC - MGC M\u00fatua","isPartOf":{"@id":"https:\/\/www.mgc.es\/#website"},"primaryImageOfPage":{"@id":"https:\/\/www.mgc.es\/ca\/blog\/fundacio-esclerosi-multiple-i-caritas-diocesana-de-barcelona-reben-les-donacions-economiques-de-la-fundacio-mgc\/#primaryimage"},"image":{"@id":"https:\/\/www.mgc.es\/ca\/blog\/fundacio-esclerosi-multiple-i-caritas-diocesana-de-barcelona-reben-les-donacions-economiques-de-la-fundacio-mgc\/#primaryimage"},"thumbnailUrl":"https:\/\/www.mgc.es\/wp-content\/uploads\/2020\/02\/caritas-diocesana-barcelona-mgc-mutua-03feb2020.jpg","datePublished":"2020-02-04T12:20:14+00:00","dateModified":"2020-02-04T17:12:27+00:00","breadcrumb":{"@id":"https:\/\/www.mgc.es\/ca\/blog\/fundacio-esclerosi-multiple-i-caritas-diocesana-de-barcelona-reben-les-donacions-economiques-de-la-fundacio-mgc\/#breadcrumb"},"inLanguage":"ca","potentialAction":[{"@type":"ReadAction","target":["https:\/\/www.mgc.es\/ca\/blog\/fundacio-esclerosi-multiple-i-caritas-diocesana-de-barcelona-reben-les-donacions-economiques-de-la-fundacio-mgc\/"]}]},{"@type":"ImageObject","inLanguage":"ca","@id":"https:\/\/www.mgc.es\/ca\/blog\/fundacio-esclerosi-multiple-i-caritas-diocesana-de-barcelona-reben-les-donacions-economiques-de-la-fundacio-mgc\/#primaryimage","url":"https:\/\/www.mgc.es\/wp-content\/uploads\/2020\/02\/caritas-diocesana-barcelona-mgc-mutua-03feb2020.jpg","contentUrl":"https:\/\/www.mgc.es\/wp-content\/uploads\/2020\/02\/caritas-diocesana-barcelona-mgc-mutua-03feb2020.jpg","width":850,"height":465},{"@type":"BreadcrumbList","@id":"https:\/\/www.mgc.es\/ca\/blog\/fundacio-esclerosi-multiple-i-caritas-diocesana-de-barcelona-reben-les-donacions-economiques-de-la-fundacio-mgc\/#breadcrumb","itemListElement":[{"@type":"ListItem","position":1,"name":"Home","item":"https:\/\/www.mgc.es\/ca\/"},{"@type":"ListItem","position":2,"name":"Fundaci\u00f3 Esclerosi M\u00faltiple i C\u00e0ritas Diocesana de Barcelona reben les donacions econ\u00f2miques de la Fundaci\u00f3 MGC"}]},{"@type":"WebSite","@id":"https:\/\/www.mgc.es\/#website","url":"https:\/\/www.mgc.es\/","name":"MGC M\u00fatua","description":"MGC M\u00fatua \u00e9s una entitat asseguradora sense \u00e0nim de lucre constitu\u00efda al 1982 i especialitzada en assegurances de salut i assist\u00e8ncia.","publisher":{"@id":"https:\/\/www.mgc.es\/#organization"},"alternateName":"MGC","potentialAction":[{"@type":"SearchAction","target":{"@type":"EntryPoint","urlTemplate":"https:\/\/www.mgc.es\/?s={search_term_string}"},"query-input":{"@type":"PropertyValueSpecification","valueRequired":true,"valueName":"search_term_string"}}],"inLanguage":"ca"},{"@type":"Organization","@id":"https:\/\/www.mgc.es\/#organization","name":"MGC Mutua","alternateName":"MGC","url":"https:\/\/www.mgc.es\/","logo":{"@type":"ImageObject","inLanguage":"ca","@id":"https:\/\/www.mgc.es\/#\/schema\/logo\/image\/","url":"https:\/\/www.mgc.es\/wp-content\/uploads\/2020\/03\/mgcmutua_h2_2t_reduccions.png","contentUrl":"https:\/\/www.mgc.es\/wp-content\/uploads\/2020\/03\/mgcmutua_h2_2t_reduccions.png","width":303,"height":165,"caption":"MGC Mutua"},"image":{"@id":"https:\/\/www.mgc.es\/#\/schema\/logo\/image\/"},"sameAs":["https:\/\/www.facebook.com\/mgcmutua","https:\/\/x.com\/mgcmutua","https:\/\/www.youtube.com\/c\/MGCMutua"]},{"@type":"Person","@id":"https:\/\/www.mgc.es\/#\/schema\/person\/010c961d9c9acf38f11187a02b646c16","name":"Revista Inter\u00e8s Mutu","image":{"@type":"ImageObject","inLanguage":"ca","@id":"https:\/\/secure.gravatar.com\/avatar\/52302d684339b9d7bf5691e2ad00835d62ce3b4a435f21ca9f21fbe39c63cb1b?s=96&d=mm&r=g","url":"https:\/\/secure.gravatar.com\/avatar\/52302d684339b9d7bf5691e2ad00835d62ce3b4a435f21ca9f21fbe39c63cb1b?s=96&d=mm&r=g","contentUrl":"https:\/\/secure.gravatar.com\/avatar\/52302d684339b9d7bf5691e2ad00835d62ce3b4a435f21ca9f21fbe39c63cb1b?s=96&d=mm&r=g","caption":"Revista Inter\u00e8s Mutu"}}]}},"_links":{"self":[{"href":"https:\/\/www.mgc.es\/ca\/wp-json\/wp\/v2\/posts\/17398","targetHints":{"allow":["GET"]}}],"collection":[{"href":"https:\/\/www.mgc.es\/ca\/wp-json\/wp\/v2\/posts"}],"about":[{"href":"https:\/\/www.mgc.es\/ca\/wp-json\/wp\/v2\/types\/post"}],"author":[{"embeddable":true,"href":"https:\/\/www.mgc.es\/ca\/wp-json\/wp\/v2\/users\/3"}],"replies":[{"embeddable":true,"href":"https:\/\/www.mgc.es\/ca\/wp-json\/wp\/v2\/comments?post=17398"}],"version-history":[{"count":2,"href":"https:\/\/www.mgc.es\/ca\/wp-json\/wp\/v2\/posts\/17398\/revisions"}],"predecessor-version":[{"id":17400,"href":"https:\/\/www.mgc.es\/ca\/wp-json\/wp\/v2\/posts\/17398\/revisions\/17400"}],"wp:featuredmedia":[{"embeddable":true,"href":"https:\/\/www.mgc.es\/ca\/wp-json\/wp\/v2\/media\/17390"}],"wp:attachment":[{"href":"https:\/\/www.mgc.es\/ca\/wp-json\/wp\/v2\/media?parent=17398"}],"wp:term":[{"taxonomy":"category","embeddable":true,"href":"https:\/\/www.mgc.es\/ca\/wp-json\/wp\/v2\/categories?post=17398"},{"taxonomy":"post_tag","embeddable":true,"href":"https:\/\/www.mgc.es\/ca\/wp-json\/wp\/v2\/tags?post=17398"}],"curies":[{"name":"wp","href":"https:\/\/api.w.org\/{rel}","templated":true}]}}