{"id":17365,"date":"2020-02-03T11:52:16","date_gmt":"2020-02-03T10:52:16","guid":{"rendered":"https:\/\/www.mgc.es\/?p=17365"},"modified":"2020-02-03T11:56:30","modified_gmt":"2020-02-03T10:56:30","slug":"efectes-secundaris-del-cancer-i-com-afrontar-los","status":"publish","type":"post","link":"https:\/\/www.mgc.es\/ca\/blog\/efectes-secundaris-del-cancer-i-com-afrontar-los\/","title":{"rendered":"Efectes secundaris del c\u00e0ncer i com afrontar-los"},"content":{"rendered":"<div id=\"ez-toc-container\" class=\"ez-toc-v2_0_82_1 counter-hierarchy ez-toc-counter ez-toc-custom ez-toc-container-direction\">\n<div class=\"ez-toc-title-container\"><p class=\"ez-toc-title\" style=\"cursor:inherit\">\u00cdndex de continguts<\/p>\n<\/div><nav><ul class='ez-toc-list ez-toc-list-level-1 ' ><li class='ez-toc-page-1 ez-toc-heading-level-2'><a class=\"ez-toc-link ez-toc-heading-1\" href=\"https:\/\/www.mgc.es\/ca\/blog\/efectes-secundaris-del-cancer-i-com-afrontar-los\/#Els_efectes_secundaris_tardans_o_a_llarg_termini_del_cancer\" >Els efectes secundaris tardans o a llarg termini del c\u00e0ncer<\/a><\/li><li class='ez-toc-page-1 ez-toc-heading-level-2'><a class=\"ez-toc-link ez-toc-heading-2\" href=\"https:\/\/www.mgc.es\/ca\/blog\/efectes-secundaris-del-cancer-i-com-afrontar-los\/#Latencio_de_seguiment_despres_del_cancer\" >L&#8217;atenci\u00f3 de seguiment despr\u00e9s del c\u00e0ncer<\/a><\/li><li class='ez-toc-page-1 ez-toc-heading-level-2'><a class=\"ez-toc-link ez-toc-heading-3\" href=\"https:\/\/www.mgc.es\/ca\/blog\/efectes-secundaris-del-cancer-i-com-afrontar-los\/#MGC_Mutua_vol_estar_amb_tu_en_aquests_moments_dificils_de_manera_que_tofereix_cobertura_integral_del_cancer\" >MGC M\u00fatua vol estar amb tu en aquests moments dif\u00edcils, de manera que t&#8217;ofereix cobertura integral del c\u00e0ncer<\/a><\/li><\/ul><\/nav><\/div>\n\n<figure class=\"wp-block-image size-large\"><img loading=\"lazy\" decoding=\"async\" width=\"1024\" height=\"680\" src=\"https:\/\/www.mgc.es\/wp-content\/uploads\/2020\/02\/efectos-cancer-mujer.jpg\" alt=\"efectos del c\u00e1ncer\" class=\"wp-image-17359\" srcset=\"https:\/\/www.mgc.es\/wp-content\/uploads\/2020\/02\/efectos-cancer-mujer.jpg 1024w, https:\/\/www.mgc.es\/wp-content\/uploads\/2020\/02\/efectos-cancer-mujer-440x292.jpg 440w, https:\/\/www.mgc.es\/wp-content\/uploads\/2020\/02\/efectos-cancer-mujer-880x584.jpg 880w, https:\/\/www.mgc.es\/wp-content\/uploads\/2020\/02\/efectos-cancer-mujer-768x510.jpg 768w\" sizes=\"auto, (max-width: 1024px) 100vw, 1024px\" \/><\/figure>\n\n\n\n<p>Els efectes secundaris del tractament del c\u00e0ncer s\u00f3n un aspecte assumit per la majoria dels malalts. No nom\u00e9s poden apar\u00e8ixer durant el tractament, sin\u00f3 que alguns efectes poden desenvolupar-se mesos o, fins i tot, anys despr\u00e9s de finalitzar-lo. Quin \u00e9s el risc i com ens pot ajudar l&#8217;equip m\u00e8dic a afrontar aquests efectes?<br><\/p>\n\n\n\n<!--more-->\n\n\n\n<p>Qualsevol tractament contra el c\u00e0ncer, com ara <strong>la quimioter\u00e0pia, la radioter\u00e0pia, el tractament farmacol\u00f2gic o la cirurgia<\/strong>, pot causar efectes secundaris, tant durant la seva aplicaci\u00f3 com a llarg termini. S\u00f3n el que s&#8217;anomena &#8220;<strong>efectes tardans<\/strong>&#8220;, i que una persona els arribi a desenvolupar dep\u00e8n d&#8217;aspectes com ara el tipus i la ubicaci\u00f3 del c\u00e0ncer, la zona del cos que s&#8217;ha tractat, el tipus i la dosi del tractament rebut, si hi ha problemes de salut anteriors, l&#8217;edat (sobretot en el c\u00e0ncer infantil i en la gent gran), els antecedents gen\u00e8tics, l&#8217;estat de salut general i l&#8217;estil de vida.<\/p>\n\n\n\n<h2 class=\"wp-block-heading\"><span class=\"ez-toc-section\" id=\"Els_efectes_secundaris_tardans_o_a_llarg_termini_del_cancer\"><\/span>Els efectes secundaris tardans o a llarg termini del c\u00e0ncer<span class=\"ez-toc-section-end\"><\/span><\/h2>\n\n\n\n<p>Els efectes secundaris del c\u00e0ncer <strong>poden incloure canvis f\u00edsics i emocionals<\/strong>. Parlar amb el metge per con\u00e8ixer-los, avaluar el risc de desenvolupar-los i saber com tractar-los s\u00f3n aspectes molt importants en el tractament dels supervivents. Els efectes m\u00e9s freq\u00fcents s\u00f3n:<\/p>\n\n\n\n<h3 class=\"wp-block-heading\">Canvis derivats d&#8217;una cirurgia<\/h3>\n\n\n\n<p>Depenent del tipus de c\u00e0ncer i on es va aplicar la cirurgia, es pot veure afectat el <strong>sistema immunitari<\/strong> (com ara en l&#8217;extirpaci\u00f3 de la melsa per limfoma de Hodgkin, extirpaci\u00f3 o radioter\u00e0pia en els ganglis limf\u00e0tics). Tamb\u00e9 es poden desenvolupar <strong>efectes f\u00edsics i psicol\u00f2gics per la p\u00e8rdua d&#8217;una extremitat o d\u2019una part de l\u2019extremitat<\/strong> en el tractament del c\u00e0ncer d&#8217;ossos o teixit tou. O <strong>infertilitat<\/strong>, quan s&#8217;han extirpat \u00f2rgans de reproducci\u00f3, s&#8217;han fet certes cirurgies o s&#8217;ha aplicat radioter\u00e0pia o quimioter\u00e0pia a la zona de la pelvis o l&#8217;abdomen.<\/p>\n\n\n\n<figure class=\"wp-block-image size-large\"><img loading=\"lazy\" decoding=\"async\" width=\"1000\" height=\"667\" src=\"https:\/\/www.mgc.es\/wp-content\/uploads\/2020\/02\/efectos-cancer-cicatriz.jpg\" alt=\"efectos del c\u00e1ncer\" class=\"wp-image-17353\"\/><\/figure>\n\n\n\n<h3 class=\"wp-block-heading\">Problemes card\u00edacs<\/h3>\n\n\n\n<p>La radioter\u00e0pia a la zona del t\u00f2rax, la columna o la part superior de l&#8217;abdomen i la quimioter\u00e0pia s&#8217;han associat a m\u00e9s risc d\u2019efectes card\u00edacs tardans, com ara <strong>defici\u00e8ncia de les v\u00e0lvules card\u00edaques i malaltia de les art\u00e8ries coron\u00e0ries<\/strong>. I l&#8217;\u00fas de certs medicaments, com ara les antraciclines, pot causar <strong>ritmes card\u00edacs anormals, debilitat del m\u00fascul card\u00edac i insufici\u00e8ncia card\u00edaca<\/strong>.<\/p>\n\n\n\n<h3 class=\"wp-block-heading\">Hipertensi\u00f3<\/h3>\n\n\n\n<p>El debilitament del m\u00fascul card\u00edac, aix\u00ed com cert tipus de f\u00e0rmacs, \u00e9s una causa freq\u00fcent de la <strong>pressi\u00f3 arterial alta<\/strong>. Tot i que normalment aquest efecte secundari desapareix quan acaba el tractament, es pot prolongar en el temps.<\/p>\n\n\n\n<h3 class=\"wp-block-heading\">Problemes pulmonars i respiratoris<\/h3>\n\n\n\n<p>La radioter\u00e0pia, la quimioter\u00e0pia i la cirurgia a la zona del pit i els pulmons, aix\u00ed com alguns medicaments, poden augmentar el risc de patir dany pulmonar i respiratori: <strong>canvi en el funcionament pulmonar, inflamaci\u00f3 o dificultat per respirar<\/strong>. Les persones amb antecedents de malaltia pulmonar i els adults grans poden desenvolupar un altre tipus de problemes addicionals.<\/p>\n\n\n\n<figure class=\"wp-block-image size-large\"><img loading=\"lazy\" decoding=\"async\" width=\"1000\" height=\"667\" src=\"https:\/\/www.mgc.es\/wp-content\/uploads\/2020\/02\/efectos-cancer-fatiga.jpg\" alt=\"efectos del c\u00e1ncer\" class=\"wp-image-17361\"\/><\/figure>\n\n\n\n<h3 class=\"wp-block-heading\">Afectaci\u00f3 del sistema endocr\u00ed<\/h3>\n\n\n\n<p>La radioter\u00e0pia a la zona pelviana, la quimioter\u00e0pia i la ter\u00e0pia hormonal, poden produir <strong>canvis hormonals, tant en els homes com en les dones<\/strong>. En la dona, el descens r\u00e0pid de les hormones pot produir <strong>s\u00edmptomes menop\u00e0usics<\/strong> o avan\u00e7ar aquesta etapa. En l&#8217;home, tractaments com ara la ter\u00e0pia hormonal i la cirurgia per a l&#8217;extirpaci\u00f3 dels testicles poden produir s\u00edmptomes similars a la menopausa. A m\u00e9s, qualsevol tractament que afecta els \u00f2rgans reproductors o el sistema endocr\u00ed augmenta el <strong>risc d&#8217;infertilitat<\/strong>, que pot ser temporal o permanent.<\/p>\n\n\n\n<h3 class=\"wp-block-heading\">Problemes digestius<\/h3>\n\n\n\n<p>La cirurgia abdominal o pelviana i la radioter\u00e0pia al coll, el t\u00f2rax, l&#8217;abdomen o la pelvis poden <strong>afectar el sistema gastrointestinal<\/strong> i causar dolor a llarg termini, problemes intestinals que afecten la digesti\u00f3 o diarrea cr\u00f2nica.<\/p>\n\n\n\n<h3 class=\"wp-block-heading\">C\u00e0ncer secundari<\/h3>\n\n\n\n<p>La radioter\u00e0pia i alguns tipus de quimioter\u00e0pia poden produir risc de patir un c\u00e0ncer secundari, \u00e9s a dir, un tipus de <strong>c\u00e0ncer diferent que apareix despr\u00e9s<\/strong> de la diagnosi del c\u00e0ncer original. Els m\u00e9s freq\u00fcents s\u00f3n el de pell, el de mama i el de tiroide.<\/p>\n\n\n\n<h3 class=\"wp-block-heading\">Altres efectes secundaris tardans<\/h3>\n\n\n\n<ul class=\"wp-block-list\"><li>La quimioter\u00e0pia, alguns medicaments o la ter\u00e0pia hormonal poden produir <strong>osteoporosi<\/strong>. I la immunoter\u00e0pia pot provocar <strong>problemes reumatol\u00f2gics<\/strong>, sobretot en persones sedent\u00e0ries.<\/li><li>La quimioter\u00e0pia i les dosis altes de radioter\u00e0pia al cap i altres zones del cos poden provocar <strong>problemes cognitius<\/strong> en adults i nens.<\/li><li>La quimioter\u00e0pia pot afectar l&#8217;esmalt dental i augmentar el risc de <strong>problemes dentals<\/strong> a llarg termini. La radioter\u00e0pia a altes dosis en l&#8217;\u00e0rea del cap i el coll pot implicar canvis en el desenvolupament dental i causar malaltia de les genives.<\/li><li>Els medicaments corticoides poden augmentar el risc de <strong>problemes als ulls<\/strong>, com ara l&#8217;aparici\u00f3 de cataractes.<\/li><li>La <strong>fatiga<\/strong> \u00e9s l&#8217;efecte secundari m\u00e9s freq\u00fcent, tant durant com despr\u00e9s del tractament. Pot ser f\u00edsica, emocional o mental.<\/li><\/ul>\n\n\n\n<figure class=\"wp-block-image size-large\"><img loading=\"lazy\" decoding=\"async\" width=\"1000\" height=\"665\" src=\"https:\/\/www.mgc.es\/wp-content\/uploads\/2020\/02\/efectos-cancer-depresion.jpg\" alt=\"efectos del c\u00e1ncer\" class=\"wp-image-17355\"\/><\/figure>\n\n\n\n<h3 class=\"wp-block-heading\">Dificultats emocionals<\/h3>\n\n\n\n<p>Els supervivents del c\u00e0ncer normalment senten una <strong>gran varietat d&#8217;emocions, tant positives com negatives<\/strong>, que poden continuar a llarg termini: alleugeriment, gratitud, ansietat, depressi\u00f3, soledat i por a la recurr\u00e8ncia. Juntament amb els cuidadors i familiars, tamb\u00e9 poden desenvolupar un trastorn d&#8217;estr\u00e8s posttraum\u00e0tic.<\/p>\n\n\n\n<h2 class=\"wp-block-heading\"><span class=\"ez-toc-section\" id=\"Latencio_de_seguiment_despres_del_cancer\"><\/span>L&#8217;atenci\u00f3 de seguiment despr\u00e9s del c\u00e0ncer<span class=\"ez-toc-section-end\"><\/span><\/h2>\n\n\n\n<p>La cura de les persones amb c\u00e0ncer no acaba quan acaba el tractament. A m\u00e9s de l&#8217;adopci\u00f3 d&#8217;h\u00e0bits saludables i la rehabilitaci\u00f3 necess\u00e0ria, per tal de detectar si <strong>el c\u00e0ncer torna a reproduir-se<\/strong>, controlar els <strong>efectes secundaris i l&#8217;estat de salut general<\/strong> en els mesos i anys futurs, cal treballar en conjunt amb l&#8217;equip m\u00e8dic per elaborar un pla d&#8217;atenci\u00f3 de seguiment personalitzat. Aquest pla pot incloure <strong>ex\u00e0mens f\u00edsics regulars, proves m\u00e8diques i el manteniment de registres de salut personals<\/strong> amb informaci\u00f3 sobre el pla de tractament i les recomanacions de l&#8217;atenci\u00f3 de seguiment.<\/p>\n\n\n\n<p>Depenent del tipus i de l&#8217;estadi del c\u00e0ncer, els efectes secundaris del tractament, les normes de l&#8217;asseguran\u00e7a m\u00e8dica i les prefer\u00e8ncies personals, el seguiment es pot fer amb l&#8217;onc\u00f2leg, el metge de cap\u00e7alera o un altre especialista m\u00e8dic.<\/p>\n\n\n\n<p>Participar en l&#8217;atenci\u00f3 de seguiment pot ser de molta ajuda mentre es realitza la transici\u00f3 a la vida di\u00e0ria, ja que el suport m\u00e8dic \u00e9s fonamental per conservar tant la salut f\u00edsica com la salut emocional del pacient supervivent al c\u00e0ncer.<\/p>\n\n\n\n<figure class=\"wp-block-image size-large\"><img loading=\"lazy\" decoding=\"async\" width=\"1000\" height=\"668\" src=\"https:\/\/www.mgc.es\/wp-content\/uploads\/2020\/02\/efectos-cancer-doctor.jpg\" alt=\"efectos del c\u00e1ncer\" class=\"wp-image-17357\"\/><\/figure>\n\n\n\n<h2 class=\"wp-block-heading\"><span class=\"ez-toc-section\" id=\"MGC_Mutua_vol_estar_amb_tu_en_aquests_moments_dificils_de_manera_que_tofereix_cobertura_integral_del_cancer\"><\/span>MGC M\u00fatua vol estar amb tu en aquests moments dif\u00edcils, de manera que t&#8217;ofereix cobertura integral del c\u00e0ncer<span class=\"ez-toc-section-end\"><\/span><\/h2>\n\n\n\n<p><strong>La M\u00fatua inclou aven\u00e7os d&#8217;\u00faltima generaci\u00f3 en mat\u00e8ria de diagn\u00f2stic i tractament del c\u00e0ncer<\/strong> i posen a l\u2019abast dels assegurats els millors especialistes per tal d\u2019oferir una atenci\u00f3 assistencial completa al pacient, amb la finalitat que els mutualistes no es trobin desatesos en aquests moments complicats. La <a href=\"http:\/\/cobertures.mgc.es\/cancer\"><strong>cobertura d&#8217;assist\u00e8ncia integral del c\u00e0nce<\/strong>r<\/a> garanteix:<\/p>\n\n\n\n<ul class=\"wp-block-list\"><li>Les <strong>t\u00e8cniques de diagn\u00f2stic<\/strong>. Destaca la Tomografia per Emissi\u00f3 de Positrons (PET), que permet localitzar la met\u00e0stasi preco\u00e7ment.<\/li><li>La <strong>radioter\u00e0pia i la quimioter\u00e0pia<\/strong> oncol\u00f2giques. Pel que fa a la radioter\u00e0pia, la M\u00fatua cobreix els diferents tipus: bomba de cobalt, braquiter\u00e0pia, accelerador lineal de part\u00edcules en totes les seves modalitats, etc.<\/li><li>La <strong>medicaci\u00f3 anticancerosa<\/strong> que el malalt requereix mentre est\u00e0 hospitalitzat i la que s&#8217;administra ambulat\u00f2riament (segons les condicions generals de la p\u00f2lissa) en els centres autoritzats: medicaci\u00f3 citost\u00e0tica antineopl\u00e0stica, anticossos monoclonals que siguin utilitzats en tractaments oncol\u00f2gics\u2026 Els anticossos monoclonals s\u00f3n una ter\u00e0pia biol\u00f2gica de nova generaci\u00f3 i d&#8217;elevat cost que actuen, entre d&#8217;altres, disminuint o bloquejant l&#8217;activitat de les c\u00e8l\u00b7lules neopl\u00e0siques de molts tumors, de manera que en frenen el creixement i augmenten l&#8217;interval lliure de la malaltia i, per tant, la superviv\u00e8ncia.<\/li><li>La <strong>medicaci\u00f3 antiem\u00e8tica i protectors g\u00e0strics<\/strong> que contrarestin els efectes secundaris de la medicaci\u00f3 anticancerosa.<\/li><li><strong>Remodelaci\u00f3 mam\u00e0ria<\/strong> contralateral.<\/li><\/ul>\n\n\n\n<p><strong>Per a m\u00e9s informaci\u00f3, contacta amb nosaltres a trav\u00e9s del seg\u00fcent <\/strong><a href=\"https:\/\/landing.mgc.es\/cobertura-cancer\/ca\/\"><strong>formulari<\/strong><\/a><strong> o trucant al tel\u00e8fon 93 414 36 00.<\/strong><\/p>\n","protected":false},"excerpt":{"rendered":"<p>Els efectes secundaris del tractament del c\u00e0ncer s\u00f3n un aspecte assumit per la majoria dels malalts. No nom\u00e9s poden apar\u00e8ixer durant el tractament, sin\u00f3 que alguns efectes poden desenvolupar-se mesos o, fins i tot, anys despr\u00e9s de finalitzar-lo. Quin \u00e9s el risc i com ens pot ajudar l&#8217;equip m\u00e8dic a afrontar aquests efectes?<\/p>\n","protected":false},"author":3,"featured_media":17359,"comment_status":"open","ping_status":"open","sticky":false,"template":"","format":"standard","meta":{"footnotes":""},"categories":[996,15],"tags":[398,37],"class_list":["post-17365","post","type-post","status-publish","format-standard","has-post-thumbnail","hentry","category-malalties-i-salut-general","category-salut","tag-cancer-ca","tag-cancer"],"featured_image_src":"https:\/\/www.mgc.es\/wp-content\/uploads\/2020\/02\/efectos-cancer-mujer.jpg","author_info":{"display_name":"Revista Inter\u00e8s Mutu","author_link":"https:\/\/www.mgc.es\/ca\/blog\/author\/interesmutu\/"},"yoast_head":"<!-- This site is optimized with the Yoast SEO plugin v27.2 - https:\/\/yoast.com\/product\/yoast-seo-wordpress\/ -->\n<title>Efectes secundaris del c\u00e0ncer i com afrontar-los - MGC M\u00fatua<\/title>\n<meta name=\"robots\" content=\"index, follow, max-snippet:-1, max-image-preview:large, max-video-preview:-1\" \/>\n<link rel=\"canonical\" href=\"https:\/\/www.mgc.es\/ca\/blog\/efectes-secundaris-del-cancer-i-com-afrontar-los\/\" \/>\n<meta property=\"og:locale\" content=\"ca_ES\" \/>\n<meta property=\"og:type\" content=\"article\" \/>\n<meta property=\"og:title\" content=\"Efectes secundaris del c\u00e0ncer i com afrontar-los - MGC M\u00fatua\" \/>\n<meta property=\"og:description\" content=\"Els efectes secundaris del tractament del c\u00e0ncer s\u00f3n un aspecte assumit per la majoria dels malalts. No nom\u00e9s poden apar\u00e8ixer durant el tractament, sin\u00f3 que alguns efectes poden desenvolupar-se mesos o, fins i tot, anys despr\u00e9s de finalitzar-lo. Quin \u00e9s el risc i com ens pot ajudar l&#8217;equip m\u00e8dic a afrontar aquests efectes?\" \/>\n<meta property=\"og:url\" content=\"https:\/\/www.mgc.es\/ca\/blog\/efectes-secundaris-del-cancer-i-com-afrontar-los\/\" \/>\n<meta property=\"og:site_name\" content=\"MGC M\u00fatua\" \/>\n<meta property=\"article:publisher\" content=\"https:\/\/www.facebook.com\/mgcmutua\" \/>\n<meta property=\"article:published_time\" content=\"2020-02-03T10:52:16+00:00\" \/>\n<meta property=\"article:modified_time\" content=\"2020-02-03T10:56:30+00:00\" \/>\n<meta property=\"og:image\" content=\"https:\/\/www.mgc.es\/wp-content\/uploads\/2020\/02\/efectos-cancer-mujer.jpg\" \/>\n\t<meta property=\"og:image:width\" content=\"1024\" \/>\n\t<meta property=\"og:image:height\" content=\"680\" \/>\n\t<meta property=\"og:image:type\" content=\"image\/jpeg\" \/>\n<meta name=\"author\" content=\"Revista Inter\u00e8s Mutu\" \/>\n<meta name=\"twitter:card\" content=\"summary_large_image\" \/>\n<meta name=\"twitter:creator\" content=\"@mgcmutua\" \/>\n<meta name=\"twitter:site\" content=\"@mgcmutua\" \/>\n<meta name=\"twitter:label1\" content=\"Escrit per\" \/>\n\t<meta name=\"twitter:data1\" content=\"Revista Inter\u00e8s Mutu\" \/>\n\t<meta name=\"twitter:label2\" content=\"Temps estimat de lectura\" \/>\n\t<meta name=\"twitter:data2\" content=\"7 minuts\" \/>\n<!-- \/ Yoast SEO plugin. -->","yoast_head_json":{"title":"Efectes secundaris del c\u00e0ncer i com afrontar-los - MGC M\u00fatua","robots":{"index":"index","follow":"follow","max-snippet":"max-snippet:-1","max-image-preview":"max-image-preview:large","max-video-preview":"max-video-preview:-1"},"canonical":"https:\/\/www.mgc.es\/ca\/blog\/efectes-secundaris-del-cancer-i-com-afrontar-los\/","og_locale":"ca_ES","og_type":"article","og_title":"Efectes secundaris del c\u00e0ncer i com afrontar-los - MGC M\u00fatua","og_description":"Els efectes secundaris del tractament del c\u00e0ncer s\u00f3n un aspecte assumit per la majoria dels malalts. No nom\u00e9s poden apar\u00e8ixer durant el tractament, sin\u00f3 que alguns efectes poden desenvolupar-se mesos o, fins i tot, anys despr\u00e9s de finalitzar-lo. Quin \u00e9s el risc i com ens pot ajudar l&#8217;equip m\u00e8dic a afrontar aquests efectes?","og_url":"https:\/\/www.mgc.es\/ca\/blog\/efectes-secundaris-del-cancer-i-com-afrontar-los\/","og_site_name":"MGC M\u00fatua","article_publisher":"https:\/\/www.facebook.com\/mgcmutua","article_published_time":"2020-02-03T10:52:16+00:00","article_modified_time":"2020-02-03T10:56:30+00:00","og_image":[{"width":1024,"height":680,"url":"https:\/\/www.mgc.es\/wp-content\/uploads\/2020\/02\/efectos-cancer-mujer.jpg","type":"image\/jpeg"}],"author":"Revista Inter\u00e8s Mutu","twitter_card":"summary_large_image","twitter_creator":"@mgcmutua","twitter_site":"@mgcmutua","twitter_misc":{"Escrit per":"Revista Inter\u00e8s Mutu","Temps estimat de lectura":"7 minuts"},"schema":{"@context":"https:\/\/schema.org","@graph":[{"@type":["Article","BlogPosting"],"@id":"https:\/\/www.mgc.es\/ca\/blog\/efectes-secundaris-del-cancer-i-com-afrontar-los\/#article","isPartOf":{"@id":"https:\/\/www.mgc.es\/ca\/blog\/efectes-secundaris-del-cancer-i-com-afrontar-los\/"},"author":{"name":"Revista Inter\u00e8s Mutu","@id":"https:\/\/www.mgc.es\/#\/schema\/person\/010c961d9c9acf38f11187a02b646c16"},"headline":"Efectes secundaris del c\u00e0ncer i com afrontar-los","datePublished":"2020-02-03T10:52:16+00:00","dateModified":"2020-02-03T10:56:30+00:00","mainEntityOfPage":{"@id":"https:\/\/www.mgc.es\/ca\/blog\/efectes-secundaris-del-cancer-i-com-afrontar-los\/"},"wordCount":1396,"commentCount":0,"publisher":{"@id":"https:\/\/www.mgc.es\/#organization"},"image":{"@id":"https:\/\/www.mgc.es\/ca\/blog\/efectes-secundaris-del-cancer-i-com-afrontar-los\/#primaryimage"},"thumbnailUrl":"https:\/\/www.mgc.es\/wp-content\/uploads\/2020\/02\/efectos-cancer-mujer.jpg","keywords":["c\u00e0ncer","c\u00e1ncer"],"articleSection":["Malalties i salut general","Salut i medicina"],"inLanguage":"ca","potentialAction":[{"@type":"CommentAction","name":"Comment","target":["https:\/\/www.mgc.es\/ca\/blog\/efectes-secundaris-del-cancer-i-com-afrontar-los\/#respond"]}]},{"@type":["WebPage","ItemPage"],"@id":"https:\/\/www.mgc.es\/ca\/blog\/efectes-secundaris-del-cancer-i-com-afrontar-los\/","url":"https:\/\/www.mgc.es\/ca\/blog\/efectes-secundaris-del-cancer-i-com-afrontar-los\/","name":"Efectes secundaris del c\u00e0ncer i com afrontar-los - MGC M\u00fatua","isPartOf":{"@id":"https:\/\/www.mgc.es\/#website"},"primaryImageOfPage":{"@id":"https:\/\/www.mgc.es\/ca\/blog\/efectes-secundaris-del-cancer-i-com-afrontar-los\/#primaryimage"},"image":{"@id":"https:\/\/www.mgc.es\/ca\/blog\/efectes-secundaris-del-cancer-i-com-afrontar-los\/#primaryimage"},"thumbnailUrl":"https:\/\/www.mgc.es\/wp-content\/uploads\/2020\/02\/efectos-cancer-mujer.jpg","datePublished":"2020-02-03T10:52:16+00:00","dateModified":"2020-02-03T10:56:30+00:00","breadcrumb":{"@id":"https:\/\/www.mgc.es\/ca\/blog\/efectes-secundaris-del-cancer-i-com-afrontar-los\/#breadcrumb"},"inLanguage":"ca","potentialAction":[{"@type":"ReadAction","target":["https:\/\/www.mgc.es\/ca\/blog\/efectes-secundaris-del-cancer-i-com-afrontar-los\/"]}]},{"@type":"ImageObject","inLanguage":"ca","@id":"https:\/\/www.mgc.es\/ca\/blog\/efectes-secundaris-del-cancer-i-com-afrontar-los\/#primaryimage","url":"https:\/\/www.mgc.es\/wp-content\/uploads\/2020\/02\/efectos-cancer-mujer.jpg","contentUrl":"https:\/\/www.mgc.es\/wp-content\/uploads\/2020\/02\/efectos-cancer-mujer.jpg","width":1024,"height":680,"caption":"efectos del c\u00e1ncer"},{"@type":"BreadcrumbList","@id":"https:\/\/www.mgc.es\/ca\/blog\/efectes-secundaris-del-cancer-i-com-afrontar-los\/#breadcrumb","itemListElement":[{"@type":"ListItem","position":1,"name":"Home","item":"https:\/\/www.mgc.es\/ca\/"},{"@type":"ListItem","position":2,"name":"Efectes secundaris del c\u00e0ncer i com afrontar-los"}]},{"@type":"WebSite","@id":"https:\/\/www.mgc.es\/#website","url":"https:\/\/www.mgc.es\/","name":"MGC M\u00fatua","description":"MGC M\u00fatua \u00e9s una entitat asseguradora sense \u00e0nim de lucre constitu\u00efda al 1982 i especialitzada en assegurances de salut i assist\u00e8ncia.","publisher":{"@id":"https:\/\/www.mgc.es\/#organization"},"alternateName":"MGC","potentialAction":[{"@type":"SearchAction","target":{"@type":"EntryPoint","urlTemplate":"https:\/\/www.mgc.es\/?s={search_term_string}"},"query-input":{"@type":"PropertyValueSpecification","valueRequired":true,"valueName":"search_term_string"}}],"inLanguage":"ca"},{"@type":"Organization","@id":"https:\/\/www.mgc.es\/#organization","name":"MGC Mutua","alternateName":"MGC","url":"https:\/\/www.mgc.es\/","logo":{"@type":"ImageObject","inLanguage":"ca","@id":"https:\/\/www.mgc.es\/#\/schema\/logo\/image\/","url":"https:\/\/www.mgc.es\/wp-content\/uploads\/2020\/03\/mgcmutua_h2_2t_reduccions.png","contentUrl":"https:\/\/www.mgc.es\/wp-content\/uploads\/2020\/03\/mgcmutua_h2_2t_reduccions.png","width":303,"height":165,"caption":"MGC Mutua"},"image":{"@id":"https:\/\/www.mgc.es\/#\/schema\/logo\/image\/"},"sameAs":["https:\/\/www.facebook.com\/mgcmutua","https:\/\/x.com\/mgcmutua","https:\/\/www.youtube.com\/c\/MGCMutua"]},{"@type":"Person","@id":"https:\/\/www.mgc.es\/#\/schema\/person\/010c961d9c9acf38f11187a02b646c16","name":"Revista Inter\u00e8s Mutu","image":{"@type":"ImageObject","inLanguage":"ca","@id":"https:\/\/secure.gravatar.com\/avatar\/52302d684339b9d7bf5691e2ad00835d62ce3b4a435f21ca9f21fbe39c63cb1b?s=96&d=mm&r=g","url":"https:\/\/secure.gravatar.com\/avatar\/52302d684339b9d7bf5691e2ad00835d62ce3b4a435f21ca9f21fbe39c63cb1b?s=96&d=mm&r=g","contentUrl":"https:\/\/secure.gravatar.com\/avatar\/52302d684339b9d7bf5691e2ad00835d62ce3b4a435f21ca9f21fbe39c63cb1b?s=96&d=mm&r=g","caption":"Revista Inter\u00e8s Mutu"}}]}},"_links":{"self":[{"href":"https:\/\/www.mgc.es\/ca\/wp-json\/wp\/v2\/posts\/17365","targetHints":{"allow":["GET"]}}],"collection":[{"href":"https:\/\/www.mgc.es\/ca\/wp-json\/wp\/v2\/posts"}],"about":[{"href":"https:\/\/www.mgc.es\/ca\/wp-json\/wp\/v2\/types\/post"}],"author":[{"embeddable":true,"href":"https:\/\/www.mgc.es\/ca\/wp-json\/wp\/v2\/users\/3"}],"replies":[{"embeddable":true,"href":"https:\/\/www.mgc.es\/ca\/wp-json\/wp\/v2\/comments?post=17365"}],"version-history":[{"count":1,"href":"https:\/\/www.mgc.es\/ca\/wp-json\/wp\/v2\/posts\/17365\/revisions"}],"predecessor-version":[{"id":17366,"href":"https:\/\/www.mgc.es\/ca\/wp-json\/wp\/v2\/posts\/17365\/revisions\/17366"}],"wp:featuredmedia":[{"embeddable":true,"href":"https:\/\/www.mgc.es\/ca\/wp-json\/wp\/v2\/media\/17359"}],"wp:attachment":[{"href":"https:\/\/www.mgc.es\/ca\/wp-json\/wp\/v2\/media?parent=17365"}],"wp:term":[{"taxonomy":"category","embeddable":true,"href":"https:\/\/www.mgc.es\/ca\/wp-json\/wp\/v2\/categories?post=17365"},{"taxonomy":"post_tag","embeddable":true,"href":"https:\/\/www.mgc.es\/ca\/wp-json\/wp\/v2\/tags?post=17365"}],"curies":[{"name":"wp","href":"https:\/\/api.w.org\/{rel}","templated":true}]}}