{"id":17299,"date":"2020-02-19T09:00:00","date_gmt":"2020-02-19T08:00:00","guid":{"rendered":"https:\/\/www.mgc.es\/?p=17299"},"modified":"2020-02-03T13:59:38","modified_gmt":"2020-02-03T12:59:38","slug":"sindrome-del-tunel-carpia-simptomes-i-tractament","status":"publish","type":"post","link":"https:\/\/www.mgc.es\/ca\/blog\/sindrome-del-tunel-carpia-simptomes-i-tractament\/","title":{"rendered":"S\u00edndrome del t\u00fanel carpi\u00e0: s\u00edmptomes i tractament"},"content":{"rendered":"<div id=\"ez-toc-container\" class=\"ez-toc-v2_0_82_1 counter-hierarchy ez-toc-counter ez-toc-custom ez-toc-container-direction\">\n<div class=\"ez-toc-title-container\"><p class=\"ez-toc-title\" style=\"cursor:inherit\">\u00cdndex de continguts<\/p>\n<\/div><nav><ul class='ez-toc-list ez-toc-list-level-1 ' ><li class='ez-toc-page-1 ez-toc-heading-level-2'><a class=\"ez-toc-link ez-toc-heading-1\" href=\"https:\/\/www.mgc.es\/ca\/blog\/sindrome-del-tunel-carpia-simptomes-i-tractament\/#Que_es_la_sindrome_del_tunel_carpia\" >Qu\u00e8 \u00e9s la s\u00edndrome del t\u00fanel carpi\u00e0<\/a><\/li><li class='ez-toc-page-1 ez-toc-heading-level-2'><a class=\"ez-toc-link ez-toc-heading-2\" href=\"https:\/\/www.mgc.es\/ca\/blog\/sindrome-del-tunel-carpia-simptomes-i-tractament\/#Els_simptomes\" >Els s\u00edmptomes<\/a><\/li><li class='ez-toc-page-1 ez-toc-heading-level-2'><a class=\"ez-toc-link ez-toc-heading-3\" href=\"https:\/\/www.mgc.es\/ca\/blog\/sindrome-del-tunel-carpia-simptomes-i-tractament\/#Tractament_de_la_sindrome_del_tunel_carpia\" >Tractament de la s\u00edndrome del t\u00fanel carpi\u00e0<\/a><\/li><li class='ez-toc-page-1 ez-toc-heading-level-2'><a class=\"ez-toc-link ez-toc-heading-4\" href=\"https:\/\/www.mgc.es\/ca\/blog\/sindrome-del-tunel-carpia-simptomes-i-tractament\/#Quan_cal_anar_al_metge\" >Quan cal anar al metge<\/a><\/li><\/ul><\/nav><\/div>\n\n<figure class=\"wp-block-image size-large\"><img loading=\"lazy\" decoding=\"async\" width=\"800\" height=\"533\" src=\"https:\/\/www.mgc.es\/wp-content\/uploads\/2020\/01\/manos-teclado2.jpg\" alt=\"tunel carpiano\" class=\"wp-image-17300\"\/><\/figure>\n\n\n\n<p>El dolor persistent, les punxades, les fiblades \u2013com si et clavessin petits fiblons a la m\u00e0\u2013, la sensaci\u00f3 de pessigolleig, etc., s\u00f3n tots s\u00edmptomes que poden causar irritaci\u00f3 i, no ca dir-ho, generar preocupaci\u00f3. Una causa possible \u00e9s que tinguis l\u2019anomenada s\u00edndrome del t\u00fanel carpi\u00e0 (STC), un problema molt angoixant per als qui en pateixen.<\/p>\n\n\n\n<!--more-->\n\n\n\n<p>La bona noticia, per\u00f2, \u00e9s que pots fer diverses coses que poden funcionar per pal\u00b7liar-lo. Llegeix quines s\u00f3n a tot seguit.<\/p>\n\n\n\n<h2 class=\"wp-block-heading\"><span class=\"ez-toc-section\" id=\"Que_es_la_sindrome_del_tunel_carpia\"><\/span><strong>Qu\u00e8 \u00e9s la s\u00edndrome del t\u00fanel carpi\u00e0<\/strong><span class=\"ez-toc-section-end\"><\/span><\/h2>\n\n\n\n<p>B\u00e0sicament, \u00e9s la pressi\u00f3 anormal sobre un nervi del canell. Es produeix per una inflor o un creixement an\u00f2mal en el canal que travessa el canell, pel qual passen els nervis i els vasos que irriguen la m\u00e0. Si s\u2019arriba a inflar, el nervi \u2013el \u201cnervi medi\u00e0\u201d\u2013 es pot encarcarar, i aix\u00f2 origina el problema.<\/p>\n\n\n\n<h2 class=\"wp-block-heading\"><span class=\"ez-toc-section\" id=\"Els_simptomes\"><\/span><strong>Els s\u00edmptomes<\/strong><span class=\"ez-toc-section-end\"><\/span><\/h2>\n\n\n\n<p>Els m\u00e9s habituals s\u00f3n:<\/p>\n\n\n\n<ul class=\"wp-block-list\"><li>Mal al canell <\/li><li>Dolors, punxades i fiblades a les mans i als dits <\/li><li>Entumiment <\/li><li>Feblesa de la m\u00e0 <\/li><\/ul>\n\n\n\n<p>S\u00f3n similars als s\u00edmptomes que causen les lesions per un esfor\u00e7 repetitiu, i que s\u2019anomenen tendinitis: un terme que designa el dolor muscular en els tendons i els nervis, i que causa els moviments repetits moltes vegades.<\/p>\n\n\n\n<p>Si els s\u00edmptomes no et permeten de determinar de qu\u00e8 es tracta, seria ideal que anessis al metge perqu\u00e8 n\u2019esbrini la causa.<\/p>\n\n\n\n<p>\n<strong>Factors\nde risc<\/strong><\/p>\n\n\n\n<p>En general, les feines que impliquen de doblegar repetidament el canell o d\u2019agafar res amb for\u00e7a generen riscos d\u2019STC. Hi ha altres situacions m\u00e9s \u201carriscades\u201d, per aix\u00f2.<\/p>\n\n\n\n<p>\u00c9s m\u00e9s freq\u00fcent en persones amb exc\u00e9s de pes, com ara dones embarassades, persones amb problemes d\u2019artritis, diab\u00e8tics i persones que tinguin o hagin tingut lesions pr\u00e8vies del canell.<\/p>\n\n\n\n<p>Alguns estudis mostren que l\u2019\u00fas constant del m\u00f2bil s\u2019associa a m\u00e9s predisposici\u00f3 de tenir STC. La Universitat Polit\u00e8cnica de Hong Kong va fer el seguiment de 48 estudiants, en una recerca, que utilitzaven tauletes, m\u00f2bils, ordinadors port\u00e0tils i consoles de videojocs durant cinc hores al dia o m\u00e9s, i gaireb\u00e9 el 92% del total patia de dolors musculoesquel\u00e8tics.<\/p>\n\n\n\n<h2 class=\"wp-block-heading\"><span class=\"ez-toc-section\" id=\"Tractament_de_la_sindrome_del_tunel_carpia\"><\/span><strong>Tractament de la s\u00edndrome del t\u00fanel carpi\u00e0<\/strong><span class=\"ez-toc-section-end\"><\/span><\/h2>\n\n\n\n<p>L\u2019STC pot desapar\u00e8ixer per si sola en un parell de mesos. \u00c9s ben freq\u00fcent en situacions concretes, com ara l\u2019embar\u00e0s. Ara b\u00e9, tamb\u00e9 la pots controlar un mateix, sense que calgui anar al metge.<\/p>\n\n\n\n<p>Per pal\u00b7liar-ne les incomoditats, prova de seguir aquests consells:<\/p>\n\n\n\n<ul class=\"wp-block-list\"><li>Posa\u2019t una f\u00e8rula al canell, que ajuda a apaivagar la pressi\u00f3 sobre els nervis i el mant\u00e9 recte. <\/li><li>Prova de prendre\u2019t analg\u00e8sics, com ara el paracetamol o l\u2019ibuprof\u00e8n. Cap dels dos et pot guarir, per\u00f2 n\u2019alleuja el dolor. <\/li><li>Pren-te les coses amb calma. Procura d\u2019evitar les feines o els exercicis que forcin el canell, com s\u00f3n els esports de raqueta o tocar determinats instruments musicals. <\/li><\/ul>\n\n\n\n<h2 class=\"wp-block-heading\"><span class=\"ez-toc-section\" id=\"Quan_cal_anar_al_metge\"><\/span><strong>Quan cal anar al metge<\/strong><span class=\"ez-toc-section-end\"><\/span><\/h2>\n\n\n\n<p>Si despr\u00e9s de seguir aquest consells els s\u00edmptomes no es redueixen, i fins i tot s\u2019accentuen, \u00e9s l\u2019hora d\u2019anar al metge.<\/p>\n\n\n\n<p>El tractament \u00e9s variable en funci\u00f3 de la gravetat de la s\u00edndrome. Es pot rec\u00f3rrer de la fisioter\u00e0pia fins a la medicaci\u00f3 i, en determinats casos, tamb\u00e9 a la cirurgia, que est\u00e0 indicada per alliberar el nervi de la compressi\u00f3.<\/p>\n\n\n\n<p>Cal recalcar que hi pot haver altres causes per a les fiblades i l\u2019entumiment de les mans i els dits, per exemple:<\/p>\n\n\n\n<ul class=\"wp-block-list\"><li>Es poden manifestar quan doblegues la m\u00e0, encara que dormis, durant per\u00edodes prolongats de temps. Aix\u00f2 pot ocasionar compressi\u00f3 en els nervis i reduir el reg sanguini a l\u2019\u00e0rea afectada. <\/li><li>La hiperventilaci\u00f3, o la respiraci\u00f3 molt r\u00e0pida, tamb\u00e9 poden originar fiblades i punxades; de fet, s\u00f3n habituals en persones que pateixen d\u2019ansietat. <\/li><li>Hi ha medicaments que tamb\u00e9 els poden produir, aix\u00ed com un estil de vida ins\u00e0, amb un consum excessiu d\u2019alcohol. <\/li><li>En solen tenir els pacients sotmesos a quimioter\u00e0pia o al tractament contra el VIH. <\/li><li>Si, a banda dels s\u00edmptomes descrits, se\u2019n presenten d\u2019altres, com ara mareigs, espasmes, feblesa i problemes de vista o de la parla, \u00e9s important de rebre atencions m\u00e8diques. <\/li><\/ul>\n","protected":false},"excerpt":{"rendered":"<p>El dolor persistent, les punxades, les fiblades \u2013com si et clavessin petits fiblons a la m\u00e0\u2013, la sensaci\u00f3 de pessigolleig, etc., s\u00f3n tots s\u00edmptomes que poden causar irritaci\u00f3 i, no ca dir-ho, generar preocupaci\u00f3. Una causa possible \u00e9s que tinguis l\u2019anomenada s\u00edndrome del t\u00fanel carpi\u00e0 (STC), un problema molt angoixant per als qui en pateixen.<\/p>\n","protected":false},"author":3,"featured_media":17300,"comment_status":"open","ping_status":"open","sticky":false,"template":"","format":"standard","meta":{"footnotes":""},"categories":[15],"tags":[418,612,492],"class_list":["post-17299","post","type-post","status-publish","format-standard","has-post-thumbnail","hentry","category-salut","tag-dolor-ca","tag-rehabilitacio","tag-reumatologia-ca"],"featured_image_src":"https:\/\/www.mgc.es\/wp-content\/uploads\/2020\/01\/manos-teclado2.jpg","author_info":{"display_name":"Revista Inter\u00e8s Mutu","author_link":"https:\/\/www.mgc.es\/ca\/blog\/author\/interesmutu\/"},"yoast_head":"<!-- This site is optimized with the Yoast SEO plugin v27.2 - https:\/\/yoast.com\/product\/yoast-seo-wordpress\/ -->\n<title>S\u00edndrome del t\u00fanel carpi\u00e0: s\u00edmptomes i tractament - MGC M\u00fatua<\/title>\n<meta name=\"robots\" content=\"index, follow, max-snippet:-1, max-image-preview:large, max-video-preview:-1\" \/>\n<link rel=\"canonical\" href=\"https:\/\/www.mgc.es\/ca\/blog\/sindrome-del-tunel-carpia-simptomes-i-tractament\/\" \/>\n<meta property=\"og:locale\" content=\"ca_ES\" \/>\n<meta property=\"og:type\" content=\"article\" \/>\n<meta property=\"og:title\" content=\"S\u00edndrome del t\u00fanel carpi\u00e0: s\u00edmptomes i tractament - MGC M\u00fatua\" \/>\n<meta property=\"og:description\" content=\"El dolor persistent, les punxades, les fiblades \u2013com si et clavessin petits fiblons a la m\u00e0\u2013, la sensaci\u00f3 de pessigolleig, etc., s\u00f3n tots s\u00edmptomes que poden causar irritaci\u00f3 i, no ca dir-ho, generar preocupaci\u00f3. Una causa possible \u00e9s que tinguis l\u2019anomenada s\u00edndrome del t\u00fanel carpi\u00e0 (STC), un problema molt angoixant per als qui en pateixen.\" \/>\n<meta property=\"og:url\" content=\"https:\/\/www.mgc.es\/ca\/blog\/sindrome-del-tunel-carpia-simptomes-i-tractament\/\" \/>\n<meta property=\"og:site_name\" content=\"MGC M\u00fatua\" \/>\n<meta property=\"article:publisher\" content=\"https:\/\/www.facebook.com\/mgcmutua\" \/>\n<meta property=\"article:published_time\" content=\"2020-02-19T08:00:00+00:00\" \/>\n<meta property=\"og:image\" content=\"https:\/\/www.mgc.es\/wp-content\/uploads\/2020\/01\/manos-teclado2.jpg\" \/>\n\t<meta property=\"og:image:width\" content=\"800\" \/>\n\t<meta property=\"og:image:height\" content=\"533\" \/>\n\t<meta property=\"og:image:type\" content=\"image\/jpeg\" \/>\n<meta name=\"author\" content=\"Revista Inter\u00e8s Mutu\" \/>\n<meta name=\"twitter:card\" content=\"summary_large_image\" \/>\n<meta name=\"twitter:creator\" content=\"@mgcmutua\" \/>\n<meta name=\"twitter:site\" content=\"@mgcmutua\" \/>\n<meta name=\"twitter:label1\" content=\"Escrit per\" \/>\n\t<meta name=\"twitter:data1\" content=\"Revista Inter\u00e8s Mutu\" \/>\n\t<meta name=\"twitter:label2\" content=\"Temps estimat de lectura\" \/>\n\t<meta name=\"twitter:data2\" content=\"4 minuts\" \/>\n<!-- \/ Yoast SEO plugin. -->","yoast_head_json":{"title":"S\u00edndrome del t\u00fanel carpi\u00e0: s\u00edmptomes i tractament - MGC M\u00fatua","robots":{"index":"index","follow":"follow","max-snippet":"max-snippet:-1","max-image-preview":"max-image-preview:large","max-video-preview":"max-video-preview:-1"},"canonical":"https:\/\/www.mgc.es\/ca\/blog\/sindrome-del-tunel-carpia-simptomes-i-tractament\/","og_locale":"ca_ES","og_type":"article","og_title":"S\u00edndrome del t\u00fanel carpi\u00e0: s\u00edmptomes i tractament - MGC M\u00fatua","og_description":"El dolor persistent, les punxades, les fiblades \u2013com si et clavessin petits fiblons a la m\u00e0\u2013, la sensaci\u00f3 de pessigolleig, etc., s\u00f3n tots s\u00edmptomes que poden causar irritaci\u00f3 i, no ca dir-ho, generar preocupaci\u00f3. Una causa possible \u00e9s que tinguis l\u2019anomenada s\u00edndrome del t\u00fanel carpi\u00e0 (STC), un problema molt angoixant per als qui en pateixen.","og_url":"https:\/\/www.mgc.es\/ca\/blog\/sindrome-del-tunel-carpia-simptomes-i-tractament\/","og_site_name":"MGC M\u00fatua","article_publisher":"https:\/\/www.facebook.com\/mgcmutua","article_published_time":"2020-02-19T08:00:00+00:00","og_image":[{"width":800,"height":533,"url":"https:\/\/www.mgc.es\/wp-content\/uploads\/2020\/01\/manos-teclado2.jpg","type":"image\/jpeg"}],"author":"Revista Inter\u00e8s Mutu","twitter_card":"summary_large_image","twitter_creator":"@mgcmutua","twitter_site":"@mgcmutua","twitter_misc":{"Escrit per":"Revista Inter\u00e8s Mutu","Temps estimat de lectura":"4 minuts"},"schema":{"@context":"https:\/\/schema.org","@graph":[{"@type":["Article","BlogPosting"],"@id":"https:\/\/www.mgc.es\/ca\/blog\/sindrome-del-tunel-carpia-simptomes-i-tractament\/#article","isPartOf":{"@id":"https:\/\/www.mgc.es\/ca\/blog\/sindrome-del-tunel-carpia-simptomes-i-tractament\/"},"author":{"name":"Revista Inter\u00e8s Mutu","@id":"https:\/\/www.mgc.es\/#\/schema\/person\/010c961d9c9acf38f11187a02b646c16"},"headline":"S\u00edndrome del t\u00fanel carpi\u00e0: s\u00edmptomes i tractament","datePublished":"2020-02-19T08:00:00+00:00","mainEntityOfPage":{"@id":"https:\/\/www.mgc.es\/ca\/blog\/sindrome-del-tunel-carpia-simptomes-i-tractament\/"},"wordCount":739,"commentCount":0,"publisher":{"@id":"https:\/\/www.mgc.es\/#organization"},"image":{"@id":"https:\/\/www.mgc.es\/ca\/blog\/sindrome-del-tunel-carpia-simptomes-i-tractament\/#primaryimage"},"thumbnailUrl":"https:\/\/www.mgc.es\/wp-content\/uploads\/2020\/01\/manos-teclado2.jpg","keywords":["dolor","rehabilitacio","reumatologia"],"articleSection":["Salut i medicina"],"inLanguage":"ca","potentialAction":[{"@type":"CommentAction","name":"Comment","target":["https:\/\/www.mgc.es\/ca\/blog\/sindrome-del-tunel-carpia-simptomes-i-tractament\/#respond"]}]},{"@type":["WebPage","ItemPage"],"@id":"https:\/\/www.mgc.es\/ca\/blog\/sindrome-del-tunel-carpia-simptomes-i-tractament\/","url":"https:\/\/www.mgc.es\/ca\/blog\/sindrome-del-tunel-carpia-simptomes-i-tractament\/","name":"S\u00edndrome del t\u00fanel carpi\u00e0: s\u00edmptomes i tractament - MGC M\u00fatua","isPartOf":{"@id":"https:\/\/www.mgc.es\/#website"},"primaryImageOfPage":{"@id":"https:\/\/www.mgc.es\/ca\/blog\/sindrome-del-tunel-carpia-simptomes-i-tractament\/#primaryimage"},"image":{"@id":"https:\/\/www.mgc.es\/ca\/blog\/sindrome-del-tunel-carpia-simptomes-i-tractament\/#primaryimage"},"thumbnailUrl":"https:\/\/www.mgc.es\/wp-content\/uploads\/2020\/01\/manos-teclado2.jpg","datePublished":"2020-02-19T08:00:00+00:00","breadcrumb":{"@id":"https:\/\/www.mgc.es\/ca\/blog\/sindrome-del-tunel-carpia-simptomes-i-tractament\/#breadcrumb"},"inLanguage":"ca","potentialAction":[{"@type":"ReadAction","target":["https:\/\/www.mgc.es\/ca\/blog\/sindrome-del-tunel-carpia-simptomes-i-tractament\/"]}]},{"@type":"ImageObject","inLanguage":"ca","@id":"https:\/\/www.mgc.es\/ca\/blog\/sindrome-del-tunel-carpia-simptomes-i-tractament\/#primaryimage","url":"https:\/\/www.mgc.es\/wp-content\/uploads\/2020\/01\/manos-teclado2.jpg","contentUrl":"https:\/\/www.mgc.es\/wp-content\/uploads\/2020\/01\/manos-teclado2.jpg","width":800,"height":533,"caption":"tunel carpiano"},{"@type":"BreadcrumbList","@id":"https:\/\/www.mgc.es\/ca\/blog\/sindrome-del-tunel-carpia-simptomes-i-tractament\/#breadcrumb","itemListElement":[{"@type":"ListItem","position":1,"name":"Home","item":"https:\/\/www.mgc.es\/ca\/"},{"@type":"ListItem","position":2,"name":"S\u00edndrome del t\u00fanel carpi\u00e0: s\u00edmptomes i tractament"}]},{"@type":"WebSite","@id":"https:\/\/www.mgc.es\/#website","url":"https:\/\/www.mgc.es\/","name":"MGC M\u00fatua","description":"MGC M\u00fatua \u00e9s una entitat asseguradora sense \u00e0nim de lucre constitu\u00efda al 1982 i especialitzada en assegurances de salut i assist\u00e8ncia.","publisher":{"@id":"https:\/\/www.mgc.es\/#organization"},"alternateName":"MGC","potentialAction":[{"@type":"SearchAction","target":{"@type":"EntryPoint","urlTemplate":"https:\/\/www.mgc.es\/?s={search_term_string}"},"query-input":{"@type":"PropertyValueSpecification","valueRequired":true,"valueName":"search_term_string"}}],"inLanguage":"ca"},{"@type":"Organization","@id":"https:\/\/www.mgc.es\/#organization","name":"MGC Mutua","alternateName":"MGC","url":"https:\/\/www.mgc.es\/","logo":{"@type":"ImageObject","inLanguage":"ca","@id":"https:\/\/www.mgc.es\/#\/schema\/logo\/image\/","url":"https:\/\/www.mgc.es\/wp-content\/uploads\/2020\/03\/mgcmutua_h2_2t_reduccions.png","contentUrl":"https:\/\/www.mgc.es\/wp-content\/uploads\/2020\/03\/mgcmutua_h2_2t_reduccions.png","width":303,"height":165,"caption":"MGC Mutua"},"image":{"@id":"https:\/\/www.mgc.es\/#\/schema\/logo\/image\/"},"sameAs":["https:\/\/www.facebook.com\/mgcmutua","https:\/\/x.com\/mgcmutua","https:\/\/www.youtube.com\/c\/MGCMutua"]},{"@type":"Person","@id":"https:\/\/www.mgc.es\/#\/schema\/person\/010c961d9c9acf38f11187a02b646c16","name":"Revista Inter\u00e8s Mutu","image":{"@type":"ImageObject","inLanguage":"ca","@id":"https:\/\/secure.gravatar.com\/avatar\/52302d684339b9d7bf5691e2ad00835d62ce3b4a435f21ca9f21fbe39c63cb1b?s=96&d=mm&r=g","url":"https:\/\/secure.gravatar.com\/avatar\/52302d684339b9d7bf5691e2ad00835d62ce3b4a435f21ca9f21fbe39c63cb1b?s=96&d=mm&r=g","contentUrl":"https:\/\/secure.gravatar.com\/avatar\/52302d684339b9d7bf5691e2ad00835d62ce3b4a435f21ca9f21fbe39c63cb1b?s=96&d=mm&r=g","caption":"Revista Inter\u00e8s Mutu"}}]}},"_links":{"self":[{"href":"https:\/\/www.mgc.es\/ca\/wp-json\/wp\/v2\/posts\/17299","targetHints":{"allow":["GET"]}}],"collection":[{"href":"https:\/\/www.mgc.es\/ca\/wp-json\/wp\/v2\/posts"}],"about":[{"href":"https:\/\/www.mgc.es\/ca\/wp-json\/wp\/v2\/types\/post"}],"author":[{"embeddable":true,"href":"https:\/\/www.mgc.es\/ca\/wp-json\/wp\/v2\/users\/3"}],"replies":[{"embeddable":true,"href":"https:\/\/www.mgc.es\/ca\/wp-json\/wp\/v2\/comments?post=17299"}],"version-history":[{"count":1,"href":"https:\/\/www.mgc.es\/ca\/wp-json\/wp\/v2\/posts\/17299\/revisions"}],"predecessor-version":[{"id":17302,"href":"https:\/\/www.mgc.es\/ca\/wp-json\/wp\/v2\/posts\/17299\/revisions\/17302"}],"wp:featuredmedia":[{"embeddable":true,"href":"https:\/\/www.mgc.es\/ca\/wp-json\/wp\/v2\/media\/17300"}],"wp:attachment":[{"href":"https:\/\/www.mgc.es\/ca\/wp-json\/wp\/v2\/media?parent=17299"}],"wp:term":[{"taxonomy":"category","embeddable":true,"href":"https:\/\/www.mgc.es\/ca\/wp-json\/wp\/v2\/categories?post=17299"},{"taxonomy":"post_tag","embeddable":true,"href":"https:\/\/www.mgc.es\/ca\/wp-json\/wp\/v2\/tags?post=17299"}],"curies":[{"name":"wp","href":"https:\/\/api.w.org\/{rel}","templated":true}]}}