{"id":17046,"date":"2020-12-18T11:00:00","date_gmt":"2020-12-18T10:00:00","guid":{"rendered":"https:\/\/www.mgc.es\/?p=17046"},"modified":"2021-04-12T17:05:03","modified_gmt":"2021-04-12T15:05:03","slug":"quina-es-la-millor-edat-per-contractar-una-asseguranca-de-salut","status":"publish","type":"post","link":"https:\/\/www.mgc.es\/ca\/blog\/quina-es-la-millor-edat-per-contractar-una-asseguranca-de-salut\/","title":{"rendered":"Quina \u00e9s la millor edat per contractar una asseguran\u00e7a de salut?"},"content":{"rendered":"<div id=\"ez-toc-container\" class=\"ez-toc-v2_0_82_1 counter-hierarchy ez-toc-counter ez-toc-custom ez-toc-container-direction\">\n<div class=\"ez-toc-title-container\"><p class=\"ez-toc-title\" style=\"cursor:inherit\">\u00cdndex de continguts<\/p>\n<\/div><nav><ul class='ez-toc-list ez-toc-list-level-1 ' ><li class='ez-toc-page-1 ez-toc-heading-level-2'><a class=\"ez-toc-link ez-toc-heading-1\" href=\"https:\/\/www.mgc.es\/ca\/blog\/quina-es-la-millor-edat-per-contractar-una-asseguranca-de-salut\/#A_quina_edat_es_pot_contractar_una_asseguranca_de_salu\" >A quina edat es pot contractar una asseguran\u00e7a de salu<\/a><\/li><li class='ez-toc-page-1 ez-toc-heading-level-2'><a class=\"ez-toc-link ez-toc-heading-2\" href=\"https:\/\/www.mgc.es\/ca\/blog\/quina-es-la-millor-edat-per-contractar-una-asseguranca-de-salut\/#Que_tenir_en_compte_a_lhora_de_triar_una_asseguranca_medica_per_a_joves\" >Qu\u00e8 tenir en compte a l&#8217;hora de triar una asseguran\u00e7a m\u00e8dica per a joves?<\/a><\/li><li class='ez-toc-page-1 ez-toc-heading-level-2'><a class=\"ez-toc-link ez-toc-heading-3\" href=\"https:\/\/www.mgc.es\/ca\/blog\/quina-es-la-millor-edat-per-contractar-una-asseguranca-de-salut\/#Avantatges_de_les_assegurances_de_salut_per_a_joves\" >Avantatges de les assegurances de salut per a joves<\/a><\/li><li class='ez-toc-page-1 ez-toc-heading-level-2'><a class=\"ez-toc-link ez-toc-heading-4\" href=\"https:\/\/www.mgc.es\/ca\/blog\/quina-es-la-millor-edat-per-contractar-una-asseguranca-de-salut\/#Lasseguranca_de_salut_dMGC_Mutua_la_millor_opcio_per_tenir_cura_de_la_teva_salut_i_la_de_la_teva_familia\" >L&#8217;asseguran\u00e7a de salut d\u2019MGC M\u00fatua, la millor opci\u00f3 per tenir cura de la teva salut i la de la teva fam\u00edlia.<\/a><\/li><\/ul><\/nav><\/div>\n\n<figure class=\"wp-block-image size-large\"><img loading=\"lazy\" decoding=\"async\" width=\"800\" height=\"533\" src=\"https:\/\/www.mgc.es\/wp-content\/uploads\/2020\/01\/edad-seguro-salud-familia.jpg\" alt=\"seguros de salud\" class=\"wp-image-17047\"\/><\/figure>\n\n\n\n<p>L&#8217;edat \u00e9s un factor clau a l&#8217;hora de contractar una asseguran\u00e7a de salut, ja que les primes poden variar de manera significativa depenent del moment en qu\u00e8 en contractem una. Per aprofitar-ne al m\u00e0xim tots els avantatges, \u00e9s millor fer-ho quan som joves. T&#8217;expliquem tot sobre els avantatges i beneficis de les assegurances de salut per a joves.<\/p>\n\n\n\n<!--more-->\n\n\n\n<h2 class=\"wp-block-heading\"><span class=\"ez-toc-section\" id=\"A_quina_edat_es_pot_contractar_una_asseguranca_de_salu\"><\/span>A quina edat es pot contractar una asseguran\u00e7a de salu<span class=\"ez-toc-section-end\"><\/span><\/h2>\n\n\n\n<p>Protegir la nostra salut i la dels nostres \u00e9ssers estimats \u00e9s important a qualsevol edat. Evitar llargues llistes d&#8217;espera o demanar cita directament amb un especialista s\u00f3n alguns dels avantatges que ens ofereix la sanitat privada i \u00e9s el motiu pel qual moltes persones opten per contractar una asseguran\u00e7a de salut com a complement a la p\u00fablica.<\/p>\n\n\n\n<p>No obstant aix\u00f2, moltes vegades ens sorgeix el dubte de quin \u00e9s el millor moment per contractar una asseguran\u00e7a m\u00e8dica, ja que quan som joves, com que tenim bona salut, pensem que no compensa pagar la p\u00f2lissa d&#8217;una asseguran\u00e7a de salut per a joves, perqu\u00e8 no l\u2019utilitzarem gaire i les prestacions de la sanitat p\u00fablica ja s\u00f3n suficients. Tanmateix, <strong>escollir amb cura l&#8217;edat per fer-nos una asseguran\u00e7a de salut privada pot ser un gran motiu d&#8217;estalvi a llarg termini i, paradoxalment, la millor edat \u00e9s quan som joves<\/strong>.<\/p>\n\n\n\n<figure class=\"wp-block-image\"><img loading=\"lazy\" decoding=\"async\" width=\"800\" height=\"533\" src=\"https:\/\/www.mgc.es\/wp-content\/uploads\/2019\/11\/A-S-Total-nin\u0303a-medico.jpg\" alt=\"seguros de salud\" class=\"wp-image-16443\"\/><\/figure>\n\n\n\n<h2 class=\"wp-block-heading\"><span class=\"ez-toc-section\" id=\"Que_tenir_en_compte_a_lhora_de_triar_una_asseguranca_medica_per_a_joves\"><\/span>Qu\u00e8 tenir en compte a l&#8217;hora de triar una asseguran\u00e7a m\u00e8dica per a joves?<span class=\"ez-toc-section-end\"><\/span><\/h2>\n\n\n\n<h3 class=\"wp-block-heading\">L&#8217;estat de salut, un dels factors principals a l&#8217;hora d&#8217;establir el preu de la p\u00f2lissa de l&#8217;asseguran\u00e7a<\/h3>\n\n\n\n<p>L&#8217;avaluaci\u00f3 m\u00e8dica de l&#8217;acceptant de l&#8217;asseguran\u00e7a a trav\u00e9s d&#8217;un q\u00fcestionari o d&#8217;un examen m\u00e8dic \u00e9s un dels primers passos que fa la companyia asseguradora per <strong>establir un preu de la p\u00f2lissa que sigui just per a totes dues parts<\/strong>. Encara que l&#8217;estat de salut depengui de cada persona, normalment, com m\u00e9s edat, m\u00e9s problemes o xacres es tenen, de manera que les despeses m\u00e8diques se suposen superiors als d&#8217;una persona jove. \u00c9s el que en l&#8217;asseguran\u00e7a de salut s\u2019anomena <strong>&#8220;preexist\u00e8ncia&#8221;<\/strong> de condicions m\u00e8diques: determinades malalties cr\u00f2niques, patologies o lesions pr\u00e8vies que el prenedor de l&#8217;asseguran\u00e7a per a joves presenta amb anterioritat a la contractaci\u00f3 de l&#8217;asseguran\u00e7a pot ser que no s&#8217;incloguin en la p\u00f2lissa o que fer-ho ens costi un extra a la prima.<\/p>\n\n\n\n<p>D&#8217;aquesta manera, \u00e9s normal que <strong>contractar una asseguran\u00e7a de salut sigui m\u00e9s econ\u00f2mic per a una persona jove<\/strong>, entre els 20 i els 30 anys, que per a una persona d&#8217;edat m\u00e9s avan\u00e7ada. I cal tenir en compte que moltes asseguradores de salut no accepten clients a partir d&#8217;una determinada edat (60 o 65 anys).<\/p>\n\n\n\n<h3 class=\"wp-block-heading\">Els per\u00edodes de car\u00e8ncia<\/h3>\n\n\n\n<p>Per tal d&#8217;evitar el frau i que una persona contracti una asseguran\u00e7a de salut nom\u00e9s per fer-se alguna prova m\u00e8dica, tractament o intervenci\u00f3 quir\u00fargica i despr\u00e9s es doni de baixa, les asseguradores de salut s&#8217;estableixen per\u00edodes de car\u00e8ncia per a determinats serveis. \u00c9s a dir, <strong>un temps d&#8217;espera per poder accedir-hi<\/strong> un cop entra en vigor la p\u00f2lissa. Per tant, si som previsors i contractem l&#8217;asseguran\u00e7a de salut a una edat primerenca, quan necessitem accedir a aquest tipus de proves el temps d&#8217;espera ja haur\u00e0 passat.<\/p>\n\n\n\n<figure class=\"wp-block-image size-large\"><img loading=\"lazy\" decoding=\"async\" width=\"800\" height=\"534\" src=\"https:\/\/www.mgc.es\/wp-content\/uploads\/2020\/01\/edad-seguro-salud-mayor.jpg\" alt=\"seguros de salud\" class=\"wp-image-17051\"\/><\/figure>\n\n\n\n<h3 class=\"wp-block-heading\">La joventut no garanteix una bona salut<\/h3>\n\n\n\n<p>Els problemes de salut poden sorgir realment a qualsevol edat i, quan som joves, a causa d&#8217;alguna malaltia, accident o imprevist de salut, tamb\u00e9 podem necessitar en algun moment algun tractament o intervenci\u00f3. Per aquest motiu, <strong>la contractaci\u00f3 d&#8217;una asseguran\u00e7a m\u00e8dica no dep\u00e8n nom\u00e9s del nostre estat de salut actual<\/strong>.<\/p>\n\n\n\n<p>A m\u00e9s, encara que la persona prenedora de l&#8217;asseguran\u00e7a ha de ser major d&#8217;edat, no cal que els beneficiaris (els que gaudeixen de les seves prestacions) ho siguin. I, si inclous a la p\u00f2lissa els teus fills, pots beneficiar-te de <strong>descomptes en p\u00f2lisses familiars<\/strong>.<\/p>\n\n\n\n<h2 class=\"wp-block-heading\"><span class=\"ez-toc-section\" id=\"Avantatges_de_les_assegurances_de_salut_per_a_joves\"><\/span>Avantatges de les assegurances de salut per a joves<span class=\"ez-toc-section-end\"><\/span><\/h2>\n\n\n\n<p>Si est\u00e0s valorant la possibilitat de contractar aquest tipus d&#8217;asseguran\u00e7a, per\u00f2 no tens del tot clar si realment et val la pena \u00e9s bo que s\u00e0pigues els avantatges de les assegurances de salut per a joves. Aquestes s\u00f3n els principals avantatges d&#8217;aquest tipus de p\u00f2lisses per a joves.<\/p>\n\n\n\n<h3 class=\"wp-block-heading\">Prepara&#8217;t per al futur<\/h3>\n\n\n\n<p>Encara ets jove i gaudeixes de bona salut, la qual cosa suposa indubtablement un dels principals avantatges de les assegurances de salut per a joves. Per qu\u00e8? Doncs perqu\u00e8 el preu ser\u00e0 considerablement m\u00e9s baix. A aquestes edats, el m\u00e9s normal \u00e9s que no s&#8217;hagin sofert malalties de gravetat ni que tampoc hagin aparegut les cr\u00f2niques o les seq\u00fceles de lesions passades. La qual cosa far\u00e0 que el preu inicial de la teva asseguran\u00e7a, aix\u00ed com el de les posteriors renovacions, ser\u00e0 molt econ\u00f2mic. No obstant aix\u00f2, podr\u00e0s gaudir de totes les cobertures que t&#8217;ofereix!<\/p>\n\n\n\n<h3 class=\"wp-block-heading\">Evitar\u00e0s ser rebutjat<\/h3>\n\n\n\n<p>Tenir una asseguran\u00e7a de salut contractada des de la joventut evitar\u00e0 que el dia de dem\u00e0 les malalties que ja pateixis puguin quedar excloses de la teva cobertura. \u00c9s el que es coneix com a condicions m\u00e8diques preexistents, i s\u00f3n aquelles cr\u00f2niques o que apareixen a conseq\u00fc\u00e8ncia d&#8217;algun accident previ que s&#8217;hagi pogut sofrir En la joventut, aquestes seran inexistents. Aix\u00ed que podr\u00e0s gaudir d&#8217;una cobertura completa per al dia de dem\u00e0. Aposta per la teva tranquil\u00b7litat!<\/p>\n\n\n\n<h3 class=\"wp-block-heading\">Digues ad\u00e9u als per\u00edodes de car\u00e8ncia<\/h3>\n\n\n\n<p>Com hem vist, el temps de manca \u00e9s aquell que has d&#8217;esperar abans de poder fer-te determinades proves. D&#8217;aquesta manera, s&#8217;evita la contractaci\u00f3 amb l&#8217;\u00fanica finalitat d&#8217;estalvi\u00efs l&#8217;import d&#8217;aquestes. Durant la joventut, aquestes no seran necess\u00e0ries excepte casos excepcionals. Per tant, per a quan et facin falta, aquest per\u00edode haur\u00e0 finalitzat i podr\u00e0s accedir a elles sense problema.<\/p>\n\n\n\n<h3 class=\"wp-block-heading\">Millor prevenir que arriscar<\/h3>\n\n\n\n<p>Un altre dels avantatges de les assegurances de salut per a joves \u00e9s que podr\u00e0s anticipar-te al que pugui passar. Gaudir avui de bona salut no significa que estiguem exempts de sofrir un accident o alguna malaltia. La millor manera de preparar-se per a un futur incert \u00e9s disposar d&#8217;una cobertura completa.<\/p>\n\n\n\n<p>Com a conclusi\u00f3, contractar una asseguran\u00e7a de salut quan ets jove \u00e9s <strong>una inversi\u00f3 en salut a llarg termini<\/strong>. D&#8217;aquesta manera, podr\u00e0s accedir a millors preus, ofertes i descomptes en el futur, quan sorgeixi la necessitat.<\/p>\n\n\n\n<h2 class=\"wp-block-heading\"><span class=\"ez-toc-section\" id=\"Lasseguranca_de_salut_dMGC_Mutua_la_millor_opcio_per_tenir_cura_de_la_teva_salut_i_la_de_la_teva_familia\"><\/span>L&#8217;asseguran\u00e7a de salut d\u2019MGC M\u00fatua, la millor opci\u00f3 per tenir cura de la teva salut i la de la teva fam\u00edlia.<span class=\"ez-toc-section-end\"><\/span><\/h2>\n\n\n\n<figure class=\"wp-block-image size-large\"><img loading=\"lazy\" decoding=\"async\" width=\"800\" height=\"533\" src=\"https:\/\/www.mgc.es\/wp-content\/uploads\/2020\/01\/edad-seguro-salud-familia2.jpg\" alt=\"seguros de salud\" class=\"wp-image-17049\"\/><\/figure>\n\n\n\n<p>L&#8217;asseguran\u00e7a de salut de MGC M\u00fatua inclou les cobertures m\u00e9s completes, incloent prestacions importants que altres companyies no cobreixen, i un ampli quadre facultatiu. Es complementa, a m\u00e9s, amb un <a href=\"http:\/\/cobertures.mgc.es\/revisio\" target=\"_blank\" rel=\"noreferrer noopener\">ampli ventall de serveis<\/a> que garanteixen als nostres associats una atenci\u00f3 integral i immediata. Entre d\u2019altres:<\/p>\n\n\n\n<ul class=\"wp-block-list\"><li>Disposa d\u2019un <strong>ampli quadre m\u00e8dic<\/strong> a tot Espanya que compta, nom\u00e9s a Catalunya i Balears, amb m\u00e9s de 10.000 professionals, centres i cl\u00edniques.<\/li><li><strong>Hospitalitzaci\u00f3 a tot el m\u00f3n<\/strong>, fins a 42.000 \u20ac, per a tractaments especials fora del quadre.<\/li><li><strong>Cobertura d\u2019assist\u00e8ncia en viatge<\/strong> amb validesa a tot el m\u00f3n.<\/li><li><a href=\"https:\/\/espaimutua.mgc.es\/index.php\" target=\"_blank\" rel=\"noreferrer noopener\"><strong>Espai M\u00fatua<\/strong><\/a>, un nou concepte d\u2019oficina que t\u2019ofereix, sense cost, serveis extra d\u2019inter\u00e8s per a tota la fam\u00edlia, com ara Espai M\u00fatua <em>aniversari<\/em>, Espai M\u00fatua <em>estudis<\/em>, Espai M\u00fatua <em>negocis<\/em> i Espai M\u00fatua <em>salut<\/em>.<\/li><li><strong>Pla personalitzat de manteniment de la salut<\/strong>, amb exhaustiva revisi\u00f3 m\u00e8dica inicial i pla de prevenci\u00f3 a mida.<\/li><li><strong>Assist\u00e8ncia integral del c\u00e0ncer<\/strong>, incloent medicacions i ter\u00e0pies que altres companyies no cobreixen.<\/li><li><strong>Asseguran\u00e7a dental<\/strong>. Odontologia b\u00e0sica coberta i la resta a preus especials.<\/li><\/ul>\n\n\n\n<p><strong>Sol\u00b7licita\u2019n m\u00e9s informaci\u00f3 enviant el seg\u00fcent <a href=\"https:\/\/landing.mgc.es\/\" target=\"_blank\" rel=\"noreferrer noopener\">formulari<\/a> o trucant al tel\u00e8fon 93 414 36 00.<\/strong><\/p>\n","protected":false},"excerpt":{"rendered":"<p>L&#8217;edat \u00e9s un factor clau a l&#8217;hora de contractar una asseguran\u00e7a de salut, ja que les primes poden variar de manera significativa depenent del moment en qu\u00e8 en contractem una. Per aprofitar-ne al m\u00e0xim tots els avantatges, \u00e9s millor fer-ho quan som joves. T&#8217;expliquem tot sobre els avantatges i beneficis de les assegurances de salut [&hellip;]<\/p>\n","protected":false},"author":3,"featured_media":17047,"comment_status":"open","ping_status":"open","sticky":false,"template":"","format":"standard","meta":{"footnotes":""},"categories":[11,16],"tags":[509,573],"class_list":["post-17046","post","type-post","status-publish","format-standard","has-post-thumbnail","hentry","category-actualitat","category-assegurances","tag-asseguranca-salut","tag-mgc-mutua"],"featured_image_src":"https:\/\/www.mgc.es\/wp-content\/uploads\/2020\/01\/edad-seguro-salud-familia.jpg","author_info":{"display_name":"Revista Inter\u00e8s Mutu","author_link":"https:\/\/www.mgc.es\/ca\/blog\/author\/interesmutu\/"},"yoast_head":"<!-- This site is optimized with the Yoast SEO plugin v27.2 - https:\/\/yoast.com\/product\/yoast-seo-wordpress\/ -->\n<title>Quina \u00e9s la millor edat per contractar una asseguran\u00e7a de salut? - MGC M\u00fatua<\/title>\n<meta name=\"description\" content=\"Quina \u00e9s la edat per contractar una asseguran\u00e7a de salut? Tot el que has de saber dels avantatges de les assegurances de salut per joves.\" \/>\n<meta name=\"robots\" content=\"index, follow, max-snippet:-1, max-image-preview:large, max-video-preview:-1\" \/>\n<link rel=\"canonical\" href=\"https:\/\/www.mgc.es\/ca\/blog\/quina-es-la-millor-edat-per-contractar-una-asseguranca-de-salut\/\" \/>\n<meta property=\"og:locale\" content=\"ca_ES\" \/>\n<meta property=\"og:type\" content=\"article\" \/>\n<meta property=\"og:title\" content=\"Quina \u00e9s la millor edat per contractar una asseguran\u00e7a de salut? - MGC M\u00fatua\" \/>\n<meta property=\"og:description\" content=\"Quina \u00e9s la edat per contractar una asseguran\u00e7a de salut? Tot el que has de saber dels avantatges de les assegurances de salut per joves.\" \/>\n<meta property=\"og:url\" content=\"https:\/\/www.mgc.es\/ca\/blog\/quina-es-la-millor-edat-per-contractar-una-asseguranca-de-salut\/\" \/>\n<meta property=\"og:site_name\" content=\"MGC M\u00fatua\" \/>\n<meta property=\"article:publisher\" content=\"https:\/\/www.facebook.com\/mgcmutua\" \/>\n<meta property=\"article:published_time\" content=\"2020-12-18T10:00:00+00:00\" \/>\n<meta property=\"article:modified_time\" content=\"2021-04-12T15:05:03+00:00\" \/>\n<meta property=\"og:image\" content=\"https:\/\/www.mgc.es\/wp-content\/uploads\/2020\/01\/edad-seguro-salud-familia.jpg\" \/>\n\t<meta property=\"og:image:width\" content=\"800\" \/>\n\t<meta property=\"og:image:height\" content=\"533\" \/>\n\t<meta property=\"og:image:type\" content=\"image\/jpeg\" \/>\n<meta name=\"author\" content=\"Revista Inter\u00e8s Mutu\" \/>\n<meta name=\"twitter:card\" content=\"summary_large_image\" \/>\n<meta name=\"twitter:creator\" content=\"@mgcmutua\" \/>\n<meta name=\"twitter:site\" content=\"@mgcmutua\" \/>\n<meta name=\"twitter:label1\" content=\"Escrit per\" \/>\n\t<meta name=\"twitter:data1\" content=\"Revista Inter\u00e8s Mutu\" \/>\n\t<meta name=\"twitter:label2\" content=\"Temps estimat de lectura\" \/>\n\t<meta name=\"twitter:data2\" content=\"7 minuts\" \/>\n<!-- \/ Yoast SEO plugin. -->","yoast_head_json":{"title":"Quina \u00e9s la millor edat per contractar una asseguran\u00e7a de salut? - MGC M\u00fatua","description":"Quina \u00e9s la edat per contractar una asseguran\u00e7a de salut? Tot el que has de saber dels avantatges de les assegurances de salut per joves.","robots":{"index":"index","follow":"follow","max-snippet":"max-snippet:-1","max-image-preview":"max-image-preview:large","max-video-preview":"max-video-preview:-1"},"canonical":"https:\/\/www.mgc.es\/ca\/blog\/quina-es-la-millor-edat-per-contractar-una-asseguranca-de-salut\/","og_locale":"ca_ES","og_type":"article","og_title":"Quina \u00e9s la millor edat per contractar una asseguran\u00e7a de salut? - MGC M\u00fatua","og_description":"Quina \u00e9s la edat per contractar una asseguran\u00e7a de salut? Tot el que has de saber dels avantatges de les assegurances de salut per joves.","og_url":"https:\/\/www.mgc.es\/ca\/blog\/quina-es-la-millor-edat-per-contractar-una-asseguranca-de-salut\/","og_site_name":"MGC M\u00fatua","article_publisher":"https:\/\/www.facebook.com\/mgcmutua","article_published_time":"2020-12-18T10:00:00+00:00","article_modified_time":"2021-04-12T15:05:03+00:00","og_image":[{"width":800,"height":533,"url":"https:\/\/www.mgc.es\/wp-content\/uploads\/2020\/01\/edad-seguro-salud-familia.jpg","type":"image\/jpeg"}],"author":"Revista Inter\u00e8s Mutu","twitter_card":"summary_large_image","twitter_creator":"@mgcmutua","twitter_site":"@mgcmutua","twitter_misc":{"Escrit per":"Revista Inter\u00e8s Mutu","Temps estimat de lectura":"7 minuts"},"schema":{"@context":"https:\/\/schema.org","@graph":[{"@type":["Article","BlogPosting"],"@id":"https:\/\/www.mgc.es\/ca\/blog\/quina-es-la-millor-edat-per-contractar-una-asseguranca-de-salut\/#article","isPartOf":{"@id":"https:\/\/www.mgc.es\/ca\/blog\/quina-es-la-millor-edat-per-contractar-una-asseguranca-de-salut\/"},"author":{"name":"Revista Inter\u00e8s Mutu","@id":"https:\/\/www.mgc.es\/#\/schema\/person\/010c961d9c9acf38f11187a02b646c16"},"headline":"Quina \u00e9s la millor edat per contractar una asseguran\u00e7a de salut?","datePublished":"2020-12-18T10:00:00+00:00","dateModified":"2021-04-12T15:05:03+00:00","mainEntityOfPage":{"@id":"https:\/\/www.mgc.es\/ca\/blog\/quina-es-la-millor-edat-per-contractar-una-asseguranca-de-salut\/"},"wordCount":1343,"commentCount":0,"publisher":{"@id":"https:\/\/www.mgc.es\/#organization"},"image":{"@id":"https:\/\/www.mgc.es\/ca\/blog\/quina-es-la-millor-edat-per-contractar-una-asseguranca-de-salut\/#primaryimage"},"thumbnailUrl":"https:\/\/www.mgc.es\/wp-content\/uploads\/2020\/01\/edad-seguro-salud-familia.jpg","keywords":["asseguran\u00e7a salut","mgc mutua"],"articleSection":["Actualitat M\u00fatua","Sector assegurances"],"inLanguage":"ca","potentialAction":[{"@type":"CommentAction","name":"Comment","target":["https:\/\/www.mgc.es\/ca\/blog\/quina-es-la-millor-edat-per-contractar-una-asseguranca-de-salut\/#respond"]}]},{"@type":["WebPage","ItemPage"],"@id":"https:\/\/www.mgc.es\/ca\/blog\/quina-es-la-millor-edat-per-contractar-una-asseguranca-de-salut\/","url":"https:\/\/www.mgc.es\/ca\/blog\/quina-es-la-millor-edat-per-contractar-una-asseguranca-de-salut\/","name":"Quina \u00e9s la millor edat per contractar una asseguran\u00e7a de salut? - MGC M\u00fatua","isPartOf":{"@id":"https:\/\/www.mgc.es\/#website"},"primaryImageOfPage":{"@id":"https:\/\/www.mgc.es\/ca\/blog\/quina-es-la-millor-edat-per-contractar-una-asseguranca-de-salut\/#primaryimage"},"image":{"@id":"https:\/\/www.mgc.es\/ca\/blog\/quina-es-la-millor-edat-per-contractar-una-asseguranca-de-salut\/#primaryimage"},"thumbnailUrl":"https:\/\/www.mgc.es\/wp-content\/uploads\/2020\/01\/edad-seguro-salud-familia.jpg","datePublished":"2020-12-18T10:00:00+00:00","dateModified":"2021-04-12T15:05:03+00:00","description":"Quina \u00e9s la edat per contractar una asseguran\u00e7a de salut? Tot el que has de saber dels avantatges de les assegurances de salut per joves.","breadcrumb":{"@id":"https:\/\/www.mgc.es\/ca\/blog\/quina-es-la-millor-edat-per-contractar-una-asseguranca-de-salut\/#breadcrumb"},"inLanguage":"ca","potentialAction":[{"@type":"ReadAction","target":["https:\/\/www.mgc.es\/ca\/blog\/quina-es-la-millor-edat-per-contractar-una-asseguranca-de-salut\/"]}]},{"@type":"ImageObject","inLanguage":"ca","@id":"https:\/\/www.mgc.es\/ca\/blog\/quina-es-la-millor-edat-per-contractar-una-asseguranca-de-salut\/#primaryimage","url":"https:\/\/www.mgc.es\/wp-content\/uploads\/2020\/01\/edad-seguro-salud-familia.jpg","contentUrl":"https:\/\/www.mgc.es\/wp-content\/uploads\/2020\/01\/edad-seguro-salud-familia.jpg","width":800,"height":533,"caption":"seguro de salud para jovenes"},{"@type":"BreadcrumbList","@id":"https:\/\/www.mgc.es\/ca\/blog\/quina-es-la-millor-edat-per-contractar-una-asseguranca-de-salut\/#breadcrumb","itemListElement":[{"@type":"ListItem","position":1,"name":"Home","item":"https:\/\/www.mgc.es\/ca\/"},{"@type":"ListItem","position":2,"name":"Quina \u00e9s la millor edat per contractar una asseguran\u00e7a de salut?"}]},{"@type":"WebSite","@id":"https:\/\/www.mgc.es\/#website","url":"https:\/\/www.mgc.es\/","name":"MGC M\u00fatua","description":"MGC M\u00fatua \u00e9s una entitat asseguradora sense \u00e0nim de lucre constitu\u00efda al 1982 i especialitzada en assegurances de salut i assist\u00e8ncia.","publisher":{"@id":"https:\/\/www.mgc.es\/#organization"},"alternateName":"MGC","potentialAction":[{"@type":"SearchAction","target":{"@type":"EntryPoint","urlTemplate":"https:\/\/www.mgc.es\/?s={search_term_string}"},"query-input":{"@type":"PropertyValueSpecification","valueRequired":true,"valueName":"search_term_string"}}],"inLanguage":"ca"},{"@type":"Organization","@id":"https:\/\/www.mgc.es\/#organization","name":"MGC Mutua","alternateName":"MGC","url":"https:\/\/www.mgc.es\/","logo":{"@type":"ImageObject","inLanguage":"ca","@id":"https:\/\/www.mgc.es\/#\/schema\/logo\/image\/","url":"https:\/\/www.mgc.es\/wp-content\/uploads\/2020\/03\/mgcmutua_h2_2t_reduccions.png","contentUrl":"https:\/\/www.mgc.es\/wp-content\/uploads\/2020\/03\/mgcmutua_h2_2t_reduccions.png","width":303,"height":165,"caption":"MGC Mutua"},"image":{"@id":"https:\/\/www.mgc.es\/#\/schema\/logo\/image\/"},"sameAs":["https:\/\/www.facebook.com\/mgcmutua","https:\/\/x.com\/mgcmutua","https:\/\/www.youtube.com\/c\/MGCMutua"]},{"@type":"Person","@id":"https:\/\/www.mgc.es\/#\/schema\/person\/010c961d9c9acf38f11187a02b646c16","name":"Revista Inter\u00e8s Mutu","image":{"@type":"ImageObject","inLanguage":"ca","@id":"https:\/\/secure.gravatar.com\/avatar\/52302d684339b9d7bf5691e2ad00835d62ce3b4a435f21ca9f21fbe39c63cb1b?s=96&d=mm&r=g","url":"https:\/\/secure.gravatar.com\/avatar\/52302d684339b9d7bf5691e2ad00835d62ce3b4a435f21ca9f21fbe39c63cb1b?s=96&d=mm&r=g","contentUrl":"https:\/\/secure.gravatar.com\/avatar\/52302d684339b9d7bf5691e2ad00835d62ce3b4a435f21ca9f21fbe39c63cb1b?s=96&d=mm&r=g","caption":"Revista Inter\u00e8s Mutu"}}]}},"_links":{"self":[{"href":"https:\/\/www.mgc.es\/ca\/wp-json\/wp\/v2\/posts\/17046","targetHints":{"allow":["GET"]}}],"collection":[{"href":"https:\/\/www.mgc.es\/ca\/wp-json\/wp\/v2\/posts"}],"about":[{"href":"https:\/\/www.mgc.es\/ca\/wp-json\/wp\/v2\/types\/post"}],"author":[{"embeddable":true,"href":"https:\/\/www.mgc.es\/ca\/wp-json\/wp\/v2\/users\/3"}],"replies":[{"embeddable":true,"href":"https:\/\/www.mgc.es\/ca\/wp-json\/wp\/v2\/comments?post=17046"}],"version-history":[{"count":5,"href":"https:\/\/www.mgc.es\/ca\/wp-json\/wp\/v2\/posts\/17046\/revisions"}],"predecessor-version":[{"id":21661,"href":"https:\/\/www.mgc.es\/ca\/wp-json\/wp\/v2\/posts\/17046\/revisions\/21661"}],"wp:featuredmedia":[{"embeddable":true,"href":"https:\/\/www.mgc.es\/ca\/wp-json\/wp\/v2\/media\/17047"}],"wp:attachment":[{"href":"https:\/\/www.mgc.es\/ca\/wp-json\/wp\/v2\/media?parent=17046"}],"wp:term":[{"taxonomy":"category","embeddable":true,"href":"https:\/\/www.mgc.es\/ca\/wp-json\/wp\/v2\/categories?post=17046"},{"taxonomy":"post_tag","embeddable":true,"href":"https:\/\/www.mgc.es\/ca\/wp-json\/wp\/v2\/tags?post=17046"}],"curies":[{"name":"wp","href":"https:\/\/api.w.org\/{rel}","templated":true}]}}