{"id":16842,"date":"2019-12-02T09:00:00","date_gmt":"2019-12-02T08:00:00","guid":{"rendered":"https:\/\/web-server-devel.mgc.es\/?p=16842"},"modified":"2020-01-14T10:37:13","modified_gmt":"2020-01-14T09:37:13","slug":"son-eficacos-els-antibiotics-per-a-la-grip-o-un-refredat","status":"publish","type":"post","link":"https:\/\/www.mgc.es\/ca\/blog\/son-eficacos-els-antibiotics-per-a-la-grip-o-un-refredat\/","title":{"rendered":"S\u00f3n efica\u00e7os els antibi\u00f2tics per a la grip o un refredat?"},"content":{"rendered":"<div id=\"ez-toc-container\" class=\"ez-toc-v2_0_82_1 counter-hierarchy ez-toc-counter ez-toc-custom ez-toc-container-direction\">\n<div class=\"ez-toc-title-container\"><p class=\"ez-toc-title\" style=\"cursor:inherit\">\u00cdndex de continguts<\/p>\n<\/div><nav><ul class='ez-toc-list ez-toc-list-level-1 ' ><li class='ez-toc-page-1 ez-toc-heading-level-2'><a class=\"ez-toc-link ez-toc-heading-1\" href=\"https:\/\/www.mgc.es\/ca\/blog\/son-eficacos-els-antibiotics-per-a-la-grip-o-un-refredat\/#Funcionen_contra_la_grip_o_un_refredat\" >Funcionen contra la grip o un refredat?<\/a><\/li><li class='ez-toc-page-1 ez-toc-heading-level-2'><a class=\"ez-toc-link ez-toc-heading-2\" href=\"https:\/\/www.mgc.es\/ca\/blog\/son-eficacos-els-antibiotics-per-a-la-grip-o-un-refredat\/#Uns_quants_consells_contra_la_tos_i_els_refredats\" >Uns quants consells contra la tos i els refredats<\/a><\/li><li class='ez-toc-page-1 ez-toc-heading-level-2'><a class=\"ez-toc-link ez-toc-heading-3\" href=\"https:\/\/www.mgc.es\/ca\/blog\/son-eficacos-els-antibiotics-per-a-la-grip-o-un-refredat\/#Quan_has_danar_al_metge\" >Quan has d\u2019anar al metge<\/a><\/li><\/ul><\/nav><\/div>\n\n<figure class=\"wp-block-image size-large\"><img loading=\"lazy\" decoding=\"async\" width=\"800\" height=\"533\" src=\"https:\/\/www.mgc.es\/wp-content\/uploads\/2020\/01\/dolor-de-garganta2.jpg\" alt=\"\" class=\"wp-image-16843\"\/><\/figure>\n\n\n\n<p>Si ja fa diversos dies, potser m\u00e9s d\u2019una setmana, que et trobes com si fossis a punt de morir, amb un mal de coll que no aconsegueixes d\u2019eliminar, pots fer un pensament i anar al metge perqu\u00e8 et recepti antibi\u00f2tics. Ara b\u00e9, la q\u00fcesti\u00f3 \u00e9s si realment els necessites&#8230;, i si et funcionaran.<\/p>\n\n\n\n<!--more-->\n\n\n\n<h2 class=\"wp-block-heading\"><span class=\"ez-toc-section\" id=\"Funcionen_contra_la_grip_o_un_refredat\"><\/span>Funcionen contra la grip o un refredat?<span class=\"ez-toc-section-end\"><\/span><\/h2>\n\n\n\n<p>Els antibi\u00f2tics nom\u00e9s s\u00f3n efica\u00e7os contra els bacteris i no s\u00f3n gens efectius contra els virus. Per tant, el fet m\u00e9s probable \u00e9s que no, que no et guariran aquesta grip o aquest refredat.<\/p>\n\n\n\n<p>Cal assenyalar, aqu\u00ed, un tema molt preocupant, i \u00e9s la resist\u00e8ncia a aquests f\u00e0rmacs. Els antibi\u00f2tics es fan servir per tractar infeccions causades pels bacteris, per\u00f2 els bacteris s\u00f3n adaptables i es poden tornar resistents a l\u2019antibi\u00f2tic. Com m\u00e9s utilitzem els antibi\u00f2tics, m\u00e9s probable \u00e9s que els bacteris generin resist\u00e8ncia en aquests.<\/p>\n\n\n\n<p>Aix\u00f2 no \u00e9s pas una cosa que afecti exclusivament un pacient, sin\u00f3 que es multiplica, i en cas que el pacient contagi\u00ef alg\u00fa amb un bacteri resistent, es trobar\u00e0 amb el mateix problema, i aix\u00ed de manera successiva. Aix\u00f2 ha ocasionat un problema molt greu, i cada cop hi ha m\u00e9s infeccions resistents als antibi\u00f2tics. En les persones molt joves o en les m\u00e9s grans, que s\u00f3n m\u00e9s proclius a incubar infeccions, pot representar una amena\u00e7a realment molt seriosa.<\/p>\n\n\n\n<p>Les autoritats sanit\u00e0ries d\u2019arreu del mon recomanen amb insist\u00e8ncia d\u2019evitar fer servir els f\u00e0rmacs de manera indiscriminada, i insten els metges a limitar-ne la prescripci\u00f3 tret que sigui realment necessari. Recomanen, en canvi, els medicaments sense recepta per combatre la tos, els constipats i les grips.<\/p>\n\n\n\n<h2 class=\"wp-block-heading\"><span class=\"ez-toc-section\" id=\"Uns_quants_consells_contra_la_tos_i_els_refredats\"><\/span>Uns quants consells contra la tos i els refredats<span class=\"ez-toc-section-end\"><\/span><\/h2>\n\n\n\n<p>Un cop descartats els antibi\u00f2tics, quina \u00e9s la millor manera de tractar un refredat? \u00c9s habitual que el primer s\u00edmptoma en siguin els mals de coll. No solen durar m\u00e9s d\u2019una setmana, per aix\u00f2, i generalment no demanen una visita al metge. A m\u00e9s, les infeccions v\u00edriques causen fins al 90 % dels refredats, per la qual cosa els d\u2019origen bacteri\u00e0 amb prou feines arriben al 10 %.<\/p>\n\n\n\n<p>La millor opci\u00f3 s\u00f3n els medicaments sense recepta, \u00e9s a dir els que es venen lliurement, una hidrataci\u00f3 \u00f2ptima, preferentment a base de begudes t\u00e8bies amb mel i llimona, i fer rep\u00f2s, encara millor si \u00e9s al llit.<\/p>\n\n\n\n<p>Per a pal\u00b7liar-ne els s\u00edmptomes, prova els seg\u00fcents remeis:<\/p>\n\n\n\n<p><strong>Pastilles per a la gola<\/strong><br>Les pastilles per \u201cassuaujar\u201d la gola, que es poden trobar sense recepta a la farm\u00e0cia (consulta-ho al farmac\u00e8utic).<\/p>\n\n\n\n<p><strong>G\u00e0rgares amb aigua amb sal o aspirina<\/strong><br>Fes g\u00e0rgares amb aigua amb sal o una aspirina soluble per alleujar el mal de gola. \u00c9s un m\u00e8tode que ajuda a estovar la mucositat i evita l\u2019exc\u00e9s de fluids del teixit inflamat de la gola.<\/p>\n\n\n\n<p><strong>Begudes t\u00e8bies amb mel i llimona<\/strong><br>Les begudes t\u00e8bies, com a remei casol\u00e0, poden calmar, si m\u00e9s no moment\u00e0niament, el dolor i la incomoditat d\u2019una infecci\u00f3 de gola.<\/p>\n\n\n\n<p><strong>Analg\u00e8sics<\/strong><br>Les formes orals l\u00edquides o solubles de paracetamol o d\u2019ibuprof\u00e8n et poden ajudar si et costa d\u2019empassar, per\u00f2 l\u2019alleujament m\u00e9s r\u00e0pid i efectiu l\u2019aconseguir\u00e0s amb medicaments amb efecte anest\u00e8sic, com ara la benzoca\u00efna. Novament, el farmac\u00e8utic t\u2019indicar\u00e0 quin \u00e9s el m\u00e9s adequat.<\/p>\n\n\n\n<h2 class=\"wp-block-heading\"><span class=\"ez-toc-section\" id=\"Quan_has_danar_al_metge\"><\/span>Quan has d\u2019anar al metge<span class=\"ez-toc-section-end\"><\/span><\/h2>\n\n\n\n<p>Si tens cap dels seg\u00fcents s\u00edmptomes o et trobes en cap d\u2019aquestes circumst\u00e0ncies, demana cita amb el teu metge perqu\u00e8 et recomani el millor tractament:<\/p>\n\n\n\n<ul class=\"wp-block-list\"><li>Si tens s\u00edmptomes seriosos o greus<\/li><li>Si no han millorat al cap d\u2019una setmana<\/li><li>Si tens infeccions de gola freq\u00fcents<\/li><li>Si aquestes infeccions poden ser conseq\u00fc\u00e8ncia d\u2019algun proc\u00e9s que hagi perjudicat el teu sistema immunitari, com ara per algun medicament que t\u2019hagis pres fa poc, per la quimioter\u00e0pia o el VIH.<\/li><\/ul>\n","protected":false},"excerpt":{"rendered":"<p>Si ja fa diversos dies, potser m\u00e9s d\u2019una setmana, que et trobes com si fossis a punt de morir, amb un mal de coll que no aconsegueixes d\u2019eliminar, pots fer un pensament i anar al metge perqu\u00e8 et recepti antibi\u00f2tics. Ara b\u00e9, la q\u00fcesti\u00f3 \u00e9s si realment els necessites&#8230;, i si et funcionaran.<\/p>\n","protected":false},"author":3,"featured_media":16843,"comment_status":"open","ping_status":"open","sticky":false,"template":"","format":"standard","meta":{"footnotes":""},"categories":[187],"tags":[434,446,481,491],"class_list":["post-16842","post","type-post","status-publish","format-standard","has-post-thumbnail","hentry","category-salud","tag-grip","tag-medicaments","tag-prevencio","tag-refredat"],"featured_image_src":"https:\/\/www.mgc.es\/wp-content\/uploads\/2020\/01\/dolor-de-garganta2.jpg","author_info":{"display_name":"Revista Inter\u00e8s Mutu","author_link":"https:\/\/www.mgc.es\/ca\/blog\/author\/interesmutu\/"},"yoast_head":"<!-- This site is optimized with the Yoast SEO plugin v27.2 - https:\/\/yoast.com\/product\/yoast-seo-wordpress\/ -->\n<title>S\u00f3n efica\u00e7os els antibi\u00f2tics per a la grip o un refredat? - MGC M\u00fatua<\/title>\n<meta name=\"robots\" content=\"index, follow, max-snippet:-1, max-image-preview:large, max-video-preview:-1\" \/>\n<link rel=\"canonical\" href=\"https:\/\/www.mgc.es\/ca\/blog\/son-eficacos-els-antibiotics-per-a-la-grip-o-un-refredat\/\" \/>\n<meta property=\"og:locale\" content=\"ca_ES\" \/>\n<meta property=\"og:type\" content=\"article\" \/>\n<meta property=\"og:title\" content=\"S\u00f3n efica\u00e7os els antibi\u00f2tics per a la grip o un refredat? - MGC M\u00fatua\" \/>\n<meta property=\"og:description\" content=\"Si ja fa diversos dies, potser m\u00e9s d\u2019una setmana, que et trobes com si fossis a punt de morir, amb un mal de coll que no aconsegueixes d\u2019eliminar, pots fer un pensament i anar al metge perqu\u00e8 et recepti antibi\u00f2tics. Ara b\u00e9, la q\u00fcesti\u00f3 \u00e9s si realment els necessites&#8230;, i si et funcionaran.\" \/>\n<meta property=\"og:url\" content=\"https:\/\/www.mgc.es\/ca\/blog\/son-eficacos-els-antibiotics-per-a-la-grip-o-un-refredat\/\" \/>\n<meta property=\"og:site_name\" content=\"MGC M\u00fatua\" \/>\n<meta property=\"article:publisher\" content=\"https:\/\/www.facebook.com\/mgcmutua\" \/>\n<meta property=\"article:published_time\" content=\"2019-12-02T08:00:00+00:00\" \/>\n<meta property=\"article:modified_time\" content=\"2020-01-14T09:37:13+00:00\" \/>\n<meta property=\"og:image\" content=\"https:\/\/www.mgc.es\/wp-content\/uploads\/2020\/01\/dolor-de-garganta2.jpg\" \/>\n\t<meta property=\"og:image:width\" content=\"800\" \/>\n\t<meta property=\"og:image:height\" content=\"533\" \/>\n\t<meta property=\"og:image:type\" content=\"image\/jpeg\" \/>\n<meta name=\"author\" content=\"Revista Inter\u00e8s Mutu\" \/>\n<meta name=\"twitter:card\" content=\"summary_large_image\" \/>\n<meta name=\"twitter:creator\" content=\"@mgcmutua\" \/>\n<meta name=\"twitter:site\" content=\"@mgcmutua\" \/>\n<meta name=\"twitter:label1\" content=\"Escrit per\" \/>\n\t<meta name=\"twitter:data1\" content=\"Revista Inter\u00e8s Mutu\" \/>\n\t<meta name=\"twitter:label2\" content=\"Temps estimat de lectura\" \/>\n\t<meta name=\"twitter:data2\" content=\"3 minuts\" \/>\n<!-- \/ Yoast SEO plugin. -->","yoast_head_json":{"title":"S\u00f3n efica\u00e7os els antibi\u00f2tics per a la grip o un refredat? - MGC M\u00fatua","robots":{"index":"index","follow":"follow","max-snippet":"max-snippet:-1","max-image-preview":"max-image-preview:large","max-video-preview":"max-video-preview:-1"},"canonical":"https:\/\/www.mgc.es\/ca\/blog\/son-eficacos-els-antibiotics-per-a-la-grip-o-un-refredat\/","og_locale":"ca_ES","og_type":"article","og_title":"S\u00f3n efica\u00e7os els antibi\u00f2tics per a la grip o un refredat? - MGC M\u00fatua","og_description":"Si ja fa diversos dies, potser m\u00e9s d\u2019una setmana, que et trobes com si fossis a punt de morir, amb un mal de coll que no aconsegueixes d\u2019eliminar, pots fer un pensament i anar al metge perqu\u00e8 et recepti antibi\u00f2tics. Ara b\u00e9, la q\u00fcesti\u00f3 \u00e9s si realment els necessites&#8230;, i si et funcionaran.","og_url":"https:\/\/www.mgc.es\/ca\/blog\/son-eficacos-els-antibiotics-per-a-la-grip-o-un-refredat\/","og_site_name":"MGC M\u00fatua","article_publisher":"https:\/\/www.facebook.com\/mgcmutua","article_published_time":"2019-12-02T08:00:00+00:00","article_modified_time":"2020-01-14T09:37:13+00:00","og_image":[{"width":800,"height":533,"url":"https:\/\/www.mgc.es\/wp-content\/uploads\/2020\/01\/dolor-de-garganta2.jpg","type":"image\/jpeg"}],"author":"Revista Inter\u00e8s Mutu","twitter_card":"summary_large_image","twitter_creator":"@mgcmutua","twitter_site":"@mgcmutua","twitter_misc":{"Escrit per":"Revista Inter\u00e8s Mutu","Temps estimat de lectura":"3 minuts"},"schema":{"@context":"https:\/\/schema.org","@graph":[{"@type":["Article","BlogPosting"],"@id":"https:\/\/www.mgc.es\/ca\/blog\/son-eficacos-els-antibiotics-per-a-la-grip-o-un-refredat\/#article","isPartOf":{"@id":"https:\/\/www.mgc.es\/ca\/blog\/son-eficacos-els-antibiotics-per-a-la-grip-o-un-refredat\/"},"author":{"name":"Revista Inter\u00e8s Mutu","@id":"https:\/\/www.mgc.es\/#\/schema\/person\/010c961d9c9acf38f11187a02b646c16"},"headline":"S\u00f3n efica\u00e7os els antibi\u00f2tics per a la grip o un refredat?","datePublished":"2019-12-02T08:00:00+00:00","dateModified":"2020-01-14T09:37:13+00:00","mainEntityOfPage":{"@id":"https:\/\/www.mgc.es\/ca\/blog\/son-eficacos-els-antibiotics-per-a-la-grip-o-un-refredat\/"},"wordCount":708,"commentCount":0,"publisher":{"@id":"https:\/\/www.mgc.es\/#organization"},"image":{"@id":"https:\/\/www.mgc.es\/ca\/blog\/son-eficacos-els-antibiotics-per-a-la-grip-o-un-refredat\/#primaryimage"},"thumbnailUrl":"https:\/\/www.mgc.es\/wp-content\/uploads\/2020\/01\/dolor-de-garganta2.jpg","keywords":["grip","medicaments","prevenci\u00f3","refredat"],"articleSection":["Salud y medicina"],"inLanguage":"ca","potentialAction":[{"@type":"CommentAction","name":"Comment","target":["https:\/\/www.mgc.es\/ca\/blog\/son-eficacos-els-antibiotics-per-a-la-grip-o-un-refredat\/#respond"]}]},{"@type":["WebPage","ItemPage"],"@id":"https:\/\/www.mgc.es\/ca\/blog\/son-eficacos-els-antibiotics-per-a-la-grip-o-un-refredat\/","url":"https:\/\/www.mgc.es\/ca\/blog\/son-eficacos-els-antibiotics-per-a-la-grip-o-un-refredat\/","name":"S\u00f3n efica\u00e7os els antibi\u00f2tics per a la grip o un refredat? - MGC M\u00fatua","isPartOf":{"@id":"https:\/\/www.mgc.es\/#website"},"primaryImageOfPage":{"@id":"https:\/\/www.mgc.es\/ca\/blog\/son-eficacos-els-antibiotics-per-a-la-grip-o-un-refredat\/#primaryimage"},"image":{"@id":"https:\/\/www.mgc.es\/ca\/blog\/son-eficacos-els-antibiotics-per-a-la-grip-o-un-refredat\/#primaryimage"},"thumbnailUrl":"https:\/\/www.mgc.es\/wp-content\/uploads\/2020\/01\/dolor-de-garganta2.jpg","datePublished":"2019-12-02T08:00:00+00:00","dateModified":"2020-01-14T09:37:13+00:00","breadcrumb":{"@id":"https:\/\/www.mgc.es\/ca\/blog\/son-eficacos-els-antibiotics-per-a-la-grip-o-un-refredat\/#breadcrumb"},"inLanguage":"ca","potentialAction":[{"@type":"ReadAction","target":["https:\/\/www.mgc.es\/ca\/blog\/son-eficacos-els-antibiotics-per-a-la-grip-o-un-refredat\/"]}]},{"@type":"ImageObject","inLanguage":"ca","@id":"https:\/\/www.mgc.es\/ca\/blog\/son-eficacos-els-antibiotics-per-a-la-grip-o-un-refredat\/#primaryimage","url":"https:\/\/www.mgc.es\/wp-content\/uploads\/2020\/01\/dolor-de-garganta2.jpg","contentUrl":"https:\/\/www.mgc.es\/wp-content\/uploads\/2020\/01\/dolor-de-garganta2.jpg","width":800,"height":533,"caption":"people, healthcare and problem concept - unhappy woman touching her neck and suffering from throat pain at home"},{"@type":"BreadcrumbList","@id":"https:\/\/www.mgc.es\/ca\/blog\/son-eficacos-els-antibiotics-per-a-la-grip-o-un-refredat\/#breadcrumb","itemListElement":[{"@type":"ListItem","position":1,"name":"Home","item":"https:\/\/www.mgc.es\/ca\/"},{"@type":"ListItem","position":2,"name":"S\u00f3n efica\u00e7os els antibi\u00f2tics per a la grip o un refredat?"}]},{"@type":"WebSite","@id":"https:\/\/www.mgc.es\/#website","url":"https:\/\/www.mgc.es\/","name":"MGC M\u00fatua","description":"MGC M\u00fatua \u00e9s una entitat asseguradora sense \u00e0nim de lucre constitu\u00efda al 1982 i especialitzada en assegurances de salut i assist\u00e8ncia.","publisher":{"@id":"https:\/\/www.mgc.es\/#organization"},"alternateName":"MGC","potentialAction":[{"@type":"SearchAction","target":{"@type":"EntryPoint","urlTemplate":"https:\/\/www.mgc.es\/?s={search_term_string}"},"query-input":{"@type":"PropertyValueSpecification","valueRequired":true,"valueName":"search_term_string"}}],"inLanguage":"ca"},{"@type":"Organization","@id":"https:\/\/www.mgc.es\/#organization","name":"MGC Mutua","alternateName":"MGC","url":"https:\/\/www.mgc.es\/","logo":{"@type":"ImageObject","inLanguage":"ca","@id":"https:\/\/www.mgc.es\/#\/schema\/logo\/image\/","url":"https:\/\/www.mgc.es\/wp-content\/uploads\/2020\/03\/mgcmutua_h2_2t_reduccions.png","contentUrl":"https:\/\/www.mgc.es\/wp-content\/uploads\/2020\/03\/mgcmutua_h2_2t_reduccions.png","width":303,"height":165,"caption":"MGC Mutua"},"image":{"@id":"https:\/\/www.mgc.es\/#\/schema\/logo\/image\/"},"sameAs":["https:\/\/www.facebook.com\/mgcmutua","https:\/\/x.com\/mgcmutua","https:\/\/www.youtube.com\/c\/MGCMutua"]},{"@type":"Person","@id":"https:\/\/www.mgc.es\/#\/schema\/person\/010c961d9c9acf38f11187a02b646c16","name":"Revista Inter\u00e8s Mutu","image":{"@type":"ImageObject","inLanguage":"ca","@id":"https:\/\/secure.gravatar.com\/avatar\/52302d684339b9d7bf5691e2ad00835d62ce3b4a435f21ca9f21fbe39c63cb1b?s=96&d=mm&r=g","url":"https:\/\/secure.gravatar.com\/avatar\/52302d684339b9d7bf5691e2ad00835d62ce3b4a435f21ca9f21fbe39c63cb1b?s=96&d=mm&r=g","contentUrl":"https:\/\/secure.gravatar.com\/avatar\/52302d684339b9d7bf5691e2ad00835d62ce3b4a435f21ca9f21fbe39c63cb1b?s=96&d=mm&r=g","caption":"Revista Inter\u00e8s Mutu"}}]}},"_links":{"self":[{"href":"https:\/\/www.mgc.es\/ca\/wp-json\/wp\/v2\/posts\/16842","targetHints":{"allow":["GET"]}}],"collection":[{"href":"https:\/\/www.mgc.es\/ca\/wp-json\/wp\/v2\/posts"}],"about":[{"href":"https:\/\/www.mgc.es\/ca\/wp-json\/wp\/v2\/types\/post"}],"author":[{"embeddable":true,"href":"https:\/\/www.mgc.es\/ca\/wp-json\/wp\/v2\/users\/3"}],"replies":[{"embeddable":true,"href":"https:\/\/www.mgc.es\/ca\/wp-json\/wp\/v2\/comments?post=16842"}],"version-history":[{"count":1,"href":"https:\/\/www.mgc.es\/ca\/wp-json\/wp\/v2\/posts\/16842\/revisions"}],"predecessor-version":[{"id":16845,"href":"https:\/\/www.mgc.es\/ca\/wp-json\/wp\/v2\/posts\/16842\/revisions\/16845"}],"wp:featuredmedia":[{"embeddable":true,"href":"https:\/\/www.mgc.es\/ca\/wp-json\/wp\/v2\/media\/16843"}],"wp:attachment":[{"href":"https:\/\/www.mgc.es\/ca\/wp-json\/wp\/v2\/media?parent=16842"}],"wp:term":[{"taxonomy":"category","embeddable":true,"href":"https:\/\/www.mgc.es\/ca\/wp-json\/wp\/v2\/categories?post=16842"},{"taxonomy":"post_tag","embeddable":true,"href":"https:\/\/www.mgc.es\/ca\/wp-json\/wp\/v2\/tags?post=16842"}],"curies":[{"name":"wp","href":"https:\/\/api.w.org\/{rel}","templated":true}]}}