{"id":16639,"date":"2019-12-09T11:46:23","date_gmt":"2019-12-09T10:46:23","guid":{"rendered":"https:\/\/web-server-devel.mgc.es\/tractaments-destetica-dental-lemblanquiment-dental\/"},"modified":"2020-01-21T17:16:02","modified_gmt":"2020-01-21T16:16:02","slug":"tractaments-destetica-dental-lemblanquiment-dental","status":"publish","type":"post","link":"https:\/\/www.mgc.es\/ca\/blog\/tractaments-destetica-dental-lemblanquiment-dental\/","title":{"rendered":"Tractaments d&#8217;est\u00e8tica dental: l\u2019emblanquiment dental"},"content":{"rendered":"\n<div class=\"video\"><iframe loading=\"lazy\" src=\"https:\/\/player.vimeo.com\/video\/379254969\" width=\"640\" height=\"360\" frameborder=\"0\" allow=\"autoplay; fullscreen\" allowfullscreen><\/iframe><\/div>\n\n\n\n<p>L\u2019emblanquiment\ndental \u00e9s un dels tractaments d&#8217;est\u00e8tica dental m\u00e9s demandats en els \u00faltims\nanys. Patricia L\u00f3pez Jara, especialista en odontologia de la Cl\u00ednica Belodonte,\nens explica en qu\u00e8 consisteix aquesta t\u00e8cnica i quines diferents opcions tenim\na l&#8217;hora d&#8217;aplicar-la.<\/p>\n\n\n\n<!--more-->\n\n\n\n<h3 class=\"wp-block-heading\">Qu\u00e8\n\u00e9s l&#8217;est\u00e8tica dental?<\/h3>\n\n\n\n<p>L&#8217;est\u00e8tica dental\n\u00e9s una especialitat de l&#8217;odontologia que t\u00e9 l\u2019objectiu de solucionar problemes\nrelatius a la salut, la funcionalitat de la boca i aconseguir l&#8217;harmonia del\nsomriure. Aquesta harmonia est\u00e8tica \u00e9s important per aconseguir resultats\npositius per a la confian\u00e7a i l&#8217;autoestima del pacient, i per aquest motiu ha\nde sentir-se c\u00f2mode quan somrigui. No \u00e9s el mateix una persona a qui li agrada\nsomriure, perqu\u00e8 t\u00e9 un somriure bonic, que una que l&#8217;oculta. Hi ha molts\npacients que tenen aquesta por de somriure i ho eviten en la mesura del\npossible perqu\u00e8 els incomoda la seva boca. I aix\u00f2 pot arribar a produir un\ncomplex.<\/p>\n\n\n\n<p>Gr\u00e0cies a la\ntecnologia, l&#8217;est\u00e8tica dental ha avan\u00e7at molt en els \u00faltims anys i avui dia\ntenim m\u00faltiples opcions. Per exemple, si fem una ortod\u00f2ncia per a l&#8217;alineament\ndental, existeixen t\u00e8cniques, com ara l\u2019ortod\u00f2ncia invisible (invisalign), amb\nles quals ja no cal utilitzar els tradicionals brackets, que podien crear una\nmica de complex. D&#8217;altra banda, si les dents no tenen un color bonic, podem fer\nun emblanquiment dental, que \u00e9s un dels tractaments est\u00e8tics m\u00e9s demandats en\nels \u00faltims anys.<\/p>\n\n\n\n<h3 class=\"wp-block-heading\">En\nqu\u00e8 consisteix l\u2019emblanquiment dental?<\/h3>\n\n\n\n<p>L\u2019emblanquiment\ndental \u00e9s un tractament que permet aclarir el color de les dents que han perdut\nel blanc natural, ja sigui pel consum d&#8217;aliments i begudes que poden alterar-ne\nel color, per l&#8217;\u00fas de medicaments amb tetraciclines, pel consum de tabac o pel\npas del temps. Cal tenir en compte que en l&#8217;esmalt de les dents hi ha infinitat\nde microporus que, amb el pas dels anys, van permetent que els compostos\norg\u00e0nics arribin a la dentina, de manera que n\u2019alteren el color.<\/p>\n\n\n\n<p>L\u2019emblanquiment\ndental, a difer\u00e8ncia del que pot pensar el pacient, no \u00e9s un tractament\nagressiu. \u00c9s un proc\u00e9s en el qual s&#8217;aplica un gel amb per\u00f2xid de carbamida o\nper\u00f2xid d&#8217;hidrogen directament sobre la superf\u00edcie de la dent per emblanquir-ne\nel color.<\/p>\n\n\n\n<p>En principi no\nsol haver-hi contraindicacions, encara que sempre cal fer un estudi previ del\npacient i de l&#8217;estat de salut de la seva boca per determinar-ne la viabilitat.<\/p>\n\n\n\n<figure class=\"wp-block-image\"><img loading=\"lazy\" decoding=\"async\" width=\"800\" height=\"533\" src=\"https:\/\/www.mgc.es\/wp-content\/uploads\/2019\/12\/sonrisa-2.jpg\" alt=\"\" class=\"wp-image-16633\"\/><\/figure>\n\n\n\n<h3 class=\"wp-block-heading\">Quins\ntipus d\u2019emblanquiment dental hi ha?<\/h3>\n\n\n\n<p>Encara que es\nfacin emblanquiments sobre dents no vitals, a les quals se&#8217;ls ha practicat una\nendod\u00f2ncia i no tenen nervi, el m\u00e9s freq\u00fcent \u00e9s fer-los en dents vitals.<\/p>\n\n\n\n<p>Actualment hi ha\ndues t\u00e8cniques d\u2019emblanquiment: una \u00e9s ambulat\u00f2ria, en la qual el mateix\npacient s&#8217;aplica el tractament a casa, i l&#8217;altra es porta a terme a la consulta\nde l&#8217;odont\u00f2leg.<\/p>\n\n\n\n<p>La t\u00e8cnica\nambulat\u00f2ria es fa a casa i el mateix pacient s&#8217;aplica els productes\nemblanquidors, durant un temps determinat cada dia, durant aproximadament dues\nsetmanes, depenent del per\u00f2xid o del producte que s&#8217;utilitzi. Per a aquest fi,\nl&#8217;odont\u00f2leg pren pr\u00e8viament una impressi\u00f3 de les arcades superior i inferior\ndel pacient. Amb aquest motlle es fabrica una f\u00e8rula perfectament adaptada a\nles dents, on s\u2019ha de col\u00b7locar el gel emblanquidor perqu\u00e8 estigui en contacte\ndirecte amb les dents, de manera que s\u2019evita un possible contacte amb els\nteixits periodontals que pugui danyar-los.<\/p>\n\n\n\n<p>L&#8217;altra t\u00e8cnica\nd\u2019emblanquiment es fa a la cl\u00ednica dental i consisteix en la utilitzaci\u00f3 d&#8217;un\ngel de per\u00f2xid d&#8217;hidrogen a una major concentraci\u00f3, que pot accelerar la seva\nactivitat si s&#8217;exposa a la llum intensa d&#8217;un llum. Aquest emblanquiment dental\nper fotoactivaci\u00f3 redueix el temps en qu\u00e8 la dent ha d\u2019exposar-se al gel\nemblanquidor, per la qual cosa s&#8217;aconsegueixen resultats de forma m\u00e9s visible i\nr\u00e0pida. Amb aquesta t\u00e8cnica \u00e9s imprescindible protegir les mucoses bucals del\ncontacte amb l&#8217;agent qu\u00edmic, i que tant l&#8217;odont\u00f2leg com el pacient es\ncol\u00b7loquin unes ulleres de protecci\u00f3.<\/p>\n\n\n\n<p>La sessi\u00f3\nd&#8217;emblanquiment a la cl\u00ednica dental pot durar entre 30 i 90 minuts. Per\naconseguir els resultats desitjats es necessiten entre una i tres cites, sempre\ndepenent de la t\u00e8cnica que s&#8217;utilitzi, de la intensitat de les taques i de la\ntonalitat de blanc que es vulgui aconseguir. Posteriorment, el pacient haur\u00e0 de\nfer un tractament de refor\u00e7 a casa.<\/p>\n\n\n\n<p>En general,\nsempre es diu al pacient que l\u2019emblanquiment \u00e9s com anar a prendre el sol: de\nla mateixa manera que hi ha persones que es posen molt morenes, hi ha dents que\ns\u2019emblanqueixen\nmolt. Sempre s&#8217;aconsegueix un m\u00ednim d&#8217;emblanquiment, per\u00f2 dep\u00e8n molt del color\noriginal de la dent. Per aix\u00f2, l&#8217;especialista ha de valorar cada cas pr\u00e8viament\nper explicar al pacient tot el que es pot arribar a aconseguir.<\/p>\n\n\n\n<figure class=\"wp-block-image\"><img loading=\"lazy\" decoding=\"async\" width=\"800\" height=\"533\" src=\"https:\/\/www.mgc.es\/wp-content\/uploads\/2019\/12\/sonrisa-1.jpg\" alt=\"\" class=\"wp-image-16637\"\/><\/figure>\n\n\n\n<h3 class=\"wp-block-heading\">Qu\u00e8\ncal fer despr\u00e9s de l&#8217;emblanquiment?<\/h3>\n\n\n\n<p>Cal tenir en\ncompte que l&#8217;emblanquiment dental per fotoactivaci\u00f3 continua actuant unes\nquants hores despr\u00e9s de l\u2019aplicaci\u00f3, de manera que el pacient no ha de fumar al\nmenys en un per\u00edode de 8 hores o ingerir aliments i begudes amb molts pigments\nde color, o colorants, durant 24 hores pel cap baix despr\u00e9s de l\u2019aplicaci\u00f3.<\/p>\n\n\n\n<p>Tot i que \u00e9s un\ntractament molt efectiu, l&#8217;emblanquiment dental no \u00e9s permanent i la durada es\npot veure afectada per un mal comportament o higiene del pacient. Les taques\npoden tornar a apar\u00e8ixer si es continua fumant o no s&#8217;evita en la mesura del\npossible el consum d&#8217;aliments o begudes que puguin descolorir les dents, com\nara el caf\u00e8, el te, el vi, les begudes esportives, els caramels durs, les baies\no la salsa de tom\u00e0quet.<\/p>\n","protected":false},"excerpt":{"rendered":"<p>L\u2019emblanquiment dental \u00e9s un dels tractaments d&#8217;est\u00e8tica dental m\u00e9s demandats en els \u00faltims anys. Patricia L\u00f3pez Jara, especialista en odontologia de la Cl\u00ednica Belodonte, ens explica en qu\u00e8 consisteix aquesta t\u00e8cnica i quines diferents opcions tenim a l&#8217;hora d&#8217;aplicar-la.<\/p>\n","protected":false},"author":3,"featured_media":16635,"comment_status":"open","ping_status":"open","sticky":false,"template":"","format":"standard","meta":{"footnotes":""},"categories":[997,15],"tags":[402,481],"class_list":["post-16639","post","type-post","status-publish","format-standard","has-post-thumbnail","hentry","category-odontologia","category-salut","tag-centre-medic","tag-prevencio"],"featured_image_src":"https:\/\/www.mgc.es\/wp-content\/uploads\/2019\/12\/blanqueamiento_dental_thumbnail.png","author_info":{"display_name":"Revista Inter\u00e8s Mutu","author_link":"https:\/\/www.mgc.es\/ca\/blog\/author\/interesmutu\/"},"yoast_head":"<!-- This site is optimized with the Yoast SEO plugin v27.2 - https:\/\/yoast.com\/product\/yoast-seo-wordpress\/ -->\n<title>Tractaments d&#039;est\u00e8tica dental: l\u2019emblanquiment dental - MGC M\u00fatua<\/title>\n<meta name=\"robots\" content=\"index, follow, max-snippet:-1, max-image-preview:large, max-video-preview:-1\" \/>\n<link rel=\"canonical\" href=\"https:\/\/www.mgc.es\/ca\/blog\/tractaments-destetica-dental-lemblanquiment-dental\/\" \/>\n<meta property=\"og:locale\" content=\"ca_ES\" \/>\n<meta property=\"og:type\" content=\"article\" \/>\n<meta property=\"og:title\" content=\"Tractaments d&#039;est\u00e8tica dental: l\u2019emblanquiment dental - MGC M\u00fatua\" \/>\n<meta property=\"og:description\" content=\"L\u2019emblanquiment dental \u00e9s un dels tractaments d&#8217;est\u00e8tica dental m\u00e9s demandats en els \u00faltims anys. Patricia L\u00f3pez Jara, especialista en odontologia de la Cl\u00ednica Belodonte, ens explica en qu\u00e8 consisteix aquesta t\u00e8cnica i quines diferents opcions tenim a l&#8217;hora d&#8217;aplicar-la.\" \/>\n<meta property=\"og:url\" content=\"https:\/\/www.mgc.es\/ca\/blog\/tractaments-destetica-dental-lemblanquiment-dental\/\" \/>\n<meta property=\"og:site_name\" content=\"MGC M\u00fatua\" \/>\n<meta property=\"article:publisher\" content=\"https:\/\/www.facebook.com\/mgcmutua\" \/>\n<meta property=\"article:published_time\" content=\"2019-12-09T10:46:23+00:00\" \/>\n<meta property=\"article:modified_time\" content=\"2020-01-21T16:16:02+00:00\" \/>\n<meta property=\"og:image\" content=\"https:\/\/www.mgc.es\/wp-content\/uploads\/2019\/12\/blanqueamiento_dental_thumbnail.png\" \/>\n\t<meta property=\"og:image:width\" content=\"1920\" \/>\n\t<meta property=\"og:image:height\" content=\"1080\" \/>\n\t<meta property=\"og:image:type\" content=\"image\/png\" \/>\n<meta name=\"author\" content=\"Revista Inter\u00e8s Mutu\" \/>\n<meta name=\"twitter:card\" content=\"summary_large_image\" \/>\n<meta name=\"twitter:creator\" content=\"@mgcmutua\" \/>\n<meta name=\"twitter:site\" content=\"@mgcmutua\" \/>\n<meta name=\"twitter:label1\" content=\"Escrit per\" \/>\n\t<meta name=\"twitter:data1\" content=\"Revista Inter\u00e8s Mutu\" \/>\n\t<meta name=\"twitter:label2\" content=\"Temps estimat de lectura\" \/>\n\t<meta name=\"twitter:data2\" content=\"5 minuts\" \/>\n<!-- \/ Yoast SEO plugin. -->","yoast_head_json":{"title":"Tractaments d'est\u00e8tica dental: l\u2019emblanquiment dental - MGC M\u00fatua","robots":{"index":"index","follow":"follow","max-snippet":"max-snippet:-1","max-image-preview":"max-image-preview:large","max-video-preview":"max-video-preview:-1"},"canonical":"https:\/\/www.mgc.es\/ca\/blog\/tractaments-destetica-dental-lemblanquiment-dental\/","og_locale":"ca_ES","og_type":"article","og_title":"Tractaments d'est\u00e8tica dental: l\u2019emblanquiment dental - MGC M\u00fatua","og_description":"L\u2019emblanquiment dental \u00e9s un dels tractaments d&#8217;est\u00e8tica dental m\u00e9s demandats en els \u00faltims anys. Patricia L\u00f3pez Jara, especialista en odontologia de la Cl\u00ednica Belodonte, ens explica en qu\u00e8 consisteix aquesta t\u00e8cnica i quines diferents opcions tenim a l&#8217;hora d&#8217;aplicar-la.","og_url":"https:\/\/www.mgc.es\/ca\/blog\/tractaments-destetica-dental-lemblanquiment-dental\/","og_site_name":"MGC M\u00fatua","article_publisher":"https:\/\/www.facebook.com\/mgcmutua","article_published_time":"2019-12-09T10:46:23+00:00","article_modified_time":"2020-01-21T16:16:02+00:00","og_image":[{"width":1920,"height":1080,"url":"https:\/\/www.mgc.es\/wp-content\/uploads\/2019\/12\/blanqueamiento_dental_thumbnail.png","type":"image\/png"}],"author":"Revista Inter\u00e8s Mutu","twitter_card":"summary_large_image","twitter_creator":"@mgcmutua","twitter_site":"@mgcmutua","twitter_misc":{"Escrit per":"Revista Inter\u00e8s Mutu","Temps estimat de lectura":"5 minuts"},"schema":{"@context":"https:\/\/schema.org","@graph":[{"@type":["Article","BlogPosting"],"@id":"https:\/\/www.mgc.es\/ca\/blog\/tractaments-destetica-dental-lemblanquiment-dental\/#article","isPartOf":{"@id":"https:\/\/www.mgc.es\/ca\/blog\/tractaments-destetica-dental-lemblanquiment-dental\/"},"author":{"name":"Revista Inter\u00e8s Mutu","@id":"https:\/\/www.mgc.es\/#\/schema\/person\/010c961d9c9acf38f11187a02b646c16"},"headline":"Tractaments d&#8217;est\u00e8tica dental: l\u2019emblanquiment dental","datePublished":"2019-12-09T10:46:23+00:00","dateModified":"2020-01-21T16:16:02+00:00","mainEntityOfPage":{"@id":"https:\/\/www.mgc.es\/ca\/blog\/tractaments-destetica-dental-lemblanquiment-dental\/"},"wordCount":986,"commentCount":0,"publisher":{"@id":"https:\/\/www.mgc.es\/#organization"},"image":{"@id":"https:\/\/www.mgc.es\/ca\/blog\/tractaments-destetica-dental-lemblanquiment-dental\/#primaryimage"},"thumbnailUrl":"https:\/\/www.mgc.es\/wp-content\/uploads\/2019\/12\/blanqueamiento_dental_thumbnail.png","keywords":["centre m\u00e8dic","prevenci\u00f3"],"articleSection":["Odontologia","Salut i medicina"],"inLanguage":"ca","potentialAction":[{"@type":"CommentAction","name":"Comment","target":["https:\/\/www.mgc.es\/ca\/blog\/tractaments-destetica-dental-lemblanquiment-dental\/#respond"]}]},{"@type":["WebPage","ItemPage"],"@id":"https:\/\/www.mgc.es\/ca\/blog\/tractaments-destetica-dental-lemblanquiment-dental\/","url":"https:\/\/www.mgc.es\/ca\/blog\/tractaments-destetica-dental-lemblanquiment-dental\/","name":"Tractaments d'est\u00e8tica dental: l\u2019emblanquiment dental - MGC M\u00fatua","isPartOf":{"@id":"https:\/\/www.mgc.es\/#website"},"primaryImageOfPage":{"@id":"https:\/\/www.mgc.es\/ca\/blog\/tractaments-destetica-dental-lemblanquiment-dental\/#primaryimage"},"image":{"@id":"https:\/\/www.mgc.es\/ca\/blog\/tractaments-destetica-dental-lemblanquiment-dental\/#primaryimage"},"thumbnailUrl":"https:\/\/www.mgc.es\/wp-content\/uploads\/2019\/12\/blanqueamiento_dental_thumbnail.png","datePublished":"2019-12-09T10:46:23+00:00","dateModified":"2020-01-21T16:16:02+00:00","breadcrumb":{"@id":"https:\/\/www.mgc.es\/ca\/blog\/tractaments-destetica-dental-lemblanquiment-dental\/#breadcrumb"},"inLanguage":"ca","potentialAction":[{"@type":"ReadAction","target":["https:\/\/www.mgc.es\/ca\/blog\/tractaments-destetica-dental-lemblanquiment-dental\/"]}]},{"@type":"ImageObject","inLanguage":"ca","@id":"https:\/\/www.mgc.es\/ca\/blog\/tractaments-destetica-dental-lemblanquiment-dental\/#primaryimage","url":"https:\/\/www.mgc.es\/wp-content\/uploads\/2019\/12\/blanqueamiento_dental_thumbnail.png","contentUrl":"https:\/\/www.mgc.es\/wp-content\/uploads\/2019\/12\/blanqueamiento_dental_thumbnail.png","width":1920,"height":1080},{"@type":"BreadcrumbList","@id":"https:\/\/www.mgc.es\/ca\/blog\/tractaments-destetica-dental-lemblanquiment-dental\/#breadcrumb","itemListElement":[{"@type":"ListItem","position":1,"name":"Home","item":"https:\/\/www.mgc.es\/ca\/"},{"@type":"ListItem","position":2,"name":"Tractaments d&#8217;est\u00e8tica dental: l\u2019emblanquiment dental"}]},{"@type":"WebSite","@id":"https:\/\/www.mgc.es\/#website","url":"https:\/\/www.mgc.es\/","name":"MGC M\u00fatua","description":"MGC M\u00fatua \u00e9s una entitat asseguradora sense \u00e0nim de lucre constitu\u00efda al 1982 i especialitzada en assegurances de salut i assist\u00e8ncia.","publisher":{"@id":"https:\/\/www.mgc.es\/#organization"},"alternateName":"MGC","potentialAction":[{"@type":"SearchAction","target":{"@type":"EntryPoint","urlTemplate":"https:\/\/www.mgc.es\/?s={search_term_string}"},"query-input":{"@type":"PropertyValueSpecification","valueRequired":true,"valueName":"search_term_string"}}],"inLanguage":"ca"},{"@type":"Organization","@id":"https:\/\/www.mgc.es\/#organization","name":"MGC Mutua","alternateName":"MGC","url":"https:\/\/www.mgc.es\/","logo":{"@type":"ImageObject","inLanguage":"ca","@id":"https:\/\/www.mgc.es\/#\/schema\/logo\/image\/","url":"https:\/\/www.mgc.es\/wp-content\/uploads\/2020\/03\/mgcmutua_h2_2t_reduccions.png","contentUrl":"https:\/\/www.mgc.es\/wp-content\/uploads\/2020\/03\/mgcmutua_h2_2t_reduccions.png","width":303,"height":165,"caption":"MGC Mutua"},"image":{"@id":"https:\/\/www.mgc.es\/#\/schema\/logo\/image\/"},"sameAs":["https:\/\/www.facebook.com\/mgcmutua","https:\/\/x.com\/mgcmutua","https:\/\/www.youtube.com\/c\/MGCMutua"]},{"@type":"Person","@id":"https:\/\/www.mgc.es\/#\/schema\/person\/010c961d9c9acf38f11187a02b646c16","name":"Revista Inter\u00e8s Mutu","image":{"@type":"ImageObject","inLanguage":"ca","@id":"https:\/\/secure.gravatar.com\/avatar\/52302d684339b9d7bf5691e2ad00835d62ce3b4a435f21ca9f21fbe39c63cb1b?s=96&d=mm&r=g","url":"https:\/\/secure.gravatar.com\/avatar\/52302d684339b9d7bf5691e2ad00835d62ce3b4a435f21ca9f21fbe39c63cb1b?s=96&d=mm&r=g","contentUrl":"https:\/\/secure.gravatar.com\/avatar\/52302d684339b9d7bf5691e2ad00835d62ce3b4a435f21ca9f21fbe39c63cb1b?s=96&d=mm&r=g","caption":"Revista Inter\u00e8s Mutu"}}]}},"_links":{"self":[{"href":"https:\/\/www.mgc.es\/ca\/wp-json\/wp\/v2\/posts\/16639","targetHints":{"allow":["GET"]}}],"collection":[{"href":"https:\/\/www.mgc.es\/ca\/wp-json\/wp\/v2\/posts"}],"about":[{"href":"https:\/\/www.mgc.es\/ca\/wp-json\/wp\/v2\/types\/post"}],"author":[{"embeddable":true,"href":"https:\/\/www.mgc.es\/ca\/wp-json\/wp\/v2\/users\/3"}],"replies":[{"embeddable":true,"href":"https:\/\/www.mgc.es\/ca\/wp-json\/wp\/v2\/comments?post=16639"}],"version-history":[{"count":2,"href":"https:\/\/www.mgc.es\/ca\/wp-json\/wp\/v2\/posts\/16639\/revisions"}],"predecessor-version":[{"id":17178,"href":"https:\/\/www.mgc.es\/ca\/wp-json\/wp\/v2\/posts\/16639\/revisions\/17178"}],"wp:featuredmedia":[{"embeddable":true,"href":"https:\/\/www.mgc.es\/ca\/wp-json\/wp\/v2\/media\/16635"}],"wp:attachment":[{"href":"https:\/\/www.mgc.es\/ca\/wp-json\/wp\/v2\/media?parent=16639"}],"wp:term":[{"taxonomy":"category","embeddable":true,"href":"https:\/\/www.mgc.es\/ca\/wp-json\/wp\/v2\/categories?post=16639"},{"taxonomy":"post_tag","embeddable":true,"href":"https:\/\/www.mgc.es\/ca\/wp-json\/wp\/v2\/tags?post=16639"}],"curies":[{"name":"wp","href":"https:\/\/api.w.org\/{rel}","templated":true}]}}