{"id":16592,"date":"2019-11-29T11:15:41","date_gmt":"2019-11-29T10:15:41","guid":{"rendered":"https:\/\/web-server-devel.mgc.es\/?p=16592"},"modified":"2020-01-14T13:48:12","modified_gmt":"2020-01-14T12:48:12","slug":"inauguracio-duna-nova-oficina-de-caixa-denginyers-a-la-seu-dmgc-mutua-a-vilanova-i-la-geltru","status":"publish","type":"post","link":"https:\/\/www.mgc.es\/ca\/blog\/inauguracio-duna-nova-oficina-de-caixa-denginyers-a-la-seu-dmgc-mutua-a-vilanova-i-la-geltru\/","title":{"rendered":"Inauguraci\u00f3 d&#8217;una nova oficina de Caixa d&#8217;Enginyers a la seu d&#8217;MGC M\u00fatua a Vilanova i la Geltr\u00fa"},"content":{"rendered":"\n<figure class=\"wp-block-image\"><img loading=\"lazy\" decoding=\"async\" width=\"1023\" height=\"636\" src=\"https:\/\/www.mgc.es\/wp-content\/uploads\/2019\/11\/IMG_20191128_101234.jpg\" alt=\"\" class=\"wp-image-16594\"\/><\/figure>\n\n\n\n<p>Caixa D\u2019enginyers, cooperativa de cr\u00e8dit i serveis financers, ha inaugurat a Vilanova i la Geltr\u00fa una nova oficina \u201cAVANT\u201d situada a la seu d&#8217;MGC M\u00fatua en aquesta poblaci\u00f3, fruit de l\u2019acord estrat\u00e8gic amb l\u2019entitat asseguradora de salut, iniciat el desembre de 2017.<\/p>\n\n\n\n<!--more-->\n\n\n\n<p>L\u2019acord entre les dues entitats es fonamenta en la complementarietat dels serveis que ofereixen, d\u2019uns valors corporatius compartits i d\u2019una filosofia d\u2019atenci\u00f3 molt similar. Amb aquesta inauguraci\u00f3, Caixa d\u2019Enginyers continua apostant per oferir el millor servei als seus socis i ja s\u00f3n nou les oficines AVANT, <strong>de les quals 6 se situen en seus d&#8217;MGC M\u00fatua (Matar\u00f3, Terrassa, Vic, Manresa, Granollers i Vilanova i la Geltr\u00fa).<\/strong><\/p>\n\n\n\n<p>L\u2019acte ha comptat amb la pres\u00e8ncia d\u2019<strong>Olga Arnau, alcaldessa de l\u2019Ajuntament de Vilanova i la Geltr\u00fa; Josep Oriol Sala, President de Caixa d\u2019Enginyers; i Daniel Redondo, Director General d&#8217;MGC M\u00fatua<\/strong>, aix\u00ed com amb la pres\u00e8ncia de diferents personalitats de l\u2019\u00e0mbit empresarial, acad\u00e8mic i social de la zona.<\/p>\n\n\n\n<p>Aquesta obertura, situada al carrer de l\u2019Havana n\u00famero 22, dona resposta al creixement de la demanda de servei que registra Caixa d\u2019Enginyers a la zona, per\u00f2 tamb\u00e9 a la voluntat de prestar un tracte personalitzat i de valor potenciant la multicanalitat del servei als socis gr\u00e0cies a l\u2019alta digitalitzaci\u00f3 operacional banc\u00e0ria.<\/p>\n\n\n\n<p>Durant la inauguraci\u00f3 <strong>Josep Oriol sala, President de Caixa d\u2019Enginyers,<\/strong> ha destacat que \u201c<em>aquesta nova oficina \u2018AVANT\u2019 \u00e9s la consolidaci\u00f3 d\u2019un model basat en la multicanalitat, on els professionals de Caixa d\u2019Enginyers se centren en oferir un servei de valor afegit per a les empreses i habitants del Garraf i l\u2019Alt Pened\u00e8s, i \u00e9s possible gr\u00e0cies a l\u2019estreta col\u00b7laboraci\u00f3 amb MGC M\u00fatua, amb qui fa dos anys vam iniciar un acord que ens ha perm\u00e8s estendre la nostra pres\u00e8ncia al llarg del territori i arribar a noves localitats<\/em>\u201d.<\/p>\n\n\n\n<figure class=\"wp-block-image\"><img loading=\"lazy\" decoding=\"async\" width=\"1024\" height=\"578\" src=\"https:\/\/www.mgc.es\/wp-content\/uploads\/2019\/11\/IMG_20191128_102313.jpg\" alt=\"\" class=\"wp-image-16596\"\/><\/figure>\n\n\n\n<p>Per la seva banda, <strong>Daniel Redondo, Director General d&#8217;MGC M\u00fatua<\/strong>, ha assenyalat que \u201c<em>amb aquesta oficina, que se suma a les ja existents a les diferents seus de la nostra entitat, donem continu\u00eftat i consolidem un acord estrat\u00e8gic d\u2019\u00e8xit amb Caixa d\u2019Enginyers, apostant amb decisi\u00f3 per oferir un servei de valor afegit, tant als socis de l\u2019entitat financera com als mutualistes. Els socis disposen de nous espais per realitzar les seves gestions banc\u00e0ries i, complement\u00e0riament, tenen a la seva disposici\u00f3 una \u00e0mplia oferta asseguradora de la M\u00fatua i, al seu torn, els mutualistes poden accedir als serveis de caixa d\u2019Enginyers\u201d. <\/em><\/p>\n\n\n\n<p>La M\u00fatua t\u00e9 una \u00e0mplia pres\u00e8ncia a Catalunya i Balears, i des de 2017, a Val\u00e8ncia, amb un total de 22 oficines, la majoria de recent remodelaci\u00f3, conformant un nou concepte d&#8217;oficina m\u00e9s propera i participativa.<\/p>\n","protected":false},"excerpt":{"rendered":"<p>Caixa D\u2019enginyers, cooperativa de cr\u00e8dit i serveis financers, ha inaugurat a Vilanova i la Geltr\u00fa una nova oficina \u201cAVANT\u201d situada a la seu d&#8217;MGC M\u00fatua en aquesta poblaci\u00f3, fruit de l\u2019acord estrat\u00e8gic amb l\u2019entitat asseguradora de salut, iniciat el desembre de 2017.<\/p>\n","protected":false},"author":3,"featured_media":16594,"comment_status":"open","ping_status":"open","sticky":false,"template":"","format":"standard","meta":{"footnotes":""},"categories":[11],"tags":[547],"class_list":["post-16592","post","type-post","status-publish","format-standard","has-post-thumbnail","hentry","category-actualitat","tag-caixa-denginyers"],"featured_image_src":"https:\/\/www.mgc.es\/wp-content\/uploads\/2019\/11\/IMG_20191128_101234.jpg","author_info":{"display_name":"Revista Inter\u00e8s Mutu","author_link":"https:\/\/www.mgc.es\/ca\/blog\/author\/interesmutu\/"},"yoast_head":"<!-- This site is optimized with the Yoast SEO plugin v27.2 - https:\/\/yoast.com\/product\/yoast-seo-wordpress\/ -->\n<title>Inauguraci\u00f3 d&#039;una nova oficina de Caixa d&#039;Enginyers a la seu d&#039;MGC M\u00fatua a Vilanova i la Geltr\u00fa - MGC M\u00fatua<\/title>\n<meta name=\"robots\" content=\"index, follow, max-snippet:-1, max-image-preview:large, max-video-preview:-1\" \/>\n<link rel=\"canonical\" href=\"https:\/\/www.mgc.es\/ca\/blog\/inauguracio-duna-nova-oficina-de-caixa-denginyers-a-la-seu-dmgc-mutua-a-vilanova-i-la-geltru\/\" \/>\n<meta property=\"og:locale\" content=\"ca_ES\" \/>\n<meta property=\"og:type\" content=\"article\" \/>\n<meta property=\"og:title\" content=\"Inauguraci\u00f3 d&#039;una nova oficina de Caixa d&#039;Enginyers a la seu d&#039;MGC M\u00fatua a Vilanova i la Geltr\u00fa - MGC M\u00fatua\" \/>\n<meta property=\"og:description\" content=\"Caixa D\u2019enginyers, cooperativa de cr\u00e8dit i serveis financers, ha inaugurat a Vilanova i la Geltr\u00fa una nova oficina \u201cAVANT\u201d situada a la seu d&#8217;MGC M\u00fatua en aquesta poblaci\u00f3, fruit de l\u2019acord estrat\u00e8gic amb l\u2019entitat asseguradora de salut, iniciat el desembre de 2017.\" \/>\n<meta property=\"og:url\" content=\"https:\/\/www.mgc.es\/ca\/blog\/inauguracio-duna-nova-oficina-de-caixa-denginyers-a-la-seu-dmgc-mutua-a-vilanova-i-la-geltru\/\" \/>\n<meta property=\"og:site_name\" content=\"MGC M\u00fatua\" \/>\n<meta property=\"article:publisher\" content=\"https:\/\/www.facebook.com\/mgcmutua\" \/>\n<meta property=\"article:published_time\" content=\"2019-11-29T10:15:41+00:00\" \/>\n<meta property=\"article:modified_time\" content=\"2020-01-14T12:48:12+00:00\" \/>\n<meta property=\"og:image\" content=\"https:\/\/www.mgc.es\/wp-content\/uploads\/2019\/11\/IMG_20191128_101234.jpg\" \/>\n\t<meta property=\"og:image:width\" content=\"1023\" \/>\n\t<meta property=\"og:image:height\" content=\"636\" \/>\n\t<meta property=\"og:image:type\" content=\"image\/jpeg\" \/>\n<meta name=\"author\" content=\"Revista Inter\u00e8s Mutu\" \/>\n<meta name=\"twitter:card\" content=\"summary_large_image\" \/>\n<meta name=\"twitter:creator\" content=\"@mgcmutua\" \/>\n<meta name=\"twitter:site\" content=\"@mgcmutua\" \/>\n<meta name=\"twitter:label1\" content=\"Escrit per\" \/>\n\t<meta name=\"twitter:data1\" content=\"Revista Inter\u00e8s Mutu\" \/>\n\t<meta name=\"twitter:label2\" content=\"Temps estimat de lectura\" \/>\n\t<meta name=\"twitter:data2\" content=\"2 minuts\" \/>\n<!-- \/ Yoast SEO plugin. -->","yoast_head_json":{"title":"Inauguraci\u00f3 d'una nova oficina de Caixa d'Enginyers a la seu d'MGC M\u00fatua a Vilanova i la Geltr\u00fa - MGC M\u00fatua","robots":{"index":"index","follow":"follow","max-snippet":"max-snippet:-1","max-image-preview":"max-image-preview:large","max-video-preview":"max-video-preview:-1"},"canonical":"https:\/\/www.mgc.es\/ca\/blog\/inauguracio-duna-nova-oficina-de-caixa-denginyers-a-la-seu-dmgc-mutua-a-vilanova-i-la-geltru\/","og_locale":"ca_ES","og_type":"article","og_title":"Inauguraci\u00f3 d'una nova oficina de Caixa d'Enginyers a la seu d'MGC M\u00fatua a Vilanova i la Geltr\u00fa - MGC M\u00fatua","og_description":"Caixa D\u2019enginyers, cooperativa de cr\u00e8dit i serveis financers, ha inaugurat a Vilanova i la Geltr\u00fa una nova oficina \u201cAVANT\u201d situada a la seu d&#8217;MGC M\u00fatua en aquesta poblaci\u00f3, fruit de l\u2019acord estrat\u00e8gic amb l\u2019entitat asseguradora de salut, iniciat el desembre de 2017.","og_url":"https:\/\/www.mgc.es\/ca\/blog\/inauguracio-duna-nova-oficina-de-caixa-denginyers-a-la-seu-dmgc-mutua-a-vilanova-i-la-geltru\/","og_site_name":"MGC M\u00fatua","article_publisher":"https:\/\/www.facebook.com\/mgcmutua","article_published_time":"2019-11-29T10:15:41+00:00","article_modified_time":"2020-01-14T12:48:12+00:00","og_image":[{"width":1023,"height":636,"url":"https:\/\/www.mgc.es\/wp-content\/uploads\/2019\/11\/IMG_20191128_101234.jpg","type":"image\/jpeg"}],"author":"Revista Inter\u00e8s Mutu","twitter_card":"summary_large_image","twitter_creator":"@mgcmutua","twitter_site":"@mgcmutua","twitter_misc":{"Escrit per":"Revista Inter\u00e8s Mutu","Temps estimat de lectura":"2 minuts"},"schema":{"@context":"https:\/\/schema.org","@graph":[{"@type":["Article","BlogPosting"],"@id":"https:\/\/www.mgc.es\/ca\/blog\/inauguracio-duna-nova-oficina-de-caixa-denginyers-a-la-seu-dmgc-mutua-a-vilanova-i-la-geltru\/#article","isPartOf":{"@id":"https:\/\/www.mgc.es\/ca\/blog\/inauguracio-duna-nova-oficina-de-caixa-denginyers-a-la-seu-dmgc-mutua-a-vilanova-i-la-geltru\/"},"author":{"name":"Revista Inter\u00e8s Mutu","@id":"https:\/\/www.mgc.es\/#\/schema\/person\/010c961d9c9acf38f11187a02b646c16"},"headline":"Inauguraci\u00f3 d&#8217;una nova oficina de Caixa d&#8217;Enginyers a la seu d&#8217;MGC M\u00fatua a Vilanova i la Geltr\u00fa","datePublished":"2019-11-29T10:15:41+00:00","dateModified":"2020-01-14T12:48:12+00:00","mainEntityOfPage":{"@id":"https:\/\/www.mgc.es\/ca\/blog\/inauguracio-duna-nova-oficina-de-caixa-denginyers-a-la-seu-dmgc-mutua-a-vilanova-i-la-geltru\/"},"wordCount":496,"commentCount":0,"publisher":{"@id":"https:\/\/www.mgc.es\/#organization"},"image":{"@id":"https:\/\/www.mgc.es\/ca\/blog\/inauguracio-duna-nova-oficina-de-caixa-denginyers-a-la-seu-dmgc-mutua-a-vilanova-i-la-geltru\/#primaryimage"},"thumbnailUrl":"https:\/\/www.mgc.es\/wp-content\/uploads\/2019\/11\/IMG_20191128_101234.jpg","keywords":["caixa d&#039;enginyers"],"articleSection":["Actualitat M\u00fatua"],"inLanguage":"ca","potentialAction":[{"@type":"CommentAction","name":"Comment","target":["https:\/\/www.mgc.es\/ca\/blog\/inauguracio-duna-nova-oficina-de-caixa-denginyers-a-la-seu-dmgc-mutua-a-vilanova-i-la-geltru\/#respond"]}]},{"@type":["WebPage","ItemPage"],"@id":"https:\/\/www.mgc.es\/ca\/blog\/inauguracio-duna-nova-oficina-de-caixa-denginyers-a-la-seu-dmgc-mutua-a-vilanova-i-la-geltru\/","url":"https:\/\/www.mgc.es\/ca\/blog\/inauguracio-duna-nova-oficina-de-caixa-denginyers-a-la-seu-dmgc-mutua-a-vilanova-i-la-geltru\/","name":"Inauguraci\u00f3 d'una nova oficina de Caixa d'Enginyers a la seu d'MGC M\u00fatua a Vilanova i la Geltr\u00fa - MGC M\u00fatua","isPartOf":{"@id":"https:\/\/www.mgc.es\/#website"},"primaryImageOfPage":{"@id":"https:\/\/www.mgc.es\/ca\/blog\/inauguracio-duna-nova-oficina-de-caixa-denginyers-a-la-seu-dmgc-mutua-a-vilanova-i-la-geltru\/#primaryimage"},"image":{"@id":"https:\/\/www.mgc.es\/ca\/blog\/inauguracio-duna-nova-oficina-de-caixa-denginyers-a-la-seu-dmgc-mutua-a-vilanova-i-la-geltru\/#primaryimage"},"thumbnailUrl":"https:\/\/www.mgc.es\/wp-content\/uploads\/2019\/11\/IMG_20191128_101234.jpg","datePublished":"2019-11-29T10:15:41+00:00","dateModified":"2020-01-14T12:48:12+00:00","breadcrumb":{"@id":"https:\/\/www.mgc.es\/ca\/blog\/inauguracio-duna-nova-oficina-de-caixa-denginyers-a-la-seu-dmgc-mutua-a-vilanova-i-la-geltru\/#breadcrumb"},"inLanguage":"ca","potentialAction":[{"@type":"ReadAction","target":["https:\/\/www.mgc.es\/ca\/blog\/inauguracio-duna-nova-oficina-de-caixa-denginyers-a-la-seu-dmgc-mutua-a-vilanova-i-la-geltru\/"]}]},{"@type":"ImageObject","inLanguage":"ca","@id":"https:\/\/www.mgc.es\/ca\/blog\/inauguracio-duna-nova-oficina-de-caixa-denginyers-a-la-seu-dmgc-mutua-a-vilanova-i-la-geltru\/#primaryimage","url":"https:\/\/www.mgc.es\/wp-content\/uploads\/2019\/11\/IMG_20191128_101234.jpg","contentUrl":"https:\/\/www.mgc.es\/wp-content\/uploads\/2019\/11\/IMG_20191128_101234.jpg","width":1023,"height":636,"caption":"sdr"},{"@type":"BreadcrumbList","@id":"https:\/\/www.mgc.es\/ca\/blog\/inauguracio-duna-nova-oficina-de-caixa-denginyers-a-la-seu-dmgc-mutua-a-vilanova-i-la-geltru\/#breadcrumb","itemListElement":[{"@type":"ListItem","position":1,"name":"Home","item":"https:\/\/www.mgc.es\/ca\/"},{"@type":"ListItem","position":2,"name":"Inauguraci\u00f3 d&#8217;una nova oficina de Caixa d&#8217;Enginyers a la seu d&#8217;MGC M\u00fatua a Vilanova i la Geltr\u00fa"}]},{"@type":"WebSite","@id":"https:\/\/www.mgc.es\/#website","url":"https:\/\/www.mgc.es\/","name":"MGC M\u00fatua","description":"MGC M\u00fatua \u00e9s una entitat asseguradora sense \u00e0nim de lucre constitu\u00efda al 1982 i especialitzada en assegurances de salut i assist\u00e8ncia.","publisher":{"@id":"https:\/\/www.mgc.es\/#organization"},"alternateName":"MGC","potentialAction":[{"@type":"SearchAction","target":{"@type":"EntryPoint","urlTemplate":"https:\/\/www.mgc.es\/?s={search_term_string}"},"query-input":{"@type":"PropertyValueSpecification","valueRequired":true,"valueName":"search_term_string"}}],"inLanguage":"ca"},{"@type":"Organization","@id":"https:\/\/www.mgc.es\/#organization","name":"MGC Mutua","alternateName":"MGC","url":"https:\/\/www.mgc.es\/","logo":{"@type":"ImageObject","inLanguage":"ca","@id":"https:\/\/www.mgc.es\/#\/schema\/logo\/image\/","url":"https:\/\/www.mgc.es\/wp-content\/uploads\/2020\/03\/mgcmutua_h2_2t_reduccions.png","contentUrl":"https:\/\/www.mgc.es\/wp-content\/uploads\/2020\/03\/mgcmutua_h2_2t_reduccions.png","width":303,"height":165,"caption":"MGC Mutua"},"image":{"@id":"https:\/\/www.mgc.es\/#\/schema\/logo\/image\/"},"sameAs":["https:\/\/www.facebook.com\/mgcmutua","https:\/\/x.com\/mgcmutua","https:\/\/www.youtube.com\/c\/MGCMutua"]},{"@type":"Person","@id":"https:\/\/www.mgc.es\/#\/schema\/person\/010c961d9c9acf38f11187a02b646c16","name":"Revista Inter\u00e8s Mutu","image":{"@type":"ImageObject","inLanguage":"ca","@id":"https:\/\/secure.gravatar.com\/avatar\/52302d684339b9d7bf5691e2ad00835d62ce3b4a435f21ca9f21fbe39c63cb1b?s=96&d=mm&r=g","url":"https:\/\/secure.gravatar.com\/avatar\/52302d684339b9d7bf5691e2ad00835d62ce3b4a435f21ca9f21fbe39c63cb1b?s=96&d=mm&r=g","contentUrl":"https:\/\/secure.gravatar.com\/avatar\/52302d684339b9d7bf5691e2ad00835d62ce3b4a435f21ca9f21fbe39c63cb1b?s=96&d=mm&r=g","caption":"Revista Inter\u00e8s Mutu"}}]}},"_links":{"self":[{"href":"https:\/\/www.mgc.es\/ca\/wp-json\/wp\/v2\/posts\/16592","targetHints":{"allow":["GET"]}}],"collection":[{"href":"https:\/\/www.mgc.es\/ca\/wp-json\/wp\/v2\/posts"}],"about":[{"href":"https:\/\/www.mgc.es\/ca\/wp-json\/wp\/v2\/types\/post"}],"author":[{"embeddable":true,"href":"https:\/\/www.mgc.es\/ca\/wp-json\/wp\/v2\/users\/3"}],"replies":[{"embeddable":true,"href":"https:\/\/www.mgc.es\/ca\/wp-json\/wp\/v2\/comments?post=16592"}],"version-history":[{"count":3,"href":"https:\/\/www.mgc.es\/ca\/wp-json\/wp\/v2\/posts\/16592\/revisions"}],"predecessor-version":[{"id":16948,"href":"https:\/\/www.mgc.es\/ca\/wp-json\/wp\/v2\/posts\/16592\/revisions\/16948"}],"wp:featuredmedia":[{"embeddable":true,"href":"https:\/\/www.mgc.es\/ca\/wp-json\/wp\/v2\/media\/16594"}],"wp:attachment":[{"href":"https:\/\/www.mgc.es\/ca\/wp-json\/wp\/v2\/media?parent=16592"}],"wp:term":[{"taxonomy":"category","embeddable":true,"href":"https:\/\/www.mgc.es\/ca\/wp-json\/wp\/v2\/categories?post=16592"},{"taxonomy":"post_tag","embeddable":true,"href":"https:\/\/www.mgc.es\/ca\/wp-json\/wp\/v2\/tags?post=16592"}],"curies":[{"name":"wp","href":"https:\/\/api.w.org\/{rel}","templated":true}]}}