{"id":16115,"date":"2021-01-19T11:00:00","date_gmt":"2021-01-19T10:00:00","guid":{"rendered":"https:\/\/web-server-devel.mgc.es\/?p=16115"},"modified":"2021-04-19T17:36:03","modified_gmt":"2021-04-19T15:36:03","slug":"per-que-cal-ser-previsor-i-pensar-en-una-asseguranca-de-decessos","status":"publish","type":"post","link":"https:\/\/www.mgc.es\/ca\/blog\/per-que-cal-ser-previsor-i-pensar-en-una-asseguranca-de-decessos\/","title":{"rendered":"Per qu\u00e8 contractar una asseguran\u00e7a de decessos?"},"content":{"rendered":"<div id=\"ez-toc-container\" class=\"ez-toc-v2_0_82_1 counter-hierarchy ez-toc-counter ez-toc-custom ez-toc-container-direction\">\n<div class=\"ez-toc-title-container\"><p class=\"ez-toc-title\" style=\"cursor:inherit\">\u00cdndex de continguts<\/p>\n<\/div><nav><ul class='ez-toc-list ez-toc-list-level-1 ' ><li class='ez-toc-page-1 ez-toc-heading-level-2'><a class=\"ez-toc-link ez-toc-heading-1\" href=\"https:\/\/www.mgc.es\/ca\/blog\/per-que-cal-ser-previsor-i-pensar-en-una-asseguranca-de-decessos\/#Que_es_lasseguranca_de_decessos\" >Qu\u00e8 \u00e9s l&#8217;asseguran\u00e7a de decessos?<\/a><\/li><li class='ez-toc-page-1 ez-toc-heading-level-2'><a class=\"ez-toc-link ez-toc-heading-2\" href=\"https:\/\/www.mgc.es\/ca\/blog\/per-que-cal-ser-previsor-i-pensar-en-una-asseguranca-de-decessos\/#Que_cobreix_una_asseguranca_de_decessos\" >Qu\u00e8 cobreix una asseguran\u00e7a de decessos?<\/a><\/li><li class='ez-toc-page-1 ez-toc-heading-level-2'><a class=\"ez-toc-link ez-toc-heading-3\" href=\"https:\/\/www.mgc.es\/ca\/blog\/per-que-cal-ser-previsor-i-pensar-en-una-asseguranca-de-decessos\/#Morir_sense_una_asseguranca_de_decessos_Que_succeeix\" >Morir sense una asseguran\u00e7a de decessos: Qu\u00e8 succeeix?<\/a><\/li><li class='ez-toc-page-1 ez-toc-heading-level-2'><a class=\"ez-toc-link ez-toc-heading-4\" href=\"https:\/\/www.mgc.es\/ca\/blog\/per-que-cal-ser-previsor-i-pensar-en-una-asseguranca-de-decessos\/#Per_que_contractar_una_asseguranca_de_decessos\" >Per qu\u00e8 contractar una asseguran\u00e7a de decessos?<\/a><\/li><li class='ez-toc-page-1 ez-toc-heading-level-2'><a class=\"ez-toc-link ez-toc-heading-5\" href=\"https:\/\/www.mgc.es\/ca\/blog\/per-que-cal-ser-previsor-i-pensar-en-una-asseguranca-de-decessos\/#Lasseguranca_de_decessos_dMGC_Mutua_ofereix_cobertura_total_de_les_despeses_i_un_servei_dorientacio_a_les_families\" >L&#8217;asseguran\u00e7a de decessos d&#8217;MGC M\u00fatua ofereix cobertura total de les despeses i un servei d&#8217;orientaci\u00f3 a les fam\u00edlies<\/a><\/li><\/ul><\/nav><\/div>\n\n<figure class=\"wp-block-image\"><img loading=\"lazy\" decoding=\"async\" width=\"800\" height=\"533\" src=\"https:\/\/www.mgc.es\/wp-content\/uploads\/2019\/11\/decesos.jpg\" alt=\"\" class=\"wp-image-16116\"\/><\/figure>\n\n\n\n<p>A molts ens preocupen les c\u00e0rregues familiars que podem deixar als nostres \u00e9ssers m\u00e9s estimats en el moment de la nostra mort. Pensar en una asseguran\u00e7a de decessos \u00e9s una bona soluci\u00f3 que ajuda, en un moment emocionalment tan dif\u00edcil, a fer front a les nombroses gestions que inevitablement s&#8217;han de dur a terme i cobreix les despeses derivades del sepeli. Vols saber per qu\u00e8 contractar una asseguran\u00e7a de decessos? T&#8217;expliquem tot el que has de saber sobre aquesta asseguran\u00e7a.<\/p>\n\n\n\n<!--more-->\n\n\n\n<h2 class=\"wp-block-heading\"><span class=\"ez-toc-section\" id=\"Que_es_lasseguranca_de_decessos\"><\/span>Qu\u00e8 \u00e9s l&#8217;asseguran\u00e7a de decessos?<span class=\"ez-toc-section-end\"><\/span><\/h2>\n\n\n\n<p><br>Molta gent no coneix amb exactitud qu\u00e8 \u00e9s una asseguran\u00e7a de decessos i quins s\u00f3n els seus avantatges o cobertures. L&#8217;asseguran\u00e7a de decessos \u00e9s una asseguran\u00e7a econ\u00f2mica que <strong>cobreix tota la despesa derivada de la mort de l&#8217;assegurat<\/strong>, fins al capital concertat amb l&#8217;asseguradora, i <strong>facilita la gesti\u00f3 dels tr\u00e0mits pertinents<\/strong> despr\u00e9s de la defunci\u00f3.<\/p>\n\n\n\n<p>La p\u00f2lissa t\u00e9 un car\u00e0cter vitalici, per la qual cosa es mant\u00e9 fins al moment de la defunci\u00f3 de l&#8217;assegurat. En el cas que es decideixi anul\u00b7lar l&#8217;asseguran\u00e7a amb antelaci\u00f3, les asseguradores solen retornar la prima, encara que amb algunes condicions i dins d&#8217;un per\u00edode estipulat.<\/p>\n\n\n\n<h2 class=\"wp-block-heading\"><span class=\"ez-toc-section\" id=\"Que_cobreix_una_asseguranca_de_decessos\"><\/span>Qu\u00e8 cobreix una asseguran\u00e7a de decessos?<span class=\"ez-toc-section-end\"><\/span><\/h2>\n\n\n\n<p>Encara que tot dep\u00e8n de la companyia asseguradora, l&#8217;asseguran\u00e7a de decessos sol cobrir totes les despeses que es deriven del sepeli de la persona assegurada. Sempre que entri dins del capital que es va assegurar.<\/p>\n\n\n\n<p>Dins d&#8217;aquestes despeses s&#8217;inclouen el pagament de tots els serveis funeraris, com els que s&#8217;ofereixen en el tanatori, les esqueles, el f\u00e8retre, el cotxe f\u00fanebre i la incineraci\u00f3 o enterrament, principalment.<\/p>\n\n\n\n<p>Uns altres menys comuns, per\u00f2 que poden apar\u00e8ixer en determinades circumst\u00e0ncies s\u00f3n els despla\u00e7aments de la persona assegurada despr\u00e9s de la defunci\u00f3 o l&#8217;estada si fos necessari viatjar per a la recuperaci\u00f3 del cos.<\/p>\n\n\n\n<p>Cal tenir en compte que es tracta d&#8217;una situaci\u00f3 a la qual inicialment resulta complex fer-li front. Per tant, tenir a alg\u00fa que s&#8217;encarregui de totes les gestions per la fam\u00edlia els llevar\u00e0 un enorme pes de damunt.<\/p>\n\n\n\n<h2 class=\"wp-block-heading\"><span class=\"ez-toc-section\" id=\"Morir_sense_una_asseguranca_de_decessos_Que_succeeix\"><\/span>Morir sense una asseguran\u00e7a de decessos: Qu\u00e8 succeeix?<span class=\"ez-toc-section-end\"><\/span><\/h2>\n\n\n\n<p>En el cas que es produeixi la defunci\u00f3 d&#8217;una persona i que aquesta no compti amb una asseguran\u00e7a de decessos, el Codi Civil s&#8217;encarrega de dictar el procediment a dur a terme.<\/p>\n\n\n\n<p>Segons aquest, tant si la persona difunta ha deixat b\u00e9ns com si no, s\u00f3n els familiars directes els que han de fer-se c\u00e0rrec. En funci\u00f3 de l&#8217;estabilitat financera amb la qual comptin, els costos del sepeli poden posar la seva situaci\u00f3 personal en un comprom\u00eds, ja que sol tractar-se d&#8217;un desemborsament considerable.<\/p>\n\n\n\n<p>El cost mitj\u00e0 amb els serveis b\u00e0sics tradicionals sol ascendir a uns 3.000 \u20ac. Per aquest motiu, cada vegada s\u00f3n m\u00e9s les persones que aposten per la contractaci\u00f3 d&#8217;una asseguran\u00e7a de decessos.<\/p>\n\n\n\n<h2 class=\"wp-block-heading\"><span class=\"ez-toc-section\" id=\"Per_que_contractar_una_asseguranca_de_decessos\"><\/span>Per qu\u00e8 contractar una asseguran\u00e7a de decessos?<span class=\"ez-toc-section-end\"><\/span><\/h2>\n\n\n\n<h3 class=\"wp-block-heading\">Tranquil\u00b7litat per a tu i la teva fam\u00edlia<\/h3>\n\n\n\n<p>Comptar amb una asseguran\u00e7a de decessos aporta tranquil\u00b7litat durant tot el proc\u00e9s en aquests moments tan dif\u00edcils. Significa un suport important per a les fam\u00edlies ja que, a m\u00e9s d&#8217;afrontar aquest glop tan dur, a vegades han de fer-se c\u00e0rrec d&#8217;aquesta despesa de manera inesperada i enfrontar-se a una gran varietat de tr\u00e0mits i paperasses que cal gestionar, durant i despr\u00e9s del sepeli.<\/p>\n\n\n\n<h3 class=\"wp-block-heading\">Simplifica les gestions funer\u00e0ries<\/h3>\n\n\n\n<p>Aquesta cobertura no sols evita el pagament de les despeses derivades de la defunci\u00f3, sin\u00f3 que tamb\u00e9 s&#8217;encarrega de simplificar les gestions pertinents. Quan es donen aquestes situacions, els familiars s&#8217;enfronten a moments molt durs; haver de tramitar segons quines gestions es converteix en una tasca\u00a0d\u00edficil\u00a0de portar. Amb l&#8217;asseguran\u00e7a de decessos aquestes accions s\u00f3n molt m\u00e9s simples, ja que des de la\u00a0m\u00fatua\u00a0asseguradora s&#8217;encarregaran d&#8217;aquests tr\u00e0mits.<\/p>\n\n\n\n<h3 class=\"wp-block-heading\">Serveis funeraris<\/h3>\n\n\n\n<p>Les cobertures b\u00e0siques de l&#8217;asseguran\u00e7a de decessos solen incloure el servei funerari. El f\u00e8retre, les flors, la preparaci\u00f3 del cos del mort, els serveis del tanatori, el cotxe d&#8217;acompanyament, els recordatoris, la cerim\u00f2nia funeral, les despeses d&#8217;inhumaci\u00f3 i incineraci\u00f3 i la l\u00e0pida s\u00f3n aspectes que solen quedar coberts.<\/p>\n\n\n\n<h3 class=\"wp-block-heading\">Gestions administratives<\/h3>\n\n\n\n<p>En la p\u00f2lissa tamb\u00e9 s&#8217;inclouen les gestions administratives. Un professional ofereix la tramitaci\u00f3 o l&#8217;assessorament necessari per a les gestions amb l&#8217;Administraci\u00f3, la Seguretat Social i altres dilig\u00e8ncies derivades de la situaci\u00f3.<\/p>\n\n\n\n<h3 class=\"wp-block-heading\">Altres cobertures de les assegurances de decessos<\/h3>\n\n\n\n<p>Com a cobertura opcional, \u00e9s habitual que s&#8217;inclogui en la p\u00f2lissa la repatriaci\u00f3 del cos del mort si es troba fora del pa\u00eds en el moment de la defunci\u00f3. A m\u00e9s, si despr\u00e9s del sepeli no s&#8217;ha utilitzat la quantitat completa de la prima contractada, la quantitat restant ser\u00e0 retornada als familiars hereus.<\/p>\n\n\n\n<figure class=\"wp-block-image\"><img loading=\"lazy\" decoding=\"async\" width=\"800\" height=\"533\" src=\"https:\/\/www.mgc.es\/wp-content\/uploads\/2019\/11\/decesos-familia.jpg\" alt=\"\" class=\"wp-image-16118\"\/><\/figure>\n\n\n\n<h2 class=\"wp-block-heading\"><span class=\"ez-toc-section\" id=\"Lasseguranca_de_decessos_dMGC_Mutua_ofereix_cobertura_total_de_les_despeses_i_un_servei_dorientacio_a_les_families\"><\/span>L&#8217;asseguran\u00e7a de decessos d&#8217;MGC M\u00fatua ofereix cobertura total de les despeses i un servei d&#8217;orientaci\u00f3 a les fam\u00edlies<span class=\"ez-toc-section-end\"><\/span><\/h2>\n\n\n\n<p><strong><a rel=\"noreferrer noopener\" aria-label=\" (abre en una nueva pesta\u00f1a)\" href=\"\/ca\/decessos\" target=\"_blank\">L&#8217;asseguran\u00e7a de decessos d&#8217;MGC M\u00fatua<\/a> \u00e9s una asseguran\u00e7a econ\u00f2mica que cobreix les despeses derivades de l&#8217;enterrament i un ampli servei d&#8217;orientaci\u00f3<\/strong> sobre les m\u00faltiples gestions que, inevitablement, cal fer despr\u00e9s de la defunci\u00f3 d&#8217;una persona.<\/p>\n\n\n\n<p>L&#8217;asseguran\u00e7a de decessos d&#8217;MGC M\u00fatua garanteix:<\/p>\n\n\n\n<ul class=\"wp-block-list\"><li>Tramitaci\u00f3 del servei de l&#8217;enterrament o reemborsament de les despeses.<\/li><li>Repatriaci\u00f3, si cal, des de qualsevol lloc del m\u00f3n.<\/li><li>Servei d&#8217;Orientaci\u00f3, que inclou:<ul><li>Sol\u00b7licitud del certificat literal de defunci\u00f3.<\/li><li>Inscripci\u00f3 de la defunci\u00f3 en el llibre de fam\u00edlia.<\/li><li>Tramitaci\u00f3 de l&#8217;expedient de correcci\u00f3 registral al Registre de Defunci\u00f3.<\/li><li>Sol\u00b7licitud de certificat de matrimoni.<\/li><li>Sol\u00b7licitud de fe de vida.<\/li><li>Comunicaci\u00f3 de la defunci\u00f3 a la Seguretat Social.<\/li><li>Sol\u00b7licitud de la pensi\u00f3 de vidu\u00eftat o d&#8217;orfandat.<\/li><li>Sol\u00b7licitud de l&#8217;auxili per a l&#8217;enterrament.<\/li><li>Variacions a la cartilla de la Seguretat Social.<\/li><li>Canvi de titularitat de n\u00ednxol.<\/li><li>Certificat en el Registre d&#8217;Actes d&#8217;\u00daltima Voluntat.<\/li><\/ul><\/li><\/ul>\n\n\n\n<p><strong>Sol\u00b7licita&#8217;ns-es m\u00e9s informaci\u00f3 contactant amb nosaltres a trav\u00e9s del seg\u00fcent <a href=\"\/ca\/contacta-amb-nosaltres\/\" target=\"_blank\" rel=\"noreferrer noopener\" aria-label=\" (abre en una nueva pesta\u00f1a)\">formulari<\/a> o trucant a al tel\u00e8fon 93 414 36 00.<\/strong><\/p>\n","protected":false},"excerpt":{"rendered":"<p>A molts ens preocupen les c\u00e0rregues familiars que podem deixar als nostres \u00e9ssers m\u00e9s estimats en el moment de la nostra mort. Pensar en una asseguran\u00e7a de decessos \u00e9s una bona soluci\u00f3 que ajuda, en un moment emocionalment tan dif\u00edcil, a fer front a les nombroses gestions que inevitablement s&#8217;han de dur a terme i [&hellip;]<\/p>\n","protected":false},"author":3,"featured_media":16116,"comment_status":"open","ping_status":"open","sticky":false,"template":"","format":"standard","meta":{"footnotes":""},"categories":[11,16],"tags":[541,540,539],"class_list":["post-16115","post","type-post","status-publish","format-standard","has-post-thumbnail","hentry","category-actualitat","category-assegurances","tag-defuncio","tag-entierro","tag-sepelio-ca-2"],"featured_image_src":"https:\/\/www.mgc.es\/wp-content\/uploads\/2019\/11\/decesos.jpg","author_info":{"display_name":"Revista Inter\u00e8s Mutu","author_link":"https:\/\/www.mgc.es\/ca\/blog\/author\/interesmutu\/"},"yoast_head":"<!-- This site is optimized with the Yoast SEO plugin v27.2 - https:\/\/yoast.com\/product\/yoast-seo-wordpress\/ -->\n<title>Per qu\u00e8 contractar una asseguran\u00e7a de decessos? - MGC M\u00fatua<\/title>\n<meta name=\"description\" content=\"Per qu\u00e8 contractar una asseguran\u00e7a de decessos? Cobertures, avantatges i que succeeix si no tens una asseguran\u00e7a de decessos.\" \/>\n<meta name=\"robots\" content=\"index, follow, max-snippet:-1, max-image-preview:large, max-video-preview:-1\" \/>\n<link rel=\"canonical\" href=\"https:\/\/www.mgc.es\/ca\/blog\/per-que-cal-ser-previsor-i-pensar-en-una-asseguranca-de-decessos\/\" \/>\n<meta property=\"og:locale\" content=\"ca_ES\" \/>\n<meta property=\"og:type\" content=\"article\" \/>\n<meta property=\"og:title\" content=\"Per qu\u00e8 contractar una asseguran\u00e7a de decessos? - MGC M\u00fatua\" \/>\n<meta property=\"og:description\" content=\"Per qu\u00e8 contractar una asseguran\u00e7a de decessos? Cobertures, avantatges i que succeeix si no tens una asseguran\u00e7a de decessos.\" \/>\n<meta property=\"og:url\" content=\"https:\/\/www.mgc.es\/ca\/blog\/per-que-cal-ser-previsor-i-pensar-en-una-asseguranca-de-decessos\/\" \/>\n<meta property=\"og:site_name\" content=\"MGC M\u00fatua\" \/>\n<meta property=\"article:publisher\" content=\"https:\/\/www.facebook.com\/mgcmutua\" \/>\n<meta property=\"article:published_time\" content=\"2021-01-19T10:00:00+00:00\" \/>\n<meta property=\"article:modified_time\" content=\"2021-04-19T15:36:03+00:00\" \/>\n<meta property=\"og:image\" content=\"https:\/\/www.mgc.es\/wp-content\/uploads\/2019\/11\/decesos.jpg\" \/>\n\t<meta property=\"og:image:width\" content=\"800\" \/>\n\t<meta property=\"og:image:height\" content=\"533\" \/>\n\t<meta property=\"og:image:type\" content=\"image\/jpeg\" \/>\n<meta name=\"author\" content=\"Revista Inter\u00e8s Mutu\" \/>\n<meta name=\"twitter:card\" content=\"summary_large_image\" \/>\n<meta name=\"twitter:creator\" content=\"@mgcmutua\" \/>\n<meta name=\"twitter:site\" content=\"@mgcmutua\" \/>\n<meta name=\"twitter:label1\" content=\"Escrit per\" \/>\n\t<meta name=\"twitter:data1\" content=\"Revista Inter\u00e8s Mutu\" \/>\n\t<meta name=\"twitter:label2\" content=\"Temps estimat de lectura\" \/>\n\t<meta name=\"twitter:data2\" content=\"5 minuts\" \/>\n<!-- \/ Yoast SEO plugin. -->","yoast_head_json":{"title":"Per qu\u00e8 contractar una asseguran\u00e7a de decessos? - MGC M\u00fatua","description":"Per qu\u00e8 contractar una asseguran\u00e7a de decessos? Cobertures, avantatges i que succeeix si no tens una asseguran\u00e7a de decessos.","robots":{"index":"index","follow":"follow","max-snippet":"max-snippet:-1","max-image-preview":"max-image-preview:large","max-video-preview":"max-video-preview:-1"},"canonical":"https:\/\/www.mgc.es\/ca\/blog\/per-que-cal-ser-previsor-i-pensar-en-una-asseguranca-de-decessos\/","og_locale":"ca_ES","og_type":"article","og_title":"Per qu\u00e8 contractar una asseguran\u00e7a de decessos? - MGC M\u00fatua","og_description":"Per qu\u00e8 contractar una asseguran\u00e7a de decessos? Cobertures, avantatges i que succeeix si no tens una asseguran\u00e7a de decessos.","og_url":"https:\/\/www.mgc.es\/ca\/blog\/per-que-cal-ser-previsor-i-pensar-en-una-asseguranca-de-decessos\/","og_site_name":"MGC M\u00fatua","article_publisher":"https:\/\/www.facebook.com\/mgcmutua","article_published_time":"2021-01-19T10:00:00+00:00","article_modified_time":"2021-04-19T15:36:03+00:00","og_image":[{"width":800,"height":533,"url":"https:\/\/www.mgc.es\/wp-content\/uploads\/2019\/11\/decesos.jpg","type":"image\/jpeg"}],"author":"Revista Inter\u00e8s Mutu","twitter_card":"summary_large_image","twitter_creator":"@mgcmutua","twitter_site":"@mgcmutua","twitter_misc":{"Escrit per":"Revista Inter\u00e8s Mutu","Temps estimat de lectura":"5 minuts"},"schema":{"@context":"https:\/\/schema.org","@graph":[{"@type":["Article","BlogPosting"],"@id":"https:\/\/www.mgc.es\/ca\/blog\/per-que-cal-ser-previsor-i-pensar-en-una-asseguranca-de-decessos\/#article","isPartOf":{"@id":"https:\/\/www.mgc.es\/ca\/blog\/per-que-cal-ser-previsor-i-pensar-en-una-asseguranca-de-decessos\/"},"author":{"name":"Revista Inter\u00e8s Mutu","@id":"https:\/\/www.mgc.es\/#\/schema\/person\/010c961d9c9acf38f11187a02b646c16"},"headline":"Per qu\u00e8 contractar una asseguran\u00e7a de decessos?","datePublished":"2021-01-19T10:00:00+00:00","dateModified":"2021-04-19T15:36:03+00:00","mainEntityOfPage":{"@id":"https:\/\/www.mgc.es\/ca\/blog\/per-que-cal-ser-previsor-i-pensar-en-una-asseguranca-de-decessos\/"},"wordCount":1027,"commentCount":0,"publisher":{"@id":"https:\/\/www.mgc.es\/#organization"},"image":{"@id":"https:\/\/www.mgc.es\/ca\/blog\/per-que-cal-ser-previsor-i-pensar-en-una-asseguranca-de-decessos\/#primaryimage"},"thumbnailUrl":"https:\/\/www.mgc.es\/wp-content\/uploads\/2019\/11\/decesos.jpg","keywords":["defunci\u00f3","entierro","sepelio"],"articleSection":["Actualitat M\u00fatua","Sector assegurances"],"inLanguage":"ca","potentialAction":[{"@type":"CommentAction","name":"Comment","target":["https:\/\/www.mgc.es\/ca\/blog\/per-que-cal-ser-previsor-i-pensar-en-una-asseguranca-de-decessos\/#respond"]}]},{"@type":["WebPage","ItemPage"],"@id":"https:\/\/www.mgc.es\/ca\/blog\/per-que-cal-ser-previsor-i-pensar-en-una-asseguranca-de-decessos\/","url":"https:\/\/www.mgc.es\/ca\/blog\/per-que-cal-ser-previsor-i-pensar-en-una-asseguranca-de-decessos\/","name":"Per qu\u00e8 contractar una asseguran\u00e7a de decessos? - MGC M\u00fatua","isPartOf":{"@id":"https:\/\/www.mgc.es\/#website"},"primaryImageOfPage":{"@id":"https:\/\/www.mgc.es\/ca\/blog\/per-que-cal-ser-previsor-i-pensar-en-una-asseguranca-de-decessos\/#primaryimage"},"image":{"@id":"https:\/\/www.mgc.es\/ca\/blog\/per-que-cal-ser-previsor-i-pensar-en-una-asseguranca-de-decessos\/#primaryimage"},"thumbnailUrl":"https:\/\/www.mgc.es\/wp-content\/uploads\/2019\/11\/decesos.jpg","datePublished":"2021-01-19T10:00:00+00:00","dateModified":"2021-04-19T15:36:03+00:00","description":"Per qu\u00e8 contractar una asseguran\u00e7a de decessos? Cobertures, avantatges i que succeeix si no tens una asseguran\u00e7a de decessos.","breadcrumb":{"@id":"https:\/\/www.mgc.es\/ca\/blog\/per-que-cal-ser-previsor-i-pensar-en-una-asseguranca-de-decessos\/#breadcrumb"},"inLanguage":"ca","potentialAction":[{"@type":"ReadAction","target":["https:\/\/www.mgc.es\/ca\/blog\/per-que-cal-ser-previsor-i-pensar-en-una-asseguranca-de-decessos\/"]}]},{"@type":"ImageObject","inLanguage":"ca","@id":"https:\/\/www.mgc.es\/ca\/blog\/per-que-cal-ser-previsor-i-pensar-en-una-asseguranca-de-decessos\/#primaryimage","url":"https:\/\/www.mgc.es\/wp-content\/uploads\/2019\/11\/decesos.jpg","contentUrl":"https:\/\/www.mgc.es\/wp-content\/uploads\/2019\/11\/decesos.jpg","width":800,"height":533,"caption":"per que contractar asseguran\u00e7a de decessos"},{"@type":"BreadcrumbList","@id":"https:\/\/www.mgc.es\/ca\/blog\/per-que-cal-ser-previsor-i-pensar-en-una-asseguranca-de-decessos\/#breadcrumb","itemListElement":[{"@type":"ListItem","position":1,"name":"Home","item":"https:\/\/www.mgc.es\/ca\/"},{"@type":"ListItem","position":2,"name":"Per qu\u00e8 contractar una asseguran\u00e7a de decessos?"}]},{"@type":"WebSite","@id":"https:\/\/www.mgc.es\/#website","url":"https:\/\/www.mgc.es\/","name":"MGC M\u00fatua","description":"MGC M\u00fatua \u00e9s una entitat asseguradora sense \u00e0nim de lucre constitu\u00efda al 1982 i especialitzada en assegurances de salut i assist\u00e8ncia.","publisher":{"@id":"https:\/\/www.mgc.es\/#organization"},"alternateName":"MGC","potentialAction":[{"@type":"SearchAction","target":{"@type":"EntryPoint","urlTemplate":"https:\/\/www.mgc.es\/?s={search_term_string}"},"query-input":{"@type":"PropertyValueSpecification","valueRequired":true,"valueName":"search_term_string"}}],"inLanguage":"ca"},{"@type":"Organization","@id":"https:\/\/www.mgc.es\/#organization","name":"MGC Mutua","alternateName":"MGC","url":"https:\/\/www.mgc.es\/","logo":{"@type":"ImageObject","inLanguage":"ca","@id":"https:\/\/www.mgc.es\/#\/schema\/logo\/image\/","url":"https:\/\/www.mgc.es\/wp-content\/uploads\/2020\/03\/mgcmutua_h2_2t_reduccions.png","contentUrl":"https:\/\/www.mgc.es\/wp-content\/uploads\/2020\/03\/mgcmutua_h2_2t_reduccions.png","width":303,"height":165,"caption":"MGC Mutua"},"image":{"@id":"https:\/\/www.mgc.es\/#\/schema\/logo\/image\/"},"sameAs":["https:\/\/www.facebook.com\/mgcmutua","https:\/\/x.com\/mgcmutua","https:\/\/www.youtube.com\/c\/MGCMutua"]},{"@type":"Person","@id":"https:\/\/www.mgc.es\/#\/schema\/person\/010c961d9c9acf38f11187a02b646c16","name":"Revista Inter\u00e8s Mutu","image":{"@type":"ImageObject","inLanguage":"ca","@id":"https:\/\/secure.gravatar.com\/avatar\/52302d684339b9d7bf5691e2ad00835d62ce3b4a435f21ca9f21fbe39c63cb1b?s=96&d=mm&r=g","url":"https:\/\/secure.gravatar.com\/avatar\/52302d684339b9d7bf5691e2ad00835d62ce3b4a435f21ca9f21fbe39c63cb1b?s=96&d=mm&r=g","contentUrl":"https:\/\/secure.gravatar.com\/avatar\/52302d684339b9d7bf5691e2ad00835d62ce3b4a435f21ca9f21fbe39c63cb1b?s=96&d=mm&r=g","caption":"Revista Inter\u00e8s Mutu"}}]}},"_links":{"self":[{"href":"https:\/\/www.mgc.es\/ca\/wp-json\/wp\/v2\/posts\/16115","targetHints":{"allow":["GET"]}}],"collection":[{"href":"https:\/\/www.mgc.es\/ca\/wp-json\/wp\/v2\/posts"}],"about":[{"href":"https:\/\/www.mgc.es\/ca\/wp-json\/wp\/v2\/types\/post"}],"author":[{"embeddable":true,"href":"https:\/\/www.mgc.es\/ca\/wp-json\/wp\/v2\/users\/3"}],"replies":[{"embeddable":true,"href":"https:\/\/www.mgc.es\/ca\/wp-json\/wp\/v2\/comments?post=16115"}],"version-history":[{"count":5,"href":"https:\/\/www.mgc.es\/ca\/wp-json\/wp\/v2\/posts\/16115\/revisions"}],"predecessor-version":[{"id":21738,"href":"https:\/\/www.mgc.es\/ca\/wp-json\/wp\/v2\/posts\/16115\/revisions\/21738"}],"wp:featuredmedia":[{"embeddable":true,"href":"https:\/\/www.mgc.es\/ca\/wp-json\/wp\/v2\/media\/16116"}],"wp:attachment":[{"href":"https:\/\/www.mgc.es\/ca\/wp-json\/wp\/v2\/media?parent=16115"}],"wp:term":[{"taxonomy":"category","embeddable":true,"href":"https:\/\/www.mgc.es\/ca\/wp-json\/wp\/v2\/categories?post=16115"},{"taxonomy":"post_tag","embeddable":true,"href":"https:\/\/www.mgc.es\/ca\/wp-json\/wp\/v2\/tags?post=16115"}],"curies":[{"name":"wp","href":"https:\/\/api.w.org\/{rel}","templated":true}]}}