{"id":11810,"date":"2019-10-14T00:00:00","date_gmt":"2019-10-13T22:00:00","guid":{"rendered":"http:\/\/web-server-devel.mgc.es\/5-creences-falses-entorn-del-cancer\/"},"modified":"2019-11-22T12:42:00","modified_gmt":"2019-11-22T11:42:00","slug":"5-creences-falses-entorn-del-cancer","status":"publish","type":"post","link":"https:\/\/www.mgc.es\/ca\/blog\/5-creences-falses-entorn-del-cancer\/","title":{"rendered":"5 creences falses entorn del c\u00e0ncer"},"content":{"rendered":"<div id=\"ez-toc-container\" class=\"ez-toc-v2_0_82_1 counter-hierarchy ez-toc-counter ez-toc-custom ez-toc-container-direction\">\n<div class=\"ez-toc-title-container\"><p class=\"ez-toc-title\" style=\"cursor:inherit\">\u00cdndex de continguts<\/p>\n<\/div><nav><ul class='ez-toc-list ez-toc-list-level-1 ' ><li class='ez-toc-page-1 ez-toc-heading-level-2'><a class=\"ez-toc-link ez-toc-heading-1\" href=\"https:\/\/www.mgc.es\/ca\/blog\/5-creences-falses-entorn-del-cancer\/#Creenca_1_En_part_el_pronostic_el_determina_lactitud_del_pacient\" >Creen\u00e7a 1: En part, el pron\u00f2stic el determina l\u2019actitud del pacient<\/a><\/li><li class='ez-toc-page-1 ez-toc-heading-level-2'><a class=\"ez-toc-link ez-toc-heading-2\" href=\"https:\/\/www.mgc.es\/ca\/blog\/5-creences-falses-entorn-del-cancer\/#Creenca_2_Estara_com_abans_quan_superi_el_cancer\" >Creen\u00e7a 2: Estar\u00e0 com abans quan superi el c\u00e0ncer<\/a><\/li><li class='ez-toc-page-1 ez-toc-heading-level-2'><a class=\"ez-toc-link ez-toc-heading-3\" href=\"https:\/\/www.mgc.es\/ca\/blog\/5-creences-falses-entorn-del-cancer\/#Creenca_3_%E2%80%9CA_la_meva_familia_nhi_ha_hagut_diversos_casos_per_tant_jo_tambe_en_patire%E2%80%9D\" >Creen\u00e7a 3: \u201cA la meva fam\u00edlia n\u2019hi ha hagut diversos casos, per tant, jo tamb\u00e9 en patir\u00e9\u201d<\/a><\/li><li class='ez-toc-page-1 ez-toc-heading-level-2'><a class=\"ez-toc-link ez-toc-heading-4\" href=\"https:\/\/www.mgc.es\/ca\/blog\/5-creences-falses-entorn-del-cancer\/#Creenca_4_El_cancer_es_una_sentencia_de_mort\" >Creen\u00e7a 4: El c\u00e0ncer \u00e9s una sent\u00e8ncia de mort<\/a><\/li><li class='ez-toc-page-1 ez-toc-heading-level-2'><a class=\"ez-toc-link ez-toc-heading-5\" href=\"https:\/\/www.mgc.es\/ca\/blog\/5-creences-falses-entorn-del-cancer\/#Creenca_5_Sha_de_fer_descans_quan_es_te_cancer\" >Creen\u00e7a 5: S\u2019ha de fer descans quan es t\u00e9 c\u00e0ncer<\/a><\/li><\/ul><\/nav><\/div>\n<p><img loading=\"lazy\" decoding=\"async\" class=\"alignnone size-full wp-image-6545\" src=\"https:\/\/www.mgc.es\/wp-content\/uploads\/2019\/10\/medico-paciente-cancer2.jpg\" alt=\"doctora con paciente de c\u00e1ncer\" width=\"800\" height=\"546\" \/><\/p>\n<p>Hi ha moltes creences falses entorn del c\u00e0ncer. Aix\u00f2, tenint en compte que a Espanya cada 2,4 minuts (any 2012) s\u2019emet un diagn\u00f2stic d\u2019aquesta malaltia, resulta bastant incomprensible, at\u00e8s que es tracta d\u2019un nivell d\u2019incid\u00e8ncia molt alt. Fins fa relativament poc, ning\u00fa no parlava del c\u00e0ncer si no era per comentar que a algun conegut li n\u2019havien diagnosticat un. Resulta l\u00f2gic, doncs, que aquest secretisme entorn del c\u00e0ncer hagi portat a la creaci\u00f3 d\u2019alguns mites; falses creences que desmuntem en aquest article.<!--more--><\/p>\n<h2><span class=\"ez-toc-section\" id=\"Creenca_1_En_part_el_pronostic_el_determina_lactitud_del_pacient\"><\/span>Creen\u00e7a 1: En part, el pron\u00f2stic el determina l\u2019actitud del pacient<span class=\"ez-toc-section-end\"><\/span><\/h2>\n<p>Aqu\u00ed apareix un tend\u00e8ncia recent sobre el poder del \u201cpensament positiu\u201d en l\u2019evoluci\u00f3 de la malaltia. Aix\u00f2 ha generat \u2012i continua generant\u2012 molta pol\u00e8mica.<\/p>\n<p>L\u2019actitud positiva davant la malaltia \u00e9s una q\u00fcesti\u00f3 molt subjectiva. Des del punt de vista an\u00edmic, encarar la malaltia amb un bon \u00e0nim \u00e9s bo tant per al pacient com per a les persones que li s\u00f3n properes. Acceptar la malaltia pot fer menys ingrata la vida al pacient, per\u00f2 aix\u00f2 dep\u00e8n exclusivament del seu estat d\u2019\u00e0nim i ning\u00fa no hauria de sentir-se obligat a mostrar-se content, coratj\u00f3s i feli\u00e7.<\/p>\n<p>Certament, el pron\u00f2stic del c\u00e0ncer est\u00e0 en funci\u00f3 de la localitzaci\u00f3 (per exemple: \u00e9s molt pitjor un c\u00e0ncer de p\u00e0ncrees que un de testicle), de l\u2019extensi\u00f3 (com m\u00e9s extensi\u00f3, pitjor pron\u00f2stic), de la velocitat de creixement, de la resposta del pacient al tractament i de l\u2019estat de salut del pacient previ al diagn\u00f2stic. L\u2019estat d\u2019\u00e0nim influeix, repetim, sobre el pacient i el sobre el seu entorn, per\u00f2, definitivament, no influeix sobre el pron\u00f2stic.<\/p>\n<h2><span class=\"ez-toc-section\" id=\"Creenca_2_Estara_com_abans_quan_superi_el_cancer\"><\/span>Creen\u00e7a 2: Estar\u00e0 com abans quan superi el c\u00e0ncer<span class=\"ez-toc-section-end\"><\/span><\/h2>\n<p>Quin alleujament, saber que el c\u00e0ncer s\u2019ha superat: innegablement, \u00e9s una bona causa de celebraci\u00f3, per\u00f2, per desgr\u00e0cia, aix\u00f2 no vol dir que tot torni a ser com abans.<\/p>\n<p>No es pot determinar quins canvis generar\u00e0 el c\u00e0ncer en les emocions i els sentiments del pacient. Dep\u00e8n de cadasc\u00fa. Hi ha qui s\u2019adapta completament al necessari canvi d\u2019estil de vida i a les alteracions que ha sofert el cos, per\u00f2 tamb\u00e9 hi ha qui no acaba de superar aquestes circumst\u00e0ncies. Generalment, el c\u00e0ncer canvia la vida de les persones, i aquests canvis es reflecteixen en la ment del pacient.<\/p>\n<p>Per exemple, hi ha pacients que se senten culpables pel fet d\u2019haver sobreviscut a la malaltia, quan molts d\u2019altres, en la mateixa situaci\u00f3, no han tingut aquesta sort: \u201cper qu\u00e8 jo s\u00ed i ells no?\u201d.<\/p>\n<p>\u00c9s important ajudar els pacients a enfrontar els molt diversos sentiments que es poden generar: solitud, enuig, escepticisme, indifer\u00e8ncia\u2026 Les persones de l\u2019entorn del pacient poden ser de gran ajuda, per\u00f2 tamb\u00e9 cal recordar que hi ha moltes organitzacions d\u2019ajuda despr\u00e9s de la malaltia (una simple cerca a Internet les mostrar\u00e0).<\/p>\n<h2><span class=\"ez-toc-section\" id=\"Creenca_3_%E2%80%9CA_la_meva_familia_nhi_ha_hagut_diversos_casos_per_tant_jo_tambe_en_patire%E2%80%9D\"><\/span>Creen\u00e7a 3: \u201cA la meva fam\u00edlia n\u2019hi ha hagut diversos casos, per tant, jo tamb\u00e9 en patir\u00e9\u201d<span class=\"ez-toc-section-end\"><\/span><\/h2>\n<p>Aquesta \u00e9s una creen\u00e7a for\u00e7a estesa. \u00c9s cert que alguns tipus de c\u00e0ncer tenen components gen\u00e8tics (mama, ovari, intest\u00ed, pr\u00f2stata), per\u00f2 la realitat \u00e9s tossuda: nom\u00e9s el 5% del total de c\u00e0ncers va associat a antecedents familiars.<\/p>\n<p>El que passa \u00e9s que hi influeixen molts factors: la dieta, el sedentarisme, el tabac\u2026, en definitiva, l\u2019estil de vida, i, per descomptat, l\u2019edat. I molts d\u2019aquests factors s\u00f3n compartits pels membres d\u2019una mateixa fam\u00edlia.<\/p>\n<p>No deixa de repetir-se (i en aquest web ho remarquem constantment) que un estil de vida sa t\u00e9 efectes ben\u00e8fics en la salut; per posar-ne un exemple, el 90% dels c\u00e0ncers de pulm\u00f3 es dona en fumadors: els beneficis de deixar de fumar resulten evidents, oi?<\/p>\n<h2><span class=\"ez-toc-section\" id=\"Creenca_4_El_cancer_es_una_sentencia_de_mort\"><\/span>Creen\u00e7a 4: El c\u00e0ncer \u00e9s una sent\u00e8ncia de mort<span class=\"ez-toc-section-end\"><\/span><\/h2>\n<p>El tractament del c\u00e0ncer ha evolucionat d\u2019una manera molt favorable en els darrers anys. Fins als anys seixanta del segle passat era la segona causa de mort (per darrere de les malalties card\u00edaques) i la gent el percebia com una malaltia assassina.<\/p>\n<p>Del c\u00e0ncer no se\u2019n parlava, com hem dit al comen\u00e7ament, i fins i tot s\u2019intentava d\u2019ocultar-l\u2019hi al pacient el fet que el patia. \u00c9s clar que sempre acabava assabentant-se\u2019n, per\u00f2 no se li deia per evitar que se sent\u00eds condemnat a mort.<\/p>\n<p>Espanya \u00e9s capdavantera en el tractament del c\u00e0ncer, tant com qualsevol pa\u00eds dels m\u00e9s avan\u00e7ats, o fins i tot per sobre. Tornant als exemples del principi, la superviv\u00e8ncia a un c\u00e0ncer de testicle \u00e9s del 98%\u2026, per\u00f2 continua havent-hi c\u00e0ncers male\u00efts, com el de p\u00e0ncrees, la superviv\u00e8ncia del qual en fases avan\u00e7ades \u00e9s nom\u00e9s de l\u20191%.<\/p>\n<p>En tot cas, \u00e9s fonamental que el pacient rebi tota l\u2019ajuda i el suport necessaris per gaudir d\u2019una qualitat de vida \u00f2ptima en les seves circumst\u00e0ncies. Aix\u00f2 inclou els casos extrems, en qu\u00e8 un pacient terminal ha de poder decidir com vol passar els \u00faltims moments: si a l\u2019hospital, envoltat de tubs, o al seu llit, envoltat per la fam\u00edlia.<\/p>\n<h2><span class=\"ez-toc-section\" id=\"Creenca_5_Sha_de_fer_descans_quan_es_te_cancer\"><\/span>Creen\u00e7a 5: S\u2019ha de fer descans quan es t\u00e9 c\u00e0ncer<span class=\"ez-toc-section-end\"><\/span><\/h2>\n<p>Tenir un c\u00e0ncer \u00e9s una revoluci\u00f3 en el cos. L\u2019impacte de la malaltia \u00e9s gran, com tamb\u00e9 ho \u00e9s el del tractament, que pot ser molt agressiu. Per\u00f2 aix\u00f2 no vol dir necess\u00e0riament que el pacient s\u2019hagi d\u2019estar al llit.<\/p>\n<p>Si un pacient est\u00e0 acostumat a fer exercici, fer-lo estar al llit pot ser m\u00e9s pernici\u00f3s que una altra cosa. No nom\u00e9s li faltar\u00e0 alguna cosa, sin\u00f3 que est\u00e0 comprovat que l\u2019exercici adequat pot alentir la progressi\u00f3 del c\u00e0ncer. I quin \u00e9s el \u201cexercici adequat\u201d? Molt f\u00e0cil: el que el pacient vulgui i pugui fer, \u00e9s una decisi\u00f3 exclusivament seva (\u00e9s una de les poques decisions que no prenen els metges) i, sempre que no hi hagi una recomanaci\u00f3 expressa en contra, ser\u00e0 benefici\u00f3s per a la funci\u00f3 card\u00edaca, per mitigar el cansament, per a la salut \u00f2ssia i, per descomptat, per a l\u2019estat d\u2019\u00e0nim.<\/p>\n<p>Tot hi pot ajudar, i els malalts han d\u2019intentar continuar amb l\u2019activitat que feien abans del diagn\u00f2stic. Es pot intentar de reprendre-la gradualment, especialment si la inactivitat s\u2019ha mantingut durant un temps prolongat.<\/p>\n","protected":false},"excerpt":{"rendered":"<p>Hi ha moltes creences falses entorn del c\u00e0ncer. Aix\u00f2, tenint en compte que a Espanya cada 2,4 minuts (any 2012) s\u2019emet un diagn\u00f2stic d\u2019aquesta malaltia, resulta bastant incomprensible, at\u00e8s que es tracta d\u2019un nivell d\u2019incid\u00e8ncia molt alt. Fins fa relativament poc, ning\u00fa no parlava del c\u00e0ncer si no era per comentar que a algun conegut [&hellip;]<\/p>\n","protected":false},"author":3,"featured_media":14863,"comment_status":"open","ping_status":"open","sticky":false,"template":"","format":"standard","meta":{"footnotes":""},"categories":[996,15],"tags":[398,580],"class_list":["post-11810","post","type-post","status-publish","format-standard","has-post-thumbnail","hentry","category-malalties-i-salut-general","category-salut","tag-cancer-ca","tag-salut"],"featured_image_src":"https:\/\/www.mgc.es\/wp-content\/uploads\/2019\/11\/medico-paciente-cancer2.jpg","author_info":{"display_name":"Revista Inter\u00e8s Mutu","author_link":"https:\/\/www.mgc.es\/ca\/blog\/author\/interesmutu\/"},"yoast_head":"<!-- This site is optimized with the Yoast SEO plugin v27.2 - https:\/\/yoast.com\/product\/yoast-seo-wordpress\/ -->\n<title>5 creences falses entorn del c\u00e0ncer - MGC M\u00fatua<\/title>\n<meta name=\"robots\" content=\"index, follow, max-snippet:-1, max-image-preview:large, max-video-preview:-1\" \/>\n<link rel=\"canonical\" href=\"https:\/\/www.mgc.es\/ca\/blog\/5-creences-falses-entorn-del-cancer\/\" \/>\n<meta property=\"og:locale\" content=\"ca_ES\" \/>\n<meta property=\"og:type\" content=\"article\" \/>\n<meta property=\"og:title\" content=\"5 creences falses entorn del c\u00e0ncer - MGC M\u00fatua\" \/>\n<meta property=\"og:description\" content=\"Hi ha moltes creences falses entorn del c\u00e0ncer. Aix\u00f2, tenint en compte que a Espanya cada 2,4 minuts (any 2012) s\u2019emet un diagn\u00f2stic d\u2019aquesta malaltia, resulta bastant incomprensible, at\u00e8s que es tracta d\u2019un nivell d\u2019incid\u00e8ncia molt alt. Fins fa relativament poc, ning\u00fa no parlava del c\u00e0ncer si no era per comentar que a algun conegut [&hellip;]\" \/>\n<meta property=\"og:url\" content=\"https:\/\/www.mgc.es\/ca\/blog\/5-creences-falses-entorn-del-cancer\/\" \/>\n<meta property=\"og:site_name\" content=\"MGC M\u00fatua\" \/>\n<meta property=\"article:publisher\" content=\"https:\/\/www.facebook.com\/mgcmutua\" \/>\n<meta property=\"article:published_time\" content=\"2019-10-13T22:00:00+00:00\" \/>\n<meta property=\"article:modified_time\" content=\"2019-11-22T11:42:00+00:00\" \/>\n<meta property=\"og:image\" content=\"https:\/\/www.mgc.es\/wp-content\/uploads\/2019\/11\/medico-paciente-cancer2.jpg\" \/>\n\t<meta property=\"og:image:width\" content=\"800\" \/>\n\t<meta property=\"og:image:height\" content=\"546\" \/>\n\t<meta property=\"og:image:type\" content=\"image\/jpeg\" \/>\n<meta name=\"author\" content=\"Revista Inter\u00e8s Mutu\" \/>\n<meta name=\"twitter:card\" content=\"summary_large_image\" \/>\n<meta name=\"twitter:creator\" content=\"@mgcmutua\" \/>\n<meta name=\"twitter:site\" content=\"@mgcmutua\" \/>\n<meta name=\"twitter:label1\" content=\"Escrit per\" \/>\n\t<meta name=\"twitter:data1\" content=\"Revista Inter\u00e8s Mutu\" \/>\n\t<meta name=\"twitter:label2\" content=\"Temps estimat de lectura\" \/>\n\t<meta name=\"twitter:data2\" content=\"6 minuts\" \/>\n<!-- \/ Yoast SEO plugin. -->","yoast_head_json":{"title":"5 creences falses entorn del c\u00e0ncer - MGC M\u00fatua","robots":{"index":"index","follow":"follow","max-snippet":"max-snippet:-1","max-image-preview":"max-image-preview:large","max-video-preview":"max-video-preview:-1"},"canonical":"https:\/\/www.mgc.es\/ca\/blog\/5-creences-falses-entorn-del-cancer\/","og_locale":"ca_ES","og_type":"article","og_title":"5 creences falses entorn del c\u00e0ncer - MGC M\u00fatua","og_description":"Hi ha moltes creences falses entorn del c\u00e0ncer. Aix\u00f2, tenint en compte que a Espanya cada 2,4 minuts (any 2012) s\u2019emet un diagn\u00f2stic d\u2019aquesta malaltia, resulta bastant incomprensible, at\u00e8s que es tracta d\u2019un nivell d\u2019incid\u00e8ncia molt alt. Fins fa relativament poc, ning\u00fa no parlava del c\u00e0ncer si no era per comentar que a algun conegut [&hellip;]","og_url":"https:\/\/www.mgc.es\/ca\/blog\/5-creences-falses-entorn-del-cancer\/","og_site_name":"MGC M\u00fatua","article_publisher":"https:\/\/www.facebook.com\/mgcmutua","article_published_time":"2019-10-13T22:00:00+00:00","article_modified_time":"2019-11-22T11:42:00+00:00","og_image":[{"width":800,"height":546,"url":"https:\/\/www.mgc.es\/wp-content\/uploads\/2019\/11\/medico-paciente-cancer2.jpg","type":"image\/jpeg"}],"author":"Revista Inter\u00e8s Mutu","twitter_card":"summary_large_image","twitter_creator":"@mgcmutua","twitter_site":"@mgcmutua","twitter_misc":{"Escrit per":"Revista Inter\u00e8s Mutu","Temps estimat de lectura":"6 minuts"},"schema":{"@context":"https:\/\/schema.org","@graph":[{"@type":["Article","BlogPosting"],"@id":"https:\/\/www.mgc.es\/ca\/blog\/5-creences-falses-entorn-del-cancer\/#article","isPartOf":{"@id":"https:\/\/www.mgc.es\/ca\/blog\/5-creences-falses-entorn-del-cancer\/"},"author":{"name":"Revista Inter\u00e8s Mutu","@id":"https:\/\/www.mgc.es\/#\/schema\/person\/010c961d9c9acf38f11187a02b646c16"},"headline":"5 creences falses entorn del c\u00e0ncer","datePublished":"2019-10-13T22:00:00+00:00","dateModified":"2019-11-22T11:42:00+00:00","mainEntityOfPage":{"@id":"https:\/\/www.mgc.es\/ca\/blog\/5-creences-falses-entorn-del-cancer\/"},"wordCount":1108,"commentCount":0,"publisher":{"@id":"https:\/\/www.mgc.es\/#organization"},"image":{"@id":"https:\/\/www.mgc.es\/ca\/blog\/5-creences-falses-entorn-del-cancer\/#primaryimage"},"thumbnailUrl":"https:\/\/www.mgc.es\/wp-content\/uploads\/2019\/11\/medico-paciente-cancer2.jpg","keywords":["c\u00e0ncer","salut"],"articleSection":["Malalties i salut general","Salut i medicina"],"inLanguage":"ca","potentialAction":[{"@type":"CommentAction","name":"Comment","target":["https:\/\/www.mgc.es\/ca\/blog\/5-creences-falses-entorn-del-cancer\/#respond"]}]},{"@type":["WebPage","ItemPage"],"@id":"https:\/\/www.mgc.es\/ca\/blog\/5-creences-falses-entorn-del-cancer\/","url":"https:\/\/www.mgc.es\/ca\/blog\/5-creences-falses-entorn-del-cancer\/","name":"5 creences falses entorn del c\u00e0ncer - MGC M\u00fatua","isPartOf":{"@id":"https:\/\/www.mgc.es\/#website"},"primaryImageOfPage":{"@id":"https:\/\/www.mgc.es\/ca\/blog\/5-creences-falses-entorn-del-cancer\/#primaryimage"},"image":{"@id":"https:\/\/www.mgc.es\/ca\/blog\/5-creences-falses-entorn-del-cancer\/#primaryimage"},"thumbnailUrl":"https:\/\/www.mgc.es\/wp-content\/uploads\/2019\/11\/medico-paciente-cancer2.jpg","datePublished":"2019-10-13T22:00:00+00:00","dateModified":"2019-11-22T11:42:00+00:00","breadcrumb":{"@id":"https:\/\/www.mgc.es\/ca\/blog\/5-creences-falses-entorn-del-cancer\/#breadcrumb"},"inLanguage":"ca","potentialAction":[{"@type":"ReadAction","target":["https:\/\/www.mgc.es\/ca\/blog\/5-creences-falses-entorn-del-cancer\/"]}]},{"@type":"ImageObject","inLanguage":"ca","@id":"https:\/\/www.mgc.es\/ca\/blog\/5-creences-falses-entorn-del-cancer\/#primaryimage","url":"https:\/\/www.mgc.es\/wp-content\/uploads\/2019\/11\/medico-paciente-cancer2.jpg","contentUrl":"https:\/\/www.mgc.es\/wp-content\/uploads\/2019\/11\/medico-paciente-cancer2.jpg","width":800,"height":546},{"@type":"BreadcrumbList","@id":"https:\/\/www.mgc.es\/ca\/blog\/5-creences-falses-entorn-del-cancer\/#breadcrumb","itemListElement":[{"@type":"ListItem","position":1,"name":"Home","item":"https:\/\/www.mgc.es\/ca\/"},{"@type":"ListItem","position":2,"name":"5 creences falses entorn del c\u00e0ncer"}]},{"@type":"WebSite","@id":"https:\/\/www.mgc.es\/#website","url":"https:\/\/www.mgc.es\/","name":"MGC M\u00fatua","description":"MGC M\u00fatua \u00e9s una entitat asseguradora sense \u00e0nim de lucre constitu\u00efda al 1982 i especialitzada en assegurances de salut i assist\u00e8ncia.","publisher":{"@id":"https:\/\/www.mgc.es\/#organization"},"alternateName":"MGC","potentialAction":[{"@type":"SearchAction","target":{"@type":"EntryPoint","urlTemplate":"https:\/\/www.mgc.es\/?s={search_term_string}"},"query-input":{"@type":"PropertyValueSpecification","valueRequired":true,"valueName":"search_term_string"}}],"inLanguage":"ca"},{"@type":"Organization","@id":"https:\/\/www.mgc.es\/#organization","name":"MGC Mutua","alternateName":"MGC","url":"https:\/\/www.mgc.es\/","logo":{"@type":"ImageObject","inLanguage":"ca","@id":"https:\/\/www.mgc.es\/#\/schema\/logo\/image\/","url":"https:\/\/www.mgc.es\/wp-content\/uploads\/2020\/03\/mgcmutua_h2_2t_reduccions.png","contentUrl":"https:\/\/www.mgc.es\/wp-content\/uploads\/2020\/03\/mgcmutua_h2_2t_reduccions.png","width":303,"height":165,"caption":"MGC Mutua"},"image":{"@id":"https:\/\/www.mgc.es\/#\/schema\/logo\/image\/"},"sameAs":["https:\/\/www.facebook.com\/mgcmutua","https:\/\/x.com\/mgcmutua","https:\/\/www.youtube.com\/c\/MGCMutua"]},{"@type":"Person","@id":"https:\/\/www.mgc.es\/#\/schema\/person\/010c961d9c9acf38f11187a02b646c16","name":"Revista Inter\u00e8s Mutu","image":{"@type":"ImageObject","inLanguage":"ca","@id":"https:\/\/secure.gravatar.com\/avatar\/52302d684339b9d7bf5691e2ad00835d62ce3b4a435f21ca9f21fbe39c63cb1b?s=96&d=mm&r=g","url":"https:\/\/secure.gravatar.com\/avatar\/52302d684339b9d7bf5691e2ad00835d62ce3b4a435f21ca9f21fbe39c63cb1b?s=96&d=mm&r=g","contentUrl":"https:\/\/secure.gravatar.com\/avatar\/52302d684339b9d7bf5691e2ad00835d62ce3b4a435f21ca9f21fbe39c63cb1b?s=96&d=mm&r=g","caption":"Revista Inter\u00e8s Mutu"}}]}},"_links":{"self":[{"href":"https:\/\/www.mgc.es\/ca\/wp-json\/wp\/v2\/posts\/11810","targetHints":{"allow":["GET"]}}],"collection":[{"href":"https:\/\/www.mgc.es\/ca\/wp-json\/wp\/v2\/posts"}],"about":[{"href":"https:\/\/www.mgc.es\/ca\/wp-json\/wp\/v2\/types\/post"}],"author":[{"embeddable":true,"href":"https:\/\/www.mgc.es\/ca\/wp-json\/wp\/v2\/users\/3"}],"replies":[{"embeddable":true,"href":"https:\/\/www.mgc.es\/ca\/wp-json\/wp\/v2\/comments?post=11810"}],"version-history":[{"count":1,"href":"https:\/\/www.mgc.es\/ca\/wp-json\/wp\/v2\/posts\/11810\/revisions"}],"predecessor-version":[{"id":15326,"href":"https:\/\/www.mgc.es\/ca\/wp-json\/wp\/v2\/posts\/11810\/revisions\/15326"}],"wp:featuredmedia":[{"embeddable":true,"href":"https:\/\/www.mgc.es\/ca\/wp-json\/wp\/v2\/media\/14863"}],"wp:attachment":[{"href":"https:\/\/www.mgc.es\/ca\/wp-json\/wp\/v2\/media?parent=11810"}],"wp:term":[{"taxonomy":"category","embeddable":true,"href":"https:\/\/www.mgc.es\/ca\/wp-json\/wp\/v2\/categories?post=11810"},{"taxonomy":"post_tag","embeddable":true,"href":"https:\/\/www.mgc.es\/ca\/wp-json\/wp\/v2\/tags?post=11810"}],"curies":[{"name":"wp","href":"https:\/\/api.w.org\/{rel}","templated":true}]}}