{"id":11804,"date":"2019-09-06T00:00:00","date_gmt":"2019-09-05T22:00:00","guid":{"rendered":"http:\/\/web-server-devel.mgc.es\/la-tornada-a-lescola-com-podem-prevenir-els-problemes-de-salut\/"},"modified":"2021-03-11T11:01:32","modified_gmt":"2021-03-11T10:01:32","slug":"la-tornada-a-lescola-com-podem-prevenir-els-problemes-de-salut","status":"publish","type":"post","link":"https:\/\/www.mgc.es\/ca\/blog\/la-tornada-a-lescola-com-podem-prevenir-els-problemes-de-salut\/","title":{"rendered":"La tornada a l&#8217;escola, com podem prevenir els problemes de salut?"},"content":{"rendered":"<div id=\"ez-toc-container\" class=\"ez-toc-v2_0_82_1 counter-hierarchy ez-toc-counter ez-toc-custom ez-toc-container-direction\">\n<div class=\"ez-toc-title-container\"><p class=\"ez-toc-title\" style=\"cursor:inherit\">\u00cdndex de continguts<\/p>\n<\/div><nav><ul class='ez-toc-list ez-toc-list-level-1 ' ><li class='ez-toc-page-1 ez-toc-heading-level-2'><a class=\"ez-toc-link ez-toc-heading-1\" href=\"https:\/\/www.mgc.es\/ca\/blog\/la-tornada-a-lescola-com-podem-prevenir-els-problemes-de-salut\/#Infeccions_i_virus\" >Infeccions i virus<\/a><\/li><li class='ez-toc-page-1 ez-toc-heading-level-2'><a class=\"ez-toc-link ez-toc-heading-2\" href=\"https:\/\/www.mgc.es\/ca\/blog\/la-tornada-a-lescola-com-podem-prevenir-els-problemes-de-salut\/#Mal_desquena\" >Mal d&#8217;esquena<\/a><\/li><li class='ez-toc-page-1 ez-toc-heading-level-2'><a class=\"ez-toc-link ez-toc-heading-3\" href=\"https:\/\/www.mgc.es\/ca\/blog\/la-tornada-a-lescola-com-podem-prevenir-els-problemes-de-salut\/#Problemes_visuals\" >Problemes visuals<\/a><\/li><li class='ez-toc-page-1 ez-toc-heading-level-2'><a class=\"ez-toc-link ez-toc-heading-4\" href=\"https:\/\/www.mgc.es\/ca\/blog\/la-tornada-a-lescola-com-podem-prevenir-els-problemes-de-salut\/#Dolor_de_peus\" >Dolor de peus<\/a><\/li><li class='ez-toc-page-1 ez-toc-heading-level-2'><a class=\"ez-toc-link ez-toc-heading-5\" href=\"https:\/\/www.mgc.es\/ca\/blog\/la-tornada-a-lescola-com-podem-prevenir-els-problemes-de-salut\/#Contagi_de_polls\" >Contagi de polls<\/a><\/li><li class='ez-toc-page-1 ez-toc-heading-level-2'><a class=\"ez-toc-link ez-toc-heading-6\" href=\"https:\/\/www.mgc.es\/ca\/blog\/la-tornada-a-lescola-com-podem-prevenir-els-problemes-de-salut\/#Lasseguranca_de_salut_de_Mutua_General_de_Catalunya_te_cura_de_les_necessitats_de_tota_la_familia\" >L&#8217;asseguran\u00e7a de salut de M\u00fatua General de Catalunya t\u00e9 cura de les necessitats de tota la fam\u00edlia<\/a><\/li><\/ul><\/nav><\/div>\n<p><img loading=\"lazy\" decoding=\"async\" class=\"alignnone size-full wp-image-6494\" src=\"https:\/\/www.mgc.es\/wp-content\/uploads\/2019\/09\/vuelta-cole-salud.jpg\" alt=\"ni\u00f1o con mochila\" width=\"800\" height=\"533\"><\/p>\n<p>Amb la tornada a l&#8217;escola, els nens reprenen la rutina d&#8217;horaris i el contacte amb els companys, per\u00f2 tamb\u00e9 tornen els g\u00e8rmens i altres malalties que hem d&#8217;intentar controlar. Qu\u00e8 hem de tenir en compte per prevenir els possibles problemes de salut dels nostres fills?<!--more--><\/p>\n<p>L&#8217;\u00e8poca de la tornada a l&#8217;escola suposa un esfor\u00e7 extra per als pares, que han d&#8217;estar pendents de tot el que necessitaran els fills per al nou curs. No obstant aix\u00f2, la tornada a les aules tamb\u00e9 pot comportar alguns inconvenients en la salut dels nens, de manera que comptar amb les cobertures d&#8217;una bona asseguran\u00e7a de salut ens pot oferir la rapidesa, la confian\u00e7a i la tranquil\u00b7litat que necessitem.<\/p>\n<p>Quins s\u00f3n els problemes m\u00e9s habituals i quins consells podem seguir per evitar-los?<\/p>\n<h2><span class=\"ez-toc-section\" id=\"Infeccions_i_virus\"><\/span>Infeccions i virus<span class=\"ez-toc-section-end\"><\/span><\/h2>\n<p>L&#8217;espai tancat de les classes i el contacte constant amb altres companys afavoreix el contagi de g\u00e8rmens i l&#8217;aparici\u00f3 de virus i infeccions: refredats, grips, bronquitis i otitis estan a l&#8217;ordre del dia. Encara que segurament no puguem fer gaire per evitar-los, es poden prevenir ensenyant bons h\u00e0bits als nens des de petits:<\/p>\n<ul>\n<li>La import\u00e0ncia de rentar-se les mans sovint (sobretot abans dels \u00e0pats i despr\u00e9s d&#8217;anar al bany) per evitar la transmissi\u00f3 dels g\u00e8rmens.<\/li>\n<li>Tapar-se la boca amb l&#8217;avantbra\u00e7 en tossir o esternudar.<\/li>\n<li>Una bona alimentaci\u00f3 i hidrataci\u00f3.<\/li>\n<li>Descansar les hores suficients.<\/li>\n<\/ul>\n<p>En aquest sentit, la lact\u00e0ncia materna t\u00e9 un paper important a l&#8217;hora de desenvolupar el sistema immunol\u00f2gic dels nostres fills. I portar la vacunaci\u00f3 al dia evitar\u00e0 multitud de malalties.<\/p>\n<p><img loading=\"lazy\" decoding=\"async\" class=\"alignnone size-full wp-image-3658\" src=\"https:\/\/www.mgc.es\/wp-content\/uploads\/2017\/07\/diana_ca.png\" alt=\"apps Diana\" width=\"1200\" height=\"480\"><\/p>\n<p>Amb les <a href=\"https:\/\/www.mgc.es\/ca\/blog\/apren-amb-la-diana-a-les-apps-educatives-per-a-nens-de-la-fundacio-mutua-general-de-catalunya\/\" target=\"_blank\" rel=\"noopener noreferrer\">apps educatives<\/a> &#8220;<strong>Diana menja sa<\/strong>&#8221; i &#8220;<strong>Diana fa esport<\/strong>&#8220;, de la Fundaci\u00f3 M\u00fatua General de Catalunya, els nens poden aprendre h\u00e0bits saludables d&#8217;una forma interactiva i amena. Ja s\u00f3n tot un \u00e8xit amb milers de desc\u00e0rregues.<\/p>\n<h2><span class=\"ez-toc-section\" id=\"Mal_desquena\"><\/span>Mal d&#8217;esquena<span class=\"ez-toc-section-end\"><\/span><\/h2>\n<p>Les motxilles escolars massa carregades, mal distribu\u00efdes o mal penjades a l&#8217;esquena poden causar problemes d&#8217;esquena en els nens. Per evitar-ho, hem de tenir en compte:<\/p>\n<ul>\n<li>Triar b\u00e9 el model de motxilla, millor si \u00e9s ergon\u00f2mica, amb bones nanses i que no sobrepassi la cintura. \u00c9s convenient que no tinguin massa compartiments, per evitar un exc\u00e9s de c\u00e0rrega.<\/li>\n<li>Portar sempre penjada la motxilla de les dues nanses.<\/li>\n<li>No ha de pesar m\u00e9s que el 15% del pes del nen.<\/li>\n<li>Distribuir els objectes de forma correcta: els m\u00e9s pesats al fons i al costat de l&#8217;esquena.<\/li>\n<\/ul>\n<p>En aquest sentit, \u00e9s molt convenient que els nens facin algun tipus d&#8217;activitat f\u00edsica que els reforci la musculatura.<\/p>\n<h2><span class=\"ez-toc-section\" id=\"Problemes_visuals\"><\/span>Problemes visuals<span class=\"ez-toc-section-end\"><\/span><\/h2>\n<p>Els problemes de la vista poden ser responsables del frac\u00e0s escolar, per tant \u00e9s important que els nens tinguin una bona visi\u00f3. Per aquesta ra\u00f3 cal fer revisions oculars peri\u00f2diques, sobretot si n\u2019hi ha antecedents en la fam\u00edlia o els nens tenen astigmatisme o miopia.<\/p>\n<p><img loading=\"lazy\" decoding=\"async\" class=\"alignnone size-full wp-image-6496\" src=\"https:\/\/www.mgc.es\/wp-content\/uploads\/2019\/09\/vuelta-cole-salud-ojos.jpg\" alt=\"revisi\u00f3n ocular\" width=\"800\" height=\"533\"><\/p>\n<h2><span class=\"ez-toc-section\" id=\"Dolor_de_peus\"><\/span>Dolor de peus<span class=\"ez-toc-section-end\"><\/span><\/h2>\n<p>Un bon cal\u00e7at \u00e9s important per al desenvolupament correcte del peu.<\/p>\n<ul>\n<li>Una bona resist\u00e8ncia del turmell \u00e9s important quan es comen\u00e7a a caminar, de manera que les sabates han de tenir un bon refor\u00e7 en els laterals i el tal\u00f3.<\/li>\n<li>Fins als 10 anys el peu creix de forma cont\u00ednua, de manera que hem de revisar sovint que les sabates no els quedin petites.<\/li>\n<li>A l&#8217;estiu hem de triar sand\u00e0lies amb una bona subjecci\u00f3, que estiguin ben lligades, i evitar aquells models que se subjecten per la part davantera entre el dit gros del peu i el segon dit.<\/li>\n<li>El cal\u00e7at ha de ser flexible i lleuger, per\u00f2 refor\u00e7at al tal\u00f3. De materials naturals i transpirables, pla per evitar l&#8217;elevaci\u00f3 del pont i que s&#8217;adapti b\u00e9 al peu per evitar malformacions.<\/li>\n<\/ul>\n<h2><span class=\"ez-toc-section\" id=\"Contagi_de_polls\"><\/span>Contagi de polls<span class=\"ez-toc-section-end\"><\/span><\/h2>\n<p>Aproximadament entre un 5 i un 15% dels nens es contagien de polls a l&#8217;escola. Una bona higiene capil\u00b7lar, el control constant (sobretot quan se sap que hi ha un brot) i l&#8217;\u00fas de locions i xamp\u00fas espec\u00edfics que eliminin polls, ll\u00e9menes i ous pot solucionar el problema.<\/p>\n<p>El comen\u00e7ament de l&#8217;any escolar \u00e9s un bon moment per revisar les necessitats de salut de la fam\u00edlia. Comptar amb <a href=\"https:\/\/www.mgc.es\/ca\/blog\/els-nens-i-lasseguranca-de-salut\/\" target=\"_blank\" rel=\"noopener noreferrer\">una asseguran\u00e7a de salut amb cobertura per als teus fills<\/a> t&#8217;ofereix la tranquil\u00b7litat d\u2019accedir de forma r\u00e0pida i c\u00f2moda als especialistes que poden tractar les afeccions de la tornada a l&#8217;escola i les que sorgeixen la resta de l&#8217;any.<\/p>\n<p><img loading=\"lazy\" decoding=\"async\" class=\"alignnone size-full wp-image-6495\" src=\"https:\/\/www.mgc.es\/wp-content\/uploads\/2019\/09\/vuelta-cole-salud-manos.jpg\" alt=\"lavado de manos\" width=\"800\" height=\"533\"><\/p>\n<h2><span class=\"ez-toc-section\" id=\"Lasseguranca_de_salut_de_Mutua_General_de_Catalunya_te_cura_de_les_necessitats_de_tota_la_familia\"><\/span>L&#8217;asseguran\u00e7a de salut de M\u00fatua General de Catalunya t\u00e9 cura de les necessitats de tota la fam\u00edlia<span class=\"ez-toc-section-end\"><\/span><\/h2>\n<p>L\u2019asseguran\u00e7a de salut de la M\u00fatua General de Catalunya inclou les cobertures m\u00e9s completes per a tota la fam\u00edlia i un ampli quadre facultatiu en totes les especialitats, incloent pediatria i tots aquells especialistes que puguin necessitar els m\u00e9s petits, com ara otorrinolaring\u00f2legs, oftalm\u00f2legs, logopedes, pod\u00f2legs, psic\u00f2legs, dermat\u00f2legs, etc. Consulta les modalitats <a href=\"https:\/\/www.mgc.es\/ca\/assegurances-de-salut\/total\/\" target=\"_blank\" rel=\"noopener noreferrer\">AS-Total<\/a> I <a href=\"https:\/\/www.mgc.es\/ca\/assegurances-de-salut\/global\/\" target=\"_blank\" rel=\"noopener noreferrer\">AS-Global<\/a>.<\/p>\n<p>Es complementa, a m\u00e9s, amb un <a href=\"http:\/\/cobertures.mgc.es\/quadre\" target=\"_blank\" rel=\"noopener noreferrer\">ampli ventall de serveis<\/a> que garanteixen als nostres associats i als seus fills una atenci\u00f3 integral i immediata. Entre altres:<\/p>\n<ul>\n<li><a href=\"https:\/\/www.mgc.es\/ca\/centres-i-metges\/mutua-24h\" target=\"_blank\" rel=\"noopener noreferrer\"><strong>Urg\u00e8ncies M\u00fatua 24 hores<\/strong><\/a>.<\/li>\n<li>Servei telef\u00f2nic d\u2019urg\u00e8ncies i <strong>consultes les 24 hores<\/strong> del dia, tots els dies de l\u2019any.<\/li>\n<li>Assist\u00e8ncia m\u00e8dica i d\u2019infermeria a domicili, en cas d\u2019urg\u00e8ncia.<\/li>\n<li><strong>Teleconsulta m\u00e8dica<\/strong>, pedi\u00e0trica i psicol\u00f2gica tots els dies de l\u2019any.<\/li>\n<li>Un <strong>ampli quadre facultatiu<\/strong> a tot Espanya que compta, nom\u00e9s a Catalunya i Balears, amb m\u00e9s de 10.000 professionals, centres i cl\u00edniques.<\/li>\n<li>La M\u00fatua ofereix la possibilitat de contractar, a preus especials, el <strong>servei d\u2019<a href=\"http:\/\/cobertures.mgc.es\/crioconservacio\" target=\"_blank\" rel=\"noopener noreferrer\">extracci\u00f3 de les c\u00e8l\u00b7lules mare del cord\u00f3 umbilical<\/a><\/strong> del nad\u00f3 en el moment del part i la posterior crioconservaci\u00f3 en laboratori.<\/li>\n<li><strong><a href=\"https:\/\/espaimutua.mgc.es\/index.php\" target=\"_blank\" rel=\"noopener noreferrer\">Espai M\u00fatua<\/a><\/strong>, un nou concepte d\u2019oficina que t\u2019ofereix, sense cost, serveis extra d\u2019inter\u00e8s per a tota la fam\u00edlia, incloent-hi els m\u00e9s petits, com Espai M\u00fatua <em>aniversaris<\/em> i Espai M\u00fatua <em>estudis<\/em>.<\/li>\n<\/ul>\n<p><strong>Sol\u00b7licita\u2019n m\u00e9s informaci\u00f3 <a href=\"https:\/\/landing.mgc.es\/generica\/ca\/\" target=\"_blank\" rel=\"noopener noreferrer\">enviant el formulari<\/a> o trucant al tel\u00e8fon 93 414 36 00.<\/strong><\/p>\n\n\n<p><\/p>\n","protected":false},"excerpt":{"rendered":"<p>Amb la tornada a l&#8217;escola, els nens reprenen la rutina d&#8217;horaris i el contacte amb els companys, per\u00f2 tamb\u00e9 tornen els g\u00e8rmens i altres malalties que hem d&#8217;intentar controlar. Qu\u00e8 hem de tenir en compte per prevenir els possibles problemes de salut dels nostres fills?<\/p>\n","protected":false},"author":3,"featured_media":14842,"comment_status":"open","ping_status":"open","sticky":false,"template":"","format":"standard","meta":{"footnotes":""},"categories":[669,668],"tags":[437,463,499],"class_list":["post-11804","post","type-post","status-publish","format-standard","has-post-thumbnail","hentry","category-fills","category-vida-parella","tag-habits-saludables","tag-nens","tag-salut-emocional"],"featured_image_src":"https:\/\/www.mgc.es\/wp-content\/uploads\/2019\/11\/vuelta-cole-salud.jpg","author_info":{"display_name":"Revista Inter\u00e8s Mutu","author_link":"https:\/\/www.mgc.es\/ca\/blog\/author\/interesmutu\/"},"yoast_head":"<!-- This site is optimized with the Yoast SEO plugin v27.2 - https:\/\/yoast.com\/product\/yoast-seo-wordpress\/ -->\n<title>La tornada a l&#039;escola, com podem prevenir els problemes de salut? - MGC M\u00fatua<\/title>\n<meta name=\"robots\" content=\"index, follow, max-snippet:-1, max-image-preview:large, max-video-preview:-1\" \/>\n<link rel=\"canonical\" href=\"https:\/\/www.mgc.es\/ca\/blog\/la-tornada-a-lescola-com-podem-prevenir-els-problemes-de-salut\/\" \/>\n<meta property=\"og:locale\" content=\"ca_ES\" \/>\n<meta property=\"og:type\" content=\"article\" \/>\n<meta property=\"og:title\" content=\"La tornada a l&#039;escola, com podem prevenir els problemes de salut? - MGC M\u00fatua\" \/>\n<meta property=\"og:description\" content=\"Amb la tornada a l&#8217;escola, els nens reprenen la rutina d&#8217;horaris i el contacte amb els companys, per\u00f2 tamb\u00e9 tornen els g\u00e8rmens i altres malalties que hem d&#8217;intentar controlar. Qu\u00e8 hem de tenir en compte per prevenir els possibles problemes de salut dels nostres fills?\" \/>\n<meta property=\"og:url\" content=\"https:\/\/www.mgc.es\/ca\/blog\/la-tornada-a-lescola-com-podem-prevenir-els-problemes-de-salut\/\" \/>\n<meta property=\"og:site_name\" content=\"MGC M\u00fatua\" \/>\n<meta property=\"article:publisher\" content=\"https:\/\/www.facebook.com\/mgcmutua\" \/>\n<meta property=\"article:published_time\" content=\"2019-09-05T22:00:00+00:00\" \/>\n<meta property=\"article:modified_time\" content=\"2021-03-11T10:01:32+00:00\" \/>\n<meta property=\"og:image\" content=\"https:\/\/www.mgc.es\/wp-content\/uploads\/2019\/11\/vuelta-cole-salud.jpg\" \/>\n\t<meta property=\"og:image:width\" content=\"800\" \/>\n\t<meta property=\"og:image:height\" content=\"533\" \/>\n\t<meta property=\"og:image:type\" content=\"image\/jpeg\" \/>\n<meta name=\"author\" content=\"Revista Inter\u00e8s Mutu\" \/>\n<meta name=\"twitter:card\" content=\"summary_large_image\" \/>\n<meta name=\"twitter:creator\" content=\"@mgcmutua\" \/>\n<meta name=\"twitter:site\" content=\"@mgcmutua\" \/>\n<meta name=\"twitter:label1\" content=\"Escrit per\" \/>\n\t<meta name=\"twitter:data1\" content=\"Revista Inter\u00e8s Mutu\" \/>\n\t<meta name=\"twitter:label2\" content=\"Temps estimat de lectura\" \/>\n\t<meta name=\"twitter:data2\" content=\"5 minuts\" \/>\n<!-- \/ Yoast SEO plugin. -->","yoast_head_json":{"title":"La tornada a l'escola, com podem prevenir els problemes de salut? - MGC M\u00fatua","robots":{"index":"index","follow":"follow","max-snippet":"max-snippet:-1","max-image-preview":"max-image-preview:large","max-video-preview":"max-video-preview:-1"},"canonical":"https:\/\/www.mgc.es\/ca\/blog\/la-tornada-a-lescola-com-podem-prevenir-els-problemes-de-salut\/","og_locale":"ca_ES","og_type":"article","og_title":"La tornada a l'escola, com podem prevenir els problemes de salut? - MGC M\u00fatua","og_description":"Amb la tornada a l&#8217;escola, els nens reprenen la rutina d&#8217;horaris i el contacte amb els companys, per\u00f2 tamb\u00e9 tornen els g\u00e8rmens i altres malalties que hem d&#8217;intentar controlar. Qu\u00e8 hem de tenir en compte per prevenir els possibles problemes de salut dels nostres fills?","og_url":"https:\/\/www.mgc.es\/ca\/blog\/la-tornada-a-lescola-com-podem-prevenir-els-problemes-de-salut\/","og_site_name":"MGC M\u00fatua","article_publisher":"https:\/\/www.facebook.com\/mgcmutua","article_published_time":"2019-09-05T22:00:00+00:00","article_modified_time":"2021-03-11T10:01:32+00:00","og_image":[{"width":800,"height":533,"url":"https:\/\/www.mgc.es\/wp-content\/uploads\/2019\/11\/vuelta-cole-salud.jpg","type":"image\/jpeg"}],"author":"Revista Inter\u00e8s Mutu","twitter_card":"summary_large_image","twitter_creator":"@mgcmutua","twitter_site":"@mgcmutua","twitter_misc":{"Escrit per":"Revista Inter\u00e8s Mutu","Temps estimat de lectura":"5 minuts"},"schema":{"@context":"https:\/\/schema.org","@graph":[{"@type":["Article","BlogPosting"],"@id":"https:\/\/www.mgc.es\/ca\/blog\/la-tornada-a-lescola-com-podem-prevenir-els-problemes-de-salut\/#article","isPartOf":{"@id":"https:\/\/www.mgc.es\/ca\/blog\/la-tornada-a-lescola-com-podem-prevenir-els-problemes-de-salut\/"},"author":{"name":"Revista Inter\u00e8s Mutu","@id":"https:\/\/www.mgc.es\/#\/schema\/person\/010c961d9c9acf38f11187a02b646c16"},"headline":"La tornada a l&#8217;escola, com podem prevenir els problemes de salut?","datePublished":"2019-09-05T22:00:00+00:00","dateModified":"2021-03-11T10:01:32+00:00","mainEntityOfPage":{"@id":"https:\/\/www.mgc.es\/ca\/blog\/la-tornada-a-lescola-com-podem-prevenir-els-problemes-de-salut\/"},"wordCount":1032,"commentCount":0,"publisher":{"@id":"https:\/\/www.mgc.es\/#organization"},"image":{"@id":"https:\/\/www.mgc.es\/ca\/blog\/la-tornada-a-lescola-com-podem-prevenir-els-problemes-de-salut\/#primaryimage"},"thumbnailUrl":"https:\/\/www.mgc.es\/wp-content\/uploads\/2019\/11\/vuelta-cole-salud.jpg","keywords":["h\u00e0bits saludables","nens","salut emocional"],"articleSection":["Familia i fills","Vida de Parella"],"inLanguage":"ca","potentialAction":[{"@type":"CommentAction","name":"Comment","target":["https:\/\/www.mgc.es\/ca\/blog\/la-tornada-a-lescola-com-podem-prevenir-els-problemes-de-salut\/#respond"]}]},{"@type":["WebPage","ItemPage"],"@id":"https:\/\/www.mgc.es\/ca\/blog\/la-tornada-a-lescola-com-podem-prevenir-els-problemes-de-salut\/","url":"https:\/\/www.mgc.es\/ca\/blog\/la-tornada-a-lescola-com-podem-prevenir-els-problemes-de-salut\/","name":"La tornada a l'escola, com podem prevenir els problemes de salut? - MGC M\u00fatua","isPartOf":{"@id":"https:\/\/www.mgc.es\/#website"},"primaryImageOfPage":{"@id":"https:\/\/www.mgc.es\/ca\/blog\/la-tornada-a-lescola-com-podem-prevenir-els-problemes-de-salut\/#primaryimage"},"image":{"@id":"https:\/\/www.mgc.es\/ca\/blog\/la-tornada-a-lescola-com-podem-prevenir-els-problemes-de-salut\/#primaryimage"},"thumbnailUrl":"https:\/\/www.mgc.es\/wp-content\/uploads\/2019\/11\/vuelta-cole-salud.jpg","datePublished":"2019-09-05T22:00:00+00:00","dateModified":"2021-03-11T10:01:32+00:00","breadcrumb":{"@id":"https:\/\/www.mgc.es\/ca\/blog\/la-tornada-a-lescola-com-podem-prevenir-els-problemes-de-salut\/#breadcrumb"},"inLanguage":"ca","potentialAction":[{"@type":"ReadAction","target":["https:\/\/www.mgc.es\/ca\/blog\/la-tornada-a-lescola-com-podem-prevenir-els-problemes-de-salut\/"]}]},{"@type":"ImageObject","inLanguage":"ca","@id":"https:\/\/www.mgc.es\/ca\/blog\/la-tornada-a-lescola-com-podem-prevenir-els-problemes-de-salut\/#primaryimage","url":"https:\/\/www.mgc.es\/wp-content\/uploads\/2019\/11\/vuelta-cole-salud.jpg","contentUrl":"https:\/\/www.mgc.es\/wp-content\/uploads\/2019\/11\/vuelta-cole-salud.jpg","width":800,"height":533},{"@type":"BreadcrumbList","@id":"https:\/\/www.mgc.es\/ca\/blog\/la-tornada-a-lescola-com-podem-prevenir-els-problemes-de-salut\/#breadcrumb","itemListElement":[{"@type":"ListItem","position":1,"name":"Home","item":"https:\/\/www.mgc.es\/ca\/"},{"@type":"ListItem","position":2,"name":"La tornada a l&#8217;escola, com podem prevenir els problemes de salut?"}]},{"@type":"WebSite","@id":"https:\/\/www.mgc.es\/#website","url":"https:\/\/www.mgc.es\/","name":"MGC M\u00fatua","description":"MGC M\u00fatua \u00e9s una entitat asseguradora sense \u00e0nim de lucre constitu\u00efda al 1982 i especialitzada en assegurances de salut i assist\u00e8ncia.","publisher":{"@id":"https:\/\/www.mgc.es\/#organization"},"alternateName":"MGC","potentialAction":[{"@type":"SearchAction","target":{"@type":"EntryPoint","urlTemplate":"https:\/\/www.mgc.es\/?s={search_term_string}"},"query-input":{"@type":"PropertyValueSpecification","valueRequired":true,"valueName":"search_term_string"}}],"inLanguage":"ca"},{"@type":"Organization","@id":"https:\/\/www.mgc.es\/#organization","name":"MGC Mutua","alternateName":"MGC","url":"https:\/\/www.mgc.es\/","logo":{"@type":"ImageObject","inLanguage":"ca","@id":"https:\/\/www.mgc.es\/#\/schema\/logo\/image\/","url":"https:\/\/www.mgc.es\/wp-content\/uploads\/2020\/03\/mgcmutua_h2_2t_reduccions.png","contentUrl":"https:\/\/www.mgc.es\/wp-content\/uploads\/2020\/03\/mgcmutua_h2_2t_reduccions.png","width":303,"height":165,"caption":"MGC Mutua"},"image":{"@id":"https:\/\/www.mgc.es\/#\/schema\/logo\/image\/"},"sameAs":["https:\/\/www.facebook.com\/mgcmutua","https:\/\/x.com\/mgcmutua","https:\/\/www.youtube.com\/c\/MGCMutua"]},{"@type":"Person","@id":"https:\/\/www.mgc.es\/#\/schema\/person\/010c961d9c9acf38f11187a02b646c16","name":"Revista Inter\u00e8s Mutu","image":{"@type":"ImageObject","inLanguage":"ca","@id":"https:\/\/secure.gravatar.com\/avatar\/52302d684339b9d7bf5691e2ad00835d62ce3b4a435f21ca9f21fbe39c63cb1b?s=96&d=mm&r=g","url":"https:\/\/secure.gravatar.com\/avatar\/52302d684339b9d7bf5691e2ad00835d62ce3b4a435f21ca9f21fbe39c63cb1b?s=96&d=mm&r=g","contentUrl":"https:\/\/secure.gravatar.com\/avatar\/52302d684339b9d7bf5691e2ad00835d62ce3b4a435f21ca9f21fbe39c63cb1b?s=96&d=mm&r=g","caption":"Revista Inter\u00e8s Mutu"}}]}},"_links":{"self":[{"href":"https:\/\/www.mgc.es\/ca\/wp-json\/wp\/v2\/posts\/11804","targetHints":{"allow":["GET"]}}],"collection":[{"href":"https:\/\/www.mgc.es\/ca\/wp-json\/wp\/v2\/posts"}],"about":[{"href":"https:\/\/www.mgc.es\/ca\/wp-json\/wp\/v2\/types\/post"}],"author":[{"embeddable":true,"href":"https:\/\/www.mgc.es\/ca\/wp-json\/wp\/v2\/users\/3"}],"replies":[{"embeddable":true,"href":"https:\/\/www.mgc.es\/ca\/wp-json\/wp\/v2\/comments?post=11804"}],"version-history":[{"count":5,"href":"https:\/\/www.mgc.es\/ca\/wp-json\/wp\/v2\/posts\/11804\/revisions"}],"predecessor-version":[{"id":21240,"href":"https:\/\/www.mgc.es\/ca\/wp-json\/wp\/v2\/posts\/11804\/revisions\/21240"}],"wp:featuredmedia":[{"embeddable":true,"href":"https:\/\/www.mgc.es\/ca\/wp-json\/wp\/v2\/media\/14842"}],"wp:attachment":[{"href":"https:\/\/www.mgc.es\/ca\/wp-json\/wp\/v2\/media?parent=11804"}],"wp:term":[{"taxonomy":"category","embeddable":true,"href":"https:\/\/www.mgc.es\/ca\/wp-json\/wp\/v2\/categories?post=11804"},{"taxonomy":"post_tag","embeddable":true,"href":"https:\/\/www.mgc.es\/ca\/wp-json\/wp\/v2\/tags?post=11804"}],"curies":[{"name":"wp","href":"https:\/\/api.w.org\/{rel}","templated":true}]}}