{"id":11783,"date":"2019-06-26T00:00:00","date_gmt":"2019-06-25T22:00:00","guid":{"rendered":"http:\/\/web-server-devel.mgc.es\/dr-bartomeu-vicens-estem-vivint-un-canvi-de-cicle-en-el-que-els-habits-de-consum-han-canviat-substancialment\/"},"modified":"2019-12-02T12:32:47","modified_gmt":"2019-12-02T11:32:47","slug":"dr-bartomeu-vicens-estem-vivint-un-canvi-de-cicle-en-el-que-els-habits-de-consum-han-canviat-substancialment","status":"publish","type":"post","link":"https:\/\/www.mgc.es\/ca\/blog\/dr-bartomeu-vicens-estem-vivint-un-canvi-de-cicle-en-el-que-els-habits-de-consum-han-canviat-substancialment\/","title":{"rendered":"Dr. Bartomeu Vicens: \u201cEstem vivint un canvi de cicle en el que els h\u00e0bits de consum han canviat substancialment.\u201d"},"content":{"rendered":"<p><img loading=\"lazy\" decoding=\"async\" class=\"aligncenter size-full wp-image-6331\" src=\"https:\/\/www.mgc.es\/wp-content\/uploads\/2019\/06\/assemblea-4.jpg\" alt=\"\" width=\"2833\" height=\"1737\" \/>El passat 25 de juny, a la seu central de la M\u00fatua, va tenir lloc l\u2019<strong>Assemblea General<\/strong>, en la qual es va fer un rep\u00e0s dels fets m\u00e9s destacats de l\u2019any 2018 i es van aprovar els comptes anuals de l\u2019exercici. La reuni\u00f3 del nostre m\u00e0xim \u00f2rgan de govern va estar presidida pel Dr. Bartomeu Vicens, president de l\u2019entitat, Daniel Redondo, director general, i David S\u00e1nchez, director operatiu, estudis i projectes.<!--more--><\/p>\n<p>El 2018, entre altres coses, \u201cha estat un any d\u2019inflexi\u00f3 i de reflexi\u00f3 sobre la nostra cultura d\u2019empresa, la caracter\u00edstica innegociable que defineix no nom\u00e9s el prop\u00f2sit d\u2019una empresa sin\u00f3 la seva pr\u00f2pia exist\u00e8ncia. \u00c9s per aquest motiu que hem posat en marxa el Projecte Comprom\u00eds 360, que consisteix a desenvolupar un model de gesti\u00f3 focalitzat en els mutualistes, situant-los en el centre de totes les nostres decisions, com no pot ser d\u2019una altra manera\u201d, va senyalar el Dr. Bartomeu Vicens en el seu discurs.<\/p>\n<p>El president de l\u2019entitat va afegir que al llarg de l&#8217;any s&#8217;ha fet una reflexi\u00f3 &#8220;sobre l\u2019exig\u00e8ncia, el comprom\u00eds, la generositat, la fidelitat i el talent dels nostres equips; i hem fet un an\u00e0lisi sobre els valors i els principis que ens mouen i que, sens dubte, estan sempre per sobre del talent individual\u201d. \u00a0Aix\u00ed mateix, va expressar la seva opini\u00f3 sobre la tecnologia i les implicacions en el nostre sector: \u201cTots soms conscients que estem vivint un canvi de cicle i d\u2019\u00e8poca en el que els h\u00e0bits de consum han canviat substancialment, marcats pels aven\u00e7os tecnol\u00f2gics, i estem obligats a adaptar-nos-hi si volem continuar creixent\u201d.<\/p>\n<p><img loading=\"lazy\" decoding=\"async\" class=\"aligncenter size-full wp-image-6318\" src=\"https:\/\/www.mgc.es\/wp-content\/uploads\/2019\/06\/assemblea-2019-3.jpg\" alt=\"\" width=\"3007\" height=\"1215\" \/>En acabar el seu parlament, va prendre la paraula Daniel Redondo, director general de l\u2019entitat, que va enumerar les dades m\u00e9s significatives, aix\u00ed com les activitats m\u00e9s destacades de l\u2019any portades a terme per la M\u00fatua, i va subratllar la fortalesa que l&#8217;asseguran\u00e7a de salut ha demostrat al llarg dels darrers anys &#8220;ja que el nombre d\u2019assegurats de salut ja est\u00e0 prop, en aquests moments i en el nostre pa\u00eds, dels dotze milions de persones\u201d. Aixi mateix, va afegir que \u201cla M\u00fatua no ha estat aliena a aquesta situaci\u00f3 ja que l&#8217;any 2018 ha ofert, novament, molt bons resultats econ\u00f2mics, i tamb\u00e9 ha estat particularment positiu, en termes de gesti\u00f3, pel que fa als resultats obtinguts de les diverses accions i campanyes que hem posat en marxa.\u201d<\/p>\n<p>Per la seva part, David S\u00e1nchez, director operatiu, estudis i projectes de la M\u00fatua General de Catalunya va presentar els resultats econ\u00f2mics de l\u2019entitat, que novament van fer palesa la solidesa de la gesti\u00f3 i la fortalesa de la M\u00fatua.<\/p>\n","protected":false},"excerpt":{"rendered":"<p>El passat 25 de juny, a la seu central de la M\u00fatua, va tenir lloc l\u2019Assemblea General, en la qual es va fer un rep\u00e0s dels fets m\u00e9s destacats de l\u2019any 2018.<\/p>\n","protected":false},"author":3,"featured_media":14783,"comment_status":"open","ping_status":"open","sticky":false,"template":"","format":"standard","meta":{"footnotes":""},"categories":[11],"tags":[],"class_list":["post-11783","post","type-post","status-publish","format-standard","has-post-thumbnail","hentry","category-actualitat"],"featured_image_src":"https:\/\/www.mgc.es\/wp-content\/uploads\/2019\/11\/assemblea-4.jpg","author_info":{"display_name":"Revista Inter\u00e8s Mutu","author_link":"https:\/\/www.mgc.es\/ca\/blog\/author\/interesmutu\/"},"yoast_head":"<!-- This site is optimized with the Yoast SEO plugin v27.2 - https:\/\/yoast.com\/product\/yoast-seo-wordpress\/ -->\n<title>Dr. Bartomeu Vicens: \u201cEstem vivint un canvi de cicle en el que els h\u00e0bits de consum han canviat substancialment.\u201d - MGC M\u00fatua<\/title>\n<meta name=\"robots\" content=\"index, follow, max-snippet:-1, max-image-preview:large, max-video-preview:-1\" \/>\n<link rel=\"canonical\" href=\"https:\/\/www.mgc.es\/ca\/blog\/dr-bartomeu-vicens-estem-vivint-un-canvi-de-cicle-en-el-que-els-habits-de-consum-han-canviat-substancialment\/\" \/>\n<meta property=\"og:locale\" content=\"ca_ES\" \/>\n<meta property=\"og:type\" content=\"article\" \/>\n<meta property=\"og:title\" content=\"Dr. Bartomeu Vicens: \u201cEstem vivint un canvi de cicle en el que els h\u00e0bits de consum han canviat substancialment.\u201d - MGC M\u00fatua\" \/>\n<meta property=\"og:description\" content=\"El passat 25 de juny, a la seu central de la M\u00fatua, va tenir lloc l\u2019Assemblea General, en la qual es va fer un rep\u00e0s dels fets m\u00e9s destacats de l\u2019any 2018.\" \/>\n<meta property=\"og:url\" content=\"https:\/\/www.mgc.es\/ca\/blog\/dr-bartomeu-vicens-estem-vivint-un-canvi-de-cicle-en-el-que-els-habits-de-consum-han-canviat-substancialment\/\" \/>\n<meta property=\"og:site_name\" content=\"MGC M\u00fatua\" \/>\n<meta property=\"article:publisher\" content=\"https:\/\/www.facebook.com\/mgcmutua\" \/>\n<meta property=\"article:published_time\" content=\"2019-06-25T22:00:00+00:00\" \/>\n<meta property=\"article:modified_time\" content=\"2019-12-02T11:32:47+00:00\" \/>\n<meta property=\"og:image\" content=\"https:\/\/www.mgc.es\/wp-content\/uploads\/2019\/11\/assemblea-4.jpg\" \/>\n\t<meta property=\"og:image:width\" content=\"2833\" \/>\n\t<meta property=\"og:image:height\" content=\"1737\" \/>\n\t<meta property=\"og:image:type\" content=\"image\/jpeg\" \/>\n<meta name=\"author\" content=\"Revista Inter\u00e8s Mutu\" \/>\n<meta name=\"twitter:card\" content=\"summary_large_image\" \/>\n<meta name=\"twitter:creator\" content=\"@mgcmutua\" \/>\n<meta name=\"twitter:site\" content=\"@mgcmutua\" \/>\n<meta name=\"twitter:label1\" content=\"Escrit per\" \/>\n\t<meta name=\"twitter:data1\" content=\"Revista Inter\u00e8s Mutu\" \/>\n\t<meta name=\"twitter:label2\" content=\"Temps estimat de lectura\" \/>\n\t<meta name=\"twitter:data2\" content=\"2 minuts\" \/>\n<!-- \/ Yoast SEO plugin. -->","yoast_head_json":{"title":"Dr. Bartomeu Vicens: \u201cEstem vivint un canvi de cicle en el que els h\u00e0bits de consum han canviat substancialment.\u201d - MGC M\u00fatua","robots":{"index":"index","follow":"follow","max-snippet":"max-snippet:-1","max-image-preview":"max-image-preview:large","max-video-preview":"max-video-preview:-1"},"canonical":"https:\/\/www.mgc.es\/ca\/blog\/dr-bartomeu-vicens-estem-vivint-un-canvi-de-cicle-en-el-que-els-habits-de-consum-han-canviat-substancialment\/","og_locale":"ca_ES","og_type":"article","og_title":"Dr. Bartomeu Vicens: \u201cEstem vivint un canvi de cicle en el que els h\u00e0bits de consum han canviat substancialment.\u201d - MGC M\u00fatua","og_description":"El passat 25 de juny, a la seu central de la M\u00fatua, va tenir lloc l\u2019Assemblea General, en la qual es va fer un rep\u00e0s dels fets m\u00e9s destacats de l\u2019any 2018.","og_url":"https:\/\/www.mgc.es\/ca\/blog\/dr-bartomeu-vicens-estem-vivint-un-canvi-de-cicle-en-el-que-els-habits-de-consum-han-canviat-substancialment\/","og_site_name":"MGC M\u00fatua","article_publisher":"https:\/\/www.facebook.com\/mgcmutua","article_published_time":"2019-06-25T22:00:00+00:00","article_modified_time":"2019-12-02T11:32:47+00:00","og_image":[{"width":2833,"height":1737,"url":"https:\/\/www.mgc.es\/wp-content\/uploads\/2019\/11\/assemblea-4.jpg","type":"image\/jpeg"}],"author":"Revista Inter\u00e8s Mutu","twitter_card":"summary_large_image","twitter_creator":"@mgcmutua","twitter_site":"@mgcmutua","twitter_misc":{"Escrit per":"Revista Inter\u00e8s Mutu","Temps estimat de lectura":"2 minuts"},"schema":{"@context":"https:\/\/schema.org","@graph":[{"@type":["Article","BlogPosting"],"@id":"https:\/\/www.mgc.es\/ca\/blog\/dr-bartomeu-vicens-estem-vivint-un-canvi-de-cicle-en-el-que-els-habits-de-consum-han-canviat-substancialment\/#article","isPartOf":{"@id":"https:\/\/www.mgc.es\/ca\/blog\/dr-bartomeu-vicens-estem-vivint-un-canvi-de-cicle-en-el-que-els-habits-de-consum-han-canviat-substancialment\/"},"author":{"name":"Revista Inter\u00e8s Mutu","@id":"https:\/\/www.mgc.es\/#\/schema\/person\/010c961d9c9acf38f11187a02b646c16"},"headline":"Dr. Bartomeu Vicens: \u201cEstem vivint un canvi de cicle en el que els h\u00e0bits de consum han canviat substancialment.\u201d","datePublished":"2019-06-25T22:00:00+00:00","dateModified":"2019-12-02T11:32:47+00:00","mainEntityOfPage":{"@id":"https:\/\/www.mgc.es\/ca\/blog\/dr-bartomeu-vicens-estem-vivint-un-canvi-de-cicle-en-el-que-els-habits-de-consum-han-canviat-substancialment\/"},"wordCount":487,"commentCount":0,"publisher":{"@id":"https:\/\/www.mgc.es\/#organization"},"image":{"@id":"https:\/\/www.mgc.es\/ca\/blog\/dr-bartomeu-vicens-estem-vivint-un-canvi-de-cicle-en-el-que-els-habits-de-consum-han-canviat-substancialment\/#primaryimage"},"thumbnailUrl":"https:\/\/www.mgc.es\/wp-content\/uploads\/2019\/11\/assemblea-4.jpg","articleSection":["Actualitat M\u00fatua"],"inLanguage":"ca","potentialAction":[{"@type":"CommentAction","name":"Comment","target":["https:\/\/www.mgc.es\/ca\/blog\/dr-bartomeu-vicens-estem-vivint-un-canvi-de-cicle-en-el-que-els-habits-de-consum-han-canviat-substancialment\/#respond"]}]},{"@type":["WebPage","ItemPage"],"@id":"https:\/\/www.mgc.es\/ca\/blog\/dr-bartomeu-vicens-estem-vivint-un-canvi-de-cicle-en-el-que-els-habits-de-consum-han-canviat-substancialment\/","url":"https:\/\/www.mgc.es\/ca\/blog\/dr-bartomeu-vicens-estem-vivint-un-canvi-de-cicle-en-el-que-els-habits-de-consum-han-canviat-substancialment\/","name":"Dr. Bartomeu Vicens: \u201cEstem vivint un canvi de cicle en el que els h\u00e0bits de consum han canviat substancialment.\u201d - MGC M\u00fatua","isPartOf":{"@id":"https:\/\/www.mgc.es\/#website"},"primaryImageOfPage":{"@id":"https:\/\/www.mgc.es\/ca\/blog\/dr-bartomeu-vicens-estem-vivint-un-canvi-de-cicle-en-el-que-els-habits-de-consum-han-canviat-substancialment\/#primaryimage"},"image":{"@id":"https:\/\/www.mgc.es\/ca\/blog\/dr-bartomeu-vicens-estem-vivint-un-canvi-de-cicle-en-el-que-els-habits-de-consum-han-canviat-substancialment\/#primaryimage"},"thumbnailUrl":"https:\/\/www.mgc.es\/wp-content\/uploads\/2019\/11\/assemblea-4.jpg","datePublished":"2019-06-25T22:00:00+00:00","dateModified":"2019-12-02T11:32:47+00:00","breadcrumb":{"@id":"https:\/\/www.mgc.es\/ca\/blog\/dr-bartomeu-vicens-estem-vivint-un-canvi-de-cicle-en-el-que-els-habits-de-consum-han-canviat-substancialment\/#breadcrumb"},"inLanguage":"ca","potentialAction":[{"@type":"ReadAction","target":["https:\/\/www.mgc.es\/ca\/blog\/dr-bartomeu-vicens-estem-vivint-un-canvi-de-cicle-en-el-que-els-habits-de-consum-han-canviat-substancialment\/"]}]},{"@type":"ImageObject","inLanguage":"ca","@id":"https:\/\/www.mgc.es\/ca\/blog\/dr-bartomeu-vicens-estem-vivint-un-canvi-de-cicle-en-el-que-els-habits-de-consum-han-canviat-substancialment\/#primaryimage","url":"https:\/\/www.mgc.es\/wp-content\/uploads\/2019\/11\/assemblea-4.jpg","contentUrl":"https:\/\/www.mgc.es\/wp-content\/uploads\/2019\/11\/assemblea-4.jpg","width":2833,"height":1737},{"@type":"BreadcrumbList","@id":"https:\/\/www.mgc.es\/ca\/blog\/dr-bartomeu-vicens-estem-vivint-un-canvi-de-cicle-en-el-que-els-habits-de-consum-han-canviat-substancialment\/#breadcrumb","itemListElement":[{"@type":"ListItem","position":1,"name":"Home","item":"https:\/\/www.mgc.es\/ca\/"},{"@type":"ListItem","position":2,"name":"Dr. Bartomeu Vicens: \u201cEstem vivint un canvi de cicle en el que els h\u00e0bits de consum han canviat substancialment.\u201d"}]},{"@type":"WebSite","@id":"https:\/\/www.mgc.es\/#website","url":"https:\/\/www.mgc.es\/","name":"MGC M\u00fatua","description":"MGC M\u00fatua \u00e9s una entitat asseguradora sense \u00e0nim de lucre constitu\u00efda al 1982 i especialitzada en assegurances de salut i assist\u00e8ncia.","publisher":{"@id":"https:\/\/www.mgc.es\/#organization"},"alternateName":"MGC","potentialAction":[{"@type":"SearchAction","target":{"@type":"EntryPoint","urlTemplate":"https:\/\/www.mgc.es\/?s={search_term_string}"},"query-input":{"@type":"PropertyValueSpecification","valueRequired":true,"valueName":"search_term_string"}}],"inLanguage":"ca"},{"@type":"Organization","@id":"https:\/\/www.mgc.es\/#organization","name":"MGC Mutua","alternateName":"MGC","url":"https:\/\/www.mgc.es\/","logo":{"@type":"ImageObject","inLanguage":"ca","@id":"https:\/\/www.mgc.es\/#\/schema\/logo\/image\/","url":"https:\/\/www.mgc.es\/wp-content\/uploads\/2020\/03\/mgcmutua_h2_2t_reduccions.png","contentUrl":"https:\/\/www.mgc.es\/wp-content\/uploads\/2020\/03\/mgcmutua_h2_2t_reduccions.png","width":303,"height":165,"caption":"MGC Mutua"},"image":{"@id":"https:\/\/www.mgc.es\/#\/schema\/logo\/image\/"},"sameAs":["https:\/\/www.facebook.com\/mgcmutua","https:\/\/x.com\/mgcmutua","https:\/\/www.youtube.com\/c\/MGCMutua"]},{"@type":"Person","@id":"https:\/\/www.mgc.es\/#\/schema\/person\/010c961d9c9acf38f11187a02b646c16","name":"Revista Inter\u00e8s Mutu","image":{"@type":"ImageObject","inLanguage":"ca","@id":"https:\/\/secure.gravatar.com\/avatar\/52302d684339b9d7bf5691e2ad00835d62ce3b4a435f21ca9f21fbe39c63cb1b?s=96&d=mm&r=g","url":"https:\/\/secure.gravatar.com\/avatar\/52302d684339b9d7bf5691e2ad00835d62ce3b4a435f21ca9f21fbe39c63cb1b?s=96&d=mm&r=g","contentUrl":"https:\/\/secure.gravatar.com\/avatar\/52302d684339b9d7bf5691e2ad00835d62ce3b4a435f21ca9f21fbe39c63cb1b?s=96&d=mm&r=g","caption":"Revista Inter\u00e8s Mutu"}}]}},"_links":{"self":[{"href":"https:\/\/www.mgc.es\/ca\/wp-json\/wp\/v2\/posts\/11783","targetHints":{"allow":["GET"]}}],"collection":[{"href":"https:\/\/www.mgc.es\/ca\/wp-json\/wp\/v2\/posts"}],"about":[{"href":"https:\/\/www.mgc.es\/ca\/wp-json\/wp\/v2\/types\/post"}],"author":[{"embeddable":true,"href":"https:\/\/www.mgc.es\/ca\/wp-json\/wp\/v2\/users\/3"}],"replies":[{"embeddable":true,"href":"https:\/\/www.mgc.es\/ca\/wp-json\/wp\/v2\/comments?post=11783"}],"version-history":[{"count":1,"href":"https:\/\/www.mgc.es\/ca\/wp-json\/wp\/v2\/posts\/11783\/revisions"}],"predecessor-version":[{"id":15299,"href":"https:\/\/www.mgc.es\/ca\/wp-json\/wp\/v2\/posts\/11783\/revisions\/15299"}],"wp:featuredmedia":[{"embeddable":true,"href":"https:\/\/www.mgc.es\/ca\/wp-json\/wp\/v2\/media\/14783"}],"wp:attachment":[{"href":"https:\/\/www.mgc.es\/ca\/wp-json\/wp\/v2\/media?parent=11783"}],"wp:term":[{"taxonomy":"category","embeddable":true,"href":"https:\/\/www.mgc.es\/ca\/wp-json\/wp\/v2\/categories?post=11783"},{"taxonomy":"post_tag","embeddable":true,"href":"https:\/\/www.mgc.es\/ca\/wp-json\/wp\/v2\/tags?post=11783"}],"curies":[{"name":"wp","href":"https:\/\/api.w.org\/{rel}","templated":true}]}}