{"id":11779,"date":"2019-06-11T00:00:00","date_gmt":"2019-06-10T22:00:00","guid":{"rendered":"http:\/\/web-server-devel.mgc.es\/medicina-preventiva-les-revisions-mediques-en-lhome-i-la-dona\/"},"modified":"2021-06-09T10:14:32","modified_gmt":"2021-06-09T08:14:32","slug":"medicina-preventiva-les-revisions-mediques-en-lhome-i-la-dona","status":"publish","type":"post","link":"https:\/\/www.mgc.es\/ca\/blog\/medicina-preventiva-les-revisions-mediques-en-lhome-i-la-dona\/","title":{"rendered":"Medicina preventiva: les revisions m\u00e8diques en l&#8217;home i la dona"},"content":{"rendered":"<div id=\"ez-toc-container\" class=\"ez-toc-v2_0_82_1 counter-hierarchy ez-toc-counter ez-toc-custom ez-toc-container-direction\">\n<div class=\"ez-toc-title-container\"><p class=\"ez-toc-title\" style=\"cursor:inherit\">\u00cdndex de continguts<\/p>\n<\/div><nav><ul class='ez-toc-list ez-toc-list-level-1 ' ><li class='ez-toc-page-1 ez-toc-heading-level-2'><a class=\"ez-toc-link ez-toc-heading-1\" href=\"https:\/\/www.mgc.es\/ca\/blog\/medicina-preventiva-les-revisions-mediques-en-lhome-i-la-dona\/#La_medicina_preventiva\" >La medicina preventiva<\/a><\/li><li class='ez-toc-page-1 ez-toc-heading-level-2'><a class=\"ez-toc-link ez-toc-heading-2\" href=\"https:\/\/www.mgc.es\/ca\/blog\/medicina-preventiva-les-revisions-mediques-en-lhome-i-la-dona\/#Les_revisions_mediques\" >Les revisions m\u00e8diques<\/a><\/li><li class='ez-toc-page-1 ez-toc-heading-level-2'><a class=\"ez-toc-link ez-toc-heading-3\" href=\"https:\/\/www.mgc.es\/ca\/blog\/medicina-preventiva-les-revisions-mediques-en-lhome-i-la-dona\/#Les_revisions_mediques_importants_en_la_dona\" >Les revisions m\u00e8diques importants en la dona<\/a><\/li><li class='ez-toc-page-1 ez-toc-heading-level-2'><a class=\"ez-toc-link ez-toc-heading-4\" href=\"https:\/\/www.mgc.es\/ca\/blog\/medicina-preventiva-les-revisions-mediques-en-lhome-i-la-dona\/#Les_revisions_mediques_importants_en_lhome\" >Les revisions m\u00e8diques importants en l&#8217;home<\/a><\/li><li class='ez-toc-page-1 ez-toc-heading-level-2'><a class=\"ez-toc-link ez-toc-heading-5\" href=\"https:\/\/www.mgc.es\/ca\/blog\/medicina-preventiva-les-revisions-mediques-en-lhome-i-la-dona\/#MGC_Mutua_inclou_en_les_seves_cobertures_la_revisio_medica_i_un_pla_personalitzat_de_manteniment_de_la_salut\" >MGC M\u00fatua inclou en les seves cobertures la revisi\u00f3 m\u00e8dica i un pla personalitzat de manteniment de la salut<\/a><\/li><\/ul><\/nav><\/div>\n<p><img loading=\"lazy\" decoding=\"async\" class=\"alignnone size-full wp-image-6270\" src=\"https:\/\/www.mgc.es\/wp-content\/uploads\/2019\/06\/medicina-prev-PROG_pla-personalitzat-1.jpg\" alt=\"Plan personalizado de salud\" width=\"624\" height=\"300\" \/><\/p>\n<p>La prevenci\u00f3 \u00e9s fonamental per a la cura de la salut. No nom\u00e9s evita l&#8217;aparici\u00f3 i la propagaci\u00f3 de malalties, sin\u00f3 que, a m\u00e9s, redueix la necessitat de portar a terme tractaments i altres actuacions sanit\u00e0ries m\u00e9s costoses. Com ens ajuda la medicina preventiva i quines revisions m\u00e8diques han de fer l&#8217;home i la dona?<!--more--><\/p>\n<h2><span class=\"ez-toc-section\" id=\"La_medicina_preventiva\"><\/span>La medicina preventiva<span class=\"ez-toc-section-end\"><\/span><\/h2>\n<p><strong>La medicina preventiva \u00e9s l&#8217;\u00e0rea sanit\u00e0ria que s&#8217;ocupa de la prevenci\u00f3 de malalties i altres trastorns de salut<\/strong>. Consisteix en un conjunt d&#8217;actuacions i consells m\u00e8dics que tenen la finalitat de definir, promoure, executar, aplicar i avaluar activitats de prevenci\u00f3 de la salut, tant de forma individual com col\u00b7lectiva. Es dona en l&#8217;atenci\u00f3 prim\u00e0ria i en l&#8217;atenci\u00f3 hospital\u00e0ria.<\/p>\n<p>Decisions tan simples com el que mengem, la manera en qu\u00e8 ens vestim o com ens desplacem es troben fora de l&#8217;\u00e0mbit de la consulta i, en canvi, tenen una relaci\u00f3 determinant amb la nostra salut i la nostra qualitat de vida. Per aquest motiu, la medicina preventiva <strong>traspassa l&#8217;\u00e0mbit m\u00e8dic<\/strong>, ja que, a m\u00e9s, fomenta el coneixement i la formaci\u00f3 per a la prevenci\u00f3 de malalties, aix\u00ed com la presa de decisions correcta.<\/p>\n<p>La medicina preventiva \u00e9s una especialitat a Espanya des del 2018. La Societat Espanyola de Medicina Preventiva, Salut P\u00fablica i Higiene (SEMPSPH) est\u00e0 formada per metges especialistes en aquesta \u00e0rea i per professionals de la infermeria i altres camps afins.<\/p>\n<h2><span class=\"ez-toc-section\" id=\"Les_revisions_mediques\"><\/span>Les revisions m\u00e8diques<span class=\"ez-toc-section-end\"><\/span><\/h2>\n<p>Fer revisions preventives \u00e9s fonamental per tenir cura de la salut, millorar la qualitat de vida i detectar a temps possibles problemes per tractar-los i evitar altres complicacions derivades. Tot i que en general es recomana <strong>una revisi\u00f3 m\u00e8dica anual<\/strong>, segons l&#8217;edat, el sexe i l&#8217;estat de la salut, les revisions han de ser m\u00e9s o menys peri\u00f2diques, sobretot <strong>a partir dels 40 anys en les dones i dels 50 anys en els homes<\/strong>.<\/p>\n<p>En la revisi\u00f3 m\u00e8dica, a trav\u00e9s d&#8217;una <strong>entrevista personal amb el doctor<\/strong> perqu\u00e8 conegui els nostres antecedents m\u00e8dics i h\u00e0bits de vida actuals, es fa <strong>una exploraci\u00f3 general<\/strong> per valorar l&#8217;estat de salut i identificar possibles patologies o situacions de risc que poden evolucionar cap a alteracions de diferents \u00f2rgans i sistemes. La revisi\u00f3 anual <strong>se sol complementar amb algunes proves m\u00e8diques<\/strong> com ara una an\u00e0lisi de sang i d&#8217;orina, el mesurament de la pressi\u00f3 arterial, de la capacitat pulmonar i del risc cardiovascular, una revisi\u00f3 oftalmol\u00f2gica i otorrinolaringol\u00f2gica, radiologia del t\u00f2rax i altres proves diagn\u00f2stiques.<\/p>\n<p><img loading=\"lazy\" decoding=\"async\" class=\"alignnone size-full wp-image-6269\" src=\"https:\/\/www.mgc.es\/wp-content\/uploads\/2019\/06\/medicina-prev-mamografia-1.jpg\" alt=\"Mamograf\u00eda\" width=\"800\" height=\"450\" \/><\/p>\n<h2><span class=\"ez-toc-section\" id=\"Les_revisions_mediques_importants_en_la_dona\"><\/span>Les revisions m\u00e8diques importants en la dona<span class=\"ez-toc-section-end\"><\/span><\/h2>\n<p>A m\u00e9s de les proves generals, \u00e9s important que la dona faci algunes revisions segons l&#8217;edat.<\/p>\n<ul>\n<li>Ha de fer <strong>un examen p\u00e8lvic i una citologia<\/strong> de forma anual per descartar patologies ginecol\u00f2gics i altres de m\u00e9s importants, com ara el c\u00e0ncer de coll d&#8217;\u00fater.<\/li>\n<li><strong>L\u2019autoexploraci\u00f3 mam\u00e0ria<\/strong> peri\u00f2dica \u00e9s molt important per detectar qualsevol bony o anomalia i prevenir o detectar de forma preco\u00e7 el c\u00e0ncer de mama, per\u00f2 entre els 20 anys i els 40, a m\u00e9s, s&#8217;ha de fer una <strong>mamografia<\/strong> cada tres anys, i <strong>a partir dels 40<\/strong> ha de ser anual. Si sorgeix algun dubte amb els resultats, l&#8217;ecografia mam\u00e0ria pot ajudar a definir-los.<\/li>\n<li>A partir dels 50 anys la dona ha de fer una <strong>colonosc\u00f2pia<\/strong> per detectar de forma preco\u00e7 el c\u00e0ncer de c\u00f2lon.<\/li>\n<\/ul>\n<h2><span class=\"ez-toc-section\" id=\"Les_revisions_mediques_importants_en_lhome\"><\/span>Les revisions m\u00e8diques importants en l&#8217;home<span class=\"ez-toc-section-end\"><\/span><\/h2>\n<ul>\n<li><strong>A partir dels 50 anys<\/strong> els homes s\u2019han de fer, com a proves complement\u00e0ries en la revisi\u00f3 m\u00e8dica anual, una <strong>colonosc\u00f2pia<\/strong> per detectar el c\u00e0ncer de c\u00f2lon i un examen per detectar el c\u00e0ncer de pr\u00f2stata. Si n\u2019hi ha antecedents familiars, aquestes proves s&#8217;han de fer abans.<\/li>\n<li>S&#8217;ha de fer de forma peri\u00f2dica un <strong>examen testicular<\/strong> per controlar que no es produeixen canvis en el color i la mida dels testicles i per assegurar que no hi ha dolor amb la palpaci\u00f3.<\/li>\n<li>Tamb\u00e9 s&#8217;ha de fer una <strong>ecografia abdominal<\/strong> per descartar alguna anomalia en els \u00f2rgans interns.<\/li>\n<\/ul>\n<h2><img loading=\"lazy\" decoding=\"async\" class=\"alignnone size-full wp-image-6271\" src=\"https:\/\/www.mgc.es\/wp-content\/uploads\/2019\/06\/medicina-prev-revision.jpg\" alt=\"Revisi\u00f3n m\u00e9dica\" width=\"800\" height=\"533\" \/><\/h2>\n<h2><span class=\"ez-toc-section\" id=\"MGC_Mutua_inclou_en_les_seves_cobertures_la_revisio_medica_i_un_pla_personalitzat_de_manteniment_de_la_salut\"><\/span>MGC M\u00fatua inclou en les seves cobertures la revisi\u00f3 m\u00e8dica i un pla personalitzat de manteniment de la salut<span class=\"ez-toc-section-end\"><\/span><\/h2>\n<p><strong>Les assegurances de salut de la M\u00fatua cobreixen un <a href=\"http:\/\/cobertures.mgc.es\/revisio\" target=\"_blank\" rel=\"noopener noreferrer\">reconeixement m\u00e8dic de medicina preventiva<\/a><\/strong>. L&#8217;objectiu \u00e9s valorar l&#8217;estat de salut general i identificar possibles patologies o estats de risc que poden evolucionar cap a alteracions de diferents \u00f2rgans i sistemes.<\/p>\n<p>El <strong>Pla personalitzat de manteniment de la salut<\/strong> de la M\u00fatua t\u00e9 la finalitat de valorar l&#8217;estat de salut i el perfil de risc del mutualista, prevenir la malaltia i controlar-la quan ja ha estat diagnosticada.<\/p>\n<p>A m\u00e9s, la M\u00fatua posa a disposici\u00f3 dels seus assegurats una s\u00e8rie de <a href=\"http:\/\/centremedic.mgc.es\/especialitats\/unitat-de-medicina-preventiva\/\" target=\"_blank\" rel=\"noopener noreferrer\">programes de medicina preventiva<\/a> al Centre M\u00e8dic MGC,<\/p>\n<p><strong>Sol\u00b7licit\u2019na m\u00e9s informaci\u00f3 \u00a0trucant al 93 414 36 00.<\/strong><\/p>\n<p><strong>Encara no ets mutualista? Descobreix tots els avantatges de les nostres assegurances de salut!<\/strong><\/p>\n","protected":false},"excerpt":{"rendered":"<p>La prevenci\u00f3 \u00e9s fonamental per a la cura de la salut. No nom\u00e9s evita l&#8217;aparici\u00f3 i la propagaci\u00f3 de malalties, sin\u00f3 que, a m\u00e9s, redueix la necessitat de portar a terme tractaments i altres actuacions sanit\u00e0ries m\u00e9s costoses. Com ens ajuda la medicina preventiva i quines revisions m\u00e8diques han de fer l&#8217;home i la dona?<\/p>\n","protected":false},"author":3,"featured_media":14769,"comment_status":"open","ping_status":"open","sticky":false,"template":"","format":"standard","meta":{"footnotes":""},"categories":[996,15],"tags":[493],"class_list":["post-11779","post","type-post","status-publish","format-standard","has-post-thumbnail","hentry","category-malalties-i-salut-general","category-salut","tag-revisio-medica"],"featured_image_src":"https:\/\/www.mgc.es\/wp-content\/uploads\/2019\/11\/medicina-prev-PROG_pla-personalitzat-1.jpg","author_info":{"display_name":"Revista Inter\u00e8s Mutu","author_link":"https:\/\/www.mgc.es\/ca\/blog\/author\/interesmutu\/"},"yoast_head":"<!-- This site is optimized with the Yoast SEO plugin v27.2 - https:\/\/yoast.com\/product\/yoast-seo-wordpress\/ -->\n<title>Medicina preventiva: les revisions m\u00e8diques en l&#039;home i la dona - MGC M\u00fatua<\/title>\n<meta name=\"robots\" content=\"index, follow, max-snippet:-1, max-image-preview:large, max-video-preview:-1\" \/>\n<link rel=\"canonical\" href=\"https:\/\/www.mgc.es\/ca\/blog\/medicina-preventiva-les-revisions-mediques-en-lhome-i-la-dona\/\" \/>\n<meta property=\"og:locale\" content=\"ca_ES\" \/>\n<meta property=\"og:type\" content=\"article\" \/>\n<meta property=\"og:title\" content=\"Medicina preventiva: les revisions m\u00e8diques en l&#039;home i la dona - MGC M\u00fatua\" \/>\n<meta property=\"og:description\" content=\"La prevenci\u00f3 \u00e9s fonamental per a la cura de la salut. No nom\u00e9s evita l&#8217;aparici\u00f3 i la propagaci\u00f3 de malalties, sin\u00f3 que, a m\u00e9s, redueix la necessitat de portar a terme tractaments i altres actuacions sanit\u00e0ries m\u00e9s costoses. Com ens ajuda la medicina preventiva i quines revisions m\u00e8diques han de fer l&#8217;home i la dona?\" \/>\n<meta property=\"og:url\" content=\"https:\/\/www.mgc.es\/ca\/blog\/medicina-preventiva-les-revisions-mediques-en-lhome-i-la-dona\/\" \/>\n<meta property=\"og:site_name\" content=\"MGC M\u00fatua\" \/>\n<meta property=\"article:publisher\" content=\"https:\/\/www.facebook.com\/mgcmutua\" \/>\n<meta property=\"article:published_time\" content=\"2019-06-10T22:00:00+00:00\" \/>\n<meta property=\"article:modified_time\" content=\"2021-06-09T08:14:32+00:00\" \/>\n<meta property=\"og:image\" content=\"https:\/\/www.mgc.es\/wp-content\/uploads\/2019\/11\/medicina-prev-PROG_pla-personalitzat-1.jpg\" \/>\n\t<meta property=\"og:image:width\" content=\"624\" \/>\n\t<meta property=\"og:image:height\" content=\"300\" \/>\n\t<meta property=\"og:image:type\" content=\"image\/jpeg\" \/>\n<meta name=\"author\" content=\"Revista Inter\u00e8s Mutu\" \/>\n<meta name=\"twitter:card\" content=\"summary_large_image\" \/>\n<meta name=\"twitter:creator\" content=\"@mgcmutua\" \/>\n<meta name=\"twitter:site\" content=\"@mgcmutua\" \/>\n<meta name=\"twitter:label1\" content=\"Escrit per\" \/>\n\t<meta name=\"twitter:data1\" content=\"Revista Inter\u00e8s Mutu\" \/>\n\t<meta name=\"twitter:label2\" content=\"Temps estimat de lectura\" \/>\n\t<meta name=\"twitter:data2\" content=\"5 minuts\" \/>\n<!-- \/ Yoast SEO plugin. -->","yoast_head_json":{"title":"Medicina preventiva: les revisions m\u00e8diques en l'home i la dona - MGC M\u00fatua","robots":{"index":"index","follow":"follow","max-snippet":"max-snippet:-1","max-image-preview":"max-image-preview:large","max-video-preview":"max-video-preview:-1"},"canonical":"https:\/\/www.mgc.es\/ca\/blog\/medicina-preventiva-les-revisions-mediques-en-lhome-i-la-dona\/","og_locale":"ca_ES","og_type":"article","og_title":"Medicina preventiva: les revisions m\u00e8diques en l'home i la dona - MGC M\u00fatua","og_description":"La prevenci\u00f3 \u00e9s fonamental per a la cura de la salut. No nom\u00e9s evita l&#8217;aparici\u00f3 i la propagaci\u00f3 de malalties, sin\u00f3 que, a m\u00e9s, redueix la necessitat de portar a terme tractaments i altres actuacions sanit\u00e0ries m\u00e9s costoses. Com ens ajuda la medicina preventiva i quines revisions m\u00e8diques han de fer l&#8217;home i la dona?","og_url":"https:\/\/www.mgc.es\/ca\/blog\/medicina-preventiva-les-revisions-mediques-en-lhome-i-la-dona\/","og_site_name":"MGC M\u00fatua","article_publisher":"https:\/\/www.facebook.com\/mgcmutua","article_published_time":"2019-06-10T22:00:00+00:00","article_modified_time":"2021-06-09T08:14:32+00:00","og_image":[{"width":624,"height":300,"url":"https:\/\/www.mgc.es\/wp-content\/uploads\/2019\/11\/medicina-prev-PROG_pla-personalitzat-1.jpg","type":"image\/jpeg"}],"author":"Revista Inter\u00e8s Mutu","twitter_card":"summary_large_image","twitter_creator":"@mgcmutua","twitter_site":"@mgcmutua","twitter_misc":{"Escrit per":"Revista Inter\u00e8s Mutu","Temps estimat de lectura":"5 minuts"},"schema":{"@context":"https:\/\/schema.org","@graph":[{"@type":["Article","BlogPosting"],"@id":"https:\/\/www.mgc.es\/ca\/blog\/medicina-preventiva-les-revisions-mediques-en-lhome-i-la-dona\/#article","isPartOf":{"@id":"https:\/\/www.mgc.es\/ca\/blog\/medicina-preventiva-les-revisions-mediques-en-lhome-i-la-dona\/"},"author":{"name":"Revista Inter\u00e8s Mutu","@id":"https:\/\/www.mgc.es\/#\/schema\/person\/010c961d9c9acf38f11187a02b646c16"},"headline":"Medicina preventiva: les revisions m\u00e8diques en l&#8217;home i la dona","datePublished":"2019-06-10T22:00:00+00:00","dateModified":"2021-06-09T08:14:32+00:00","mainEntityOfPage":{"@id":"https:\/\/www.mgc.es\/ca\/blog\/medicina-preventiva-les-revisions-mediques-en-lhome-i-la-dona\/"},"wordCount":848,"commentCount":0,"publisher":{"@id":"https:\/\/www.mgc.es\/#organization"},"image":{"@id":"https:\/\/www.mgc.es\/ca\/blog\/medicina-preventiva-les-revisions-mediques-en-lhome-i-la-dona\/#primaryimage"},"thumbnailUrl":"https:\/\/www.mgc.es\/wp-content\/uploads\/2019\/11\/medicina-prev-PROG_pla-personalitzat-1.jpg","keywords":["revisi\u00f3 m\u00e8dica"],"articleSection":["Malalties i salut general","Salut i medicina"],"inLanguage":"ca","potentialAction":[{"@type":"CommentAction","name":"Comment","target":["https:\/\/www.mgc.es\/ca\/blog\/medicina-preventiva-les-revisions-mediques-en-lhome-i-la-dona\/#respond"]}]},{"@type":["WebPage","ItemPage"],"@id":"https:\/\/www.mgc.es\/ca\/blog\/medicina-preventiva-les-revisions-mediques-en-lhome-i-la-dona\/","url":"https:\/\/www.mgc.es\/ca\/blog\/medicina-preventiva-les-revisions-mediques-en-lhome-i-la-dona\/","name":"Medicina preventiva: les revisions m\u00e8diques en l'home i la dona - MGC M\u00fatua","isPartOf":{"@id":"https:\/\/www.mgc.es\/#website"},"primaryImageOfPage":{"@id":"https:\/\/www.mgc.es\/ca\/blog\/medicina-preventiva-les-revisions-mediques-en-lhome-i-la-dona\/#primaryimage"},"image":{"@id":"https:\/\/www.mgc.es\/ca\/blog\/medicina-preventiva-les-revisions-mediques-en-lhome-i-la-dona\/#primaryimage"},"thumbnailUrl":"https:\/\/www.mgc.es\/wp-content\/uploads\/2019\/11\/medicina-prev-PROG_pla-personalitzat-1.jpg","datePublished":"2019-06-10T22:00:00+00:00","dateModified":"2021-06-09T08:14:32+00:00","breadcrumb":{"@id":"https:\/\/www.mgc.es\/ca\/blog\/medicina-preventiva-les-revisions-mediques-en-lhome-i-la-dona\/#breadcrumb"},"inLanguage":"ca","potentialAction":[{"@type":"ReadAction","target":["https:\/\/www.mgc.es\/ca\/blog\/medicina-preventiva-les-revisions-mediques-en-lhome-i-la-dona\/"]}]},{"@type":"ImageObject","inLanguage":"ca","@id":"https:\/\/www.mgc.es\/ca\/blog\/medicina-preventiva-les-revisions-mediques-en-lhome-i-la-dona\/#primaryimage","url":"https:\/\/www.mgc.es\/wp-content\/uploads\/2019\/11\/medicina-prev-PROG_pla-personalitzat-1.jpg","contentUrl":"https:\/\/www.mgc.es\/wp-content\/uploads\/2019\/11\/medicina-prev-PROG_pla-personalitzat-1.jpg","width":624,"height":300},{"@type":"BreadcrumbList","@id":"https:\/\/www.mgc.es\/ca\/blog\/medicina-preventiva-les-revisions-mediques-en-lhome-i-la-dona\/#breadcrumb","itemListElement":[{"@type":"ListItem","position":1,"name":"Home","item":"https:\/\/www.mgc.es\/ca\/"},{"@type":"ListItem","position":2,"name":"Medicina preventiva: les revisions m\u00e8diques en l&#8217;home i la dona"}]},{"@type":"WebSite","@id":"https:\/\/www.mgc.es\/#website","url":"https:\/\/www.mgc.es\/","name":"MGC M\u00fatua","description":"MGC M\u00fatua \u00e9s una entitat asseguradora sense \u00e0nim de lucre constitu\u00efda al 1982 i especialitzada en assegurances de salut i assist\u00e8ncia.","publisher":{"@id":"https:\/\/www.mgc.es\/#organization"},"alternateName":"MGC","potentialAction":[{"@type":"SearchAction","target":{"@type":"EntryPoint","urlTemplate":"https:\/\/www.mgc.es\/?s={search_term_string}"},"query-input":{"@type":"PropertyValueSpecification","valueRequired":true,"valueName":"search_term_string"}}],"inLanguage":"ca"},{"@type":"Organization","@id":"https:\/\/www.mgc.es\/#organization","name":"MGC Mutua","alternateName":"MGC","url":"https:\/\/www.mgc.es\/","logo":{"@type":"ImageObject","inLanguage":"ca","@id":"https:\/\/www.mgc.es\/#\/schema\/logo\/image\/","url":"https:\/\/www.mgc.es\/wp-content\/uploads\/2020\/03\/mgcmutua_h2_2t_reduccions.png","contentUrl":"https:\/\/www.mgc.es\/wp-content\/uploads\/2020\/03\/mgcmutua_h2_2t_reduccions.png","width":303,"height":165,"caption":"MGC Mutua"},"image":{"@id":"https:\/\/www.mgc.es\/#\/schema\/logo\/image\/"},"sameAs":["https:\/\/www.facebook.com\/mgcmutua","https:\/\/x.com\/mgcmutua","https:\/\/www.youtube.com\/c\/MGCMutua"]},{"@type":"Person","@id":"https:\/\/www.mgc.es\/#\/schema\/person\/010c961d9c9acf38f11187a02b646c16","name":"Revista Inter\u00e8s Mutu","image":{"@type":"ImageObject","inLanguage":"ca","@id":"https:\/\/secure.gravatar.com\/avatar\/52302d684339b9d7bf5691e2ad00835d62ce3b4a435f21ca9f21fbe39c63cb1b?s=96&d=mm&r=g","url":"https:\/\/secure.gravatar.com\/avatar\/52302d684339b9d7bf5691e2ad00835d62ce3b4a435f21ca9f21fbe39c63cb1b?s=96&d=mm&r=g","contentUrl":"https:\/\/secure.gravatar.com\/avatar\/52302d684339b9d7bf5691e2ad00835d62ce3b4a435f21ca9f21fbe39c63cb1b?s=96&d=mm&r=g","caption":"Revista Inter\u00e8s Mutu"}}]}},"_links":{"self":[{"href":"https:\/\/www.mgc.es\/ca\/wp-json\/wp\/v2\/posts\/11779","targetHints":{"allow":["GET"]}}],"collection":[{"href":"https:\/\/www.mgc.es\/ca\/wp-json\/wp\/v2\/posts"}],"about":[{"href":"https:\/\/www.mgc.es\/ca\/wp-json\/wp\/v2\/types\/post"}],"author":[{"embeddable":true,"href":"https:\/\/www.mgc.es\/ca\/wp-json\/wp\/v2\/users\/3"}],"replies":[{"embeddable":true,"href":"https:\/\/www.mgc.es\/ca\/wp-json\/wp\/v2\/comments?post=11779"}],"version-history":[{"count":3,"href":"https:\/\/www.mgc.es\/ca\/wp-json\/wp\/v2\/posts\/11779\/revisions"}],"predecessor-version":[{"id":22129,"href":"https:\/\/www.mgc.es\/ca\/wp-json\/wp\/v2\/posts\/11779\/revisions\/22129"}],"wp:featuredmedia":[{"embeddable":true,"href":"https:\/\/www.mgc.es\/ca\/wp-json\/wp\/v2\/media\/14769"}],"wp:attachment":[{"href":"https:\/\/www.mgc.es\/ca\/wp-json\/wp\/v2\/media?parent=11779"}],"wp:term":[{"taxonomy":"category","embeddable":true,"href":"https:\/\/www.mgc.es\/ca\/wp-json\/wp\/v2\/categories?post=11779"},{"taxonomy":"post_tag","embeddable":true,"href":"https:\/\/www.mgc.es\/ca\/wp-json\/wp\/v2\/tags?post=11779"}],"curies":[{"name":"wp","href":"https:\/\/api.w.org\/{rel}","templated":true}]}}