{"id":11777,"date":"2019-05-28T00:00:00","date_gmt":"2019-05-27T22:00:00","guid":{"rendered":"http:\/\/web-server-devel.mgc.es\/la-malaltia-celiaca-quins-simptomes-te-i-com-es-diagnostica\/"},"modified":"2019-11-22T12:42:08","modified_gmt":"2019-11-22T11:42:08","slug":"la-malaltia-celiaca-quins-simptomes-te-i-com-es-diagnostica","status":"publish","type":"post","link":"https:\/\/www.mgc.es\/ca\/blog\/la-malaltia-celiaca-quins-simptomes-te-i-com-es-diagnostica\/","title":{"rendered":"La malaltia cel\u00edaca: quins s\u00edmptomes t\u00e9 i com es diagnostica?"},"content":{"rendered":"<div id=\"ez-toc-container\" class=\"ez-toc-v2_0_82_1 counter-hierarchy ez-toc-counter ez-toc-custom ez-toc-container-direction\">\n<div class=\"ez-toc-title-container\"><p class=\"ez-toc-title\" style=\"cursor:inherit\">\u00cdndex de continguts<\/p>\n<\/div><nav><ul class='ez-toc-list ez-toc-list-level-1 ' ><li class='ez-toc-page-1 ez-toc-heading-level-2'><a class=\"ez-toc-link ez-toc-heading-1\" href=\"https:\/\/www.mgc.es\/ca\/blog\/la-malaltia-celiaca-quins-simptomes-te-i-com-es-diagnostica\/#Que_es_la_malaltia_celiaca\" >Qu\u00e8 \u00e9s la malaltia cel\u00edaca<\/a><\/li><li class='ez-toc-page-1 ez-toc-heading-level-2'><a class=\"ez-toc-link ez-toc-heading-2\" href=\"https:\/\/www.mgc.es\/ca\/blog\/la-malaltia-celiaca-quins-simptomes-te-i-com-es-diagnostica\/#Els_simptomes\" >Els s\u00edmptomes<\/a><\/li><li class='ez-toc-page-1 ez-toc-heading-level-2'><a class=\"ez-toc-link ez-toc-heading-3\" href=\"https:\/\/www.mgc.es\/ca\/blog\/la-malaltia-celiaca-quins-simptomes-te-i-com-es-diagnostica\/#Les_proves_diagnostiques\" >Les proves diagn\u00f2stiques<\/a><\/li><li class='ez-toc-page-1 ez-toc-heading-level-2'><a class=\"ez-toc-link ez-toc-heading-4\" href=\"https:\/\/www.mgc.es\/ca\/blog\/la-malaltia-celiaca-quins-simptomes-te-i-com-es-diagnostica\/#Tractament\" >Tractament<\/a><\/li><\/ul><\/nav><\/div>\n<p><img loading=\"lazy\" decoding=\"async\" class=\"alignnone size-full wp-image-6247\" src=\"https:\/\/www.mgc.es\/wp-content\/uploads\/2019\/05\/celiaquia-singluten.jpg\" alt=\"Sin gluten\" width=\"800\" height=\"534\" \/><\/p>\n<p>Digestions pesades, inflor abdominal, n\u00e0usees, diarrea, fatiga, malestar&#8230; s\u00f3n alguns dels s\u00edmptomes que ens poden advertir que tenim la malaltia cel\u00edaca. El 75% dels pacients no estan diagnosticats, per la qual cosa \u00e9s important que, si en tenim qualsevol sospita, acudim al metge per confirmar-la o descartar-la, ja que per controlar la malaltia cal fer una dieta estricta sense gluten durant tota la vida.<!--more--><\/p>\n<h2><span class=\"ez-toc-section\" id=\"Que_es_la_malaltia_celiaca\"><\/span>Qu\u00e8 \u00e9s la malaltia cel\u00edaca<span class=\"ez-toc-section-end\"><\/span><\/h2>\n<p>La celiaquia \u00e9s una malaltia que causa una <strong>intoler\u00e0ncia permanent al gluten<\/strong>, una prote\u00efna que contenen cereals com ara el blat, l&#8217;ordi, el s\u00e8gol i, probablement, la civada. Afecta persones susceptibles gen\u00e8ticament i es manifesta per una reacci\u00f3 inflamat\u00f2ria de les parets de l&#8217;intest\u00ed prim que en deteriora el funcionament i dificulta l&#8217;absorci\u00f3 de nutrients, cosa que pot ocasionar mancances que predisposen al desenvolupament d&#8217;altres malalties. S&#8217;estima que un 1% de la poblaci\u00f3 pateix celiaquia, encara que la majoria no est\u00e0 diagnosticada, i \u00e9s m\u00e9s freq\u00fcent en homes que en dones.<\/p>\n<h2><span class=\"ez-toc-section\" id=\"Els_simptomes\"><\/span>Els s\u00edmptomes<span class=\"ez-toc-section-end\"><\/span><\/h2>\n<p>Encara que en ocasions pot ser asimptom\u00e0tica, les persones cel\u00edaques poden tenir <strong>s\u00edmptomes molt variats, digestius i extradigestius<\/strong>, com ara la p\u00e8rdua de pes i de gana, diarrea, inflor abdominal, meteorisme, reflux, fatiga, n\u00e0usees, v\u00f2mits, p\u00e8rdua de massa muscular, retard del creixement, alteracions del car\u00e0cter (irritabilitat, apatia, tristesa), dolors abdominals, an\u00e8mia, cefalees, problemes de pell i ossos&#8230;<\/p>\n<p>En aquest sentit, la guia del Ministeri de Sanitat sobre el &#8216;Diagn\u00f2stic preco\u00e7 de la malaltia cel\u00edaca&#8217; indica alguns senyals que podem valorar per detectar la celiaquia:<\/p>\n<p><strong>En la primera inf\u00e0ncia<\/strong> s&#8217;ha de valorar si hi ha s\u00edmptomes intestinals i un retard en el creixement, sobretot si van acompanyats d&#8217;irritabilitat i anor\u00e8xia. <strong>En els nens m\u00e9s grans i els adolescents<\/strong>, si hi ha retard del creixement o de la pubertat i altres s\u00edmptomes com ara ferrop\u00e8nia o hipertransaminas\u00e8mia injustificades. <strong>En els adults<\/strong>, els s\u00edmptomes m\u00e9s comuns s\u00f3n la diarrea cr\u00f2nica, encara que \u00e9s usual que es presentin, a m\u00e9s, uns altres de m\u00e9s variats i inespec\u00edfics. S&#8217;ha de prestar especial atenci\u00f3 a <strong>s\u00edmptomes cr\u00f2nics<\/strong> com ara la sacietat preco\u00e7, el mal o cremor epig\u00e0stric que es presenten amb inflor abdominal, flatul\u00e8ncia o meteorisme, que s\u00f3n recurrents i no responen a altres tractaments comuns.<\/p>\n<p><img loading=\"lazy\" decoding=\"async\" class=\"alignnone size-full wp-image-6245\" src=\"https:\/\/www.mgc.es\/wp-content\/uploads\/2019\/05\/celiaquia-dolor-estomago.jpg\" alt=\"Hombre con dolor de est\u00f3mago\" width=\"800\" height=\"534\" \/><\/p>\n<p>Cal tenir en compte que hi ha <strong>grups de risc m\u00e9s propensos a desenvolupar la malaltia cel\u00edaca<\/strong>, com ara els familiars de primer grau o pacients amb altres malalties autoimmunes, com ara la diabetis tipus I, l&#8217;hipotiro\u00efdisme de Hashimoto, l&#8217;hepatitis autoimmune, la S\u00edndrome de Down, etc.<\/p>\n<p>S&#8217;han de revisar tamb\u00e9 els casos de pacients amb diarrea aquosa cr\u00f2nica i intermitent que han estat diagnosticats de s\u00edndrome d&#8217;intest\u00ed irritable (SII), sobretot si presenten flatul\u00e8ncies, inflor abdominal, sorolls intestinals i deposicions &#8220;explosives&#8221;, amb molt gas. Tamb\u00e9 els casos de dones en edat f\u00e8rtil amb an\u00e8mia ferrop\u00e8nica, persones amb les transaminases elevades o problemes d&#8217;ossos en els adults joves i en les dones abans de la menopausa.<\/p>\n<h2><span class=\"ez-toc-section\" id=\"Les_proves_diagnostiques\"><\/span>Les proves diagn\u00f2stiques<span class=\"ez-toc-section-end\"><\/span><\/h2>\n<p>Les proves diagn\u00f2stiques que es fan per confirmar o descartar la malaltia cel\u00edaca solen comen\u00e7ar amb <strong>un examen cl\u00ednic rigor\u00f3s i una an\u00e0lisi de sang que inclogui els marcadors serol\u00f2gics de la malaltia cel\u00edaca<\/strong>, que s\u00f3n els anticossos antigliadina, antiendomisi i antitransglutaminasa tissular. Per\u00f2 cal tenir en compte que una serologia negativa no permet excloure el diagn\u00f2stic d&#8217;aquesta malaltia.<\/p>\n<p>En els casos en qu\u00e8 l&#8217;examen cl\u00ednic revela sospites, per\u00f2 la serologia \u00e9s negativa, es pot optar per un <strong>estudi gen\u00e8tic<\/strong> per descartar la malaltia i evitar altres proves m\u00e9s intrusives, ja que gaireb\u00e9 la totalitat dels pacients cel\u00edacs s\u00f3n HLA-DQ2 o DQ8 positius.<\/p>\n<p>Una altra prova que pot ser definitiva per establir la malaltia \u00e9s la <strong>bi\u00f2psia intestinal<\/strong>, en la qual s&#8217;extreu una mostra de teixit de l&#8217;intest\u00ed prim superior per veure si est\u00e0 malm\u00e8s o no. Per realitzar aquesta prova \u00e9s necessari que no s&#8217;hagi retirat el gluten de la dieta.<\/p>\n<p><img loading=\"lazy\" decoding=\"async\" class=\"alignnone size-full wp-image-6246\" src=\"https:\/\/www.mgc.es\/wp-content\/uploads\/2019\/05\/celiaquia-pan.jpg\" alt=\"Mujer rechaza pan\" width=\"800\" height=\"532\" \/><\/p>\n<h2><span class=\"ez-toc-section\" id=\"Tractament\"><\/span>Tractament<span class=\"ez-toc-section-end\"><\/span><\/h2>\n<p>Pel que fa al tractament, la Federaci\u00f3 d&#8217;Associacions de Cel\u00edacs d&#8217;Espanya recorda que per controlar la malaltia cal fer una <strong>dieta estricta sense gluten durant tota la vida<\/strong>. Ha d&#8217;estar basada en aliments naturals com ara carn, peix, ous, fruita, verdura i hortalissa, llegums i cereals sense gluten (blat de moro i arr\u00f2s). I s&#8217;han d&#8217;evitar els aliments processats, ja que el 80% dels productes manufacturats poden contenir gluten i \u00e9s m\u00e9s dif\u00edcil detectar-lo.<\/p>\n","protected":false},"excerpt":{"rendered":"<p>Digestions pesades, inflor abdominal, n\u00e0usees, diarrea, fatiga, malestar&#8230; s\u00f3n alguns dels s\u00edmptomes que ens poden advertir que tenim la malaltia cel\u00edaca. El 75% dels pacients no estan diagnosticats, per la qual cosa \u00e9s important que, si en tenim qualsevol sospita, acudim al metge per confirmar-la o descartar-la, ja que per controlar la malaltia cal fer [&hellip;]<\/p>\n","protected":false},"author":3,"featured_media":14763,"comment_status":"open","ping_status":"open","sticky":false,"template":"","format":"standard","meta":{"footnotes":""},"categories":[992,15],"tags":[384,501,500],"class_list":["post-11777","post","type-post","status-publish","format-standard","has-post-thumbnail","hentry","category-aparell-digestiu","category-salut","tag-alimentacio","tag-salut-intesti","tag-salut-intestinal"],"featured_image_src":"https:\/\/www.mgc.es\/wp-content\/uploads\/2019\/11\/celiaquia-singluten.jpg","author_info":{"display_name":"Revista Inter\u00e8s Mutu","author_link":"https:\/\/www.mgc.es\/ca\/blog\/author\/interesmutu\/"},"yoast_head":"<!-- This site is optimized with the Yoast SEO plugin v27.2 - https:\/\/yoast.com\/product\/yoast-seo-wordpress\/ -->\n<title>La malaltia cel\u00edaca: quins s\u00edmptomes t\u00e9 i com es diagnostica? - MGC M\u00fatua<\/title>\n<meta name=\"robots\" content=\"index, follow, max-snippet:-1, max-image-preview:large, max-video-preview:-1\" \/>\n<link rel=\"canonical\" href=\"https:\/\/www.mgc.es\/ca\/blog\/la-malaltia-celiaca-quins-simptomes-te-i-com-es-diagnostica\/\" \/>\n<meta property=\"og:locale\" content=\"ca_ES\" \/>\n<meta property=\"og:type\" content=\"article\" \/>\n<meta property=\"og:title\" content=\"La malaltia cel\u00edaca: quins s\u00edmptomes t\u00e9 i com es diagnostica? - MGC M\u00fatua\" \/>\n<meta property=\"og:description\" content=\"Digestions pesades, inflor abdominal, n\u00e0usees, diarrea, fatiga, malestar&#8230; s\u00f3n alguns dels s\u00edmptomes que ens poden advertir que tenim la malaltia cel\u00edaca. El 75% dels pacients no estan diagnosticats, per la qual cosa \u00e9s important que, si en tenim qualsevol sospita, acudim al metge per confirmar-la o descartar-la, ja que per controlar la malaltia cal fer [&hellip;]\" \/>\n<meta property=\"og:url\" content=\"https:\/\/www.mgc.es\/ca\/blog\/la-malaltia-celiaca-quins-simptomes-te-i-com-es-diagnostica\/\" \/>\n<meta property=\"og:site_name\" content=\"MGC M\u00fatua\" \/>\n<meta property=\"article:publisher\" content=\"https:\/\/www.facebook.com\/mgcmutua\" \/>\n<meta property=\"article:published_time\" content=\"2019-05-27T22:00:00+00:00\" \/>\n<meta property=\"article:modified_time\" content=\"2019-11-22T11:42:08+00:00\" \/>\n<meta property=\"og:image\" content=\"https:\/\/www.mgc.es\/wp-content\/uploads\/2019\/11\/celiaquia-singluten.jpg\" \/>\n\t<meta property=\"og:image:width\" content=\"800\" \/>\n\t<meta property=\"og:image:height\" content=\"534\" \/>\n\t<meta property=\"og:image:type\" content=\"image\/jpeg\" \/>\n<meta name=\"author\" content=\"Revista Inter\u00e8s Mutu\" \/>\n<meta name=\"twitter:card\" content=\"summary_large_image\" \/>\n<meta name=\"twitter:creator\" content=\"@mgcmutua\" \/>\n<meta name=\"twitter:site\" content=\"@mgcmutua\" \/>\n<meta name=\"twitter:label1\" content=\"Escrit per\" \/>\n\t<meta name=\"twitter:data1\" content=\"Revista Inter\u00e8s Mutu\" \/>\n\t<meta name=\"twitter:label2\" content=\"Temps estimat de lectura\" \/>\n\t<meta name=\"twitter:data2\" content=\"4 minuts\" \/>\n<!-- \/ Yoast SEO plugin. -->","yoast_head_json":{"title":"La malaltia cel\u00edaca: quins s\u00edmptomes t\u00e9 i com es diagnostica? - MGC M\u00fatua","robots":{"index":"index","follow":"follow","max-snippet":"max-snippet:-1","max-image-preview":"max-image-preview:large","max-video-preview":"max-video-preview:-1"},"canonical":"https:\/\/www.mgc.es\/ca\/blog\/la-malaltia-celiaca-quins-simptomes-te-i-com-es-diagnostica\/","og_locale":"ca_ES","og_type":"article","og_title":"La malaltia cel\u00edaca: quins s\u00edmptomes t\u00e9 i com es diagnostica? - MGC M\u00fatua","og_description":"Digestions pesades, inflor abdominal, n\u00e0usees, diarrea, fatiga, malestar&#8230; s\u00f3n alguns dels s\u00edmptomes que ens poden advertir que tenim la malaltia cel\u00edaca. El 75% dels pacients no estan diagnosticats, per la qual cosa \u00e9s important que, si en tenim qualsevol sospita, acudim al metge per confirmar-la o descartar-la, ja que per controlar la malaltia cal fer [&hellip;]","og_url":"https:\/\/www.mgc.es\/ca\/blog\/la-malaltia-celiaca-quins-simptomes-te-i-com-es-diagnostica\/","og_site_name":"MGC M\u00fatua","article_publisher":"https:\/\/www.facebook.com\/mgcmutua","article_published_time":"2019-05-27T22:00:00+00:00","article_modified_time":"2019-11-22T11:42:08+00:00","og_image":[{"width":800,"height":534,"url":"https:\/\/www.mgc.es\/wp-content\/uploads\/2019\/11\/celiaquia-singluten.jpg","type":"image\/jpeg"}],"author":"Revista Inter\u00e8s Mutu","twitter_card":"summary_large_image","twitter_creator":"@mgcmutua","twitter_site":"@mgcmutua","twitter_misc":{"Escrit per":"Revista Inter\u00e8s Mutu","Temps estimat de lectura":"4 minuts"},"schema":{"@context":"https:\/\/schema.org","@graph":[{"@type":["Article","BlogPosting"],"@id":"https:\/\/www.mgc.es\/ca\/blog\/la-malaltia-celiaca-quins-simptomes-te-i-com-es-diagnostica\/#article","isPartOf":{"@id":"https:\/\/www.mgc.es\/ca\/blog\/la-malaltia-celiaca-quins-simptomes-te-i-com-es-diagnostica\/"},"author":{"name":"Revista Inter\u00e8s Mutu","@id":"https:\/\/www.mgc.es\/#\/schema\/person\/010c961d9c9acf38f11187a02b646c16"},"headline":"La malaltia cel\u00edaca: quins s\u00edmptomes t\u00e9 i com es diagnostica?","datePublished":"2019-05-27T22:00:00+00:00","dateModified":"2019-11-22T11:42:08+00:00","mainEntityOfPage":{"@id":"https:\/\/www.mgc.es\/ca\/blog\/la-malaltia-celiaca-quins-simptomes-te-i-com-es-diagnostica\/"},"wordCount":790,"commentCount":0,"publisher":{"@id":"https:\/\/www.mgc.es\/#organization"},"image":{"@id":"https:\/\/www.mgc.es\/ca\/blog\/la-malaltia-celiaca-quins-simptomes-te-i-com-es-diagnostica\/#primaryimage"},"thumbnailUrl":"https:\/\/www.mgc.es\/wp-content\/uploads\/2019\/11\/celiaquia-singluten.jpg","keywords":["alimentaci\u00f3","salut intest\u00ed","salut intestinal"],"articleSection":["Aparell digestiu","Salut i medicina"],"inLanguage":"ca","potentialAction":[{"@type":"CommentAction","name":"Comment","target":["https:\/\/www.mgc.es\/ca\/blog\/la-malaltia-celiaca-quins-simptomes-te-i-com-es-diagnostica\/#respond"]}]},{"@type":["WebPage","ItemPage"],"@id":"https:\/\/www.mgc.es\/ca\/blog\/la-malaltia-celiaca-quins-simptomes-te-i-com-es-diagnostica\/","url":"https:\/\/www.mgc.es\/ca\/blog\/la-malaltia-celiaca-quins-simptomes-te-i-com-es-diagnostica\/","name":"La malaltia cel\u00edaca: quins s\u00edmptomes t\u00e9 i com es diagnostica? - MGC M\u00fatua","isPartOf":{"@id":"https:\/\/www.mgc.es\/#website"},"primaryImageOfPage":{"@id":"https:\/\/www.mgc.es\/ca\/blog\/la-malaltia-celiaca-quins-simptomes-te-i-com-es-diagnostica\/#primaryimage"},"image":{"@id":"https:\/\/www.mgc.es\/ca\/blog\/la-malaltia-celiaca-quins-simptomes-te-i-com-es-diagnostica\/#primaryimage"},"thumbnailUrl":"https:\/\/www.mgc.es\/wp-content\/uploads\/2019\/11\/celiaquia-singluten.jpg","datePublished":"2019-05-27T22:00:00+00:00","dateModified":"2019-11-22T11:42:08+00:00","breadcrumb":{"@id":"https:\/\/www.mgc.es\/ca\/blog\/la-malaltia-celiaca-quins-simptomes-te-i-com-es-diagnostica\/#breadcrumb"},"inLanguage":"ca","potentialAction":[{"@type":"ReadAction","target":["https:\/\/www.mgc.es\/ca\/blog\/la-malaltia-celiaca-quins-simptomes-te-i-com-es-diagnostica\/"]}]},{"@type":"ImageObject","inLanguage":"ca","@id":"https:\/\/www.mgc.es\/ca\/blog\/la-malaltia-celiaca-quins-simptomes-te-i-com-es-diagnostica\/#primaryimage","url":"https:\/\/www.mgc.es\/wp-content\/uploads\/2019\/11\/celiaquia-singluten.jpg","contentUrl":"https:\/\/www.mgc.es\/wp-content\/uploads\/2019\/11\/celiaquia-singluten.jpg","width":800,"height":534},{"@type":"BreadcrumbList","@id":"https:\/\/www.mgc.es\/ca\/blog\/la-malaltia-celiaca-quins-simptomes-te-i-com-es-diagnostica\/#breadcrumb","itemListElement":[{"@type":"ListItem","position":1,"name":"Home","item":"https:\/\/www.mgc.es\/ca\/"},{"@type":"ListItem","position":2,"name":"La malaltia cel\u00edaca: quins s\u00edmptomes t\u00e9 i com es diagnostica?"}]},{"@type":"WebSite","@id":"https:\/\/www.mgc.es\/#website","url":"https:\/\/www.mgc.es\/","name":"MGC M\u00fatua","description":"MGC M\u00fatua \u00e9s una entitat asseguradora sense \u00e0nim de lucre constitu\u00efda al 1982 i especialitzada en assegurances de salut i assist\u00e8ncia.","publisher":{"@id":"https:\/\/www.mgc.es\/#organization"},"alternateName":"MGC","potentialAction":[{"@type":"SearchAction","target":{"@type":"EntryPoint","urlTemplate":"https:\/\/www.mgc.es\/?s={search_term_string}"},"query-input":{"@type":"PropertyValueSpecification","valueRequired":true,"valueName":"search_term_string"}}],"inLanguage":"ca"},{"@type":"Organization","@id":"https:\/\/www.mgc.es\/#organization","name":"MGC Mutua","alternateName":"MGC","url":"https:\/\/www.mgc.es\/","logo":{"@type":"ImageObject","inLanguage":"ca","@id":"https:\/\/www.mgc.es\/#\/schema\/logo\/image\/","url":"https:\/\/www.mgc.es\/wp-content\/uploads\/2020\/03\/mgcmutua_h2_2t_reduccions.png","contentUrl":"https:\/\/www.mgc.es\/wp-content\/uploads\/2020\/03\/mgcmutua_h2_2t_reduccions.png","width":303,"height":165,"caption":"MGC Mutua"},"image":{"@id":"https:\/\/www.mgc.es\/#\/schema\/logo\/image\/"},"sameAs":["https:\/\/www.facebook.com\/mgcmutua","https:\/\/x.com\/mgcmutua","https:\/\/www.youtube.com\/c\/MGCMutua"]},{"@type":"Person","@id":"https:\/\/www.mgc.es\/#\/schema\/person\/010c961d9c9acf38f11187a02b646c16","name":"Revista Inter\u00e8s Mutu","image":{"@type":"ImageObject","inLanguage":"ca","@id":"https:\/\/secure.gravatar.com\/avatar\/52302d684339b9d7bf5691e2ad00835d62ce3b4a435f21ca9f21fbe39c63cb1b?s=96&d=mm&r=g","url":"https:\/\/secure.gravatar.com\/avatar\/52302d684339b9d7bf5691e2ad00835d62ce3b4a435f21ca9f21fbe39c63cb1b?s=96&d=mm&r=g","contentUrl":"https:\/\/secure.gravatar.com\/avatar\/52302d684339b9d7bf5691e2ad00835d62ce3b4a435f21ca9f21fbe39c63cb1b?s=96&d=mm&r=g","caption":"Revista Inter\u00e8s Mutu"}}]}},"_links":{"self":[{"href":"https:\/\/www.mgc.es\/ca\/wp-json\/wp\/v2\/posts\/11777","targetHints":{"allow":["GET"]}}],"collection":[{"href":"https:\/\/www.mgc.es\/ca\/wp-json\/wp\/v2\/posts"}],"about":[{"href":"https:\/\/www.mgc.es\/ca\/wp-json\/wp\/v2\/types\/post"}],"author":[{"embeddable":true,"href":"https:\/\/www.mgc.es\/ca\/wp-json\/wp\/v2\/users\/3"}],"replies":[{"embeddable":true,"href":"https:\/\/www.mgc.es\/ca\/wp-json\/wp\/v2\/comments?post=11777"}],"version-history":[{"count":1,"href":"https:\/\/www.mgc.es\/ca\/wp-json\/wp\/v2\/posts\/11777\/revisions"}],"predecessor-version":[{"id":15293,"href":"https:\/\/www.mgc.es\/ca\/wp-json\/wp\/v2\/posts\/11777\/revisions\/15293"}],"wp:featuredmedia":[{"embeddable":true,"href":"https:\/\/www.mgc.es\/ca\/wp-json\/wp\/v2\/media\/14763"}],"wp:attachment":[{"href":"https:\/\/www.mgc.es\/ca\/wp-json\/wp\/v2\/media?parent=11777"}],"wp:term":[{"taxonomy":"category","embeddable":true,"href":"https:\/\/www.mgc.es\/ca\/wp-json\/wp\/v2\/categories?post=11777"},{"taxonomy":"post_tag","embeddable":true,"href":"https:\/\/www.mgc.es\/ca\/wp-json\/wp\/v2\/tags?post=11777"}],"curies":[{"name":"wp","href":"https:\/\/api.w.org\/{rel}","templated":true}]}}