{"id":11762,"date":"2019-04-17T00:00:00","date_gmt":"2019-04-16T22:00:00","guid":{"rendered":"http:\/\/web-server-devel.mgc.es\/acord-de-col%c2%b7laboracio-entre-mutua-general-de-catalunya-i-cottet\/"},"modified":"2021-03-10T17:34:07","modified_gmt":"2021-03-10T16:34:07","slug":"acord-de-col%c2%b7laboracio-entre-mutua-general-de-catalunya-i-cottet","status":"publish","type":"post","link":"https:\/\/www.mgc.es\/ca\/blog\/acord-de-col%c2%b7laboracio-entre-mutua-general-de-catalunya-i-cottet\/","title":{"rendered":"Acord de col\u00b7laboraci\u00f3 entre M\u00fatua General de Catalunya i Cottet"},"content":{"rendered":"\n<div class=\"wp-block-image\"><figure class=\"aligncenter\"><img decoding=\"async\" src=\"https:\/\/www.mgc.es\/wp-content\/uploads\/2019\/04\/mgc-cottet1-1024x703.jpg\" alt=\"\" class=\"wp-image-6099\"\/><\/figure><\/div>\n\n\n\n<p>La M\u00fatua General de Catalunya i Cottet, l\u2019emblem\u00e0tica cadena d\u2019\u00f2ptiques i audiologia de Barcelona amb 115 anys d\u2019hist\u00f2ria, han signat un acord de col\u00b7laboraci\u00f3 mitjan\u00e7ant el qual els i les mutualistes, aix\u00ed com el personal de l\u2019entitat asseguradora, gaudiran de condicions especials en diversos productes, concretament, ulleres de sol sense graduar, graduades i esportives, lents de contacte i audi\u00f2fons, amb descomptes que oscil\u00b7len entre el 10% i el 30%.<\/p>\n\n\n\n<!--more-->\n\n\n\n<p>Pel que fa als audi\u00f2fons, les persones assegurades que disposen de la cobertura de reemborsament d\u2019audiopr\u00f2tesis (del 90% de l\u2019import total, amb un m\u00e0xim de 1.100 \u20ac) i els adquireixin a les botigues <a href=\"http:\/\/www.cottet.com\">Cottet<\/a> (presentant en el moment de la compra l\u2019autoritzaci\u00f3 emesa per MGC) gaudiran d\u2019un descompte molt avantatj\u00f3s. A m\u00e9s, no pagaran l\u2019import total dels audi\u00f2fons per avan\u00e7at, ja que nom\u00e9s hauran d\u2019abonar la difer\u00e8ncia (restant al preu final els 1.100 \u20ac o la reducci\u00f3 que correspongui).<\/p>\n\n\n\n<div class=\"wp-block-image\"><figure class=\"aligncenter\"><a href=\"http:\/\/news.mgc.es:8080\/form.do?agnCI=1&amp;agnFN=mostra_web&amp;agnUID=1.hl.6iq7.4z1.tbgm9i6f9l\"><img decoding=\"async\" src=\"https:\/\/www.mgc.es\/wp-content\/uploads\/2019\/04\/salt-visual-nens.jpg\" alt=\"\" class=\"wp-image-6124\"\/><\/a><\/figure><\/div>\n\n\n\n<p><strong>Divulgaci\u00f3 de la salut visual i auditiva<\/strong><\/p>\n\n\n\n<p>A m\u00e9s, com a servei de valor afegit i dins del programa habitual de promoci\u00f3 de la salut de l\u2019entitat, la M\u00fatua obre les portes dels seus \u201cespais m\u00fatua\u201d arreu de territori a Cottet &nbsp;per realitzar xerrades divulgatives sobre audiologia i \u00f2ptica adre\u00e7ades a mutualistes, clients de Cottet i a tota la ciutadania en general. Les xerrades s\u2019iniciaran el proper mes de maig i seran sobre <a href=\"http:\/\/news.mgc.es:8080\/form.do?agnCI=1&amp;agnFN=mostra_web&amp;agnUID=1.hl.jhv.4z1.n0jn193nj4\">salut visual<\/a> i <a href=\"http:\/\/news.mgc.es:8080\/form.do?agnCI=1&amp;agnFN=mostra_web&amp;agnUID=1.hm.jhv.4zd.flqkiwcxv1\">prevenci\u00f3 auditiva<\/a>.<\/p>\n\n\n\n<p>A la imatge podem veure el director general de MGC, Daniel Redondo, i el director general de Cottet, Javier Cottet, el passat 8 de mar\u00e7 a la seu de la M\u00fatua.<\/p>\n","protected":false},"excerpt":{"rendered":"<p>La M\u00fatua General de Catalunya i Cottet, l\u2019emblem\u00e0tica cadena d\u2019\u00f2ptiques i audiologia de Barcelona amb 115 anys d\u2019hist\u00f2ria, han signat un acord de col\u00b7laboraci\u00f3 mitjan\u00e7ant el qual els i les mutualistes aix\u00ed com el personal de l\u2019entitat asseguradora gaudiran de condicions especials&#8230;<\/p>\n","protected":false},"author":3,"featured_media":14720,"comment_status":"open","ping_status":"open","sticky":false,"template":"","format":"standard","meta":{"footnotes":""},"categories":[11],"tags":[],"class_list":["post-11762","post","type-post","status-publish","format-standard","has-post-thumbnail","hentry","category-actualitat"],"featured_image_src":"https:\/\/www.mgc.es\/wp-content\/uploads\/2019\/11\/mgc-cottet1-1024x703.jpg","author_info":{"display_name":"Revista Inter\u00e8s Mutu","author_link":"https:\/\/www.mgc.es\/ca\/blog\/author\/interesmutu\/"},"yoast_head":"<!-- This site is optimized with the Yoast SEO plugin v27.2 - https:\/\/yoast.com\/product\/yoast-seo-wordpress\/ -->\n<title>Acord de col\u00b7laboraci\u00f3 entre M\u00fatua General de Catalunya i Cottet - MGC M\u00fatua<\/title>\n<meta name=\"robots\" content=\"index, follow, max-snippet:-1, max-image-preview:large, max-video-preview:-1\" \/>\n<link rel=\"canonical\" href=\"https:\/\/www.mgc.es\/ca\/blog\/acord-de-col\u00b7laboracio-entre-mutua-general-de-catalunya-i-cottet\/\" \/>\n<meta property=\"og:locale\" content=\"ca_ES\" \/>\n<meta property=\"og:type\" content=\"article\" \/>\n<meta property=\"og:title\" content=\"Acord de col\u00b7laboraci\u00f3 entre M\u00fatua General de Catalunya i Cottet - MGC M\u00fatua\" \/>\n<meta property=\"og:description\" content=\"La M\u00fatua General de Catalunya i Cottet, l\u2019emblem\u00e0tica cadena d\u2019\u00f2ptiques i audiologia de Barcelona amb 115 anys d\u2019hist\u00f2ria, han signat un acord de col\u00b7laboraci\u00f3 mitjan\u00e7ant el qual els i les mutualistes aix\u00ed com el personal de l\u2019entitat asseguradora gaudiran de condicions especials...\" \/>\n<meta property=\"og:url\" content=\"https:\/\/www.mgc.es\/ca\/blog\/acord-de-col\u00b7laboracio-entre-mutua-general-de-catalunya-i-cottet\/\" \/>\n<meta property=\"og:site_name\" content=\"MGC M\u00fatua\" \/>\n<meta property=\"article:publisher\" content=\"https:\/\/www.facebook.com\/mgcmutua\" \/>\n<meta property=\"article:published_time\" content=\"2019-04-16T22:00:00+00:00\" \/>\n<meta property=\"article:modified_time\" content=\"2021-03-10T16:34:07+00:00\" \/>\n<meta property=\"og:image\" content=\"https:\/\/www.mgc.es\/wp-content\/uploads\/2019\/11\/mgc-cottet1-1024x703.jpg\" \/>\n\t<meta property=\"og:image:width\" content=\"1024\" \/>\n\t<meta property=\"og:image:height\" content=\"703\" \/>\n\t<meta property=\"og:image:type\" content=\"image\/jpeg\" \/>\n<meta name=\"author\" content=\"Revista Inter\u00e8s Mutu\" \/>\n<meta name=\"twitter:card\" content=\"summary_large_image\" \/>\n<meta name=\"twitter:creator\" content=\"@mgcmutua\" \/>\n<meta name=\"twitter:site\" content=\"@mgcmutua\" \/>\n<meta name=\"twitter:label1\" content=\"Escrit per\" \/>\n\t<meta name=\"twitter:data1\" content=\"Revista Inter\u00e8s Mutu\" \/>\n\t<meta name=\"twitter:label2\" content=\"Temps estimat de lectura\" \/>\n\t<meta name=\"twitter:data2\" content=\"1 minut\" \/>\n<!-- \/ Yoast SEO plugin. -->","yoast_head_json":{"title":"Acord de col\u00b7laboraci\u00f3 entre M\u00fatua General de Catalunya i Cottet - MGC M\u00fatua","robots":{"index":"index","follow":"follow","max-snippet":"max-snippet:-1","max-image-preview":"max-image-preview:large","max-video-preview":"max-video-preview:-1"},"canonical":"https:\/\/www.mgc.es\/ca\/blog\/acord-de-col\u00b7laboracio-entre-mutua-general-de-catalunya-i-cottet\/","og_locale":"ca_ES","og_type":"article","og_title":"Acord de col\u00b7laboraci\u00f3 entre M\u00fatua General de Catalunya i Cottet - MGC M\u00fatua","og_description":"La M\u00fatua General de Catalunya i Cottet, l\u2019emblem\u00e0tica cadena d\u2019\u00f2ptiques i audiologia de Barcelona amb 115 anys d\u2019hist\u00f2ria, han signat un acord de col\u00b7laboraci\u00f3 mitjan\u00e7ant el qual els i les mutualistes aix\u00ed com el personal de l\u2019entitat asseguradora gaudiran de condicions especials...","og_url":"https:\/\/www.mgc.es\/ca\/blog\/acord-de-col\u00b7laboracio-entre-mutua-general-de-catalunya-i-cottet\/","og_site_name":"MGC M\u00fatua","article_publisher":"https:\/\/www.facebook.com\/mgcmutua","article_published_time":"2019-04-16T22:00:00+00:00","article_modified_time":"2021-03-10T16:34:07+00:00","og_image":[{"width":1024,"height":703,"url":"https:\/\/www.mgc.es\/wp-content\/uploads\/2019\/11\/mgc-cottet1-1024x703.jpg","type":"image\/jpeg"}],"author":"Revista Inter\u00e8s Mutu","twitter_card":"summary_large_image","twitter_creator":"@mgcmutua","twitter_site":"@mgcmutua","twitter_misc":{"Escrit per":"Revista Inter\u00e8s Mutu","Temps estimat de lectura":"1 minut"},"schema":{"@context":"https:\/\/schema.org","@graph":[{"@type":["Article","BlogPosting"],"@id":"https:\/\/www.mgc.es\/ca\/blog\/acord-de-col%c2%b7laboracio-entre-mutua-general-de-catalunya-i-cottet\/#article","isPartOf":{"@id":"https:\/\/www.mgc.es\/ca\/blog\/acord-de-col%c2%b7laboracio-entre-mutua-general-de-catalunya-i-cottet\/"},"author":{"name":"Revista Inter\u00e8s Mutu","@id":"https:\/\/www.mgc.es\/#\/schema\/person\/010c961d9c9acf38f11187a02b646c16"},"headline":"Acord de col\u00b7laboraci\u00f3 entre M\u00fatua General de Catalunya i Cottet","datePublished":"2019-04-16T22:00:00+00:00","dateModified":"2021-03-10T16:34:07+00:00","mainEntityOfPage":{"@id":"https:\/\/www.mgc.es\/ca\/blog\/acord-de-col%c2%b7laboracio-entre-mutua-general-de-catalunya-i-cottet\/"},"wordCount":294,"commentCount":0,"publisher":{"@id":"https:\/\/www.mgc.es\/#organization"},"image":{"@id":"https:\/\/www.mgc.es\/ca\/blog\/acord-de-col%c2%b7laboracio-entre-mutua-general-de-catalunya-i-cottet\/#primaryimage"},"thumbnailUrl":"https:\/\/www.mgc.es\/wp-content\/uploads\/2019\/11\/mgc-cottet1-1024x703.jpg","articleSection":["Actualitat M\u00fatua"],"inLanguage":"ca","potentialAction":[{"@type":"CommentAction","name":"Comment","target":["https:\/\/www.mgc.es\/ca\/blog\/acord-de-col%c2%b7laboracio-entre-mutua-general-de-catalunya-i-cottet\/#respond"]}]},{"@type":["WebPage","ItemPage"],"@id":"https:\/\/www.mgc.es\/ca\/blog\/acord-de-col%c2%b7laboracio-entre-mutua-general-de-catalunya-i-cottet\/","url":"https:\/\/www.mgc.es\/ca\/blog\/acord-de-col%c2%b7laboracio-entre-mutua-general-de-catalunya-i-cottet\/","name":"Acord de col\u00b7laboraci\u00f3 entre M\u00fatua General de Catalunya i Cottet - MGC M\u00fatua","isPartOf":{"@id":"https:\/\/www.mgc.es\/#website"},"primaryImageOfPage":{"@id":"https:\/\/www.mgc.es\/ca\/blog\/acord-de-col%c2%b7laboracio-entre-mutua-general-de-catalunya-i-cottet\/#primaryimage"},"image":{"@id":"https:\/\/www.mgc.es\/ca\/blog\/acord-de-col%c2%b7laboracio-entre-mutua-general-de-catalunya-i-cottet\/#primaryimage"},"thumbnailUrl":"https:\/\/www.mgc.es\/wp-content\/uploads\/2019\/11\/mgc-cottet1-1024x703.jpg","datePublished":"2019-04-16T22:00:00+00:00","dateModified":"2021-03-10T16:34:07+00:00","breadcrumb":{"@id":"https:\/\/www.mgc.es\/ca\/blog\/acord-de-col%c2%b7laboracio-entre-mutua-general-de-catalunya-i-cottet\/#breadcrumb"},"inLanguage":"ca","potentialAction":[{"@type":"ReadAction","target":["https:\/\/www.mgc.es\/ca\/blog\/acord-de-col%c2%b7laboracio-entre-mutua-general-de-catalunya-i-cottet\/"]}]},{"@type":"ImageObject","inLanguage":"ca","@id":"https:\/\/www.mgc.es\/ca\/blog\/acord-de-col%c2%b7laboracio-entre-mutua-general-de-catalunya-i-cottet\/#primaryimage","url":"https:\/\/www.mgc.es\/wp-content\/uploads\/2019\/11\/mgc-cottet1-1024x703.jpg","contentUrl":"https:\/\/www.mgc.es\/wp-content\/uploads\/2019\/11\/mgc-cottet1-1024x703.jpg","width":1024,"height":703},{"@type":"BreadcrumbList","@id":"https:\/\/www.mgc.es\/ca\/blog\/acord-de-col%c2%b7laboracio-entre-mutua-general-de-catalunya-i-cottet\/#breadcrumb","itemListElement":[{"@type":"ListItem","position":1,"name":"Home","item":"https:\/\/www.mgc.es\/ca\/"},{"@type":"ListItem","position":2,"name":"Acord de col\u00b7laboraci\u00f3 entre M\u00fatua General de Catalunya i Cottet"}]},{"@type":"WebSite","@id":"https:\/\/www.mgc.es\/#website","url":"https:\/\/www.mgc.es\/","name":"MGC M\u00fatua","description":"MGC M\u00fatua \u00e9s una entitat asseguradora sense \u00e0nim de lucre constitu\u00efda al 1982 i especialitzada en assegurances de salut i assist\u00e8ncia.","publisher":{"@id":"https:\/\/www.mgc.es\/#organization"},"alternateName":"MGC","potentialAction":[{"@type":"SearchAction","target":{"@type":"EntryPoint","urlTemplate":"https:\/\/www.mgc.es\/?s={search_term_string}"},"query-input":{"@type":"PropertyValueSpecification","valueRequired":true,"valueName":"search_term_string"}}],"inLanguage":"ca"},{"@type":"Organization","@id":"https:\/\/www.mgc.es\/#organization","name":"MGC Mutua","alternateName":"MGC","url":"https:\/\/www.mgc.es\/","logo":{"@type":"ImageObject","inLanguage":"ca","@id":"https:\/\/www.mgc.es\/#\/schema\/logo\/image\/","url":"https:\/\/www.mgc.es\/wp-content\/uploads\/2020\/03\/mgcmutua_h2_2t_reduccions.png","contentUrl":"https:\/\/www.mgc.es\/wp-content\/uploads\/2020\/03\/mgcmutua_h2_2t_reduccions.png","width":303,"height":165,"caption":"MGC Mutua"},"image":{"@id":"https:\/\/www.mgc.es\/#\/schema\/logo\/image\/"},"sameAs":["https:\/\/www.facebook.com\/mgcmutua","https:\/\/x.com\/mgcmutua","https:\/\/www.youtube.com\/c\/MGCMutua"]},{"@type":"Person","@id":"https:\/\/www.mgc.es\/#\/schema\/person\/010c961d9c9acf38f11187a02b646c16","name":"Revista Inter\u00e8s Mutu","image":{"@type":"ImageObject","inLanguage":"ca","@id":"https:\/\/secure.gravatar.com\/avatar\/52302d684339b9d7bf5691e2ad00835d62ce3b4a435f21ca9f21fbe39c63cb1b?s=96&d=mm&r=g","url":"https:\/\/secure.gravatar.com\/avatar\/52302d684339b9d7bf5691e2ad00835d62ce3b4a435f21ca9f21fbe39c63cb1b?s=96&d=mm&r=g","contentUrl":"https:\/\/secure.gravatar.com\/avatar\/52302d684339b9d7bf5691e2ad00835d62ce3b4a435f21ca9f21fbe39c63cb1b?s=96&d=mm&r=g","caption":"Revista Inter\u00e8s Mutu"}}]}},"_links":{"self":[{"href":"https:\/\/www.mgc.es\/ca\/wp-json\/wp\/v2\/posts\/11762","targetHints":{"allow":["GET"]}}],"collection":[{"href":"https:\/\/www.mgc.es\/ca\/wp-json\/wp\/v2\/posts"}],"about":[{"href":"https:\/\/www.mgc.es\/ca\/wp-json\/wp\/v2\/types\/post"}],"author":[{"embeddable":true,"href":"https:\/\/www.mgc.es\/ca\/wp-json\/wp\/v2\/users\/3"}],"replies":[{"embeddable":true,"href":"https:\/\/www.mgc.es\/ca\/wp-json\/wp\/v2\/comments?post=11762"}],"version-history":[{"count":2,"href":"https:\/\/www.mgc.es\/ca\/wp-json\/wp\/v2\/posts\/11762\/revisions"}],"predecessor-version":[{"id":17647,"href":"https:\/\/www.mgc.es\/ca\/wp-json\/wp\/v2\/posts\/11762\/revisions\/17647"}],"wp:featuredmedia":[{"embeddable":true,"href":"https:\/\/www.mgc.es\/ca\/wp-json\/wp\/v2\/media\/14720"}],"wp:attachment":[{"href":"https:\/\/www.mgc.es\/ca\/wp-json\/wp\/v2\/media?parent=11762"}],"wp:term":[{"taxonomy":"category","embeddable":true,"href":"https:\/\/www.mgc.es\/ca\/wp-json\/wp\/v2\/categories?post=11762"},{"taxonomy":"post_tag","embeddable":true,"href":"https:\/\/www.mgc.es\/ca\/wp-json\/wp\/v2\/tags?post=11762"}],"curies":[{"name":"wp","href":"https:\/\/api.w.org\/{rel}","templated":true}]}}