{"id":11760,"date":"2021-04-13T00:00:00","date_gmt":"2021-04-12T22:00:00","guid":{"rendered":"http:\/\/web-server-devel.mgc.es\/tinc-al%c2%b7lergia\/"},"modified":"2025-10-15T16:16:02","modified_gmt":"2025-10-15T14:16:02","slug":"tinc-al%c2%b7lergia","status":"publish","type":"post","link":"https:\/\/www.mgc.es\/ca\/blog\/tinc-al%c2%b7lergia\/","title":{"rendered":"\u00bfTinc al\u00b7l\u00e8rgia al pol\u00b7len? S\u00edmptomes i com tractar-la"},"content":{"rendered":"<div id=\"ez-toc-container\" class=\"ez-toc-v2_0_82_1 counter-hierarchy ez-toc-counter ez-toc-custom ez-toc-container-direction\">\n<div class=\"ez-toc-title-container\"><p class=\"ez-toc-title\" style=\"cursor:inherit\">\u00cdndex de continguts<\/p>\n<\/div><nav><ul class='ez-toc-list ez-toc-list-level-1 ' ><li class='ez-toc-page-1 ez-toc-heading-level-2'><a class=\"ez-toc-link ez-toc-heading-1\" href=\"https:\/\/www.mgc.es\/ca\/blog\/tinc-al%c2%b7lergia\/#Que_es_una_allergia_i_en_concret_lallergia_al_pollen\" >Qu\u00e8 \u00e9s una al\u00b7l\u00e8rgia i, en concret, l&#8217;al\u00b7l\u00e8rgia al pol\u00b7len?<\/a><\/li><li class='ez-toc-page-1 ez-toc-heading-level-2'><a class=\"ez-toc-link ez-toc-heading-2\" href=\"https:\/\/www.mgc.es\/ca\/blog\/tinc-al%c2%b7lergia\/#Que_determina_la_intensitat_de_les_allergies_cada_any\" >Qu\u00e8 determina la intensitat de les al\u00b7l\u00e8rgies cada any?<\/a><\/li><li class='ez-toc-page-1 ez-toc-heading-level-2'><a class=\"ez-toc-link ez-toc-heading-3\" href=\"https:\/\/www.mgc.es\/ca\/blog\/tinc-al%c2%b7lergia\/#Quins_simptomes_comporta\" >Quins s\u00edmptomes comporta?<\/a><\/li><li class='ez-toc-page-1 ez-toc-heading-level-2'><a class=\"ez-toc-link ez-toc-heading-4\" href=\"https:\/\/www.mgc.es\/ca\/blog\/tinc-al%c2%b7lergia\/#Com_la_diferenciem_dun_refredat\" >Com la diferenciem d&#8217;un refredat?<\/a><\/li><li class='ez-toc-page-1 ez-toc-heading-level-2'><a class=\"ez-toc-link ez-toc-heading-5\" href=\"https:\/\/www.mgc.es\/ca\/blog\/tinc-al%c2%b7lergia\/#Com_es_diagnostica\" >Com es diagnostica?<\/a><\/li><li class='ez-toc-page-1 ez-toc-heading-level-2'><a class=\"ez-toc-link ez-toc-heading-6\" href=\"https:\/\/www.mgc.es\/ca\/blog\/tinc-al%c2%b7lergia\/#Quin_es_el_tractament_per_a_lallergia\" >Quin \u00e9s el tractament per a l&#8217;al\u00b7l\u00e8rgia?<\/a><\/li><li class='ez-toc-page-1 ez-toc-heading-level-2'><a class=\"ez-toc-link ez-toc-heading-7\" href=\"https:\/\/www.mgc.es\/ca\/blog\/tinc-al%c2%b7lergia\/#Quines_mesures_hem_de_prendre_per_reduir_els_simptomes\" >Quines mesures hem de prendre per reduir els s\u00edmptomes?<\/a><\/li><\/ul><\/nav><\/div>\n\n<div class=\"video\"><iframe loading=\"lazy\" src=\"https:\/\/player.vimeo.com\/video\/329612434\" allow=\"autoplay; fullscreen\" allowfullscreen=\"\" width=\"640\" height=\"360\" frameborder=\"0\"><\/iframe><\/div>\n\n\n\n<p>L&#8217;al\u00b7l\u00e8rgia al pol\u00b7len afecta cada any el 20% de la poblaci\u00f3 espanyola, i les xifres s&#8217;han duplicat aquests \u00faltims anys. El <strong>Dr. Ricard Bargu\u00e9s<\/strong>, especialista en otorrinolaringologia del <a href=\"https:\/\/centremedic.mgc.es\">Centre M\u00e8dic MGC<\/a>, ens parla sobre l&#8217;al\u00b7l\u00e8rgia i ens explica algunes recomanacions per reduir les mol\u00e8sties d&#8217;aquesta malaltia estacional.<\/p>\n\n\n\n<!--more-->\n\n\n\n<h2 class=\"wp-block-heading\"><span class=\"ez-toc-section\" id=\"Que_es_una_allergia_i_en_concret_lallergia_al_pollen\"><\/span><strong>Qu\u00e8 \u00e9s una al\u00b7l\u00e8rgia i, en concret, l&#8217;al\u00b7l\u00e8rgia al pol\u00b7len?<\/strong> <span class=\"ez-toc-section-end\"><\/span><\/h2>\n\n\n\n<p>Qualsevol al\u00b7l\u00e8rgia \u00e9s una resposta exagerada del sistema immunol\u00f2gic, que considera perjudicial un element extern a qu\u00e8 est\u00e0 exposat l&#8217;organisme o que entra dins de l&#8217;organisme, per\u00f2 que en realitat no ho \u00e9s. L&#8217;al\u00b7l\u00e8rgia al pol\u00b7len es produeix quan les llavors de les plantes (el pol\u00b7len), que estan en suspensi\u00f3 en l&#8217;aire per la pol\u00b7linitzaci\u00f3, provoquen una reacci\u00f3 del sistema immunol\u00f2gic. Si el pol\u00b7len entra en contacte amb l&#8217;aparell respiratori, els ulls o la pell, l&#8217;organisme es defensa alliberant al torrent sanguini subst\u00e0ncies qu\u00edmiques com ara la histamina, que \u00e9s la responsable dels s\u00edmptomes comuns de l&#8217;al\u00b7l\u00e8rgia. Quan afecten principalment el nas, en otorinolaringologia parlem de rinitis al\u00b7l\u00e8rgica, tamb\u00e9 anomenada febre del fenc o al\u00b7l\u00e8rgia estacional.<\/p>\n\n\n\n<h2 class=\"wp-block-heading\"><span class=\"ez-toc-section\" id=\"Que_determina_la_intensitat_de_les_allergies_cada_any\"><\/span><strong>Qu\u00e8 determina la intensitat de les al\u00b7l\u00e8rgies cada any? <\/strong><span class=\"ez-toc-section-end\"><\/span><\/h2>\n\n\n\n<p>La intensitat de l&#8217;al\u00b7l\u00e8rgia dep\u00e8n de la sensibilitat de cada individu, del seu sistema immunol\u00f2gic i de la concentraci\u00f3 de pol\u00b7len a l&#8217;ambient. El pol\u00b7len s&#8217;allibera en \u00e8poques espec\u00edfiques de l&#8217;any, sobretot a la primavera, per\u00f2 tamb\u00e9 hi ha al\u00b7l\u00e8rgies que poden produir-se tot l&#8217;any, segons les esp\u00e8cies. Les plantes que m\u00e9s al\u00b7l\u00e8rgia al pol\u00b7len causen a Europa s\u00f3n les gram\u00ednies, encara que tamb\u00e9 destaquen el pl\u00e0tan d&#8217;ombra, l&#8217;olivera, el bedoll, la pariet\u00e0ria i la palmera.<\/p>\n\n\n\n<p>La quantitat de pol\u00b7len a l&#8217;atmosfera durant el per\u00edode de pol\u00b7linitzaci\u00f3 augmenta en els dies secs i assolellats i disminueix en els dies humits i m\u00e9s freds, ja que el pol\u00b7len absorbeix la humitat i, com que pesa m\u00e9s, \u00e9s m\u00e9s dif\u00edcil que sigui transportat per l\u2019aire. Els dies calorosos i ventosos s\u00f3n els pitjors per a les al\u00b7l\u00e8rgies.<\/p>\n\n\n\n<div class=\"wp-block-image\"><figure class=\"aligncenter\"><img decoding=\"async\" src=\"https:\/\/www.mgc.es\/wp-content\/uploads\/2019\/04\/alergiaa.jpg\" alt=\"\" class=\"wp-image-6078\"\/><\/figure><\/div>\n\n\n\n<h2 class=\"wp-block-heading\"><span class=\"ez-toc-section\" id=\"Quins_simptomes_comporta\"><\/span><strong>Quins s\u00edmptomes comporta?<\/strong> <span class=\"ez-toc-section-end\"><\/span><\/h2>\n\n\n\n<p>El s\u00edmptoma principal \u00e9s la congesti\u00f3 i el degoteig nasal. Tamb\u00e9 es pot produir picor al nas, esternuts freq\u00fcents, irritaci\u00f3, picor i llagrimeig ocular, asma, mal de cap, cansament, irritabilitat&#8230; Aquests s\u00edmptomes poden complicar-se amb altres derivats d&#8217;altres patologies.<\/p>\n\n\n\n<h2 class=\"wp-block-heading\"><span class=\"ez-toc-section\" id=\"Com_la_diferenciem_dun_refredat\"><\/span><strong>Com la diferenciem d&#8217;un refredat?<\/strong> <span class=\"ez-toc-section-end\"><\/span><\/h2>\n\n\n\n<p>Tot i que els s\u00edmptomes s\u00f3n molt similars perqu\u00e8 tots dos afecten principalment el nas, un refredat com\u00fa pot apar\u00e8ixer en qualsevol \u00e8poca de l&#8217;any i habitualment dura una setmana o deu dies. L&#8217;al\u00b7l\u00e8rgia estacional sol apar\u00e8ixer cada any en la mateixa \u00e8poca i \u00e9s un proc\u00e9s que pot allargar-se setmanes o mesos.<\/p>\n\n\n\n<h2 class=\"wp-block-heading\"><span class=\"ez-toc-section\" id=\"Com_es_diagnostica\"><\/span><strong>Com es diagnostica?<\/strong> <span class=\"ez-toc-section-end\"><\/span><\/h2>\n\n\n\n<p>La hist\u00f2ria cl\u00ednica, \u00e9s a dir, els s\u00edmptomes, \u00e9s el primer que s&#8217;avalua i sol ser suficient per al diagn\u00f2stic de l&#8217;al\u00b7l\u00e8rgia al pol\u00b7len. Si es vol con\u00e8ixer exactament a quin tipus de planta s\u2019\u00e9s al\u00b7l\u00e8rgic o quin element \u00e9s el que desencadena aquesta reacci\u00f3, l&#8217;al\u00b7lerg\u00f2leg fa una prova cut\u00e0nia anomenada <em>prick test<\/em>, que consisteix a inocular a la pell els al\u00b7l\u00e8rgens sospitosos amb d&#8217;una petita punxada i observar si es produeix la reacci\u00f3 inflamat\u00f2ria caracter\u00edstica de l&#8217;al\u00b7l\u00e8rgia.<\/p>\n\n\n\n<p>Tamb\u00e9 es pot fer una an\u00e0lisi de sang per determinar la pres\u00e8ncia d&#8217;anticossos espec\u00edfics enfront a l&#8217;al\u00b7lergen. I a partir d&#8217;aquests resultats s&#8217;ha d&#8217;establir un tractament.<\/p>\n\n\n\n<h2 class=\"wp-block-heading\"><span class=\"ez-toc-section\" id=\"Quin_es_el_tractament_per_a_lallergia\"><\/span><strong>Quin \u00e9s el tractament per a l&#8217;al\u00b7l\u00e8rgia?<\/strong> <span class=\"ez-toc-section-end\"><\/span><\/h2>\n\n\n\n<p>El tractament habitual per al proc\u00e9s agut immediat, que \u00e9s molt estacional i sol durar poc temps, \u00e9s amb antihistam\u00ednics, que bloquegen la reacci\u00f3 al\u00b7l\u00e8rgica i controlen bona part dels s\u00edmptomes. Si s\u00f3n processos m\u00e9s llargs o al\u00b7l\u00e8rgies a altres subst\u00e0ncies presents de forma habitual en l&#8217;entorn, com ara els \u00e0cars, es poden utilitzar corticoides inhalats en forma d&#8217;esprai per bloquejar les respostes del sistema immunol\u00f2gic.<\/p>\n\n\n\n<h2 class=\"wp-block-heading\"><span class=\"ez-toc-section\" id=\"Quines_mesures_hem_de_prendre_per_reduir_els_simptomes\"><\/span><strong>Quines mesures hem de prendre per reduir els s\u00edmptomes?<\/strong> <span class=\"ez-toc-section-end\"><\/span><\/h2>\n\n\n\n<p>El tractament preventiu \u00e9s evitar en la mesura possible l&#8217;exposici\u00f3 al pol\u00b7len, sobretot els dies en qu\u00e8 la concentraci\u00f3 \u00e9s elevada. Algunes recomanacions s\u00f3n: evitar les sortides a l&#8217;aire lliure i a la natura (i si es fa, dutxar-se i canviar-se de roba en arribar a casa), utilitzar ulleres de sol i, si cal, una m\u00e0scara per sortir, mantenir les finestres de casa tancades durant el dia, un ambient humit i utilitzar purificadors d&#8217;aire, aspirar la pols o netejar amb una baieta humida, pujar les finestretes del cotxe mentre viatgem, refrescar mans i cara sovint, no sortir a fer exercici al carrer, evitar estendre la roba fora&#8230;<\/p>\n\n\n\n<p>I sempre, cal consultar amb un metge quan apareixen s\u00edmptomes d&#8217;al\u00b7l\u00e8rgia, perqu\u00e8 es faci una avaluaci\u00f3 i s&#8217;estableixi un tractament quan sigui necessari.<\/p>\n","protected":false},"excerpt":{"rendered":"<p>L&#8217;al\u00b7l\u00e8rgia al pol\u00b7len afecta cada any el 20% de la poblaci\u00f3 espanyola, i les xifres s&#8217;han duplicat aquests \u00faltims anys. El Dr. Ricard Bargu\u00e9s, especialista en otorrinolaringologia del Centre M\u00e8dic MGC, ens parla sobre l&#8217;al\u00b7l\u00e8rgia i ens explica algunes recomanacions per reduir les mol\u00e8sties d&#8217;aquesta malaltia estacional.<\/p>\n","protected":false},"author":19,"featured_media":22086,"comment_status":"open","ping_status":"open","sticky":false,"template":"","format":"standard","meta":{"footnotes":""},"categories":[996,15],"tags":[383,402,413,481],"class_list":["post-11760","post","type-post","status-publish","format-standard","has-post-thumbnail","hentry","category-malalties-i-salut-general","category-salut","tag-allergies","tag-centre-medic","tag-destacat","tag-prevencio"],"featured_image_src":"https:\/\/www.mgc.es\/wp-content\/uploads\/2021\/04\/029-Allergia.png","author_info":{"display_name":"Dr. Ricard Bargu\u00e9s","author_link":"https:\/\/www.mgc.es\/ca\/blog\/author\/rbargues\/"},"yoast_head":"<!-- This site is optimized with the Yoast SEO plugin v27.2 - https:\/\/yoast.com\/product\/yoast-seo-wordpress\/ -->\n<title>\u00bfTinc al\u00b7l\u00e8rgia al pol\u00b7len? S\u00edmptomes i com tractar-la - MGC M\u00fatua<\/title>\n<meta name=\"description\" content=\"El Dr. Ricard Bargu\u00e9s ens parla sobre l&#039;al\u00b7l\u00e8rgia i ens explica algunes recomanacions per reduir les mol\u00e8sties d&#039;aquesta malaltia estacional.\" \/>\n<meta name=\"robots\" content=\"index, follow, max-snippet:-1, max-image-preview:large, max-video-preview:-1\" \/>\n<link rel=\"canonical\" href=\"https:\/\/www.mgc.es\/ca\/blog\/tinc-al\u00b7lergia\/\" \/>\n<meta property=\"og:locale\" content=\"ca_ES\" \/>\n<meta property=\"og:type\" content=\"article\" \/>\n<meta property=\"og:title\" content=\"\u00bfTinc al\u00b7l\u00e8rgia al pol\u00b7len? S\u00edmptomes i com tractar-la - MGC M\u00fatua\" \/>\n<meta property=\"og:description\" content=\"El Dr. Ricard Bargu\u00e9s ens parla sobre l&#039;al\u00b7l\u00e8rgia i ens explica algunes recomanacions per reduir les mol\u00e8sties d&#039;aquesta malaltia estacional.\" \/>\n<meta property=\"og:url\" content=\"https:\/\/www.mgc.es\/ca\/blog\/tinc-al\u00b7lergia\/\" \/>\n<meta property=\"og:site_name\" content=\"MGC M\u00fatua\" \/>\n<meta property=\"article:publisher\" content=\"https:\/\/www.facebook.com\/mgcmutua\" \/>\n<meta property=\"article:published_time\" content=\"2021-04-12T22:00:00+00:00\" \/>\n<meta property=\"article:modified_time\" content=\"2025-10-15T14:16:02+00:00\" \/>\n<meta property=\"og:image\" content=\"https:\/\/www.mgc.es\/wp-content\/uploads\/2021\/04\/029-Allergia.png\" \/>\n\t<meta property=\"og:image:width\" content=\"1920\" \/>\n\t<meta property=\"og:image:height\" content=\"1080\" \/>\n\t<meta property=\"og:image:type\" content=\"image\/png\" \/>\n<meta name=\"author\" content=\"Dr. Ricard Bargu\u00e9s\" \/>\n<meta name=\"twitter:card\" content=\"summary_large_image\" \/>\n<meta name=\"twitter:creator\" content=\"@mgcmutua\" \/>\n<meta name=\"twitter:site\" content=\"@mgcmutua\" \/>\n<meta name=\"twitter:label1\" content=\"Escrit per\" \/>\n\t<meta name=\"twitter:data1\" content=\"Dr. Ricard Bargu\u00e9s\" \/>\n\t<meta name=\"twitter:label2\" content=\"Temps estimat de lectura\" \/>\n\t<meta name=\"twitter:data2\" content=\"4 minuts\" \/>\n<!-- \/ Yoast SEO plugin. -->","yoast_head_json":{"title":"\u00bfTinc al\u00b7l\u00e8rgia al pol\u00b7len? S\u00edmptomes i com tractar-la - MGC M\u00fatua","description":"El Dr. Ricard Bargu\u00e9s ens parla sobre l'al\u00b7l\u00e8rgia i ens explica algunes recomanacions per reduir les mol\u00e8sties d'aquesta malaltia estacional.","robots":{"index":"index","follow":"follow","max-snippet":"max-snippet:-1","max-image-preview":"max-image-preview:large","max-video-preview":"max-video-preview:-1"},"canonical":"https:\/\/www.mgc.es\/ca\/blog\/tinc-al\u00b7lergia\/","og_locale":"ca_ES","og_type":"article","og_title":"\u00bfTinc al\u00b7l\u00e8rgia al pol\u00b7len? S\u00edmptomes i com tractar-la - MGC M\u00fatua","og_description":"El Dr. Ricard Bargu\u00e9s ens parla sobre l'al\u00b7l\u00e8rgia i ens explica algunes recomanacions per reduir les mol\u00e8sties d'aquesta malaltia estacional.","og_url":"https:\/\/www.mgc.es\/ca\/blog\/tinc-al\u00b7lergia\/","og_site_name":"MGC M\u00fatua","article_publisher":"https:\/\/www.facebook.com\/mgcmutua","article_published_time":"2021-04-12T22:00:00+00:00","article_modified_time":"2025-10-15T14:16:02+00:00","og_image":[{"width":1920,"height":1080,"url":"https:\/\/www.mgc.es\/wp-content\/uploads\/2021\/04\/029-Allergia.png","type":"image\/png"}],"author":"Dr. Ricard Bargu\u00e9s","twitter_card":"summary_large_image","twitter_creator":"@mgcmutua","twitter_site":"@mgcmutua","twitter_misc":{"Escrit per":"Dr. Ricard Bargu\u00e9s","Temps estimat de lectura":"4 minuts"},"schema":{"@context":"https:\/\/schema.org","@graph":[{"@type":["Article","BlogPosting"],"@id":"https:\/\/www.mgc.es\/ca\/blog\/tinc-al%c2%b7lergia\/#article","isPartOf":{"@id":"https:\/\/www.mgc.es\/ca\/blog\/tinc-al%c2%b7lergia\/"},"author":{"name":"Dr. Ricard Bargu\u00e9s","@id":"https:\/\/www.mgc.es\/#\/schema\/person\/90aadc2ecf5982c0dc889332ce517d6a"},"headline":"\u00bfTinc al\u00b7l\u00e8rgia al pol\u00b7len? S\u00edmptomes i com tractar-la","datePublished":"2021-04-12T22:00:00+00:00","dateModified":"2025-10-15T14:16:02+00:00","mainEntityOfPage":{"@id":"https:\/\/www.mgc.es\/ca\/blog\/tinc-al%c2%b7lergia\/"},"wordCount":866,"commentCount":0,"publisher":{"@id":"https:\/\/www.mgc.es\/#organization"},"image":{"@id":"https:\/\/www.mgc.es\/ca\/blog\/tinc-al%c2%b7lergia\/#primaryimage"},"thumbnailUrl":"https:\/\/www.mgc.es\/wp-content\/uploads\/2021\/04\/029-Allergia.png","keywords":["al\u00b7lergies","centre m\u00e8dic","destacat","prevenci\u00f3"],"articleSection":["Malalties i salut general","Salut i medicina"],"inLanguage":"ca","potentialAction":[{"@type":"CommentAction","name":"Comment","target":["https:\/\/www.mgc.es\/ca\/blog\/tinc-al%c2%b7lergia\/#respond"]}]},{"@type":["WebPage","ItemPage"],"@id":"https:\/\/www.mgc.es\/ca\/blog\/tinc-al%c2%b7lergia\/","url":"https:\/\/www.mgc.es\/ca\/blog\/tinc-al%c2%b7lergia\/","name":"\u00bfTinc al\u00b7l\u00e8rgia al pol\u00b7len? S\u00edmptomes i com tractar-la - MGC M\u00fatua","isPartOf":{"@id":"https:\/\/www.mgc.es\/#website"},"primaryImageOfPage":{"@id":"https:\/\/www.mgc.es\/ca\/blog\/tinc-al%c2%b7lergia\/#primaryimage"},"image":{"@id":"https:\/\/www.mgc.es\/ca\/blog\/tinc-al%c2%b7lergia\/#primaryimage"},"thumbnailUrl":"https:\/\/www.mgc.es\/wp-content\/uploads\/2021\/04\/029-Allergia.png","datePublished":"2021-04-12T22:00:00+00:00","dateModified":"2025-10-15T14:16:02+00:00","description":"El Dr. Ricard Bargu\u00e9s ens parla sobre l'al\u00b7l\u00e8rgia i ens explica algunes recomanacions per reduir les mol\u00e8sties d'aquesta malaltia estacional.","breadcrumb":{"@id":"https:\/\/www.mgc.es\/ca\/blog\/tinc-al%c2%b7lergia\/#breadcrumb"},"inLanguage":"ca","potentialAction":[{"@type":"ReadAction","target":["https:\/\/www.mgc.es\/ca\/blog\/tinc-al%c2%b7lergia\/"]}]},{"@type":"ImageObject","inLanguage":"ca","@id":"https:\/\/www.mgc.es\/ca\/blog\/tinc-al%c2%b7lergia\/#primaryimage","url":"https:\/\/www.mgc.es\/wp-content\/uploads\/2021\/04\/029-Allergia.png","contentUrl":"https:\/\/www.mgc.es\/wp-content\/uploads\/2021\/04\/029-Allergia.png","width":1920,"height":1080},{"@type":"BreadcrumbList","@id":"https:\/\/www.mgc.es\/ca\/blog\/tinc-al%c2%b7lergia\/#breadcrumb","itemListElement":[{"@type":"ListItem","position":1,"name":"Home","item":"https:\/\/www.mgc.es\/ca\/"},{"@type":"ListItem","position":2,"name":"\u00bfTinc al\u00b7l\u00e8rgia al pol\u00b7len? S\u00edmptomes i com tractar-la"}]},{"@type":"WebSite","@id":"https:\/\/www.mgc.es\/#website","url":"https:\/\/www.mgc.es\/","name":"MGC M\u00fatua","description":"MGC M\u00fatua \u00e9s una entitat asseguradora sense \u00e0nim de lucre constitu\u00efda al 1982 i especialitzada en assegurances de salut i assist\u00e8ncia.","publisher":{"@id":"https:\/\/www.mgc.es\/#organization"},"alternateName":"MGC","potentialAction":[{"@type":"SearchAction","target":{"@type":"EntryPoint","urlTemplate":"https:\/\/www.mgc.es\/?s={search_term_string}"},"query-input":{"@type":"PropertyValueSpecification","valueRequired":true,"valueName":"search_term_string"}}],"inLanguage":"ca"},{"@type":"Organization","@id":"https:\/\/www.mgc.es\/#organization","name":"MGC Mutua","alternateName":"MGC","url":"https:\/\/www.mgc.es\/","logo":{"@type":"ImageObject","inLanguage":"ca","@id":"https:\/\/www.mgc.es\/#\/schema\/logo\/image\/","url":"https:\/\/www.mgc.es\/wp-content\/uploads\/2020\/03\/mgcmutua_h2_2t_reduccions.png","contentUrl":"https:\/\/www.mgc.es\/wp-content\/uploads\/2020\/03\/mgcmutua_h2_2t_reduccions.png","width":303,"height":165,"caption":"MGC Mutua"},"image":{"@id":"https:\/\/www.mgc.es\/#\/schema\/logo\/image\/"},"sameAs":["https:\/\/www.facebook.com\/mgcmutua","https:\/\/x.com\/mgcmutua","https:\/\/www.youtube.com\/c\/MGCMutua"]},{"@type":"Person","@id":"https:\/\/www.mgc.es\/#\/schema\/person\/90aadc2ecf5982c0dc889332ce517d6a","name":"Dr. Ricard Bargu\u00e9s","image":{"@type":"ImageObject","inLanguage":"ca","@id":"https:\/\/secure.gravatar.com\/avatar\/66ef81402a1512179e0375ebf29d1c6096cc09c7dfc2fef2c8c5e77f61755e68?s=96&d=mm&r=g","url":"https:\/\/secure.gravatar.com\/avatar\/66ef81402a1512179e0375ebf29d1c6096cc09c7dfc2fef2c8c5e77f61755e68?s=96&d=mm&r=g","contentUrl":"https:\/\/secure.gravatar.com\/avatar\/66ef81402a1512179e0375ebf29d1c6096cc09c7dfc2fef2c8c5e77f61755e68?s=96&d=mm&r=g","caption":"Dr. Ricard Bargu\u00e9s"}}]}},"_links":{"self":[{"href":"https:\/\/www.mgc.es\/ca\/wp-json\/wp\/v2\/posts\/11760","targetHints":{"allow":["GET"]}}],"collection":[{"href":"https:\/\/www.mgc.es\/ca\/wp-json\/wp\/v2\/posts"}],"about":[{"href":"https:\/\/www.mgc.es\/ca\/wp-json\/wp\/v2\/types\/post"}],"author":[{"embeddable":true,"href":"https:\/\/www.mgc.es\/ca\/wp-json\/wp\/v2\/users\/19"}],"replies":[{"embeddable":true,"href":"https:\/\/www.mgc.es\/ca\/wp-json\/wp\/v2\/comments?post=11760"}],"version-history":[{"count":9,"href":"https:\/\/www.mgc.es\/ca\/wp-json\/wp\/v2\/posts\/11760\/revisions"}],"predecessor-version":[{"id":36832,"href":"https:\/\/www.mgc.es\/ca\/wp-json\/wp\/v2\/posts\/11760\/revisions\/36832"}],"wp:featuredmedia":[{"embeddable":true,"href":"https:\/\/www.mgc.es\/ca\/wp-json\/wp\/v2\/media\/22086"}],"wp:attachment":[{"href":"https:\/\/www.mgc.es\/ca\/wp-json\/wp\/v2\/media?parent=11760"}],"wp:term":[{"taxonomy":"category","embeddable":true,"href":"https:\/\/www.mgc.es\/ca\/wp-json\/wp\/v2\/categories?post=11760"},{"taxonomy":"post_tag","embeddable":true,"href":"https:\/\/www.mgc.es\/ca\/wp-json\/wp\/v2\/tags?post=11760"}],"curies":[{"name":"wp","href":"https:\/\/api.w.org\/{rel}","templated":true}]}}