{"id":11753,"date":"2019-03-14T00:00:00","date_gmt":"2019-03-13T23:00:00","guid":{"rendered":"http:\/\/web-server-devel.mgc.es\/per-que-contractar-una-asseguranca-de-salut\/"},"modified":"2021-03-15T10:14:15","modified_gmt":"2021-03-15T09:14:15","slug":"per-que-contractar-una-asseguranca-de-salut","status":"publish","type":"post","link":"https:\/\/www.mgc.es\/ca\/blog\/per-que-contractar-una-asseguranca-de-salut\/","title":{"rendered":"Per qu\u00e8 contractar una asseguran\u00e7a de salut?"},"content":{"rendered":"<div id=\"ez-toc-container\" class=\"ez-toc-v2_0_82_1 counter-hierarchy ez-toc-counter ez-toc-custom ez-toc-container-direction\">\n<div class=\"ez-toc-title-container\"><p class=\"ez-toc-title\" style=\"cursor:inherit\">\u00cdndex de continguts<\/p>\n<\/div><nav><ul class='ez-toc-list ez-toc-list-level-1 ' ><li class='ez-toc-page-1 ez-toc-heading-level-2'><a class=\"ez-toc-link ez-toc-heading-1\" href=\"https:\/\/www.mgc.es\/ca\/blog\/per-que-contractar-una-asseguranca-de-salut\/#Agilitat_comoditat_i_rapidesa_en_els_serveis_i_gestions\" >Agilitat, comoditat i rapidesa en els serveis i gestions<\/a><\/li><li class='ez-toc-page-1 ez-toc-heading-level-2'><a class=\"ez-toc-link ez-toc-heading-2\" href=\"https:\/\/www.mgc.es\/ca\/blog\/per-que-contractar-una-asseguranca-de-salut\/#Qualitat_i_tranquillitat_quan_mes_la_necessitem\" >Qualitat i tranquil\u00b7litat quan m\u00e9s la necessitem<\/a><\/li><li class='ez-toc-page-1 ez-toc-heading-level-2'><a class=\"ez-toc-link ez-toc-heading-3\" href=\"https:\/\/www.mgc.es\/ca\/blog\/per-que-contractar-una-asseguranca-de-salut\/#Descobreix_per_que_MGC_Mutua_es_la_millor_opcio_per_a_la_salut_de_la_teva_familia\" >Descobreix per qu\u00e8 MGC M\u00fatua&nbsp; \u00e9s la millor opci\u00f3 per a la salut de la teva fam\u00edlia<\/a><\/li><\/ul><\/nav><\/div>\n\n<figure class=\"wp-block-image\"><img decoding=\"async\" src=\"https:\/\/www.mgc.es\/wp-content\/uploads\/2019\/03\/seguros-salud-familia.jpg\" alt=\"familia\" class=\"wp-image-6006\"\/><\/figure>\n\n\n\n<p>L\u2019acc\u00e9s a una assist\u00e8ncia sanit\u00e0ria de qualitat \u00e9s essencial per protegir la salut i el benestar de tota la fam\u00edlia. Una asseguran\u00e7a de salut privada \u00e9s una bona alternativa si volem disposar d\u2019una atenci\u00f3 especialitzada que ens ofereixi la tranquil\u00b7litat d\u2019estar protegits davant dels imprevistos de salut que puguin sorgir en el dia a dia.<\/p>\n\n\n\n<!--more-->\n\n\n\n<p><strong>Qualitat, rapidesa i comoditat<\/strong>&nbsp;s\u00f3n els motius principals pels quals cada vegada m\u00e9s persones decideixen contractar una asseguran\u00e7a m\u00e8dica. Tot i que el valor que li doni l\u2019usuari dependr\u00e0 de les seves necessitats, els avantatges que ofereix s\u00f3n molts.<\/p>\n\n\n\n<h2 class=\"wp-block-heading\"><span class=\"ez-toc-section\" id=\"Agilitat_comoditat_i_rapidesa_en_els_serveis_i_gestions\"><\/span><strong>Agilitat, comoditat i rapidesa en els serveis i gestions<\/strong><span class=\"ez-toc-section-end\"><\/span><\/h2>\n\n\n\n<p>L\u2019estalvi de temps en l\u2019acc\u00e9s a especialistes, proves m\u00e8diques, diagn\u00f2stics i gestions \u00e9s un dels principals avantatges de disposar d\u2019una asseguran\u00e7a de salut.<\/p>\n\n\n\n<ul class=\"wp-block-list\"><li><strong>Sense llistes d\u2019espera <\/strong>per visitar l\u2019especialista ni a l\u2019hora de fer proves diagn\u00f2stiques i disposar dels resultats. A la sanitat privada la mitjana \u00e9s de 8 dies enfront dels 47 de la sanitat p\u00fablica.<\/li><li>Els&nbsp;<strong>serveis d\u2019urg\u00e8ncies<\/strong> dels centres als que accedim a trav\u00e9s de l\u2019asseguran\u00e7a privada <strong>no estan massificats<\/strong>, de manera que rebem abans l\u2019atenci\u00f3 que necessitem.<\/li><li>Quan hi ha un problema de salut concret, una asseguran\u00e7a m\u00e8dica ens <strong>permet sol\u00b7licitar directament<\/strong> <strong>visita amb l\u2019especialista<\/strong>, sense necessitat de passar pel metge de cap\u00e7alera.<\/li><li>Un <strong>ampli quadre m\u00e8dic<\/strong> i&nbsp;flexibilitat d\u2019horaris, m\u00e9s compatibles amb la vida laboral i personal.<\/li><li>Despla\u00e7ar-se al centre de salut no \u00e9s sempre possible ni necessari. Les assegurances de salut posen a la teva disposici\u00f3&nbsp;<strong>serveis d\u2019assist\u00e8ncia <\/strong><strong>telef\u00f2nica 24 hores, videoconsulta a trav\u00e9s d\u2019app m\u00f2bil, metge a domicili<\/strong> <strong>i servei d\u2019urg\u00e8ncies<\/strong> perqu\u00e8 consultis qualsevol dubte relacionat amb malalties, tractaments, etc. Fins i tot, depenent de la p\u00f2lissa contractada, moltes assegurances compten amb orientaci\u00f3 telef\u00f2nica psicol\u00f2gica i pedi\u00e0trica.<\/li><li>Fer qualsevol&nbsp;<strong>tr\u00e0mit o gesti\u00f3 <\/strong><strong>per tel\u00e8fon, a trav\u00e9s del m\u00f2bil, correu electr\u00f2nic o web<\/strong>, estalvia temps i \u00e9s molt m\u00e9s c\u00f2mode que haver de despla\u00e7ar-se.<\/li><\/ul>\n\n\n\n<figure class=\"wp-block-image\"><img decoding=\"async\" src=\"https:\/\/www.mgc.es\/wp-content\/uploads\/2019\/03\/seguros-salud-equipos.jpg\" alt=\"pruebas m\u00e9dicas\" class=\"wp-image-6005\"\/><\/figure>\n\n\n\n<h2 class=\"wp-block-heading\"><span class=\"ez-toc-section\" id=\"Qualitat_i_tranquillitat_quan_mes_la_necessitem\"><\/span>Qualitat i tranquil\u00b7litat quan m\u00e9s la necessitem<span class=\"ez-toc-section-end\"><\/span><\/h2>\n\n\n\n<p>La qualitat dels serveis de la sanitat privada \u00e9s una de les caracter\u00edstiques m\u00e9s valorades pels usuaris.<\/p>\n\n\n\n<ul class=\"wp-block-list\"><li>Contractant una asseguran\u00e7a de salut podem <strong>escollir el centre i l\u2019especialista que desitgem <\/strong>entre un ampli quadre m\u00e8dic, ja sigui per confian\u00e7a, prestigi, proximitat a casa o a la feina\u2026 I, en cas de dubte, tenim la <strong>possibilitat de sol\u00b7licitar una segona opini\u00f3 m\u00e8dica.<\/strong><\/li><li>A trav\u00e9s de l\u2019asseguran\u00e7a de salut podrem accedir als serveis de qualitat de la sanitat privada, amb <strong>professionals altament capacitats i acc\u00e9s a tractaments, equips i t\u00e8cniques d\u2019\u00faltima generaci\u00f3.<\/strong><\/li><li>En <strong>cas d\u2019hospitalitzaci\u00f3<\/strong>, comptar amb una asseguran\u00e7a de salut permet <strong>disposar de la teva pr\u00f2pia habitaci\u00f3 privada <\/strong>amb un llit per a un acompanyant.<\/li><\/ul>\n\n\n\n<figure class=\"wp-block-image\"><img decoding=\"async\" src=\"https:\/\/www.mgc.es\/wp-content\/uploads\/2019\/03\/seguros-salud-app.jpg\" alt=\"videoconsulta m\u00e9dica\" class=\"wp-image-6004\"\/><\/figure>\n\n\n\n<p><strong>M\u00c9S AVANTATGES D\u2019UNA ASSEGURAN\u00c7A DE SALUT<\/strong><\/p>\n\n\n\n<p>Les assegurances m\u00e8diques ofereixen&nbsp;tamb\u00e9 <strong>revisions m\u00e8diques i serveis de medicina preventiva<\/strong>, a m\u00e9s de <strong>cobertures dentals i serveis de benestar<\/strong> <strong>addicionals.<\/strong><\/p>\n\n\n\n<p>Les assegurances de salut s\u2019adapten a les teves necessitats, permetent-te triar entre&nbsp;<strong>diferents modalitats <\/strong><strong>segons la teva situaci\u00f3 personal i familiar<\/strong>. A m\u00e9s, <strong>si ets aut\u00f2nom, comptes amb avantatges fiscals. <\/strong>\u00c9s important saber que&nbsp;<strong>no totes les assegurances de salut s\u00f3n iguals<\/strong>. Planteja\u2019t quines s\u00f3n les teves prioritats i tria la que millor s\u2019adapti a les teves necessitats.<\/p>\n\n\n\n<p>Has de saber tamb\u00e9 que disposar d\u2019una asseguran\u00e7a m\u00e8dica privada&nbsp;no impedeix l\u2019acc\u00e9s a la sanitat p\u00fablica. Si en algun moment vols anar a un centre sanitari p\u00fablic per a algun tractament o hospitalitzaci\u00f3, pots fer-ho.<\/p>\n\n\n\n<figure class=\"wp-block-image\"><img decoding=\"async\" src=\"https:\/\/www.mgc.es\/wp-content\/uploads\/2019\/03\/seguros-salud-proteccion.jpg\" alt=\"protecci\u00f3n de la familia\" class=\"wp-image-6007\"\/><\/figure>\n\n\n\n<h2 class=\"wp-block-heading\"><span class=\"ez-toc-section\" id=\"Descobreix_per_que_MGC_Mutua_es_la_millor_opcio_per_a_la_salut_de_la_teva_familia\"><\/span>Descobreix per qu\u00e8 MGC M\u00fatua&nbsp; \u00e9s la millor opci\u00f3 per a la salut de la teva fam\u00edlia<span class=\"ez-toc-section-end\"><\/span><\/h2>\n\n\n\n<p>L&#8217;asseguran\u00e7a de salut de la M\u00fatua inclou <strong>les cobertures m\u00e9s completes i un ampli quadre facultatiu<\/strong>. Es complementa, a m\u00e9s, amb un <a href=\"http:\/\/cobertures.mgc.es\/revisio\" target=\"_blank\" rel=\"noopener noreferrer\"><strong>ampli ventall de serveis<\/strong><\/a> que garanteixen als nostres associats una atenci\u00f3 integral i immediata. Entre d&#8217;altres:<\/p>\n\n\n\n<ul class=\"wp-block-list\"><li>Disposa d&#8217;un <strong>ampli quadre m\u00e8dic<\/strong> a tot Espanya que compta, nom\u00e9s a Catalunya i Balears, amb m\u00e9s de 10.000 professionals, centres i cl\u00edniques.<\/li><li><strong>Hospitalitzaci\u00f3 a tot<\/strong> el m\u00f3n, fins a 42.000 \u20ac, per a tractaments especials fora del quadre.<\/li><li>Cobertura d&#8217;<strong>assist\u00e8ncia en viatge<\/strong> amb validesa a tot el m\u00f3n.<\/li><li><a href=\"https:\/\/espaimutua.mgc.es\/index.php\" target=\"_blank\" rel=\"noopener noreferrer\"><strong>Espai M\u00fatua<\/strong><\/a>, un nou concepte d&#8217;oficina que t&#8217;ofereix, sense cost, serveis extra d&#8217;inter\u00e8s per a tota la fam\u00edlia, com ara Espai M\u00fatua <em>aniversari<\/em>, Espai M\u00fatua <em>estudis<\/em>, Espai M\u00fatua <em>negocis<\/em>i Espai M\u00fatua <em>salut<\/em>.<\/li><li>Pla personalitzat de manteniment de la salut, amb exhaustiva <strong>revisi\u00f3 m\u00e8dica<\/strong> inicial i pla de prevenci\u00f3 a mida.<\/li><li><strong>Assist\u00e8ncia integral del c\u00e0ncer<\/strong>, incloent medicacions i ter\u00e0pies que altres companyies no cobreixen.<\/li><li><strong>Asseguran\u00e7a dental<\/strong>. Odontologia b\u00e0sica coberta i la resta a preus especials.<\/li><\/ul>\n\n\n\n<p>MGC M\u00fatua \u00e9s m\u00e9s que una asseguradora de salut. Amb m\u00e9s de 35 anys de traject\u00f2ria, a m\u00e9s de la qualitat i la varietat dels seus serveis, tamb\u00e9 s&#8217;ha distingit per una s\u00e8rie de <strong>valors<\/strong> que la fan diferent d&#8217;altres companyies, com ara el fet de <strong>destinar els beneficis obtinguts a l&#8217;ampliaci\u00f3 i millora de les cobertures i serveis<\/strong>. Aix\u00ed, any rere any incorpora a les cobertures les noves t\u00e8cniques, tant diagn\u00f2stiques com terap\u00e8utiques, que ajuden al tractament menys invasiu de les malalties.<\/p>\n\n\n\n<p><strong>Sol\u00b7licita\u2019n m\u00e9s informaci\u00f3 enviant el <a href=\"https:\/\/landing.mgc.es\/\" target=\"_blank\" rel=\"noopener noreferrer\">formulari<\/a> o trucant al tel\u00e8fon 93 414 36 00.<\/strong><\/p>\n","protected":false},"excerpt":{"rendered":"<p>L\u2019acc\u00e9s a una assist\u00e8ncia sanit\u00e0ria de qualitat \u00e9s essencial per protegir la salut i el benestar de tota la fam\u00edlia. Una asseguran\u00e7a de salut privada \u00e9s una bona alternativa si volem disposar d\u2019una atenci\u00f3 especialitzada que ens ofereixi la tranquil\u00b7litat d\u2019estar protegits davant dels imprevistos de salut que puguin sorgir en el dia a dia.<\/p>\n","protected":false},"author":3,"featured_media":14691,"comment_status":"open","ping_status":"open","sticky":false,"template":"","format":"standard","meta":{"footnotes":""},"categories":[11,16],"tags":[509,405,510],"class_list":["post-11753","post","type-post","status-publish","format-standard","has-post-thumbnail","hentry","category-actualitat","category-assegurances","tag-asseguranca-salut","tag-cobertures","tag-serveis"],"featured_image_src":"https:\/\/www.mgc.es\/wp-content\/uploads\/2019\/11\/seguros-salud-familia.jpg","author_info":{"display_name":"Revista Inter\u00e8s Mutu","author_link":"https:\/\/www.mgc.es\/ca\/blog\/author\/interesmutu\/"},"yoast_head":"<!-- This site is optimized with the Yoast SEO plugin v27.2 - https:\/\/yoast.com\/product\/yoast-seo-wordpress\/ -->\n<title>Per qu\u00e8 contractar una asseguran\u00e7a de salut? - MGC M\u00fatua<\/title>\n<meta name=\"robots\" content=\"index, follow, max-snippet:-1, max-image-preview:large, max-video-preview:-1\" \/>\n<link rel=\"canonical\" href=\"https:\/\/www.mgc.es\/ca\/blog\/per-que-contractar-una-asseguranca-de-salut\/\" \/>\n<meta property=\"og:locale\" content=\"ca_ES\" \/>\n<meta property=\"og:type\" content=\"article\" \/>\n<meta property=\"og:title\" content=\"Per qu\u00e8 contractar una asseguran\u00e7a de salut? - MGC M\u00fatua\" \/>\n<meta property=\"og:description\" content=\"L\u2019acc\u00e9s a una assist\u00e8ncia sanit\u00e0ria de qualitat \u00e9s essencial per protegir la salut i el benestar de tota la fam\u00edlia. Una asseguran\u00e7a de salut privada \u00e9s una bona alternativa si volem disposar d\u2019una atenci\u00f3 especialitzada que ens ofereixi la tranquil\u00b7litat d\u2019estar protegits davant dels imprevistos de salut que puguin sorgir en el dia a dia.\" \/>\n<meta property=\"og:url\" content=\"https:\/\/www.mgc.es\/ca\/blog\/per-que-contractar-una-asseguranca-de-salut\/\" \/>\n<meta property=\"og:site_name\" content=\"MGC M\u00fatua\" \/>\n<meta property=\"article:publisher\" content=\"https:\/\/www.facebook.com\/mgcmutua\" \/>\n<meta property=\"article:published_time\" content=\"2019-03-13T23:00:00+00:00\" \/>\n<meta property=\"article:modified_time\" content=\"2021-03-15T09:14:15+00:00\" \/>\n<meta property=\"og:image\" content=\"https:\/\/www.mgc.es\/wp-content\/uploads\/2019\/11\/seguros-salud-familia.jpg\" \/>\n\t<meta property=\"og:image:width\" content=\"800\" \/>\n\t<meta property=\"og:image:height\" content=\"520\" \/>\n\t<meta property=\"og:image:type\" content=\"image\/jpeg\" \/>\n<meta name=\"author\" content=\"Revista Inter\u00e8s Mutu\" \/>\n<meta name=\"twitter:card\" content=\"summary_large_image\" \/>\n<meta name=\"twitter:creator\" content=\"@mgcmutua\" \/>\n<meta name=\"twitter:site\" content=\"@mgcmutua\" \/>\n<meta name=\"twitter:label1\" content=\"Escrit per\" \/>\n\t<meta name=\"twitter:data1\" content=\"Revista Inter\u00e8s Mutu\" \/>\n\t<meta name=\"twitter:label2\" content=\"Temps estimat de lectura\" \/>\n\t<meta name=\"twitter:data2\" content=\"5 minuts\" \/>\n<!-- \/ Yoast SEO plugin. -->","yoast_head_json":{"title":"Per qu\u00e8 contractar una asseguran\u00e7a de salut? - MGC M\u00fatua","robots":{"index":"index","follow":"follow","max-snippet":"max-snippet:-1","max-image-preview":"max-image-preview:large","max-video-preview":"max-video-preview:-1"},"canonical":"https:\/\/www.mgc.es\/ca\/blog\/per-que-contractar-una-asseguranca-de-salut\/","og_locale":"ca_ES","og_type":"article","og_title":"Per qu\u00e8 contractar una asseguran\u00e7a de salut? - MGC M\u00fatua","og_description":"L\u2019acc\u00e9s a una assist\u00e8ncia sanit\u00e0ria de qualitat \u00e9s essencial per protegir la salut i el benestar de tota la fam\u00edlia. Una asseguran\u00e7a de salut privada \u00e9s una bona alternativa si volem disposar d\u2019una atenci\u00f3 especialitzada que ens ofereixi la tranquil\u00b7litat d\u2019estar protegits davant dels imprevistos de salut que puguin sorgir en el dia a dia.","og_url":"https:\/\/www.mgc.es\/ca\/blog\/per-que-contractar-una-asseguranca-de-salut\/","og_site_name":"MGC M\u00fatua","article_publisher":"https:\/\/www.facebook.com\/mgcmutua","article_published_time":"2019-03-13T23:00:00+00:00","article_modified_time":"2021-03-15T09:14:15+00:00","og_image":[{"width":800,"height":520,"url":"https:\/\/www.mgc.es\/wp-content\/uploads\/2019\/11\/seguros-salud-familia.jpg","type":"image\/jpeg"}],"author":"Revista Inter\u00e8s Mutu","twitter_card":"summary_large_image","twitter_creator":"@mgcmutua","twitter_site":"@mgcmutua","twitter_misc":{"Escrit per":"Revista Inter\u00e8s Mutu","Temps estimat de lectura":"5 minuts"},"schema":{"@context":"https:\/\/schema.org","@graph":[{"@type":["Article","BlogPosting"],"@id":"https:\/\/www.mgc.es\/ca\/blog\/per-que-contractar-una-asseguranca-de-salut\/#article","isPartOf":{"@id":"https:\/\/www.mgc.es\/ca\/blog\/per-que-contractar-una-asseguranca-de-salut\/"},"author":{"name":"Revista Inter\u00e8s Mutu","@id":"https:\/\/www.mgc.es\/#\/schema\/person\/010c961d9c9acf38f11187a02b646c16"},"headline":"Per qu\u00e8 contractar una asseguran\u00e7a de salut?","datePublished":"2019-03-13T23:00:00+00:00","dateModified":"2021-03-15T09:14:15+00:00","mainEntityOfPage":{"@id":"https:\/\/www.mgc.es\/ca\/blog\/per-que-contractar-una-asseguranca-de-salut\/"},"wordCount":978,"commentCount":0,"publisher":{"@id":"https:\/\/www.mgc.es\/#organization"},"image":{"@id":"https:\/\/www.mgc.es\/ca\/blog\/per-que-contractar-una-asseguranca-de-salut\/#primaryimage"},"thumbnailUrl":"https:\/\/www.mgc.es\/wp-content\/uploads\/2019\/11\/seguros-salud-familia.jpg","keywords":["asseguran\u00e7a salut","cobertures","serveis"],"articleSection":["Actualitat M\u00fatua","Sector assegurances"],"inLanguage":"ca","potentialAction":[{"@type":"CommentAction","name":"Comment","target":["https:\/\/www.mgc.es\/ca\/blog\/per-que-contractar-una-asseguranca-de-salut\/#respond"]}]},{"@type":["WebPage","ItemPage"],"@id":"https:\/\/www.mgc.es\/ca\/blog\/per-que-contractar-una-asseguranca-de-salut\/","url":"https:\/\/www.mgc.es\/ca\/blog\/per-que-contractar-una-asseguranca-de-salut\/","name":"Per qu\u00e8 contractar una asseguran\u00e7a de salut? - MGC M\u00fatua","isPartOf":{"@id":"https:\/\/www.mgc.es\/#website"},"primaryImageOfPage":{"@id":"https:\/\/www.mgc.es\/ca\/blog\/per-que-contractar-una-asseguranca-de-salut\/#primaryimage"},"image":{"@id":"https:\/\/www.mgc.es\/ca\/blog\/per-que-contractar-una-asseguranca-de-salut\/#primaryimage"},"thumbnailUrl":"https:\/\/www.mgc.es\/wp-content\/uploads\/2019\/11\/seguros-salud-familia.jpg","datePublished":"2019-03-13T23:00:00+00:00","dateModified":"2021-03-15T09:14:15+00:00","breadcrumb":{"@id":"https:\/\/www.mgc.es\/ca\/blog\/per-que-contractar-una-asseguranca-de-salut\/#breadcrumb"},"inLanguage":"ca","potentialAction":[{"@type":"ReadAction","target":["https:\/\/www.mgc.es\/ca\/blog\/per-que-contractar-una-asseguranca-de-salut\/"]}]},{"@type":"ImageObject","inLanguage":"ca","@id":"https:\/\/www.mgc.es\/ca\/blog\/per-que-contractar-una-asseguranca-de-salut\/#primaryimage","url":"https:\/\/www.mgc.es\/wp-content\/uploads\/2019\/11\/seguros-salud-familia.jpg","contentUrl":"https:\/\/www.mgc.es\/wp-content\/uploads\/2019\/11\/seguros-salud-familia.jpg","width":800,"height":520},{"@type":"BreadcrumbList","@id":"https:\/\/www.mgc.es\/ca\/blog\/per-que-contractar-una-asseguranca-de-salut\/#breadcrumb","itemListElement":[{"@type":"ListItem","position":1,"name":"Home","item":"https:\/\/www.mgc.es\/ca\/"},{"@type":"ListItem","position":2,"name":"Per qu\u00e8 contractar una asseguran\u00e7a de salut?"}]},{"@type":"WebSite","@id":"https:\/\/www.mgc.es\/#website","url":"https:\/\/www.mgc.es\/","name":"MGC M\u00fatua","description":"MGC M\u00fatua \u00e9s una entitat asseguradora sense \u00e0nim de lucre constitu\u00efda al 1982 i especialitzada en assegurances de salut i assist\u00e8ncia.","publisher":{"@id":"https:\/\/www.mgc.es\/#organization"},"alternateName":"MGC","potentialAction":[{"@type":"SearchAction","target":{"@type":"EntryPoint","urlTemplate":"https:\/\/www.mgc.es\/?s={search_term_string}"},"query-input":{"@type":"PropertyValueSpecification","valueRequired":true,"valueName":"search_term_string"}}],"inLanguage":"ca"},{"@type":"Organization","@id":"https:\/\/www.mgc.es\/#organization","name":"MGC Mutua","alternateName":"MGC","url":"https:\/\/www.mgc.es\/","logo":{"@type":"ImageObject","inLanguage":"ca","@id":"https:\/\/www.mgc.es\/#\/schema\/logo\/image\/","url":"https:\/\/www.mgc.es\/wp-content\/uploads\/2020\/03\/mgcmutua_h2_2t_reduccions.png","contentUrl":"https:\/\/www.mgc.es\/wp-content\/uploads\/2020\/03\/mgcmutua_h2_2t_reduccions.png","width":303,"height":165,"caption":"MGC Mutua"},"image":{"@id":"https:\/\/www.mgc.es\/#\/schema\/logo\/image\/"},"sameAs":["https:\/\/www.facebook.com\/mgcmutua","https:\/\/x.com\/mgcmutua","https:\/\/www.youtube.com\/c\/MGCMutua"]},{"@type":"Person","@id":"https:\/\/www.mgc.es\/#\/schema\/person\/010c961d9c9acf38f11187a02b646c16","name":"Revista Inter\u00e8s Mutu","image":{"@type":"ImageObject","inLanguage":"ca","@id":"https:\/\/secure.gravatar.com\/avatar\/52302d684339b9d7bf5691e2ad00835d62ce3b4a435f21ca9f21fbe39c63cb1b?s=96&d=mm&r=g","url":"https:\/\/secure.gravatar.com\/avatar\/52302d684339b9d7bf5691e2ad00835d62ce3b4a435f21ca9f21fbe39c63cb1b?s=96&d=mm&r=g","contentUrl":"https:\/\/secure.gravatar.com\/avatar\/52302d684339b9d7bf5691e2ad00835d62ce3b4a435f21ca9f21fbe39c63cb1b?s=96&d=mm&r=g","caption":"Revista Inter\u00e8s Mutu"}}]}},"_links":{"self":[{"href":"https:\/\/www.mgc.es\/ca\/wp-json\/wp\/v2\/posts\/11753","targetHints":{"allow":["GET"]}}],"collection":[{"href":"https:\/\/www.mgc.es\/ca\/wp-json\/wp\/v2\/posts"}],"about":[{"href":"https:\/\/www.mgc.es\/ca\/wp-json\/wp\/v2\/types\/post"}],"author":[{"embeddable":true,"href":"https:\/\/www.mgc.es\/ca\/wp-json\/wp\/v2\/users\/3"}],"replies":[{"embeddable":true,"href":"https:\/\/www.mgc.es\/ca\/wp-json\/wp\/v2\/comments?post=11753"}],"version-history":[{"count":6,"href":"https:\/\/www.mgc.es\/ca\/wp-json\/wp\/v2\/posts\/11753\/revisions"}],"predecessor-version":[{"id":21323,"href":"https:\/\/www.mgc.es\/ca\/wp-json\/wp\/v2\/posts\/11753\/revisions\/21323"}],"wp:featuredmedia":[{"embeddable":true,"href":"https:\/\/www.mgc.es\/ca\/wp-json\/wp\/v2\/media\/14691"}],"wp:attachment":[{"href":"https:\/\/www.mgc.es\/ca\/wp-json\/wp\/v2\/media?parent=11753"}],"wp:term":[{"taxonomy":"category","embeddable":true,"href":"https:\/\/www.mgc.es\/ca\/wp-json\/wp\/v2\/categories?post=11753"},{"taxonomy":"post_tag","embeddable":true,"href":"https:\/\/www.mgc.es\/ca\/wp-json\/wp\/v2\/tags?post=11753"}],"curies":[{"name":"wp","href":"https:\/\/api.w.org\/{rel}","templated":true}]}}