{"id":11752,"date":"2022-03-13T00:00:00","date_gmt":"2022-03-12T23:00:00","guid":{"rendered":"http:\/\/web-server-devel.mgc.es\/otitis-em-fa-mal-lorella\/"},"modified":"2023-09-12T11:59:59","modified_gmt":"2023-09-12T09:59:59","slug":"otitis-em-fa-mal-lorella","status":"publish","type":"post","link":"https:\/\/www.mgc.es\/ca\/blog\/otitis-em-fa-mal-lorella\/","title":{"rendered":"Otitis: em fa mal l&#8217;orella"},"content":{"rendered":"<div id=\"ez-toc-container\" class=\"ez-toc-v2_0_82_1 counter-hierarchy ez-toc-counter ez-toc-custom ez-toc-container-direction\">\n<div class=\"ez-toc-title-container\"><p class=\"ez-toc-title\" style=\"cursor:inherit\">\u00cdndex de continguts<\/p>\n<\/div><nav><ul class='ez-toc-list ez-toc-list-level-1 ' ><li class='ez-toc-page-1 ez-toc-heading-level-2'><a class=\"ez-toc-link ez-toc-heading-1\" href=\"https:\/\/www.mgc.es\/ca\/blog\/otitis-em-fa-mal-lorella\/#Que_es_lotitis_i_quins_tipus_hi_ha\" >Qu\u00e8 \u00e9s l&#8217;otitis i quins tipus hi ha?<\/a><\/li><li class='ez-toc-page-1 ez-toc-heading-level-2'><a class=\"ez-toc-link ez-toc-heading-2\" href=\"https:\/\/www.mgc.es\/ca\/blog\/otitis-em-fa-mal-lorella\/#Quins_simptomes_te\" >Quins s\u00edmptomes t\u00e9?<\/a><\/li><li class='ez-toc-page-1 ez-toc-heading-level-2'><a class=\"ez-toc-link ez-toc-heading-3\" href=\"https:\/\/www.mgc.es\/ca\/blog\/otitis-em-fa-mal-lorella\/#Quin_es_el_tractament_per_a_lotitis\" >Quin \u00e9s el tractament per a l&#8217;otitis?<\/a><\/li><li class='ez-toc-page-1 ez-toc-heading-level-2'><a class=\"ez-toc-link ez-toc-heading-4\" href=\"https:\/\/www.mgc.es\/ca\/blog\/otitis-em-fa-mal-lorella\/#Quins_consells_hem_de_seguir_per_prevenir_les_infeccions_doida\" >Quins consells hem de seguir per prevenir les infeccions d&#8217;o\u00efda?<\/a><\/li><li class='ez-toc-page-1 ez-toc-heading-level-2'><a class=\"ez-toc-link ez-toc-heading-5\" href=\"https:\/\/www.mgc.es\/ca\/blog\/otitis-em-fa-mal-lorella\/#Com_hem_de_fer_correctament_la_neteja_de_les_orelles\" >Com hem de fer correctament la neteja de les orelles?<\/a><\/li><\/ul><\/nav><\/div>\n\n<figure><\/figure>\n\n\n\n<div class=\"video\"><iframe loading=\"lazy\" src=\"https:\/\/player.vimeo.com\/video\/324141513\" allowfullscreen=\"allowfullscreen\" width=\"640\" height=\"360\" frameborder=\"0\"><\/iframe><\/div>\n\n\n\n<p>L&#8217;otitis \u00e9s una inflamaci\u00f3 de l&#8217;o\u00efda deguda, generalment, a una infecci\u00f3. Sol ser dolorosa i afecta gran part de la poblaci\u00f3, especialment els nens. El <strong>Dr. Ricard Bargu\u00e9s<\/strong>, especialista en otorrinolaringologia del <a href=\"https:\/\/centremedic.mgc.es\/\">Centre M\u00e8dic MGC<\/a>, ens parla sobre els s\u00edmptomes, el tractament i la prevenci\u00f3 d&#8217;aquesta patologia.<\/p>\n\n\n\n<!--more-->\n\n\n\n<h2 class=\"wp-block-heading\"><span class=\"ez-toc-section\" id=\"Que_es_lotitis_i_quins_tipus_hi_ha\"><\/span><strong>Qu\u00e8 \u00e9s l&#8217;otitis i quins tipus hi ha?<\/strong> <span class=\"ez-toc-section-end\"><\/span><\/h2>\n\n\n\n<p>L&#8217;otitis ve, com el nom mateix indica, d\u2019<em>oto<\/em>, que significa orella, o\u00efda, i <em>itis<\/em>, que significa inflamaci\u00f3. Per tant, \u00e9s una inflamaci\u00f3 de l&#8217;o\u00efda. Si la classifiquem de forma anat\u00f2mica podem parlar de dos tipus d&#8217;otitis.<\/p>\n\n\n\n<p><strong>L&#8217;otitis externa<\/strong>, tamb\u00e9 anomenada &#8220;otitis del nedador&#8221;, \u00e9s una inflamaci\u00f3, irritaci\u00f3 o infecci\u00f3 de la part externa de l&#8217;o\u00efda i del conducte auditiu extern. Pot cursar de forma aguda, si es presenta de forma sobtada i dura poc temps, o cr\u00f2nica, si els s\u00edmptomes s\u00f3n recurrents o romanen durant m\u00e9s de tres mesos.<\/p>\n\n\n\n<p>L&#8217;otitis externa m\u00e9s comuna \u00e9s l&#8217;aguda, en la qual es produeix una infecci\u00f3 de la pell del conducte, originada, sobretot, per la humitat i la calor. Sol apar\u00e8ixer a l&#8217;estiu perqu\u00e8 quan ens banyem l&#8217;orella ret\u00e9 humitat, i com que la cera tamb\u00e9 ret\u00e9 la humitat, la pell est\u00e0 macerada, de manera que els g\u00e8rmens poden penetrar-hi i es pot produir un proc\u00e9s inflamatori. Aquesta pell, quan s&#8217;inflama, com que t\u00e9 molt poc de teixit a sota, no es pot expandir i estira les terminacions nervioses, cosa que fa que sigui francament dolorosa. No obstant aix\u00f2, no sempre ocorre a l&#8217;estiu ni a causa de la humitat. La infecci\u00f3 pot produir-se per qualsevol motiu que faci malb\u00e9 la pell del canal auditiu, com ara la pell seca, un \u00e8czema, gratar massa, una neteja inadequada (com ara amb els t\u00edpics bastonets de cot\u00f3) o la introducci\u00f3 d&#8217;objectes que poden fer mal al canal auditiu.<\/p>\n\n\n\n<p>\u00c9s com\u00fa que la otitis externa aguda es produeixi amb m\u00e9s freq\u00fc\u00e8ncia en la inf\u00e0ncia, entre els 7 i els 12 anys, i en adults, entre els 65 i els 74 anys.<\/p>\n\n\n\n<p><strong>L&#8217;otitis mitjana<\/strong> \u00e9s la que afecta l&#8217;orella mitjana, l&#8217;espai ple d&#8217;aire de darrere del timp\u00e0 i que cont\u00e9 els petits ossos vibratoris de l&#8217;o\u00efda, i \u00e9s causada, sobretot, per les infeccions que poden arribar des del nas. Generalment es produeix quan la trompa d&#8217;Eustaqui (el conducte que connecta l&#8217;orella mitjana amb la gola i ajuda a equilibrar la pressi\u00f3 entre l&#8217;o\u00efda externa i l&#8217;orella mitjana), queda obstru\u00eft per diferents motius. Com que la funci\u00f3 d&#8217;aquesta trompa \u00e9s drenar el l\u00edquid que es produeix a l&#8217;o\u00efda mitjana (exsudat), si no funciona correctament es produeix una inflamaci\u00f3 i el l\u00edquid s&#8217;acumula, cosa que afavoreix el desenvolupament de bacteris i virus.<\/p>\n\n\n\n<p>\u00c9s una afecci\u00f3 comuna en els nens (el 80% pateix almenys un episodi d&#8217;otitis mitjana abans dels 3 anys), per\u00f2 pot afectar tamb\u00e9 els adults.<\/p>\n\n\n\n<p>Pot cursar de forma aguda i de forma cr\u00f2nica. L&#8217;otitis mitjana aguda \u00e9s m\u00e9s t\u00edpica de l&#8217;hivern i se sol originar a partir d&#8217;un proc\u00e9s catarral que es complica, perqu\u00e8 el l\u00edquid i el moc queden atrapats dins de l&#8217;o\u00efda i es produeix una infecci\u00f3 que causa inflor i envermelliment. L&#8217;otitis mitjana cr\u00f2nica sol desenvolupar-se per una complicaci\u00f3 a partir d&#8217;alteracions, per exemple un colesteatoma (un quist a la pell que es forma dins de l&#8217;o\u00efda mitjana). O per supuracions originades per una irritaci\u00f3 cr\u00f2nica de l&#8217;o\u00efda mitjana quan hi ha una perforaci\u00f3 timp\u00e0nica. El l\u00edquid perdura a l&#8217;o\u00efda mitjana o apareix de forma recurrent durant m\u00e9s de tres mesos. Aix\u00f2 no implica que sigui m\u00e9s greu, per\u00f2 pot durar molt temps o fins i tot no curar-se.<\/p>\n\n\n<div class=\"wp-block-image\">\n<figure class=\"aligncenter\"><img decoding=\"async\" src=\"https:\/\/www.mgc.es\/wp-content\/uploads\/2019\/03\/otitiss.jpg\" alt=\"\" class=\"wp-image-5996\"\/><\/figure>\n<\/div>\n\n\n<h2 class=\"wp-block-heading\"><span class=\"ez-toc-section\" id=\"Quins_simptomes_te\"><\/span><strong>Quins s\u00edmptomes t\u00e9?<\/strong> <span class=\"ez-toc-section-end\"><\/span><\/h2>\n\n\n\n<p>Els s\u00edmptomes m\u00e9s comuns de l&#8217;otitis i que ens han de posar en alerta s\u00f3n el dolor, sobretot en les otitis externes, que s\u00f3n summament doloroses; l&#8217;otorrea, \u00e9s a dir, la supuraci\u00f3 de l&#8217;orella; i la hipoac\u00fasia, la p\u00e8rdua auditiva o la baixada de l&#8217;audici\u00f3, que s&#8217;origina pel buit que es produeix a la caixa de l&#8217;orella mitjana.<\/p>\n\n\n\n<p>En els nadons i en els nens petits pot ser m\u00e9s dif\u00edcil identificar el problema, aix\u00ed que hem de prestar especial atenci\u00f3 si presenten irritabilitat, plor, mal d&#8217;orella, sobretot en anar a dormir, si es toquen sovint o es s\u2019estiren les orelles, p\u00e8rdua de l&#8217;equilibri, dificultat per sentir, febre o problemes per dormir.<\/p>\n\n\n\n<h2 class=\"wp-block-heading\"><span class=\"ez-toc-section\" id=\"Quin_es_el_tractament_per_a_lotitis\"><\/span><strong>Quin \u00e9s el tractament per a l&#8217;otitis?<\/strong> <span class=\"ez-toc-section-end\"><\/span><\/h2>\n\n\n\n<p>En l&#8217;otitis externa el tractament dep\u00e8n de la gravetat i del dolor. El m\u00e9s com\u00fa \u00e9s aplicar ter\u00e0pia farmacol\u00f2gica amb analg\u00e8sics i antiinflamatoris. O antibi\u00f2tics per atacar la infecci\u00f3 en el cas dels adults. En l&#8217;otitis mitjana cr\u00f2nica s&#8217;ha de rec\u00f3rrer primer al tractament m\u00e8dic, per intentar eliminar la infecci\u00f3, i despr\u00e9s reparar el defecte o alteraci\u00f3 de l&#8217;orella mitjana que l&#8217;ha provocat, que moltes vegades implica una soluci\u00f3 de tipus quir\u00fargic.<\/p>\n\n\n\n<h2 class=\"wp-block-heading\"><span class=\"ez-toc-section\" id=\"Quins_consells_hem_de_seguir_per_prevenir_les_infeccions_doida\"><\/span><strong>Quins consells hem de seguir per prevenir les infeccions d&#8217;o\u00efda?<\/strong> <span class=\"ez-toc-section-end\"><\/span><\/h2>\n\n\n\n<p>La prevenci\u00f3 de l&#8217;otitis externa o del nedador consisteix b\u00e0sicament a mantenir el conducte net i sec, sobretot a l&#8217;estiu i si ens banyem sovint a la piscina o al mar. El m\u00e9s c\u00f2mode \u00e9s posar unes gotes d&#8217;alcohol dins de l&#8217;orella, simplement que entri i surti, perqu\u00e8 l&#8217;alcohol en evaporar-se asseca el conducte. O utilitzar protectors auditius quan som a l&#8217;aigua. Tamb\u00e9 \u00e9s recomanable que les persones que tinguin tend\u00e8ncia a tenir taps de cera, acudeixin a l&#8217;otorrino perqu\u00e8 els elimini abans de l&#8217;estiu. \u00c9s aconsellable evitar l&#8217;\u00fas de bastonets de cot\u00f3, ja que poden ocasionar encara m\u00e9s lesions perqu\u00e8 compacten els elements que poden afavorir la retenci\u00f3 d&#8217;humitat en el conducte.<\/p>\n\n\n\n<p>La prevenci\u00f3 de l&#8217;otitis mitjana \u00e9s complicada, ja que evitar els refredats pot ser m\u00e9s dif\u00edcil. No obstant aix\u00f2, adoptar h\u00e0bits com ara rentar-se les mans sovint, esternudar i tossir al plec del colze en comptes de les mans, evitar els llocs tancats o concorreguts quan hi ha epid\u00e8mies gripals, els canvis de temperatura brusca, l&#8217;exposici\u00f3 al tabac, la lact\u00e0ncia materna i les vacunes poden ajudar a prevenir-los.<\/p>\n\n\n\n<h2 class=\"wp-block-heading\"><span class=\"ez-toc-section\" id=\"Com_hem_de_fer_correctament_la_neteja_de_les_orelles\"><\/span><strong>Com hem de fer correctament la neteja de les orelles?<\/strong> <span class=\"ez-toc-section-end\"><\/span><\/h2>\n\n\n\n<p>La neteja del conducte auditiu se centra b\u00e0sicament en l&#8217;o\u00efda externa. En principi l&#8217;orella es neteja sola, perqu\u00e8 la pell que es genera dins el conducte i el cerumen va migrant cap a la sortida, es va desprenent i es va eliminant sola. Per tant, la neteja de l&#8217;orella ha de ser amb el dit i la tovallola fins on s&#8217;arribi, sense intentar entrar dins del conducte. I si es t\u00e9 tend\u00e8ncia a tenir taps o pell dins del conducte, depenent de la intensitat de les secrecions i de les descamacions, es recomana anar una o dues vegades a l&#8217;any a l&#8217;otorrinolaring\u00f2leg per fer una neteja amb els mitjans i les eines adequades, i prescriure un tractament a continuaci\u00f3 si cal.<\/p>\n","protected":false},"excerpt":{"rendered":"<p>L&#8217;otitis \u00e9s una inflamaci\u00f3 de l&#8217;o\u00efda deguda, generalment, a una infecci\u00f3. Sol ser dolorosa i afecta gran part de la poblaci\u00f3, especialment els nens.<\/p>\n","protected":false},"author":19,"featured_media":29492,"comment_status":"open","ping_status":"open","sticky":false,"template":"","format":"standard","meta":{"footnotes":""},"categories":[999,15],"tags":[402,413,473,481],"class_list":["post-11752","post","type-post","status-publish","format-standard","has-post-thumbnail","hentry","category-otorrinolaringologia","category-salut","tag-centre-medic","tag-destacat","tag-otorinolaringologia","tag-prevencio"],"featured_image_src":"https:\/\/www.mgc.es\/wp-content\/uploads\/2019\/03\/otitis.png","author_info":{"display_name":"Dr. Ricard Bargu\u00e9s","author_link":"https:\/\/www.mgc.es\/ca\/blog\/author\/rbargues\/"},"yoast_head":"<!-- This site is optimized with the Yoast SEO plugin v27.2 - https:\/\/yoast.com\/product\/yoast-seo-wordpress\/ -->\n<title>Otitis: em fa mal l&#039;orella - MGC M\u00fatua<\/title>\n<meta name=\"robots\" content=\"index, follow, max-snippet:-1, max-image-preview:large, max-video-preview:-1\" \/>\n<link rel=\"canonical\" href=\"https:\/\/www.mgc.es\/ca\/blog\/otitis-em-fa-mal-lorella\/\" \/>\n<meta property=\"og:locale\" content=\"ca_ES\" \/>\n<meta property=\"og:type\" content=\"article\" \/>\n<meta property=\"og:title\" content=\"Otitis: em fa mal l&#039;orella - MGC M\u00fatua\" \/>\n<meta property=\"og:description\" content=\"L&#039;otitis \u00e9s una inflamaci\u00f3 de l&#039;o\u00efda deguda, generalment, a una infecci\u00f3. Sol ser dolorosa i afecta gran part de la poblaci\u00f3, especialment els nens.\" \/>\n<meta property=\"og:url\" content=\"https:\/\/www.mgc.es\/ca\/blog\/otitis-em-fa-mal-lorella\/\" \/>\n<meta property=\"og:site_name\" content=\"MGC M\u00fatua\" \/>\n<meta property=\"article:publisher\" content=\"https:\/\/www.facebook.com\/mgcmutua\" \/>\n<meta property=\"article:published_time\" content=\"2022-03-12T23:00:00+00:00\" \/>\n<meta property=\"article:modified_time\" content=\"2023-09-12T09:59:59+00:00\" \/>\n<meta property=\"og:image\" content=\"https:\/\/www.mgc.es\/wp-content\/uploads\/2019\/03\/otitis.png\" \/>\n\t<meta property=\"og:image:width\" content=\"1024\" \/>\n\t<meta property=\"og:image:height\" content=\"575\" \/>\n\t<meta property=\"og:image:type\" content=\"image\/png\" \/>\n<meta name=\"author\" content=\"Dr. Ricard Bargu\u00e9s\" \/>\n<meta name=\"twitter:card\" content=\"summary_large_image\" \/>\n<meta name=\"twitter:creator\" content=\"@mgcmutua\" \/>\n<meta name=\"twitter:site\" content=\"@mgcmutua\" \/>\n<meta name=\"twitter:label1\" content=\"Escrit per\" \/>\n\t<meta name=\"twitter:data1\" content=\"Dr. Ricard Bargu\u00e9s\" \/>\n\t<meta name=\"twitter:label2\" content=\"Temps estimat de lectura\" \/>\n\t<meta name=\"twitter:data2\" content=\"6 minuts\" \/>\n<!-- \/ Yoast SEO plugin. -->","yoast_head_json":{"title":"Otitis: em fa mal l'orella - MGC M\u00fatua","robots":{"index":"index","follow":"follow","max-snippet":"max-snippet:-1","max-image-preview":"max-image-preview:large","max-video-preview":"max-video-preview:-1"},"canonical":"https:\/\/www.mgc.es\/ca\/blog\/otitis-em-fa-mal-lorella\/","og_locale":"ca_ES","og_type":"article","og_title":"Otitis: em fa mal l'orella - MGC M\u00fatua","og_description":"L'otitis \u00e9s una inflamaci\u00f3 de l'o\u00efda deguda, generalment, a una infecci\u00f3. Sol ser dolorosa i afecta gran part de la poblaci\u00f3, especialment els nens.","og_url":"https:\/\/www.mgc.es\/ca\/blog\/otitis-em-fa-mal-lorella\/","og_site_name":"MGC M\u00fatua","article_publisher":"https:\/\/www.facebook.com\/mgcmutua","article_published_time":"2022-03-12T23:00:00+00:00","article_modified_time":"2023-09-12T09:59:59+00:00","og_image":[{"width":1024,"height":575,"url":"https:\/\/www.mgc.es\/wp-content\/uploads\/2019\/03\/otitis.png","type":"image\/png"}],"author":"Dr. Ricard Bargu\u00e9s","twitter_card":"summary_large_image","twitter_creator":"@mgcmutua","twitter_site":"@mgcmutua","twitter_misc":{"Escrit per":"Dr. Ricard Bargu\u00e9s","Temps estimat de lectura":"6 minuts"},"schema":{"@context":"https:\/\/schema.org","@graph":[{"@type":["Article","BlogPosting"],"@id":"https:\/\/www.mgc.es\/ca\/blog\/otitis-em-fa-mal-lorella\/#article","isPartOf":{"@id":"https:\/\/www.mgc.es\/ca\/blog\/otitis-em-fa-mal-lorella\/"},"author":{"name":"Dr. Ricard Bargu\u00e9s","@id":"https:\/\/www.mgc.es\/#\/schema\/person\/90aadc2ecf5982c0dc889332ce517d6a"},"headline":"Otitis: em fa mal l&#8217;orella","datePublished":"2022-03-12T23:00:00+00:00","dateModified":"2023-09-12T09:59:59+00:00","mainEntityOfPage":{"@id":"https:\/\/www.mgc.es\/ca\/blog\/otitis-em-fa-mal-lorella\/"},"wordCount":1184,"commentCount":0,"publisher":{"@id":"https:\/\/www.mgc.es\/#organization"},"image":{"@id":"https:\/\/www.mgc.es\/ca\/blog\/otitis-em-fa-mal-lorella\/#primaryimage"},"thumbnailUrl":"https:\/\/www.mgc.es\/wp-content\/uploads\/2019\/03\/otitis.png","keywords":["centre m\u00e8dic","destacat","otorinolaringologia","prevenci\u00f3"],"articleSection":["Otorrinolaringologia","Salut i medicina"],"inLanguage":"ca","potentialAction":[{"@type":"CommentAction","name":"Comment","target":["https:\/\/www.mgc.es\/ca\/blog\/otitis-em-fa-mal-lorella\/#respond"]}]},{"@type":["WebPage","ItemPage"],"@id":"https:\/\/www.mgc.es\/ca\/blog\/otitis-em-fa-mal-lorella\/","url":"https:\/\/www.mgc.es\/ca\/blog\/otitis-em-fa-mal-lorella\/","name":"Otitis: em fa mal l'orella - MGC M\u00fatua","isPartOf":{"@id":"https:\/\/www.mgc.es\/#website"},"primaryImageOfPage":{"@id":"https:\/\/www.mgc.es\/ca\/blog\/otitis-em-fa-mal-lorella\/#primaryimage"},"image":{"@id":"https:\/\/www.mgc.es\/ca\/blog\/otitis-em-fa-mal-lorella\/#primaryimage"},"thumbnailUrl":"https:\/\/www.mgc.es\/wp-content\/uploads\/2019\/03\/otitis.png","datePublished":"2022-03-12T23:00:00+00:00","dateModified":"2023-09-12T09:59:59+00:00","breadcrumb":{"@id":"https:\/\/www.mgc.es\/ca\/blog\/otitis-em-fa-mal-lorella\/#breadcrumb"},"inLanguage":"ca","potentialAction":[{"@type":"ReadAction","target":["https:\/\/www.mgc.es\/ca\/blog\/otitis-em-fa-mal-lorella\/"]}]},{"@type":"ImageObject","inLanguage":"ca","@id":"https:\/\/www.mgc.es\/ca\/blog\/otitis-em-fa-mal-lorella\/#primaryimage","url":"https:\/\/www.mgc.es\/wp-content\/uploads\/2019\/03\/otitis.png","contentUrl":"https:\/\/www.mgc.es\/wp-content\/uploads\/2019\/03\/otitis.png","width":1024,"height":575},{"@type":"BreadcrumbList","@id":"https:\/\/www.mgc.es\/ca\/blog\/otitis-em-fa-mal-lorella\/#breadcrumb","itemListElement":[{"@type":"ListItem","position":1,"name":"Home","item":"https:\/\/www.mgc.es\/ca\/"},{"@type":"ListItem","position":2,"name":"Otitis: em fa mal l&#8217;orella"}]},{"@type":"WebSite","@id":"https:\/\/www.mgc.es\/#website","url":"https:\/\/www.mgc.es\/","name":"MGC M\u00fatua","description":"MGC M\u00fatua \u00e9s una entitat asseguradora sense \u00e0nim de lucre constitu\u00efda al 1982 i especialitzada en assegurances de salut i assist\u00e8ncia.","publisher":{"@id":"https:\/\/www.mgc.es\/#organization"},"alternateName":"MGC","potentialAction":[{"@type":"SearchAction","target":{"@type":"EntryPoint","urlTemplate":"https:\/\/www.mgc.es\/?s={search_term_string}"},"query-input":{"@type":"PropertyValueSpecification","valueRequired":true,"valueName":"search_term_string"}}],"inLanguage":"ca"},{"@type":"Organization","@id":"https:\/\/www.mgc.es\/#organization","name":"MGC Mutua","alternateName":"MGC","url":"https:\/\/www.mgc.es\/","logo":{"@type":"ImageObject","inLanguage":"ca","@id":"https:\/\/www.mgc.es\/#\/schema\/logo\/image\/","url":"https:\/\/www.mgc.es\/wp-content\/uploads\/2020\/03\/mgcmutua_h2_2t_reduccions.png","contentUrl":"https:\/\/www.mgc.es\/wp-content\/uploads\/2020\/03\/mgcmutua_h2_2t_reduccions.png","width":303,"height":165,"caption":"MGC Mutua"},"image":{"@id":"https:\/\/www.mgc.es\/#\/schema\/logo\/image\/"},"sameAs":["https:\/\/www.facebook.com\/mgcmutua","https:\/\/x.com\/mgcmutua","https:\/\/www.youtube.com\/c\/MGCMutua"]},{"@type":"Person","@id":"https:\/\/www.mgc.es\/#\/schema\/person\/90aadc2ecf5982c0dc889332ce517d6a","name":"Dr. Ricard Bargu\u00e9s","image":{"@type":"ImageObject","inLanguage":"ca","@id":"https:\/\/secure.gravatar.com\/avatar\/66ef81402a1512179e0375ebf29d1c6096cc09c7dfc2fef2c8c5e77f61755e68?s=96&d=mm&r=g","url":"https:\/\/secure.gravatar.com\/avatar\/66ef81402a1512179e0375ebf29d1c6096cc09c7dfc2fef2c8c5e77f61755e68?s=96&d=mm&r=g","contentUrl":"https:\/\/secure.gravatar.com\/avatar\/66ef81402a1512179e0375ebf29d1c6096cc09c7dfc2fef2c8c5e77f61755e68?s=96&d=mm&r=g","caption":"Dr. Ricard Bargu\u00e9s"}}]}},"_links":{"self":[{"href":"https:\/\/www.mgc.es\/ca\/wp-json\/wp\/v2\/posts\/11752","targetHints":{"allow":["GET"]}}],"collection":[{"href":"https:\/\/www.mgc.es\/ca\/wp-json\/wp\/v2\/posts"}],"about":[{"href":"https:\/\/www.mgc.es\/ca\/wp-json\/wp\/v2\/types\/post"}],"author":[{"embeddable":true,"href":"https:\/\/www.mgc.es\/ca\/wp-json\/wp\/v2\/users\/19"}],"replies":[{"embeddable":true,"href":"https:\/\/www.mgc.es\/ca\/wp-json\/wp\/v2\/comments?post=11752"}],"version-history":[{"count":5,"href":"https:\/\/www.mgc.es\/ca\/wp-json\/wp\/v2\/posts\/11752\/revisions"}],"predecessor-version":[{"id":30202,"href":"https:\/\/www.mgc.es\/ca\/wp-json\/wp\/v2\/posts\/11752\/revisions\/30202"}],"wp:featuredmedia":[{"embeddable":true,"href":"https:\/\/www.mgc.es\/ca\/wp-json\/wp\/v2\/media\/29492"}],"wp:attachment":[{"href":"https:\/\/www.mgc.es\/ca\/wp-json\/wp\/v2\/media?parent=11752"}],"wp:term":[{"taxonomy":"category","embeddable":true,"href":"https:\/\/www.mgc.es\/ca\/wp-json\/wp\/v2\/categories?post=11752"},{"taxonomy":"post_tag","embeddable":true,"href":"https:\/\/www.mgc.es\/ca\/wp-json\/wp\/v2\/tags?post=11752"}],"curies":[{"name":"wp","href":"https:\/\/api.w.org\/{rel}","templated":true}]}}