{"id":11751,"date":"2019-03-12T00:00:00","date_gmt":"2019-03-11T23:00:00","guid":{"rendered":"http:\/\/web-server-devel.mgc.es\/invisalign-la-revolucio-de-lortodoncia\/"},"modified":"2019-11-22T12:42:14","modified_gmt":"2019-11-22T11:42:14","slug":"invisalign-la-revolucio-de-lortodoncia","status":"publish","type":"post","link":"https:\/\/www.mgc.es\/ca\/blog\/invisalign-la-revolucio-de-lortodoncia\/","title":{"rendered":"Invisalign: la revoluci\u00f3 de l&#8217;ortod\u00f2ncia"},"content":{"rendered":"\n<figure class=\"wp-block-image\"><img decoding=\"async\" class=\"wp-image-5961\" src=\"https:\/\/www.mgc.es\/wp-content\/uploads\/2019\/03\/sonrisa-invisaligne.jpg\" alt=\"\" \/><\/figure>\n\n\n\n<p><strong>La irrupci\u00f3 de la tecnologia a les nostre vides ha transformat la forma de comunicar-nos, de consumir continguts i com ens mobilitzem, entre molts altres h\u00e0bits. De la mateixa manera ho fa aportant innovaci\u00f3 a l&#8217;odontologia.<\/strong><\/p>\n\n\n\n<p><!--more--><\/p>\n\n\n\n<p>L&#8217;est\u00e8tica en el somriure \u00e9s cada vegada m\u00e9s exigent i de la mateixa manera que l&#8217;est\u00e8tica en general es troba en constant evoluci\u00f3, tamb\u00e9 ho est\u00e0 en l&#8217;\u00e0mbit odontol\u00f2gic. L&#8217;ortod\u00f2ncia convencional rectifica el somriure i la mala posici\u00f3 dental des de fa molt de temps. No obstant, la tecnologia i les noves eines han perm\u00e8s la creaci\u00f3 de nous sistemes complementaris com l&#8217;Invisalign.<\/p>\n\n\n\n<p><a href=\"https:\/\/www.belodonte.es\/ca\/serveis\/ortodoncia\">Invisalign<\/a> \u00e9s un sistema d&#8217;ortod\u00f2ncia innovador i c\u00f2mode que redre\u00e7a les dents mitjan\u00e7ant alineadors extra\u00efbles pr\u00e0cticament invisibles. Aquest sistema \u00e9s el m\u00e9s apropiat per a pacients exigents amb l&#8217;est\u00e8tica, que volen evitar portar una aparell fix de metall o cer\u00e0mica que interfereixi en la seva vida di\u00e0ria.\u00a0<\/p>\n\n\n\n<figure class=\"wp-block-image\"><img decoding=\"async\" class=\"wp-image-5963\" src=\"https:\/\/www.mgc.es\/wp-content\/uploads\/2019\/03\/invisaligne.jpg\" alt=\"\" \/><\/figure>\n\n\n\n<p><strong>En qu\u00e8 consisteix Invisalign?<\/strong><\/p>\n\n\n\n<p>Mitjan\u00e7ant l&#8217;\u00fas de tecnologia amb esc\u00e0ner 3D i un estudi d&#8217;ortod\u00f2ncia previ, es confirma si el cas a tractar \u00e9s compatible amb aquesta t\u00e8cnica. En cas afirmatiu comen\u00e7a la planificaci\u00f3 del tractament de forma virtual. El pacient pot veure els moviments que es realitzaran al llarg del tractament i la posici\u00f3 final de les seves dents quan termina en un model 3D.<\/p>\n\n\n\n<p>Una vegada realitzat el pla es fabriquen les f\u00e8rules personalitzades, que s&#8217;ajusten c\u00f2modament a les dents. Les f\u00e8rules, transparents i pr\u00e0cticament imperceptibles, es canvien cada dues setmanes. Mitjan\u00e7ant petits moviments s&#8217;aconsegueix moure gradualment la posici\u00f3 de les dents. Aquests alineadors es treuen per menjar i per rentar-se les dents per\u00f2, per tal d&#8217;obtenir resultats \u00f2ptims, l&#8217;\u00fas ideal recomanat \u00e9s de 20 hores al dia.<\/p>\n\n\n\n<p>El temps de tractament i la quantitat d&#8217;alineadors que necessita cada pacient dep\u00e8n de la complexitat de cada cas. Les visites de revisi\u00f3 es fan cada quatre setmanes, com en un tractament d&#8217;ortod\u00f2ncia convencional, en les que es revisa que tot funcioni correctament i es lliuren els seg\u00fcents alineadors.<\/p>\n\n\n\n<p>Un dels avantatges d&#8217;aquesta t\u00e8cnica \u00e9s que et permet treure els alineadors amb facilitat. En aquest sentit el pacient ha de ser disciplinat a l&#8217;hora d&#8217;escollir-la recordant el seu \u00fas \u00f2ptim (20 hores al dia) perqu\u00e8 sin\u00f3 no obtindr\u00e0 els resultats satisfactoris previstos.<\/p>\n\n\n\n<p><strong>Dr. Salvador Carreras<\/strong> i\u00a0 <strong>Dr. Shum Prats<\/strong> | Ortodoncistes de Cl\u00ednica Belodonte<\/p>\n<p>Concerta visita amb els nostres doctors al web de la <a href=\"https:\/\/www.belodonte.es\/ca\/serveis\/ortodoncia\">Cl\u00ednica Belodonte.<\/a><\/p>\n<p>&nbsp;<\/p>\n","protected":false},"excerpt":{"rendered":"<p>La irrupci\u00f3 de la tecnologia a les nostre vides ha transformat la forma de comunicar-nos, de consumir continguts i com ens mobilitzem, entre molts altres h\u00e0bits. De la mateixa manera ho fa aportant innovaci\u00f3 a l&#8217;odontologia.<\/p>\n","protected":false},"author":3,"featured_media":14683,"comment_status":"open","ping_status":"open","sticky":false,"template":"","format":"standard","meta":{"footnotes":""},"categories":[997,15],"tags":[481],"class_list":["post-11751","post","type-post","status-publish","format-standard","has-post-thumbnail","hentry","category-odontologia","category-salut","tag-prevencio"],"featured_image_src":"https:\/\/www.mgc.es\/wp-content\/uploads\/2019\/11\/sonrisa-invisaligne.jpg","author_info":{"display_name":"Revista Inter\u00e8s Mutu","author_link":"https:\/\/www.mgc.es\/ca\/blog\/author\/interesmutu\/"},"yoast_head":"<!-- This site is optimized with the Yoast SEO plugin v27.2 - https:\/\/yoast.com\/product\/yoast-seo-wordpress\/ -->\n<title>Invisalign: la revoluci\u00f3 de l&#039;ortod\u00f2ncia - MGC M\u00fatua<\/title>\n<meta name=\"robots\" content=\"index, follow, max-snippet:-1, max-image-preview:large, max-video-preview:-1\" \/>\n<link rel=\"canonical\" href=\"https:\/\/www.mgc.es\/ca\/blog\/invisalign-la-revolucio-de-lortodoncia\/\" \/>\n<meta property=\"og:locale\" content=\"ca_ES\" \/>\n<meta property=\"og:type\" content=\"article\" \/>\n<meta property=\"og:title\" content=\"Invisalign: la revoluci\u00f3 de l&#039;ortod\u00f2ncia - MGC M\u00fatua\" \/>\n<meta property=\"og:description\" content=\"La irrupci\u00f3 de la tecnologia a les nostre vides ha transformat la forma de comunicar-nos, de consumir continguts i com ens mobilitzem, entre molts altres h\u00e0bits. De la mateixa manera ho fa aportant innovaci\u00f3 a l&#039;odontologia.\" \/>\n<meta property=\"og:url\" content=\"https:\/\/www.mgc.es\/ca\/blog\/invisalign-la-revolucio-de-lortodoncia\/\" \/>\n<meta property=\"og:site_name\" content=\"MGC M\u00fatua\" \/>\n<meta property=\"article:publisher\" content=\"https:\/\/www.facebook.com\/mgcmutua\" \/>\n<meta property=\"article:published_time\" content=\"2019-03-11T23:00:00+00:00\" \/>\n<meta property=\"article:modified_time\" content=\"2019-11-22T11:42:14+00:00\" \/>\n<meta property=\"og:image\" content=\"https:\/\/www.mgc.es\/wp-content\/uploads\/2019\/11\/sonrisa-invisaligne.jpg\" \/>\n\t<meta property=\"og:image:width\" content=\"1000\" \/>\n\t<meta property=\"og:image:height\" content=\"667\" \/>\n\t<meta property=\"og:image:type\" content=\"image\/jpeg\" \/>\n<meta name=\"author\" content=\"Revista Inter\u00e8s Mutu\" \/>\n<meta name=\"twitter:card\" content=\"summary_large_image\" \/>\n<meta name=\"twitter:creator\" content=\"@mgcmutua\" \/>\n<meta name=\"twitter:site\" content=\"@mgcmutua\" \/>\n<meta name=\"twitter:label1\" content=\"Escrit per\" \/>\n\t<meta name=\"twitter:data1\" content=\"Revista Inter\u00e8s Mutu\" \/>\n\t<meta name=\"twitter:label2\" content=\"Temps estimat de lectura\" \/>\n\t<meta name=\"twitter:data2\" content=\"2 minuts\" \/>\n<!-- \/ Yoast SEO plugin. -->","yoast_head_json":{"title":"Invisalign: la revoluci\u00f3 de l'ortod\u00f2ncia - MGC M\u00fatua","robots":{"index":"index","follow":"follow","max-snippet":"max-snippet:-1","max-image-preview":"max-image-preview:large","max-video-preview":"max-video-preview:-1"},"canonical":"https:\/\/www.mgc.es\/ca\/blog\/invisalign-la-revolucio-de-lortodoncia\/","og_locale":"ca_ES","og_type":"article","og_title":"Invisalign: la revoluci\u00f3 de l'ortod\u00f2ncia - MGC M\u00fatua","og_description":"La irrupci\u00f3 de la tecnologia a les nostre vides ha transformat la forma de comunicar-nos, de consumir continguts i com ens mobilitzem, entre molts altres h\u00e0bits. De la mateixa manera ho fa aportant innovaci\u00f3 a l'odontologia.","og_url":"https:\/\/www.mgc.es\/ca\/blog\/invisalign-la-revolucio-de-lortodoncia\/","og_site_name":"MGC M\u00fatua","article_publisher":"https:\/\/www.facebook.com\/mgcmutua","article_published_time":"2019-03-11T23:00:00+00:00","article_modified_time":"2019-11-22T11:42:14+00:00","og_image":[{"width":1000,"height":667,"url":"https:\/\/www.mgc.es\/wp-content\/uploads\/2019\/11\/sonrisa-invisaligne.jpg","type":"image\/jpeg"}],"author":"Revista Inter\u00e8s Mutu","twitter_card":"summary_large_image","twitter_creator":"@mgcmutua","twitter_site":"@mgcmutua","twitter_misc":{"Escrit per":"Revista Inter\u00e8s Mutu","Temps estimat de lectura":"2 minuts"},"schema":{"@context":"https:\/\/schema.org","@graph":[{"@type":["Article","BlogPosting"],"@id":"https:\/\/www.mgc.es\/ca\/blog\/invisalign-la-revolucio-de-lortodoncia\/#article","isPartOf":{"@id":"https:\/\/www.mgc.es\/ca\/blog\/invisalign-la-revolucio-de-lortodoncia\/"},"author":{"name":"Revista Inter\u00e8s Mutu","@id":"https:\/\/www.mgc.es\/#\/schema\/person\/010c961d9c9acf38f11187a02b646c16"},"headline":"Invisalign: la revoluci\u00f3 de l&#8217;ortod\u00f2ncia","datePublished":"2019-03-11T23:00:00+00:00","dateModified":"2019-11-22T11:42:14+00:00","mainEntityOfPage":{"@id":"https:\/\/www.mgc.es\/ca\/blog\/invisalign-la-revolucio-de-lortodoncia\/"},"wordCount":432,"commentCount":0,"publisher":{"@id":"https:\/\/www.mgc.es\/#organization"},"image":{"@id":"https:\/\/www.mgc.es\/ca\/blog\/invisalign-la-revolucio-de-lortodoncia\/#primaryimage"},"thumbnailUrl":"https:\/\/www.mgc.es\/wp-content\/uploads\/2019\/11\/sonrisa-invisaligne.jpg","keywords":["prevenci\u00f3"],"articleSection":["Odontologia","Salut i medicina"],"inLanguage":"ca","potentialAction":[{"@type":"CommentAction","name":"Comment","target":["https:\/\/www.mgc.es\/ca\/blog\/invisalign-la-revolucio-de-lortodoncia\/#respond"]}]},{"@type":["WebPage","ItemPage"],"@id":"https:\/\/www.mgc.es\/ca\/blog\/invisalign-la-revolucio-de-lortodoncia\/","url":"https:\/\/www.mgc.es\/ca\/blog\/invisalign-la-revolucio-de-lortodoncia\/","name":"Invisalign: la revoluci\u00f3 de l'ortod\u00f2ncia - MGC M\u00fatua","isPartOf":{"@id":"https:\/\/www.mgc.es\/#website"},"primaryImageOfPage":{"@id":"https:\/\/www.mgc.es\/ca\/blog\/invisalign-la-revolucio-de-lortodoncia\/#primaryimage"},"image":{"@id":"https:\/\/www.mgc.es\/ca\/blog\/invisalign-la-revolucio-de-lortodoncia\/#primaryimage"},"thumbnailUrl":"https:\/\/www.mgc.es\/wp-content\/uploads\/2019\/11\/sonrisa-invisaligne.jpg","datePublished":"2019-03-11T23:00:00+00:00","dateModified":"2019-11-22T11:42:14+00:00","breadcrumb":{"@id":"https:\/\/www.mgc.es\/ca\/blog\/invisalign-la-revolucio-de-lortodoncia\/#breadcrumb"},"inLanguage":"ca","potentialAction":[{"@type":"ReadAction","target":["https:\/\/www.mgc.es\/ca\/blog\/invisalign-la-revolucio-de-lortodoncia\/"]}]},{"@type":"ImageObject","inLanguage":"ca","@id":"https:\/\/www.mgc.es\/ca\/blog\/invisalign-la-revolucio-de-lortodoncia\/#primaryimage","url":"https:\/\/www.mgc.es\/wp-content\/uploads\/2019\/11\/sonrisa-invisaligne.jpg","contentUrl":"https:\/\/www.mgc.es\/wp-content\/uploads\/2019\/11\/sonrisa-invisaligne.jpg","width":1000,"height":667,"caption":"ortodoncia invisible"},{"@type":"BreadcrumbList","@id":"https:\/\/www.mgc.es\/ca\/blog\/invisalign-la-revolucio-de-lortodoncia\/#breadcrumb","itemListElement":[{"@type":"ListItem","position":1,"name":"Home","item":"https:\/\/www.mgc.es\/ca\/"},{"@type":"ListItem","position":2,"name":"Invisalign: la revoluci\u00f3 de l&#8217;ortod\u00f2ncia"}]},{"@type":"WebSite","@id":"https:\/\/www.mgc.es\/#website","url":"https:\/\/www.mgc.es\/","name":"MGC M\u00fatua","description":"MGC M\u00fatua \u00e9s una entitat asseguradora sense \u00e0nim de lucre constitu\u00efda al 1982 i especialitzada en assegurances de salut i assist\u00e8ncia.","publisher":{"@id":"https:\/\/www.mgc.es\/#organization"},"alternateName":"MGC","potentialAction":[{"@type":"SearchAction","target":{"@type":"EntryPoint","urlTemplate":"https:\/\/www.mgc.es\/?s={search_term_string}"},"query-input":{"@type":"PropertyValueSpecification","valueRequired":true,"valueName":"search_term_string"}}],"inLanguage":"ca"},{"@type":"Organization","@id":"https:\/\/www.mgc.es\/#organization","name":"MGC Mutua","alternateName":"MGC","url":"https:\/\/www.mgc.es\/","logo":{"@type":"ImageObject","inLanguage":"ca","@id":"https:\/\/www.mgc.es\/#\/schema\/logo\/image\/","url":"https:\/\/www.mgc.es\/wp-content\/uploads\/2020\/03\/mgcmutua_h2_2t_reduccions.png","contentUrl":"https:\/\/www.mgc.es\/wp-content\/uploads\/2020\/03\/mgcmutua_h2_2t_reduccions.png","width":303,"height":165,"caption":"MGC Mutua"},"image":{"@id":"https:\/\/www.mgc.es\/#\/schema\/logo\/image\/"},"sameAs":["https:\/\/www.facebook.com\/mgcmutua","https:\/\/x.com\/mgcmutua","https:\/\/www.youtube.com\/c\/MGCMutua"]},{"@type":"Person","@id":"https:\/\/www.mgc.es\/#\/schema\/person\/010c961d9c9acf38f11187a02b646c16","name":"Revista Inter\u00e8s Mutu","image":{"@type":"ImageObject","inLanguage":"ca","@id":"https:\/\/secure.gravatar.com\/avatar\/52302d684339b9d7bf5691e2ad00835d62ce3b4a435f21ca9f21fbe39c63cb1b?s=96&d=mm&r=g","url":"https:\/\/secure.gravatar.com\/avatar\/52302d684339b9d7bf5691e2ad00835d62ce3b4a435f21ca9f21fbe39c63cb1b?s=96&d=mm&r=g","contentUrl":"https:\/\/secure.gravatar.com\/avatar\/52302d684339b9d7bf5691e2ad00835d62ce3b4a435f21ca9f21fbe39c63cb1b?s=96&d=mm&r=g","caption":"Revista Inter\u00e8s Mutu"}}]}},"_links":{"self":[{"href":"https:\/\/www.mgc.es\/ca\/wp-json\/wp\/v2\/posts\/11751","targetHints":{"allow":["GET"]}}],"collection":[{"href":"https:\/\/www.mgc.es\/ca\/wp-json\/wp\/v2\/posts"}],"about":[{"href":"https:\/\/www.mgc.es\/ca\/wp-json\/wp\/v2\/types\/post"}],"author":[{"embeddable":true,"href":"https:\/\/www.mgc.es\/ca\/wp-json\/wp\/v2\/users\/3"}],"replies":[{"embeddable":true,"href":"https:\/\/www.mgc.es\/ca\/wp-json\/wp\/v2\/comments?post=11751"}],"version-history":[{"count":1,"href":"https:\/\/www.mgc.es\/ca\/wp-json\/wp\/v2\/posts\/11751\/revisions"}],"predecessor-version":[{"id":15267,"href":"https:\/\/www.mgc.es\/ca\/wp-json\/wp\/v2\/posts\/11751\/revisions\/15267"}],"wp:featuredmedia":[{"embeddable":true,"href":"https:\/\/www.mgc.es\/ca\/wp-json\/wp\/v2\/media\/14683"}],"wp:attachment":[{"href":"https:\/\/www.mgc.es\/ca\/wp-json\/wp\/v2\/media?parent=11751"}],"wp:term":[{"taxonomy":"category","embeddable":true,"href":"https:\/\/www.mgc.es\/ca\/wp-json\/wp\/v2\/categories?post=11751"},{"taxonomy":"post_tag","embeddable":true,"href":"https:\/\/www.mgc.es\/ca\/wp-json\/wp\/v2\/tags?post=11751"}],"curies":[{"name":"wp","href":"https:\/\/api.w.org\/{rel}","templated":true}]}}