{"id":11733,"date":"2019-01-21T00:00:00","date_gmt":"2019-01-20T23:00:00","guid":{"rendered":"http:\/\/web-server-devel.mgc.es\/dues-coses-que-fem-malament-al-bany\/"},"modified":"2021-03-11T10:08:14","modified_gmt":"2021-03-11T09:08:14","slug":"dues-coses-que-fem-malament-al-bany","status":"publish","type":"post","link":"https:\/\/www.mgc.es\/ca\/blog\/dues-coses-que-fem-malament-al-bany\/","title":{"rendered":"Dues coses que fem malament al bany"},"content":{"rendered":"<div id=\"ez-toc-container\" class=\"ez-toc-v2_0_82_1 counter-hierarchy ez-toc-counter ez-toc-custom ez-toc-container-direction\">\n<div class=\"ez-toc-title-container\"><p class=\"ez-toc-title\" style=\"cursor:inherit\">\u00cdndex de continguts<\/p>\n<\/div><nav><ul class='ez-toc-list ez-toc-list-level-1 ' ><li class='ez-toc-page-1 ez-toc-heading-level-2'><a class=\"ez-toc-link ez-toc-heading-1\" href=\"https:\/\/www.mgc.es\/ca\/blog\/dues-coses-que-fem-malament-al-bany\/#Numero_1_estirar_la_cadena_sense_baixar_abans_la_tapa\" >N\u00famero 1: estirar la cadena sense baixar abans la tapa<\/a><\/li><li class='ez-toc-page-1 ez-toc-heading-level-2'><a class=\"ez-toc-link ez-toc-heading-2\" href=\"https:\/\/www.mgc.es\/ca\/blog\/dues-coses-que-fem-malament-al-bany\/#Numero_2_posar_lescombreta_humida_al_seu_suport\" >N\u00famero 2: posar l\u2019escombreta humida al seu suport.<\/a><\/li><\/ul><\/nav><\/div>\n<p><img loading=\"lazy\" decoding=\"async\" class=\"alignnone size-full wp-image-5550\" src=\"https:\/\/www.mgc.es\/wp-content\/uploads\/2019\/01\/cuarto-ba\u00f1o2.jpg\" alt=\"Cuarto de ba\u00f1o\" width=\"800\" height=\"533\"><\/p>\n<p>Malgrat els esfor\u00e7os que puguem fer di\u00e0riament en mat\u00e8ria d\u2019higiene, tots estem d\u2019acord que el bany no \u00e9s un lloc especialment net. No es tracta d\u2019entrar en detalls, per\u00f2 els experts ens parlen de dos errors habituals que propicien l\u2019abund\u00e0ncia de bacteris en aquest recinte.<!--more--><\/p>\n<h2><span class=\"ez-toc-section\" id=\"Numero_1_estirar_la_cadena_sense_baixar_abans_la_tapa\"><\/span>N\u00famero 1: estirar la cadena sense baixar abans la tapa<span class=\"ez-toc-section-end\"><\/span><\/h2>\n<p>Diferenciant entre tapa i seient, la majoria dels homes (s\u2019estima en el 68%, o m\u00e9s), no baixa el seient despr\u00e9s d\u2019utilitzar l\u2019inodor, i mira que les dones ho porten malament! Sense entrar en l\u2019est\u00e8tica, que els dona la ra\u00f3 a elles indiscutiblement, hi ha cap problema en deixar el seient \u2013i, per tant, la tapa\u2013 aixecat? Doncs s\u00ed que n\u2019hi ha.<\/p>\n<p>En estirar la cadena, l\u2019aigua evacua el contingut de la cisterna, que cont\u00e9 diversos bacteris, alguns dels quals s\u00f3n perillosos: Salmonella i Shigelia, entre d\u2019altres, i en grans quantitats. El funcionament correcte del sanitari requereix una desc\u00e0rrega potent, perqu\u00e8 l\u2019aigua netegi tamb\u00e9 les parets, arrossegant la brut\u00edcia cap al claveguer\u00f3. Per\u00f2 aquesta desc\u00e0rrega produeix esquitxades, un aerosol de gotes diminutes que s\u2019expandeixen per l\u2019aire, fins a cinc metres de dist\u00e0ncia, segons algun estudi. Aquestes esquitxades contaminen el bany sencer, at\u00e8s que passen al lavabo, al terra, a les tovalloles i&#8230; fins i tot als raspalls de les dents.<\/p>\n<p>Diguem-ne que no hi ha una manera absoluta d\u2019evitar-ho, perqu\u00e8 la tapa del v\u00e0ter no el tanca herm\u00e8ticament. Per\u00f2 el fet de baixar-la abans d\u2019estirar la cadena disminueix en gran mesura l\u2019expansi\u00f3 de l\u2019aerosol.<\/p>\n<h2><span class=\"ez-toc-section\" id=\"Numero_2_posar_lescombreta_humida_al_seu_suport\"><\/span>N\u00famero 2: posar l\u2019escombreta humida al seu suport.<span class=\"ez-toc-section-end\"><\/span><\/h2>\n<p>Per\u00f2 continuem amb el proc\u00e9s. Qu\u00e8 passa quan la desc\u00e0rrega no ha eliminat del tot la brut\u00edcia? Doncs que recorrem a l\u2019escombreta, la qual cosa porta a la palestra un nou factor preocupant.<\/p>\n<p><img loading=\"lazy\" decoding=\"async\" class=\"alignnone size-full wp-image-5551\" src=\"https:\/\/www.mgc.es\/wp-content\/uploads\/2019\/01\/escobilla-retrete2.jpg\" alt=\"Escobilla del v\u00e1ter\" width=\"800\" height=\"500\"><\/p>\n<p>Despr\u00e9s d\u2019escombrar les restes de brut\u00edcia, posem l\u2019escombreta al seu suport, generalment un recipient on encaixa. Per\u00f2, encara que no es vegi a simple vista, l\u2019escombreta cont\u00e9 restes de la brut\u00edcia, de manera que quan la posem al seu recipient, all\u00e0 queda tot: si f\u00e9ssim un cultiu amb aquesta brut\u00edcia (no oblidem que ja no \u00e9s brut\u00edcia, sin\u00f3 molts bacteris diferents) no far\u00edem el que fem. El recipient t\u00e9 les condicions id\u00f2nies d\u2019humitat perqu\u00e8 els g\u00e8rmens es multipliquin.<\/p>\n<p>L\u2019escombreta hauria de rentar-se (idealment, desinfectar-se) i assecar-se b\u00e9 abans de guardar-la al seu recipient. Aix\u00f2 resulta impossible de fer despr\u00e9s de cada \u00fas, \u00e9s clar. Aquesta \u00e9s la ra\u00f3 per la qual els experts desaconsellen completament l\u2019\u00fas de l\u2019escombreta, un adminicle incompatible amb una higiene estricta i que recomanen no tenir al bany.<\/p>\n<p>I aleshores, qu\u00e8 cal fer? El que \u00e9s ideal \u00e9s utilitzar productes de neteja amb poder desinfectant; amb guants, \u00e9s clar, per a la neteja de l\u2019inodor.<\/p>\n","protected":false},"excerpt":{"rendered":"<p>Malgrat els esfor\u00e7os que puguem fer di\u00e0riament en mat\u00e8ria d\u2019higiene, tots estem d\u2019acord que el bany no \u00e9s un lloc especialment net. No es tracta d\u2019entrar en detalls, per\u00f2 els experts ens parlen de dos errors habituals que propicien l\u2019abund\u00e0ncia de bacteris en aquest recinte.<\/p>\n","protected":false},"author":3,"featured_media":14631,"comment_status":"open","ping_status":"open","sticky":false,"template":"","format":"standard","meta":{"footnotes":""},"categories":[666,665],"tags":[438,481],"class_list":["post-11733","post","type-post","status-publish","format-standard","has-post-thumbnail","hentry","category-habits-saludables","category-vida-sana-ca","tag-infeccions","tag-prevencio"],"featured_image_src":"https:\/\/www.mgc.es\/wp-content\/uploads\/2019\/11\/cuarto-ba\u00f1o2.jpg","author_info":{"display_name":"Revista Inter\u00e8s Mutu","author_link":"https:\/\/www.mgc.es\/ca\/blog\/author\/interesmutu\/"},"yoast_head":"<!-- This site is optimized with the Yoast SEO plugin v27.2 - https:\/\/yoast.com\/product\/yoast-seo-wordpress\/ -->\n<title>Dues coses que fem malament al bany - MGC M\u00fatua<\/title>\n<meta name=\"robots\" content=\"index, follow, max-snippet:-1, max-image-preview:large, max-video-preview:-1\" \/>\n<link rel=\"canonical\" href=\"https:\/\/www.mgc.es\/ca\/blog\/dues-coses-que-fem-malament-al-bany\/\" \/>\n<meta property=\"og:locale\" content=\"ca_ES\" \/>\n<meta property=\"og:type\" content=\"article\" \/>\n<meta property=\"og:title\" content=\"Dues coses que fem malament al bany - MGC M\u00fatua\" \/>\n<meta property=\"og:description\" content=\"Malgrat els esfor\u00e7os que puguem fer di\u00e0riament en mat\u00e8ria d\u2019higiene, tots estem d\u2019acord que el bany no \u00e9s un lloc especialment net. No es tracta d\u2019entrar en detalls, per\u00f2 els experts ens parlen de dos errors habituals que propicien l\u2019abund\u00e0ncia de bacteris en aquest recinte.\" \/>\n<meta property=\"og:url\" content=\"https:\/\/www.mgc.es\/ca\/blog\/dues-coses-que-fem-malament-al-bany\/\" \/>\n<meta property=\"og:site_name\" content=\"MGC M\u00fatua\" \/>\n<meta property=\"article:publisher\" content=\"https:\/\/www.facebook.com\/mgcmutua\" \/>\n<meta property=\"article:published_time\" content=\"2019-01-20T23:00:00+00:00\" \/>\n<meta property=\"article:modified_time\" content=\"2021-03-11T09:08:14+00:00\" \/>\n<meta property=\"og:image\" content=\"https:\/\/www.mgc.es\/wp-content\/uploads\/2019\/11\/cuarto-ba\u00f1o2.jpg\" \/>\n\t<meta property=\"og:image:width\" content=\"800\" \/>\n\t<meta property=\"og:image:height\" content=\"533\" \/>\n\t<meta property=\"og:image:type\" content=\"image\/jpeg\" \/>\n<meta name=\"author\" content=\"Revista Inter\u00e8s Mutu\" \/>\n<meta name=\"twitter:card\" content=\"summary_large_image\" \/>\n<meta name=\"twitter:creator\" content=\"@mgcmutua\" \/>\n<meta name=\"twitter:site\" content=\"@mgcmutua\" \/>\n<meta name=\"twitter:label1\" content=\"Escrit per\" \/>\n\t<meta name=\"twitter:data1\" content=\"Revista Inter\u00e8s Mutu\" \/>\n\t<meta name=\"twitter:label2\" content=\"Temps estimat de lectura\" \/>\n\t<meta name=\"twitter:data2\" content=\"3 minuts\" \/>\n<!-- \/ Yoast SEO plugin. -->","yoast_head_json":{"title":"Dues coses que fem malament al bany - MGC M\u00fatua","robots":{"index":"index","follow":"follow","max-snippet":"max-snippet:-1","max-image-preview":"max-image-preview:large","max-video-preview":"max-video-preview:-1"},"canonical":"https:\/\/www.mgc.es\/ca\/blog\/dues-coses-que-fem-malament-al-bany\/","og_locale":"ca_ES","og_type":"article","og_title":"Dues coses que fem malament al bany - MGC M\u00fatua","og_description":"Malgrat els esfor\u00e7os que puguem fer di\u00e0riament en mat\u00e8ria d\u2019higiene, tots estem d\u2019acord que el bany no \u00e9s un lloc especialment net. No es tracta d\u2019entrar en detalls, per\u00f2 els experts ens parlen de dos errors habituals que propicien l\u2019abund\u00e0ncia de bacteris en aquest recinte.","og_url":"https:\/\/www.mgc.es\/ca\/blog\/dues-coses-que-fem-malament-al-bany\/","og_site_name":"MGC M\u00fatua","article_publisher":"https:\/\/www.facebook.com\/mgcmutua","article_published_time":"2019-01-20T23:00:00+00:00","article_modified_time":"2021-03-11T09:08:14+00:00","og_image":[{"width":800,"height":533,"url":"https:\/\/www.mgc.es\/wp-content\/uploads\/2019\/11\/cuarto-ba\u00f1o2.jpg","type":"image\/jpeg"}],"author":"Revista Inter\u00e8s Mutu","twitter_card":"summary_large_image","twitter_creator":"@mgcmutua","twitter_site":"@mgcmutua","twitter_misc":{"Escrit per":"Revista Inter\u00e8s Mutu","Temps estimat de lectura":"3 minuts"},"schema":{"@context":"https:\/\/schema.org","@graph":[{"@type":["Article","BlogPosting"],"@id":"https:\/\/www.mgc.es\/ca\/blog\/dues-coses-que-fem-malament-al-bany\/#article","isPartOf":{"@id":"https:\/\/www.mgc.es\/ca\/blog\/dues-coses-que-fem-malament-al-bany\/"},"author":{"name":"Revista Inter\u00e8s Mutu","@id":"https:\/\/www.mgc.es\/#\/schema\/person\/010c961d9c9acf38f11187a02b646c16"},"headline":"Dues coses que fem malament al bany","datePublished":"2019-01-20T23:00:00+00:00","dateModified":"2021-03-11T09:08:14+00:00","mainEntityOfPage":{"@id":"https:\/\/www.mgc.es\/ca\/blog\/dues-coses-que-fem-malament-al-bany\/"},"wordCount":510,"commentCount":0,"publisher":{"@id":"https:\/\/www.mgc.es\/#organization"},"image":{"@id":"https:\/\/www.mgc.es\/ca\/blog\/dues-coses-que-fem-malament-al-bany\/#primaryimage"},"thumbnailUrl":"https:\/\/www.mgc.es\/wp-content\/uploads\/2019\/11\/cuarto-ba\u00f1o2.jpg","keywords":["infeccions","prevenci\u00f3"],"articleSection":["H\u00e0bits Saludables","Vida Sana"],"inLanguage":"ca","potentialAction":[{"@type":"CommentAction","name":"Comment","target":["https:\/\/www.mgc.es\/ca\/blog\/dues-coses-que-fem-malament-al-bany\/#respond"]}]},{"@type":["WebPage","ItemPage"],"@id":"https:\/\/www.mgc.es\/ca\/blog\/dues-coses-que-fem-malament-al-bany\/","url":"https:\/\/www.mgc.es\/ca\/blog\/dues-coses-que-fem-malament-al-bany\/","name":"Dues coses que fem malament al bany - MGC M\u00fatua","isPartOf":{"@id":"https:\/\/www.mgc.es\/#website"},"primaryImageOfPage":{"@id":"https:\/\/www.mgc.es\/ca\/blog\/dues-coses-que-fem-malament-al-bany\/#primaryimage"},"image":{"@id":"https:\/\/www.mgc.es\/ca\/blog\/dues-coses-que-fem-malament-al-bany\/#primaryimage"},"thumbnailUrl":"https:\/\/www.mgc.es\/wp-content\/uploads\/2019\/11\/cuarto-ba\u00f1o2.jpg","datePublished":"2019-01-20T23:00:00+00:00","dateModified":"2021-03-11T09:08:14+00:00","breadcrumb":{"@id":"https:\/\/www.mgc.es\/ca\/blog\/dues-coses-que-fem-malament-al-bany\/#breadcrumb"},"inLanguage":"ca","potentialAction":[{"@type":"ReadAction","target":["https:\/\/www.mgc.es\/ca\/blog\/dues-coses-que-fem-malament-al-bany\/"]}]},{"@type":"ImageObject","inLanguage":"ca","@id":"https:\/\/www.mgc.es\/ca\/blog\/dues-coses-que-fem-malament-al-bany\/#primaryimage","url":"https:\/\/www.mgc.es\/wp-content\/uploads\/2019\/11\/cuarto-ba\u00f1o2.jpg","contentUrl":"https:\/\/www.mgc.es\/wp-content\/uploads\/2019\/11\/cuarto-ba\u00f1o2.jpg","width":800,"height":533},{"@type":"BreadcrumbList","@id":"https:\/\/www.mgc.es\/ca\/blog\/dues-coses-que-fem-malament-al-bany\/#breadcrumb","itemListElement":[{"@type":"ListItem","position":1,"name":"Home","item":"https:\/\/www.mgc.es\/ca\/"},{"@type":"ListItem","position":2,"name":"Dues coses que fem malament al bany"}]},{"@type":"WebSite","@id":"https:\/\/www.mgc.es\/#website","url":"https:\/\/www.mgc.es\/","name":"MGC M\u00fatua","description":"MGC M\u00fatua \u00e9s una entitat asseguradora sense \u00e0nim de lucre constitu\u00efda al 1982 i especialitzada en assegurances de salut i assist\u00e8ncia.","publisher":{"@id":"https:\/\/www.mgc.es\/#organization"},"alternateName":"MGC","potentialAction":[{"@type":"SearchAction","target":{"@type":"EntryPoint","urlTemplate":"https:\/\/www.mgc.es\/?s={search_term_string}"},"query-input":{"@type":"PropertyValueSpecification","valueRequired":true,"valueName":"search_term_string"}}],"inLanguage":"ca"},{"@type":"Organization","@id":"https:\/\/www.mgc.es\/#organization","name":"MGC Mutua","alternateName":"MGC","url":"https:\/\/www.mgc.es\/","logo":{"@type":"ImageObject","inLanguage":"ca","@id":"https:\/\/www.mgc.es\/#\/schema\/logo\/image\/","url":"https:\/\/www.mgc.es\/wp-content\/uploads\/2020\/03\/mgcmutua_h2_2t_reduccions.png","contentUrl":"https:\/\/www.mgc.es\/wp-content\/uploads\/2020\/03\/mgcmutua_h2_2t_reduccions.png","width":303,"height":165,"caption":"MGC Mutua"},"image":{"@id":"https:\/\/www.mgc.es\/#\/schema\/logo\/image\/"},"sameAs":["https:\/\/www.facebook.com\/mgcmutua","https:\/\/x.com\/mgcmutua","https:\/\/www.youtube.com\/c\/MGCMutua"]},{"@type":"Person","@id":"https:\/\/www.mgc.es\/#\/schema\/person\/010c961d9c9acf38f11187a02b646c16","name":"Revista Inter\u00e8s Mutu","image":{"@type":"ImageObject","inLanguage":"ca","@id":"https:\/\/secure.gravatar.com\/avatar\/52302d684339b9d7bf5691e2ad00835d62ce3b4a435f21ca9f21fbe39c63cb1b?s=96&d=mm&r=g","url":"https:\/\/secure.gravatar.com\/avatar\/52302d684339b9d7bf5691e2ad00835d62ce3b4a435f21ca9f21fbe39c63cb1b?s=96&d=mm&r=g","contentUrl":"https:\/\/secure.gravatar.com\/avatar\/52302d684339b9d7bf5691e2ad00835d62ce3b4a435f21ca9f21fbe39c63cb1b?s=96&d=mm&r=g","caption":"Revista Inter\u00e8s Mutu"}}]}},"_links":{"self":[{"href":"https:\/\/www.mgc.es\/ca\/wp-json\/wp\/v2\/posts\/11733","targetHints":{"allow":["GET"]}}],"collection":[{"href":"https:\/\/www.mgc.es\/ca\/wp-json\/wp\/v2\/posts"}],"about":[{"href":"https:\/\/www.mgc.es\/ca\/wp-json\/wp\/v2\/types\/post"}],"author":[{"embeddable":true,"href":"https:\/\/www.mgc.es\/ca\/wp-json\/wp\/v2\/users\/3"}],"replies":[{"embeddable":true,"href":"https:\/\/www.mgc.es\/ca\/wp-json\/wp\/v2\/comments?post=11733"}],"version-history":[{"count":2,"href":"https:\/\/www.mgc.es\/ca\/wp-json\/wp\/v2\/posts\/11733\/revisions"}],"predecessor-version":[{"id":21170,"href":"https:\/\/www.mgc.es\/ca\/wp-json\/wp\/v2\/posts\/11733\/revisions\/21170"}],"wp:featuredmedia":[{"embeddable":true,"href":"https:\/\/www.mgc.es\/ca\/wp-json\/wp\/v2\/media\/14631"}],"wp:attachment":[{"href":"https:\/\/www.mgc.es\/ca\/wp-json\/wp\/v2\/media?parent=11733"}],"wp:term":[{"taxonomy":"category","embeddable":true,"href":"https:\/\/www.mgc.es\/ca\/wp-json\/wp\/v2\/categories?post=11733"},{"taxonomy":"post_tag","embeddable":true,"href":"https:\/\/www.mgc.es\/ca\/wp-json\/wp\/v2\/tags?post=11733"}],"curies":[{"name":"wp","href":"https:\/\/api.w.org\/{rel}","templated":true}]}}