{"id":11726,"date":"2018-12-20T00:00:00","date_gmt":"2018-12-19T23:00:00","guid":{"rendered":"http:\/\/web-server-devel.mgc.es\/les-nenes-i-nens-de-catalunya-donen-ales-a-mes-de-188-000-origamis-solidaris\/"},"modified":"2021-03-10T16:59:27","modified_gmt":"2021-03-10T15:59:27","slug":"les-nenes-i-nens-de-catalunya-donen-ales-a-mes-de-188-000-origamis-solidaris","status":"publish","type":"post","link":"https:\/\/www.mgc.es\/ca\/blog\/les-nenes-i-nens-de-catalunya-donen-ales-a-mes-de-188-000-origamis-solidaris\/","title":{"rendered":"Les nenes i nens de Catalunya donen ales a m\u00e9s de 188.000 origamis solidaris"},"content":{"rendered":"<div id=\"ez-toc-container\" class=\"ez-toc-v2_0_82_1 counter-hierarchy ez-toc-counter ez-toc-custom ez-toc-container-direction\">\n<div class=\"ez-toc-title-container\"><p class=\"ez-toc-title\" style=\"cursor:inherit\">\u00cdndex de continguts<\/p>\n<\/div><nav><ul class='ez-toc-list ez-toc-list-level-1 ' ><li class='ez-toc-page-1 ez-toc-heading-level-2'><a class=\"ez-toc-link ez-toc-heading-1\" href=\"https:\/\/www.mgc.es\/ca\/blog\/les-nenes-i-nens-de-catalunya-donen-ales-a-mes-de-188-000-origamis-solidaris\/#ORIGAMIS_I_NENS_PARTICIPANTS_TOTALS_PER_PROVINCIES_%E2%80%9C1_ORIGAMI_1_EURO%E2%80%9D_2018\" >ORIGAMIS I NENS PARTICIPANTS TOTALS PER PROV\u00cdNCIES \u201c1 ORIGAMI 1 EURO\u201d 2018<\/a><\/li><li class='ez-toc-page-1 ez-toc-heading-level-2'><a class=\"ez-toc-link ez-toc-heading-2\" href=\"https:\/\/www.mgc.es\/ca\/blog\/les-nenes-i-nens-de-catalunya-donen-ales-a-mes-de-188-000-origamis-solidaris\/#BENEFICIS_DEL_MON_ORIGAMI\" >BENEFICIS DEL M\u00d3N ORIGAMI<\/a><\/li><li class='ez-toc-page-1 ez-toc-heading-level-2'><a class=\"ez-toc-link ez-toc-heading-3\" href=\"https:\/\/www.mgc.es\/ca\/blog\/les-nenes-i-nens-de-catalunya-donen-ales-a-mes-de-188-000-origamis-solidaris\/#UNA_HISTORIA_MIL%C2%B7LENARIA\" >UNA HIST\u00d2RIA MIL\u00b7LEN\u00c0RIA<\/a><\/li><\/ul><\/nav><\/div>\n<p><strong><em> <img loading=\"lazy\" decoding=\"async\" class=\"aligncenter size-full wp-image-5480\" src=\"https:\/\/www.mgc.es\/wp-content\/uploads\/2018\/12\/origami-escola-nens-difuminats.jpg\" alt=\"\" width=\"1049\" height=\"576\"><\/em><\/strong>La <strong>Fundaci\u00f3 M\u00fatua General de Catalunya<\/strong> tanca la VI edici\u00f3 de la campanya <strong>\u20181 Origami 1 Euro\u2019 <\/strong>amb m\u00e9s de 188.100 grues de paper recollides que els m\u00e9s petits han elaborat durant les darreres setmanes. La voluntat de desconnectar per un moment del m\u00f3n digital i dedicar una estona del seu temps a elaborar un origami \u00fanic, els ha servit per enviar un desig de salut i solidaritat a la societat.<!--more--><\/p>\n<p>Amb aquest projecte la Fundaci\u00f3 M\u00fatua General de Catalunya trasllada la t\u00e8cnica mil\u00b7len\u00e0ria de l&#8217;<em>origami<\/em> a les aules com a s\u00edmbol de salut, benestar, felicitat i prosperitat, on l\u2019exercici de treballar cada pe\u00e7a de forma individual es converteixi en temps que dediquem als altres.<\/p>\n<p>En els darrers dies les escoles inscrites han anat lliurant els seus origamis a la Fundaci\u00f3 M\u00fatua General de Catalunya, qui s\u2019ha encarregat del recompte de les grues de paper amb unes xifres finals que demostren que la implicaci\u00f3 de la societat catalana en projectes solidaris no t\u00e9 sostre:<\/p>\n<h2><span class=\"ez-toc-section\" id=\"ORIGAMIS_I_NENS_PARTICIPANTS_TOTALS_PER_PROVINCIES_%E2%80%9C1_ORIGAMI_1_EURO%E2%80%9D_2018\"><\/span><strong><img loading=\"lazy\" decoding=\"async\" class=\"aligncenter size-full wp-image-5481\" src=\"https:\/\/www.mgc.es\/wp-content\/uploads\/2018\/12\/Escola-Nipponia-Girona-TVGirona-5.jpg\" alt=\"\" width=\"4019\" height=\"2277\">ORIGAMIS I NENS PARTICIPANTS TOTALS PER PROV\u00cdNCIES \u201c1 ORIGAMI 1 EURO\u201d 2018<\/strong><span class=\"ez-toc-section-end\"><\/span><\/h2>\n<table width=\"358\">\n<tbody>\n<tr>\n<td width=\"91\"><\/td>\n<td width=\"83\"><strong>Origamis<\/strong><\/td>\n<td width=\"79\"><strong>Escoles<\/strong><\/td>\n<td width=\"104\"><strong>Nenes i Nens<\/strong><\/td>\n<\/tr>\n<tr>\n<td width=\"91\">BARCELONA<\/td>\n<td width=\"83\">122.444<\/td>\n<td width=\"79\">151<\/td>\n<td width=\"104\">61.263<\/td>\n<\/tr>\n<tr>\n<td width=\"91\">TARAGONA<\/td>\n<td width=\"83\">37.483<\/td>\n<td width=\"79\">43<\/td>\n<td width=\"104\">10.228<\/td>\n<\/tr>\n<tr>\n<td width=\"91\">LLEIDA<\/td>\n<td width=\"83\">9.919<\/td>\n<td width=\"79\">20<\/td>\n<td width=\"104\">4.558<\/td>\n<\/tr>\n<tr>\n<td width=\"91\">GIRONA<\/td>\n<td width=\"83\">14.777<\/td>\n<td width=\"79\">15<\/td>\n<td width=\"104\">7.010<\/td>\n<\/tr>\n<tr>\n<td width=\"91\">ALTRES<\/td>\n<td width=\"83\">477<\/td>\n<td width=\"79\">2<\/td>\n<td width=\"104\">370<\/td>\n<\/tr>\n<tr>\n<td width=\"91\"><strong>TOTAL <\/strong><\/td>\n<td width=\"83\"><strong>185.100<\/strong><\/td>\n<td width=\"79\"><strong>231<\/strong><\/td>\n<td width=\"104\"><strong>83.529<\/strong><\/td>\n<\/tr>\n<\/tbody>\n<\/table>\n<p>La distribuci\u00f3 del donatiu a les 3 fundacions &nbsp;destinat\u00e0ries d\u2019enguany es far\u00e0 en funci\u00f3 de les prefer\u00e8ncies de les escoles participants. D\u2019aquesta manera el projecte solidari \u201c1 Origami 1 Euro\u201d repartir\u00e0 el donatiu en la seg\u00fcent proporci\u00f3:<\/p>\n<ul>\n<li>Fundaci\u00f3 La Marat\u00f3 de TV3 dedicada a la investigaci\u00f3 contra el c\u00e0ncer (65,19%): 32.593\u20ac<\/li>\n<li>Fundaci\u00f3 Onada (22,63%): 11.318\u20ac<\/li>\n<li>Fundaci\u00f3n Elena Barraquer (12,18%): 6.089\u20ac<\/li>\n<\/ul>\n<p>En aquesta darrera edici\u00f3 del projecte \u201c1 Origami 1 Euro\u201d els alumnes han realitzat fam\u00edlies d\u2019origamis decorant i pintant una composici\u00f3 de tres peces de diferents mides on han pogut &nbsp;escriure un desig. Aquest dissenys han estat inspirats en els tradicionals mandales, unes representacions tradicionals de la cultura hind\u00fa i budista on els colors obren camins cap a la reflexi\u00f3 sobre el m\u00f3n i sobre un mateix.<\/p>\n<p>\u201cDurant els darrers dies hem rebut milers i milers d\u2019origamis que han fet els alumnes de les diferents escoles participants. Veure el nivell d\u2019implicaci\u00f3 dels m\u00e9s petits en aquest projecte solidari ens emociona any rere any. Aprendre a desconnectar del m\u00f3n digital \u00e9s necessari i la senzillesa d\u2019agafar un paper i uns colors ens poden ajudar a tornar a l\u2019entorn terrenal\u201d ha dit Daniel Redondo, Director General de la M\u00fatua General de Catalunya.<\/p>\n<h2><span class=\"ez-toc-section\" id=\"BENEFICIS_DEL_MON_ORIGAMI\"><\/span><strong>BENEFICIS DEL M\u00d3N ORIGAMI <\/strong><span class=\"ez-toc-section-end\"><\/span><\/h2>\n<p>L\u2019origami \u00e9s un art tradicional del Jap\u00f3 que t\u00e9 com a un dels m\u00e9s nobles atractius la versatilitat per crear i recrear el m\u00f3n tal i com el concep l\u2019\u00e9sser hum\u00e0. Tradicionalment, regalar grues de paper s\u2019associa amb el fet de voler desitjar bons auguris a alg\u00fa o senzillament oferir un detall especial a alg\u00fa que t\u2019estimes o que \u00e9s important per a tu.<\/p>\n<p>A banda de l\u2019element solidari del projecte \u201c1 Origami 1 Euro\u201d, existeix tamb\u00e9 un <strong>element educatiu<\/strong>. La t\u00e8cnica de l\u2019origami t\u00e9 associades innumerables compet\u00e8ncies educatives, aix\u00ed com aprendre valors com la paci\u00e8ncia, l\u2019atenci\u00f3, la concentraci\u00f3, la disciplina i la creativitat.<\/p>\n<h2><span class=\"ez-toc-section\" id=\"UNA_HISTORIA_MIL%C2%B7LENARIA\"><\/span><strong>UNA HIST\u00d2RIA MIL\u00b7LEN\u00c0RIA<\/strong><span class=\"ez-toc-section-end\"><\/span><\/h2>\n<p><strong>&#8216;1 Origami 1 Euro&#8217;<\/strong> \u00e9s una idea basada en la hist\u00f2ria de la Sadako Sasaki (1943-1955)<strong>,<\/strong> una nena japonesa que va desitjar curar-se de la seva malaltia, produ\u00efda per la radiaci\u00f3 de la bomba at\u00f2mica d&#8217;Hiroshima, fent 1.000 grues de paper. Va pensar que el seu desig no nom\u00e9s seria per curar-se, sin\u00f3 tamb\u00e9 per a que tothom pogu\u00e9s viure en pau i no hagu\u00e9s m\u00e9s guerres. Sadako no va poder superar la malaltia i no va acabar de fer totes les grues (va haver de parar en la 644), per\u00f2 els seus amics van arribar a fer les 1.000 grues aconseguint un \u201cSenbazuru\u201d. D&#8217;aquesta manera els origamis es van convertir en un s\u00edmbol de pau a tot el m\u00f3n. Recollint l&#8217;esperit d&#8217;aquesta hist\u00f2ria, la <strong>Fundaci\u00f3 M\u00fatua General de Catalunya<\/strong> va decidir canalitzar la iniciativa &#8216;<strong>1 Origami 1 Euro&#8217;<\/strong> amb l&#8217;objectiu traslladar aquests bons desitjos i transformar-los en donacions per a diverses causes solid\u00e0ries.<\/p>\n<p>La Fundaci\u00f3 M\u00fatua General de Catalunya ha aconseguit associar-se amb els valors que representen les grues de paper: solidaritat, esfor\u00e7 i dedicaci\u00f3. I el m\u00e9s important, refermar la seva ra\u00f3 de ser: el foment de la salut i la prevenci\u00f3 de la malaltia en benefici de tota la societat.<\/p>\n","protected":false},"excerpt":{"rendered":"<p>La Fundaci\u00f3 M\u00fatua General de Catalunya tanca la VI edici\u00f3 de la campanya \u20181 Origami 1 Euro\u2019 amb m\u00e9s de 188.100 grues de paper recollides que els m\u00e9s petits han elaborat durant les darreres setmanes.<\/p>\n","protected":false},"author":3,"featured_media":14608,"comment_status":"open","ping_status":"open","sticky":false,"template":"","format":"standard","meta":{"footnotes":""},"categories":[11],"tags":[371,432,463],"class_list":["post-11726","post","type-post","status-publish","format-standard","has-post-thumbnail","hentry","category-actualitat","tag-1origami1euro-ca","tag-fundacio-mutua-general-de-catalunya","tag-nens"],"featured_image_src":"https:\/\/www.mgc.es\/wp-content\/uploads\/2019\/11\/origami-escola-nens-difuminats.jpg","author_info":{"display_name":"Revista Inter\u00e8s Mutu","author_link":"https:\/\/www.mgc.es\/ca\/blog\/author\/interesmutu\/"},"yoast_head":"<!-- This site is optimized with the Yoast SEO plugin v27.2 - https:\/\/yoast.com\/product\/yoast-seo-wordpress\/ -->\n<title>Les nenes i nens de Catalunya donen ales a m\u00e9s de 188.000 origamis solidaris - MGC M\u00fatua<\/title>\n<meta name=\"robots\" content=\"index, follow, max-snippet:-1, max-image-preview:large, max-video-preview:-1\" \/>\n<link rel=\"canonical\" href=\"https:\/\/www.mgc.es\/ca\/blog\/les-nenes-i-nens-de-catalunya-donen-ales-a-mes-de-188-000-origamis-solidaris\/\" \/>\n<meta property=\"og:locale\" content=\"ca_ES\" \/>\n<meta property=\"og:type\" content=\"article\" \/>\n<meta property=\"og:title\" content=\"Les nenes i nens de Catalunya donen ales a m\u00e9s de 188.000 origamis solidaris - MGC M\u00fatua\" \/>\n<meta property=\"og:description\" content=\"La Fundaci\u00f3 M\u00fatua General de Catalunya tanca la VI edici\u00f3 de la campanya \u20181 Origami 1 Euro\u2019 amb m\u00e9s de 188.100 grues de paper recollides que els m\u00e9s petits han elaborat durant les darreres setmanes.\" \/>\n<meta property=\"og:url\" content=\"https:\/\/www.mgc.es\/ca\/blog\/les-nenes-i-nens-de-catalunya-donen-ales-a-mes-de-188-000-origamis-solidaris\/\" \/>\n<meta property=\"og:site_name\" content=\"MGC M\u00fatua\" \/>\n<meta property=\"article:publisher\" content=\"https:\/\/www.facebook.com\/mgcmutua\" \/>\n<meta property=\"article:published_time\" content=\"2018-12-19T23:00:00+00:00\" \/>\n<meta property=\"article:modified_time\" content=\"2021-03-10T15:59:27+00:00\" \/>\n<meta property=\"og:image\" content=\"https:\/\/www.mgc.es\/wp-content\/uploads\/2019\/11\/origami-escola-nens-difuminats.jpg\" \/>\n\t<meta property=\"og:image:width\" content=\"1049\" \/>\n\t<meta property=\"og:image:height\" content=\"576\" \/>\n\t<meta property=\"og:image:type\" content=\"image\/jpeg\" \/>\n<meta name=\"author\" content=\"Revista Inter\u00e8s Mutu\" \/>\n<meta name=\"twitter:card\" content=\"summary_large_image\" \/>\n<meta name=\"twitter:creator\" content=\"@mgcmutua\" \/>\n<meta name=\"twitter:site\" content=\"@mgcmutua\" \/>\n<meta name=\"twitter:label1\" content=\"Escrit per\" \/>\n\t<meta name=\"twitter:data1\" content=\"Revista Inter\u00e8s Mutu\" \/>\n\t<meta name=\"twitter:label2\" content=\"Temps estimat de lectura\" \/>\n\t<meta name=\"twitter:data2\" content=\"4 minuts\" \/>\n<!-- \/ Yoast SEO plugin. -->","yoast_head_json":{"title":"Les nenes i nens de Catalunya donen ales a m\u00e9s de 188.000 origamis solidaris - MGC M\u00fatua","robots":{"index":"index","follow":"follow","max-snippet":"max-snippet:-1","max-image-preview":"max-image-preview:large","max-video-preview":"max-video-preview:-1"},"canonical":"https:\/\/www.mgc.es\/ca\/blog\/les-nenes-i-nens-de-catalunya-donen-ales-a-mes-de-188-000-origamis-solidaris\/","og_locale":"ca_ES","og_type":"article","og_title":"Les nenes i nens de Catalunya donen ales a m\u00e9s de 188.000 origamis solidaris - MGC M\u00fatua","og_description":"La Fundaci\u00f3 M\u00fatua General de Catalunya tanca la VI edici\u00f3 de la campanya \u20181 Origami 1 Euro\u2019 amb m\u00e9s de 188.100 grues de paper recollides que els m\u00e9s petits han elaborat durant les darreres setmanes.","og_url":"https:\/\/www.mgc.es\/ca\/blog\/les-nenes-i-nens-de-catalunya-donen-ales-a-mes-de-188-000-origamis-solidaris\/","og_site_name":"MGC M\u00fatua","article_publisher":"https:\/\/www.facebook.com\/mgcmutua","article_published_time":"2018-12-19T23:00:00+00:00","article_modified_time":"2021-03-10T15:59:27+00:00","og_image":[{"width":1049,"height":576,"url":"https:\/\/www.mgc.es\/wp-content\/uploads\/2019\/11\/origami-escola-nens-difuminats.jpg","type":"image\/jpeg"}],"author":"Revista Inter\u00e8s Mutu","twitter_card":"summary_large_image","twitter_creator":"@mgcmutua","twitter_site":"@mgcmutua","twitter_misc":{"Escrit per":"Revista Inter\u00e8s Mutu","Temps estimat de lectura":"4 minuts"},"schema":{"@context":"https:\/\/schema.org","@graph":[{"@type":["Article","BlogPosting"],"@id":"https:\/\/www.mgc.es\/ca\/blog\/les-nenes-i-nens-de-catalunya-donen-ales-a-mes-de-188-000-origamis-solidaris\/#article","isPartOf":{"@id":"https:\/\/www.mgc.es\/ca\/blog\/les-nenes-i-nens-de-catalunya-donen-ales-a-mes-de-188-000-origamis-solidaris\/"},"author":{"name":"Revista Inter\u00e8s Mutu","@id":"https:\/\/www.mgc.es\/#\/schema\/person\/010c961d9c9acf38f11187a02b646c16"},"headline":"Les nenes i nens de Catalunya donen ales a m\u00e9s de 188.000 origamis solidaris","datePublished":"2018-12-19T23:00:00+00:00","dateModified":"2021-03-10T15:59:27+00:00","mainEntityOfPage":{"@id":"https:\/\/www.mgc.es\/ca\/blog\/les-nenes-i-nens-de-catalunya-donen-ales-a-mes-de-188-000-origamis-solidaris\/"},"wordCount":754,"commentCount":0,"publisher":{"@id":"https:\/\/www.mgc.es\/#organization"},"image":{"@id":"https:\/\/www.mgc.es\/ca\/blog\/les-nenes-i-nens-de-catalunya-donen-ales-a-mes-de-188-000-origamis-solidaris\/#primaryimage"},"thumbnailUrl":"https:\/\/www.mgc.es\/wp-content\/uploads\/2019\/11\/origami-escola-nens-difuminats.jpg","keywords":["1origami1euro","fundaci\u00f3 m\u00fatua general de catalunya","nens"],"articleSection":["Actualitat M\u00fatua"],"inLanguage":"ca","potentialAction":[{"@type":"CommentAction","name":"Comment","target":["https:\/\/www.mgc.es\/ca\/blog\/les-nenes-i-nens-de-catalunya-donen-ales-a-mes-de-188-000-origamis-solidaris\/#respond"]}]},{"@type":["WebPage","ItemPage"],"@id":"https:\/\/www.mgc.es\/ca\/blog\/les-nenes-i-nens-de-catalunya-donen-ales-a-mes-de-188-000-origamis-solidaris\/","url":"https:\/\/www.mgc.es\/ca\/blog\/les-nenes-i-nens-de-catalunya-donen-ales-a-mes-de-188-000-origamis-solidaris\/","name":"Les nenes i nens de Catalunya donen ales a m\u00e9s de 188.000 origamis solidaris - MGC M\u00fatua","isPartOf":{"@id":"https:\/\/www.mgc.es\/#website"},"primaryImageOfPage":{"@id":"https:\/\/www.mgc.es\/ca\/blog\/les-nenes-i-nens-de-catalunya-donen-ales-a-mes-de-188-000-origamis-solidaris\/#primaryimage"},"image":{"@id":"https:\/\/www.mgc.es\/ca\/blog\/les-nenes-i-nens-de-catalunya-donen-ales-a-mes-de-188-000-origamis-solidaris\/#primaryimage"},"thumbnailUrl":"https:\/\/www.mgc.es\/wp-content\/uploads\/2019\/11\/origami-escola-nens-difuminats.jpg","datePublished":"2018-12-19T23:00:00+00:00","dateModified":"2021-03-10T15:59:27+00:00","breadcrumb":{"@id":"https:\/\/www.mgc.es\/ca\/blog\/les-nenes-i-nens-de-catalunya-donen-ales-a-mes-de-188-000-origamis-solidaris\/#breadcrumb"},"inLanguage":"ca","potentialAction":[{"@type":"ReadAction","target":["https:\/\/www.mgc.es\/ca\/blog\/les-nenes-i-nens-de-catalunya-donen-ales-a-mes-de-188-000-origamis-solidaris\/"]}]},{"@type":"ImageObject","inLanguage":"ca","@id":"https:\/\/www.mgc.es\/ca\/blog\/les-nenes-i-nens-de-catalunya-donen-ales-a-mes-de-188-000-origamis-solidaris\/#primaryimage","url":"https:\/\/www.mgc.es\/wp-content\/uploads\/2019\/11\/origami-escola-nens-difuminats.jpg","contentUrl":"https:\/\/www.mgc.es\/wp-content\/uploads\/2019\/11\/origami-escola-nens-difuminats.jpg","width":1049,"height":576},{"@type":"BreadcrumbList","@id":"https:\/\/www.mgc.es\/ca\/blog\/les-nenes-i-nens-de-catalunya-donen-ales-a-mes-de-188-000-origamis-solidaris\/#breadcrumb","itemListElement":[{"@type":"ListItem","position":1,"name":"Home","item":"https:\/\/www.mgc.es\/ca\/"},{"@type":"ListItem","position":2,"name":"Les nenes i nens de Catalunya donen ales a m\u00e9s de 188.000 origamis solidaris"}]},{"@type":"WebSite","@id":"https:\/\/www.mgc.es\/#website","url":"https:\/\/www.mgc.es\/","name":"MGC M\u00fatua","description":"MGC M\u00fatua \u00e9s una entitat asseguradora sense \u00e0nim de lucre constitu\u00efda al 1982 i especialitzada en assegurances de salut i assist\u00e8ncia.","publisher":{"@id":"https:\/\/www.mgc.es\/#organization"},"alternateName":"MGC","potentialAction":[{"@type":"SearchAction","target":{"@type":"EntryPoint","urlTemplate":"https:\/\/www.mgc.es\/?s={search_term_string}"},"query-input":{"@type":"PropertyValueSpecification","valueRequired":true,"valueName":"search_term_string"}}],"inLanguage":"ca"},{"@type":"Organization","@id":"https:\/\/www.mgc.es\/#organization","name":"MGC Mutua","alternateName":"MGC","url":"https:\/\/www.mgc.es\/","logo":{"@type":"ImageObject","inLanguage":"ca","@id":"https:\/\/www.mgc.es\/#\/schema\/logo\/image\/","url":"https:\/\/www.mgc.es\/wp-content\/uploads\/2020\/03\/mgcmutua_h2_2t_reduccions.png","contentUrl":"https:\/\/www.mgc.es\/wp-content\/uploads\/2020\/03\/mgcmutua_h2_2t_reduccions.png","width":303,"height":165,"caption":"MGC Mutua"},"image":{"@id":"https:\/\/www.mgc.es\/#\/schema\/logo\/image\/"},"sameAs":["https:\/\/www.facebook.com\/mgcmutua","https:\/\/x.com\/mgcmutua","https:\/\/www.youtube.com\/c\/MGCMutua"]},{"@type":"Person","@id":"https:\/\/www.mgc.es\/#\/schema\/person\/010c961d9c9acf38f11187a02b646c16","name":"Revista Inter\u00e8s Mutu","image":{"@type":"ImageObject","inLanguage":"ca","@id":"https:\/\/secure.gravatar.com\/avatar\/52302d684339b9d7bf5691e2ad00835d62ce3b4a435f21ca9f21fbe39c63cb1b?s=96&d=mm&r=g","url":"https:\/\/secure.gravatar.com\/avatar\/52302d684339b9d7bf5691e2ad00835d62ce3b4a435f21ca9f21fbe39c63cb1b?s=96&d=mm&r=g","contentUrl":"https:\/\/secure.gravatar.com\/avatar\/52302d684339b9d7bf5691e2ad00835d62ce3b4a435f21ca9f21fbe39c63cb1b?s=96&d=mm&r=g","caption":"Revista Inter\u00e8s Mutu"}}]}},"_links":{"self":[{"href":"https:\/\/www.mgc.es\/ca\/wp-json\/wp\/v2\/posts\/11726","targetHints":{"allow":["GET"]}}],"collection":[{"href":"https:\/\/www.mgc.es\/ca\/wp-json\/wp\/v2\/posts"}],"about":[{"href":"https:\/\/www.mgc.es\/ca\/wp-json\/wp\/v2\/types\/post"}],"author":[{"embeddable":true,"href":"https:\/\/www.mgc.es\/ca\/wp-json\/wp\/v2\/users\/3"}],"replies":[{"embeddable":true,"href":"https:\/\/www.mgc.es\/ca\/wp-json\/wp\/v2\/comments?post=11726"}],"version-history":[{"count":2,"href":"https:\/\/www.mgc.es\/ca\/wp-json\/wp\/v2\/posts\/11726\/revisions"}],"predecessor-version":[{"id":21044,"href":"https:\/\/www.mgc.es\/ca\/wp-json\/wp\/v2\/posts\/11726\/revisions\/21044"}],"wp:featuredmedia":[{"embeddable":true,"href":"https:\/\/www.mgc.es\/ca\/wp-json\/wp\/v2\/media\/14608"}],"wp:attachment":[{"href":"https:\/\/www.mgc.es\/ca\/wp-json\/wp\/v2\/media?parent=11726"}],"wp:term":[{"taxonomy":"category","embeddable":true,"href":"https:\/\/www.mgc.es\/ca\/wp-json\/wp\/v2\/categories?post=11726"},{"taxonomy":"post_tag","embeddable":true,"href":"https:\/\/www.mgc.es\/ca\/wp-json\/wp\/v2\/tags?post=11726"}],"curies":[{"name":"wp","href":"https:\/\/api.w.org\/{rel}","templated":true}]}}