{"id":11696,"date":"2021-09-12T00:00:00","date_gmt":"2021-09-11T22:00:00","guid":{"rendered":"http:\/\/web-server-devel.mgc.es\/els-senyals-dalarma-de-lictus\/"},"modified":"2023-04-19T16:59:04","modified_gmt":"2023-04-19T14:59:04","slug":"els-senyals-dalarma-de-lictus","status":"publish","type":"post","link":"https:\/\/www.mgc.es\/ca\/blog\/els-senyals-dalarma-de-lictus\/","title":{"rendered":"Els senyals d&#8217;alarma de l&#8217;ictus"},"content":{"rendered":"<div id=\"ez-toc-container\" class=\"ez-toc-v2_0_82_1 counter-hierarchy ez-toc-counter ez-toc-custom ez-toc-container-direction\">\n<div class=\"ez-toc-title-container\"><p class=\"ez-toc-title\" style=\"cursor:inherit\">\u00cdndex de continguts<\/p>\n<\/div><nav><ul class='ez-toc-list ez-toc-list-level-1 ' ><li class='ez-toc-page-1 ez-toc-heading-level-2'><a class=\"ez-toc-link ez-toc-heading-1\" href=\"https:\/\/www.mgc.es\/ca\/blog\/els-senyals-dalarma-de-lictus\/#Que_es_un_ictus\" >Qu\u00e8 \u00e9s un ictus?<\/a><\/li><li class='ez-toc-page-1 ez-toc-heading-level-2'><a class=\"ez-toc-link ez-toc-heading-2\" href=\"https:\/\/www.mgc.es\/ca\/blog\/els-senyals-dalarma-de-lictus\/#Que_pot_causar_un_ictus\" >Qu\u00e8 pot causar un ictus?<\/a><\/li><li class='ez-toc-page-1 ez-toc-heading-level-2'><a class=\"ez-toc-link ez-toc-heading-3\" href=\"https:\/\/www.mgc.es\/ca\/blog\/els-senyals-dalarma-de-lictus\/#Quins_simptomes_previs_te\" >Quins s\u00edmptomes previs t\u00e9?<\/a><\/li><li class='ez-toc-page-1 ez-toc-heading-level-2'><a class=\"ez-toc-link ez-toc-heading-4\" href=\"https:\/\/www.mgc.es\/ca\/blog\/els-senyals-dalarma-de-lictus\/#Com_hem_dactuar_davant_dun_ictus\" >Com hem d&#8217;actuar davant d&#8217;un ictus?<\/a><\/li><li class='ez-toc-page-1 ez-toc-heading-level-2'><a class=\"ez-toc-link ez-toc-heading-5\" href=\"https:\/\/www.mgc.es\/ca\/blog\/els-senyals-dalarma-de-lictus\/#Quin_tractament_te\" >Quin tractament t\u00e9?<\/a><\/li><\/ul><\/nav><\/div>\n\n<div class=\"video\"><iframe loading=\"lazy\" src=\"https:\/\/player.vimeo.com\/video\/289650480\" width=\"640\" height=\"360\" frameborder=\"0\" allowfullscreen=\"allowfullscreen\"><\/iframe><\/div>\n\n\n\n<p>Actuar r\u00e0pidament davant un ictus \u00e9s fonamental a l&#8217;hora de reduir les conseq\u00fc\u00e8ncies derivades d&#8217;aquesta malaltia cerebrovascular. Parlem amb el <strong>Dr. Juan Roussos, especialista en neurologia del Centre M\u00e8dic MGC<\/strong> sobre la prevenci\u00f3 de l&#8217;ictus, com recon\u00e8ixer els s\u00edmptomes previs i la import\u00e0ncia que t\u00e9 l&#8217;atenci\u00f3 m\u00e8dica immediata.<\/p>\n\n\n\n<!--more-->\n\n\n\n<h2 class=\"wp-block-heading\"><span class=\"ez-toc-section\" id=\"Que_es_un_ictus\"><\/span><strong>Qu\u00e8 \u00e9s un ictus?<\/strong> <span class=\"ez-toc-section-end\"><\/span><\/h2>\n\n\n\n<p>Un ictus \u00e9s una malaltia cerebrovascular provocada per una interrupci\u00f3 del flux sanguini que va cap a una part del cervell, a la qual no arriba la sang. Podem parlar de dos tipus d&#8217;ictus:<\/p>\n\n\n\n<p>L&#8217;<strong>ictus isqu\u00e8mic<\/strong> es produeix quan es forma un trombe o co\u00e0gul dins d&#8217;una art\u00e8ria cerebral que interromp la circulaci\u00f3 de la sang en una part del cervell i origina la lesi\u00f3 d&#8217;un grup de neurones. Aquesta lesi\u00f3 s&#8217;anomena isqu\u00e8mia cerebral.<\/p>\n\n\n\n<p>Quan el co\u00e0gul interromp la circulaci\u00f3 sangu\u00ednia nom\u00e9s durant un breu per\u00edode de temps i l&#8217;art\u00e8ria torna a repermeabilitzar-se i desapareixen els s\u00edmptomes, parlem d&#8217;un tipus d&#8217;ictus isqu\u00e8mic m\u00e9s lleu anomenat <strong>accident isqu\u00e8mic transitori<\/strong>. Per\u00f2 si la interrupci\u00f3 s&#8217;allarga durant un temps prolongat, el grup de neurones mor i es produeix un infart cerebral, amb seq\u00fceles molt m\u00e9s greus que en una isqu\u00e8mia.<\/p>\n\n\n\n<p>Quan el trombe o co\u00e0gul es forma en una art\u00e8ria fora del cervell, com per exemple al cor, i arriba a trav\u00e9s del torrent sanguini al cervell, on causa la lesi\u00f3 neuronal, parlem d&#8217;un <strong>ictus emb\u00f2lic o d&#8217;una emb\u00f2lia cerebral.<\/strong><\/p>\n\n\n\n<p>L&#8217;altre tipus \u00e9s l&#8217;<strong>ictus hemorr\u00e0gic<\/strong>, que \u00e9s una interrupci\u00f3 del flux sanguini quan es produeix un trencament d&#8217;una art\u00e8ria del cervell. En aquest cas es produeix una hemorr\u00e0gia dins el teixit cerebral que lesiona una s\u00e8rie de neurones.<\/p>\n\n\n<div class=\"wp-block-image\">\n<figure class=\"aligncenter\"><img decoding=\"async\" src=\"https:\/\/www.mgc.es\/wp-content\/uploads\/2018\/09\/ictus-redu.jpg\" alt=\"\" class=\"wp-image-5139\"\/><\/figure>\n<\/div>\n\n\n<h2 class=\"wp-block-heading\"><span class=\"ez-toc-section\" id=\"Que_pot_causar_un_ictus\"><\/span><strong>Qu\u00e8 pot causar un ictus?<\/strong> <span class=\"ez-toc-section-end\"><\/span><\/h2>\n\n\n\n<p>Hi ha diversos factors de risc que poden provocar un ictus. Uns s\u00f3n factors no modificables, sobre els quals no podem actuar, com ara&nbsp; l&#8217;edat, el sexe, la ra\u00e7a i els antecedents familiars; i altres s\u00f3n factors modificables sobre els quals s\u00ed que podem incidir per prevenir l&#8217;ictus, com ara la hipertensi\u00f3 arterial, la diabetis, el colesterol, l&#8217;obesitat, el tabaquisme, l&#8217;alcohol o el sedentarisme.<\/p>\n\n\n\n<h2 class=\"wp-block-heading\"><span class=\"ez-toc-section\" id=\"Quins_simptomes_previs_te\"><\/span><strong>Quins s\u00edmptomes previs t\u00e9?<\/strong> <span class=\"ez-toc-section-end\"><\/span><\/h2>\n\n\n\n<p>Els s\u00edmptomes que ens poden donar un av\u00eds que es pot produir o s&#8217;est\u00e0 produint un ictus s\u00f3n f\u00e0cils de detectar: \u200b\u200buna desviaci\u00f3 de la cara (per exemple, la comissura bucal d&#8217;un costat de la cara pot caure cap a un costat), tenir dificultat per articular una paraula, notar una p\u00e8rdua brusca de for\u00e7a en una extremitat, notar formigueig o tenir una cama o un bra\u00e7 adormit, un mal de cap molt fort, brusc i intens, la p\u00e8rdua de visi\u00f3 d&#8217;un ull o una sensaci\u00f3 vertiginosa, rotat\u00f2ria i fins i tot que pugui provocar alguna caiguda.<\/p>\n\n\n\n<h2 class=\"wp-block-heading\"><span class=\"ez-toc-section\" id=\"Com_hem_dactuar_davant_dun_ictus\"><\/span><strong>Com hem d&#8217;actuar davant d&#8217;un ictus?<\/strong> <span class=\"ez-toc-section-end\"><\/span><\/h2>\n\n\n\n<p>\u00c9s molt important actuar r\u00e0pidament quan es detecten aquests s\u00edmptomes. Encara que de vegades no siguin propis d&#8217;un ictus, davant del dubte el que hem de fer \u00e9s acudir a urg\u00e8ncies immediatament o trucar al tel\u00e8fon d&#8217;emerg\u00e8ncies, que posar\u00e0 en marxa el protocol de l&#8217;ictus per traslladar el pacient r\u00e0pidament a una unitat d&#8217;atenci\u00f3 especialitzada en ictus d&#8217;un centre d&#8217;urg\u00e8ncies. \u00c9s molt important arribar a l&#8217;hospital durant les tres primeres hores des de l&#8217;inici dels s\u00edmptomes, perqu\u00e8 el tractament d&#8217;urg\u00e8ncies \u00e9s efica\u00e7 i pot modificar el curs d&#8217;aquest accident cerebrovascular si es realitza dins d&#8217;aquestes tres primeres hores.<\/p>\n\n\n<div class=\"wp-block-image\">\n<figure class=\"aligncenter\"><img decoding=\"async\" src=\"https:\/\/www.mgc.es\/wp-content\/uploads\/2018\/09\/ambulancia.jpg\" alt=\"\" class=\"wp-image-5137\"\/><\/figure>\n<\/div>\n\n\n<h2 class=\"wp-block-heading\"><span class=\"ez-toc-section\" id=\"Quin_tractament_te\"><\/span><strong>Quin tractament t\u00e9?<\/strong> <span class=\"ez-toc-section-end\"><\/span><\/h2>\n\n\n\n<p>El primer tractament que s&#8217;aplica a la unitat especialitzada en ictus \u00e9s una fibrin\u00f2lisi. Es tracta d&#8217;una injecci\u00f3 no venosa d&#8217;una subst\u00e0ncia que desf\u00e0 el co\u00e0gul que s&#8217;ha produ\u00eft dins de l&#8217;art\u00e8ria obstru\u00efda i que produeix els s\u00edmptomes. Aquest tractament pot revertir aquesta patologia, repermeabilitzar la circulaci\u00f3 de la sang i evitar que es produeixin seq\u00fceles m\u00e9s definitives. Com ja hem comentat, \u00e9s un tractament que es realitza d&#8217;urg\u00e8ncies dins de les tres primeres hores de l&#8217;inici dels s\u00edmptomes.<\/p>\n\n\n\n<p>Despr\u00e9s, el metge aplicar\u00e0 altres tractaments depenent de quin tipus d&#8217;ictus es tracti. Pot ser un tractament amb antiagregants plaquetaris (com l&#8217;aspirina), que actuen sobre l&#8217;agregaci\u00f3 de les plaquetes i eviten que es formi el co\u00e0gul o trombe, perqu\u00e8 faciliten la circulaci\u00f3 de la sang. O un tractament anticoagulant, que a m\u00e9s d&#8217;impedir que s&#8217;agreguin les plaquetes actua sobre els factors de coagulaci\u00f3 de la sang mantenint-los per sota del normal perqu\u00e8 sigui menys espessa i es faciliti la circulaci\u00f3.<\/p>\n\n\n\n<p>Aquests tractaments poden tenir efectes secundaris negatius i produir hemorr\u00e0gies no desitjades, de manera que si es produeix una hemorr\u00e0gia cerebral i el nivell d&#8217;afectaci\u00f3 del cervell posa en perill la vida del pacient, el tractament consisteix en l&#8217;evacuaci\u00f3 quir\u00fargica: ressecar i eliminar l&#8217;hematoma . Si l&#8217;hemorr\u00e0gia cerebral es deu a un aneurisma que es produeix fora del cervell, per exemple entre les capes de les meninges que el cobreixen, el tractament consisteix en l\u2019embolitzaci\u00f3 de l&#8217;aneurisma. I si no \u00e9s possible, s&#8217;ha de tractar amb cirurgia.<\/p>\n\n\n\n<p>En altres casos, simplement s&#8217;ha d\u2019estabilitzar hemodin\u00e0micament el pacient, aplicar un tractament antiedema cerebral, antiinflamatoris, i esperar la resoluci\u00f3, que normalment \u00e9s lenta i triga diverses setmanes.<\/p>\n\n\n\n<p>En una segona etapa, despr\u00e9s del tractament farmacol\u00f2gic, \u00e9s molt necessari el tractament amb rehabilitaci\u00f3 f\u00edsica. Les seq\u00fceles que ha deixat l&#8217;ictus, com ara una falta de for\u00e7a en una part del cos, la manca de visi\u00f3 o la dificultat d&#8217;articulaci\u00f3 de les paraules, s&#8217;han de tractar amb rehabilitaci\u00f3 f\u00edsica o amb l&#8217;ajuda d&#8217;un logopeda. Aquesta etapa pot durar setmanes o mesos, fins a aconseguir la m\u00e0xima recuperaci\u00f3 possible.<\/p>\n","protected":false},"excerpt":{"rendered":"<p>Actuar r\u00e0pidament davant un ictus \u00e9s fonamental a l&#8217;hora de reduir les conseq\u00fc\u00e8ncies derivades d&#8217;aquesta malaltia cerebrovascular.<\/p>\n","protected":false},"author":3,"featured_media":27759,"comment_status":"open","ping_status":"open","sticky":false,"template":"","format":"standard","meta":{"footnotes":""},"categories":[15,662],"tags":[402,413,481,230],"class_list":["post-11696","post","type-post","status-publish","format-standard","has-post-thumbnail","hentry","category-salut","category-salut-mental","tag-centre-medic","tag-destacat","tag-prevencio","tag-prevencion"],"featured_image_src":"https:\/\/www.mgc.es\/wp-content\/uploads\/2018\/09\/022-Ictus.jpg","author_info":{"display_name":"Revista Inter\u00e8s Mutu","author_link":"https:\/\/www.mgc.es\/ca\/blog\/author\/interesmutu\/"},"yoast_head":"<!-- This site is optimized with the Yoast SEO plugin v27.2 - https:\/\/yoast.com\/product\/yoast-seo-wordpress\/ -->\n<title>Els senyals d&#039;alarma de l&#039;ictus - MGC M\u00fatua<\/title>\n<meta name=\"robots\" content=\"index, follow, max-snippet:-1, max-image-preview:large, max-video-preview:-1\" \/>\n<link rel=\"canonical\" href=\"https:\/\/www.mgc.es\/ca\/blog\/els-senyals-dalarma-de-lictus\/\" \/>\n<meta property=\"og:locale\" content=\"ca_ES\" \/>\n<meta property=\"og:type\" content=\"article\" \/>\n<meta property=\"og:title\" content=\"Els senyals d&#039;alarma de l&#039;ictus - MGC M\u00fatua\" \/>\n<meta property=\"og:description\" content=\"Actuar r\u00e0pidament davant un ictus \u00e9s fonamental a l&#039;hora de reduir les conseq\u00fc\u00e8ncies derivades d&#039;aquesta malaltia cerebrovascular.\" \/>\n<meta property=\"og:url\" content=\"https:\/\/www.mgc.es\/ca\/blog\/els-senyals-dalarma-de-lictus\/\" \/>\n<meta property=\"og:site_name\" content=\"MGC M\u00fatua\" \/>\n<meta property=\"article:publisher\" content=\"https:\/\/www.facebook.com\/mgcmutua\" \/>\n<meta property=\"article:published_time\" content=\"2021-09-11T22:00:00+00:00\" \/>\n<meta property=\"article:modified_time\" content=\"2023-04-19T14:59:04+00:00\" \/>\n<meta property=\"og:image\" content=\"https:\/\/www.mgc.es\/wp-content\/uploads\/2018\/09\/022-Ictus.jpg\" \/>\n\t<meta property=\"og:image:width\" content=\"1024\" \/>\n\t<meta property=\"og:image:height\" content=\"576\" \/>\n\t<meta property=\"og:image:type\" content=\"image\/jpeg\" \/>\n<meta name=\"author\" content=\"Revista Inter\u00e8s Mutu\" \/>\n<meta name=\"twitter:card\" content=\"summary_large_image\" \/>\n<meta name=\"twitter:creator\" content=\"@mgcmutua\" \/>\n<meta name=\"twitter:site\" content=\"@mgcmutua\" \/>\n<meta name=\"twitter:label1\" content=\"Escrit per\" \/>\n\t<meta name=\"twitter:data1\" content=\"Revista Inter\u00e8s Mutu\" \/>\n\t<meta name=\"twitter:label2\" content=\"Temps estimat de lectura\" \/>\n\t<meta name=\"twitter:data2\" content=\"5 minuts\" \/>\n<!-- \/ Yoast SEO plugin. -->","yoast_head_json":{"title":"Els senyals d'alarma de l'ictus - MGC M\u00fatua","robots":{"index":"index","follow":"follow","max-snippet":"max-snippet:-1","max-image-preview":"max-image-preview:large","max-video-preview":"max-video-preview:-1"},"canonical":"https:\/\/www.mgc.es\/ca\/blog\/els-senyals-dalarma-de-lictus\/","og_locale":"ca_ES","og_type":"article","og_title":"Els senyals d'alarma de l'ictus - MGC M\u00fatua","og_description":"Actuar r\u00e0pidament davant un ictus \u00e9s fonamental a l'hora de reduir les conseq\u00fc\u00e8ncies derivades d'aquesta malaltia cerebrovascular.","og_url":"https:\/\/www.mgc.es\/ca\/blog\/els-senyals-dalarma-de-lictus\/","og_site_name":"MGC M\u00fatua","article_publisher":"https:\/\/www.facebook.com\/mgcmutua","article_published_time":"2021-09-11T22:00:00+00:00","article_modified_time":"2023-04-19T14:59:04+00:00","og_image":[{"width":1024,"height":576,"url":"https:\/\/www.mgc.es\/wp-content\/uploads\/2018\/09\/022-Ictus.jpg","type":"image\/jpeg"}],"author":"Revista Inter\u00e8s Mutu","twitter_card":"summary_large_image","twitter_creator":"@mgcmutua","twitter_site":"@mgcmutua","twitter_misc":{"Escrit per":"Revista Inter\u00e8s Mutu","Temps estimat de lectura":"5 minuts"},"schema":{"@context":"https:\/\/schema.org","@graph":[{"@type":["Article","BlogPosting"],"@id":"https:\/\/www.mgc.es\/ca\/blog\/els-senyals-dalarma-de-lictus\/#article","isPartOf":{"@id":"https:\/\/www.mgc.es\/ca\/blog\/els-senyals-dalarma-de-lictus\/"},"author":{"name":"Revista Inter\u00e8s Mutu","@id":"https:\/\/www.mgc.es\/#\/schema\/person\/010c961d9c9acf38f11187a02b646c16"},"headline":"Els senyals d&#8217;alarma de l&#8217;ictus","datePublished":"2021-09-11T22:00:00+00:00","dateModified":"2023-04-19T14:59:04+00:00","mainEntityOfPage":{"@id":"https:\/\/www.mgc.es\/ca\/blog\/els-senyals-dalarma-de-lictus\/"},"wordCount":971,"commentCount":0,"publisher":{"@id":"https:\/\/www.mgc.es\/#organization"},"image":{"@id":"https:\/\/www.mgc.es\/ca\/blog\/els-senyals-dalarma-de-lictus\/#primaryimage"},"thumbnailUrl":"https:\/\/www.mgc.es\/wp-content\/uploads\/2018\/09\/022-Ictus.jpg","keywords":["centre m\u00e8dic","destacat","prevenci\u00f3","prevenci\u00f3n"],"articleSection":["Salut i medicina","Salut Mental"],"inLanguage":"ca","potentialAction":[{"@type":"CommentAction","name":"Comment","target":["https:\/\/www.mgc.es\/ca\/blog\/els-senyals-dalarma-de-lictus\/#respond"]}]},{"@type":["WebPage","ItemPage"],"@id":"https:\/\/www.mgc.es\/ca\/blog\/els-senyals-dalarma-de-lictus\/","url":"https:\/\/www.mgc.es\/ca\/blog\/els-senyals-dalarma-de-lictus\/","name":"Els senyals d'alarma de l'ictus - MGC M\u00fatua","isPartOf":{"@id":"https:\/\/www.mgc.es\/#website"},"primaryImageOfPage":{"@id":"https:\/\/www.mgc.es\/ca\/blog\/els-senyals-dalarma-de-lictus\/#primaryimage"},"image":{"@id":"https:\/\/www.mgc.es\/ca\/blog\/els-senyals-dalarma-de-lictus\/#primaryimage"},"thumbnailUrl":"https:\/\/www.mgc.es\/wp-content\/uploads\/2018\/09\/022-Ictus.jpg","datePublished":"2021-09-11T22:00:00+00:00","dateModified":"2023-04-19T14:59:04+00:00","breadcrumb":{"@id":"https:\/\/www.mgc.es\/ca\/blog\/els-senyals-dalarma-de-lictus\/#breadcrumb"},"inLanguage":"ca","potentialAction":[{"@type":"ReadAction","target":["https:\/\/www.mgc.es\/ca\/blog\/els-senyals-dalarma-de-lictus\/"]}]},{"@type":"ImageObject","inLanguage":"ca","@id":"https:\/\/www.mgc.es\/ca\/blog\/els-senyals-dalarma-de-lictus\/#primaryimage","url":"https:\/\/www.mgc.es\/wp-content\/uploads\/2018\/09\/022-Ictus.jpg","contentUrl":"https:\/\/www.mgc.es\/wp-content\/uploads\/2018\/09\/022-Ictus.jpg","width":1024,"height":576},{"@type":"BreadcrumbList","@id":"https:\/\/www.mgc.es\/ca\/blog\/els-senyals-dalarma-de-lictus\/#breadcrumb","itemListElement":[{"@type":"ListItem","position":1,"name":"Home","item":"https:\/\/www.mgc.es\/ca\/"},{"@type":"ListItem","position":2,"name":"Els senyals d&#8217;alarma de l&#8217;ictus"}]},{"@type":"WebSite","@id":"https:\/\/www.mgc.es\/#website","url":"https:\/\/www.mgc.es\/","name":"MGC M\u00fatua","description":"MGC M\u00fatua \u00e9s una entitat asseguradora sense \u00e0nim de lucre constitu\u00efda al 1982 i especialitzada en assegurances de salut i assist\u00e8ncia.","publisher":{"@id":"https:\/\/www.mgc.es\/#organization"},"alternateName":"MGC","potentialAction":[{"@type":"SearchAction","target":{"@type":"EntryPoint","urlTemplate":"https:\/\/www.mgc.es\/?s={search_term_string}"},"query-input":{"@type":"PropertyValueSpecification","valueRequired":true,"valueName":"search_term_string"}}],"inLanguage":"ca"},{"@type":"Organization","@id":"https:\/\/www.mgc.es\/#organization","name":"MGC Mutua","alternateName":"MGC","url":"https:\/\/www.mgc.es\/","logo":{"@type":"ImageObject","inLanguage":"ca","@id":"https:\/\/www.mgc.es\/#\/schema\/logo\/image\/","url":"https:\/\/www.mgc.es\/wp-content\/uploads\/2020\/03\/mgcmutua_h2_2t_reduccions.png","contentUrl":"https:\/\/www.mgc.es\/wp-content\/uploads\/2020\/03\/mgcmutua_h2_2t_reduccions.png","width":303,"height":165,"caption":"MGC Mutua"},"image":{"@id":"https:\/\/www.mgc.es\/#\/schema\/logo\/image\/"},"sameAs":["https:\/\/www.facebook.com\/mgcmutua","https:\/\/x.com\/mgcmutua","https:\/\/www.youtube.com\/c\/MGCMutua"]},{"@type":"Person","@id":"https:\/\/www.mgc.es\/#\/schema\/person\/010c961d9c9acf38f11187a02b646c16","name":"Revista Inter\u00e8s Mutu","image":{"@type":"ImageObject","inLanguage":"ca","@id":"https:\/\/secure.gravatar.com\/avatar\/52302d684339b9d7bf5691e2ad00835d62ce3b4a435f21ca9f21fbe39c63cb1b?s=96&d=mm&r=g","url":"https:\/\/secure.gravatar.com\/avatar\/52302d684339b9d7bf5691e2ad00835d62ce3b4a435f21ca9f21fbe39c63cb1b?s=96&d=mm&r=g","contentUrl":"https:\/\/secure.gravatar.com\/avatar\/52302d684339b9d7bf5691e2ad00835d62ce3b4a435f21ca9f21fbe39c63cb1b?s=96&d=mm&r=g","caption":"Revista Inter\u00e8s Mutu"}}]}},"_links":{"self":[{"href":"https:\/\/www.mgc.es\/ca\/wp-json\/wp\/v2\/posts\/11696","targetHints":{"allow":["GET"]}}],"collection":[{"href":"https:\/\/www.mgc.es\/ca\/wp-json\/wp\/v2\/posts"}],"about":[{"href":"https:\/\/www.mgc.es\/ca\/wp-json\/wp\/v2\/types\/post"}],"author":[{"embeddable":true,"href":"https:\/\/www.mgc.es\/ca\/wp-json\/wp\/v2\/users\/3"}],"replies":[{"embeddable":true,"href":"https:\/\/www.mgc.es\/ca\/wp-json\/wp\/v2\/comments?post=11696"}],"version-history":[{"count":4,"href":"https:\/\/www.mgc.es\/ca\/wp-json\/wp\/v2\/posts\/11696\/revisions"}],"predecessor-version":[{"id":28666,"href":"https:\/\/www.mgc.es\/ca\/wp-json\/wp\/v2\/posts\/11696\/revisions\/28666"}],"wp:featuredmedia":[{"embeddable":true,"href":"https:\/\/www.mgc.es\/ca\/wp-json\/wp\/v2\/media\/27759"}],"wp:attachment":[{"href":"https:\/\/www.mgc.es\/ca\/wp-json\/wp\/v2\/media?parent=11696"}],"wp:term":[{"taxonomy":"category","embeddable":true,"href":"https:\/\/www.mgc.es\/ca\/wp-json\/wp\/v2\/categories?post=11696"},{"taxonomy":"post_tag","embeddable":true,"href":"https:\/\/www.mgc.es\/ca\/wp-json\/wp\/v2\/tags?post=11696"}],"curies":[{"name":"wp","href":"https:\/\/api.w.org\/{rel}","templated":true}]}}