{"id":11690,"date":"2018-08-16T00:00:00","date_gmt":"2018-08-15T22:00:00","guid":{"rendered":"http:\/\/web-server-devel.mgc.es\/gravem-noves-capsules-de-salut\/"},"modified":"2019-12-02T12:33:18","modified_gmt":"2019-12-02T11:33:18","slug":"gravem-noves-capsules-de-salut","status":"publish","type":"post","link":"https:\/\/www.mgc.es\/ca\/blog\/gravem-noves-capsules-de-salut\/","title":{"rendered":"Gravem noves &#8220;C\u00e0psules de Salut&#8221;!"},"content":{"rendered":"<p><img loading=\"lazy\" decoding=\"async\" class=\"alignnone size-full wp-image-5078\" src=\"https:\/\/www.mgc.es\/wp-content\/uploads\/2018\/08\/capsula-salut1.jpg\" alt=\"Grabamos nuevas C\u00e1psulas de Salud\" width=\"1200\" height=\"710\" \/><\/p>\n<p>Un any m\u00e9s, preparem noves &#8220;C\u00e0psules de Salut&#8221;, dotze petits &#8220;comprimits&#8221; en format de v\u00eddeo curt on els especialistes del Centre M\u00e8dic M\u00fatua General de Catalunya ens ofereixen informaci\u00f3 de forma breu i senzilla sobre temes de salut que resulten d&#8217;inter\u00e8s general.<!--more--><\/p>\n<p>Aquest any, en les noves <strong>&#8220;C\u00e0psules de Salut&#8221;<\/strong> es tractaran, des d&#8217;una perspectiva de la prevenci\u00f3 i amb un llenguatge clar, temes tan interessants com ara <strong>la menopausa, les al\u00b7l\u00e8rgies, l&#8217;artritis, l&#8217;alimentaci\u00f3 per al colesterol, l&#8217;otitis, el dolor d&#8217;espatlla, el tabaquisme, la MPOC o les cremades<\/strong>. Dotze v\u00eddeos de salut que donen resposta de forma immediata i efectiva a temes m\u00e8dics que ens preocupen, presentats en un format original que els fa diferents i amens.<\/p>\n<p>Les &#8220;C\u00e0psules de Salut&#8221; es poden trobar en els <strong>butlletins<\/strong> que reben els mutualistes de forma mensual i tamb\u00e9 es projecten a les <strong>pantalles informatives del Centre M\u00e8dic<\/strong>. A m\u00e9s, es poden consultar en els <strong>canals<\/strong> de <a href=\"https:\/\/www.youtube.com\/user\/mutuageneraldecat\/\" target=\"_blank\" rel=\"noopener noreferrer\">Youtube<\/a> i <a href=\"https:\/\/vimeo.com\/mutuageneraldecatalunya\" target=\"_blank\" rel=\"noopener noreferrer\">Vimeo<\/a> de la M\u00fatua General de Catalunya, aix\u00ed com en els nostres <strong>perfils<\/strong> de <a href=\"https:\/\/www.facebook.com\/mutuageneraldecatalunya\/\" target=\"_blank\" rel=\"noopener noreferrer\">Facebook<\/a>, <a href=\"https:\/\/twitter.com\/mutuageneralcat\" target=\"_blank\" rel=\"noopener noreferrer\">Twitter<\/a> i <a href=\"https:\/\/plus.google.com\/u\/1\/b\/113056492485260124104\/+mutuageneraldecatalunya\" target=\"_blank\" rel=\"noopener noreferrer\">Google Plus<\/a>, on es van publicant de forma mensual.<\/p>\n<p>Amb aquests v\u00eddeos, des de M\u00fatua General de Catalunya es pret\u00e9n donar prioritat als continguts divulgatius de salut adaptats a un dels formats actuals m\u00e9s populars i amb m\u00e9s difusi\u00f3. Per fer-ho, la informaci\u00f3 que ja s&#8217;ofereix en linia i en format paper a trav\u00e9s de la revista i el blog \u201cInter\u00e8s Mutu\u201d es complementa donant <strong>cara i veu als metges del Centre M\u00e8dic<\/strong>. El nostre m\u00e9s sincer agra\u00efment a aquests especialistes pel temps que hi han dedicat i per l&#8217;inter\u00e8s i la bona disposici\u00f3 que han demostrat en l&#8217;elaboraci\u00f3 d&#8217;aquests nous continguts. Molt aviat els tindrem disponibles!<\/p>\n<p>Si ets mutualista i encara no reps les &#8220;C\u00e0psules de Salut&#8221;, entra a <a href=\"https:\/\/oficinavirtual.mgc.es:7326\/ca\/index.php\" target=\"_blank\" rel=\"noopener noreferrer\">l&#8217;oficina virtual<\/a> i actualitza la teva adre\u00e7a de correu electr\u00f2nic.<\/p>\n<p>Animem tots els nostres socis mutualistes a seguir els nostres perfils a <strong>les xarxes socials<\/strong>, en els quals oferim continguts de salut que segur que seran del vostre inter\u00e8s i on podeu trobar <strong>un canal m\u00e9s de comunicaci\u00f3 amb la M\u00fatua<\/strong>.<\/p>\n<p>Deixem algunes imatges del &#8220;making of&#8221; de la gravaci\u00f3 de les c\u00e0psules:<\/p>\n<p><a href=\"https:\/\/www.mgc.es\/wp-content\/uploads\/2018\/08\/capsula-salut7.jpg\"><img loading=\"lazy\" decoding=\"async\" class=\"alignnone wp-image-5084 size-thumbnail\" src=\"https:\/\/www.mgc.es\/wp-content\/uploads\/2018\/08\/capsula-salut7-150x150.jpg\" alt=\"Grabamos nuevas C\u00e1psulas de Salud\" width=\"150\" height=\"150\" \/><\/a> <a href=\"https:\/\/www.mgc.es\/wp-content\/uploads\/2018\/08\/capsula-salut6.jpg\"><img loading=\"lazy\" decoding=\"async\" class=\"alignnone wp-image-5083 size-thumbnail\" src=\"https:\/\/www.mgc.es\/wp-content\/uploads\/2018\/08\/capsula-salut6-150x150.jpg\" alt=\"Grabamos nuevas C\u00e1psulas de Salud\" width=\"150\" height=\"150\" \/><\/a> <a href=\"https:\/\/www.mgc.es\/wp-content\/uploads\/2018\/08\/capsula-salut5.jpg\"><img loading=\"lazy\" decoding=\"async\" class=\"alignnone wp-image-5082 size-thumbnail\" src=\"https:\/\/www.mgc.es\/wp-content\/uploads\/2018\/08\/capsula-salut5-150x150.jpg\" alt=\"Grabamos nuevas C\u00e1psulas de Salud\" width=\"150\" height=\"150\" \/><\/a> <a href=\"https:\/\/www.mgc.es\/wp-content\/uploads\/2018\/08\/capsula-salut4.jpg\"><img loading=\"lazy\" decoding=\"async\" class=\"alignnone wp-image-5081 size-thumbnail\" src=\"https:\/\/www.mgc.es\/wp-content\/uploads\/2018\/08\/capsula-salut4-150x150.jpg\" alt=\"Grabamos nuevas C\u00e1psulas de Salud\" width=\"150\" height=\"150\" \/><\/a> <a href=\"https:\/\/www.mgc.es\/wp-content\/uploads\/2018\/08\/capsula-salut3.jpg\"><img loading=\"lazy\" decoding=\"async\" class=\"alignnone wp-image-5080 size-thumbnail\" src=\"https:\/\/www.mgc.es\/wp-content\/uploads\/2018\/08\/capsula-salut3-150x150.jpg\" alt=\"Grabamos nuevas C\u00e1psulas de Salud\" width=\"150\" height=\"150\" \/><\/a> <a href=\"https:\/\/www.mgc.es\/wp-content\/uploads\/2018\/08\/capsula-salut2.jpg\"><img loading=\"lazy\" decoding=\"async\" class=\"alignnone wp-image-5079 size-thumbnail\" src=\"https:\/\/www.mgc.es\/wp-content\/uploads\/2018\/08\/capsula-salut2-150x150.jpg\" alt=\"Grabamos nuevas C\u00e1psulas de Salud\" width=\"150\" height=\"150\" \/><\/a><\/p>\n","protected":false},"excerpt":{"rendered":"<p>Un any m\u00e9s, preparem noves &#8220;C\u00e0psules de Salut&#8221;, dotze petits &#8220;comprimits&#8221; en format de v\u00eddeo curt on els especialistes del Centre M\u00e8dic M\u00fatua General de Catalunya ens ofereixen informaci\u00f3 de forma breu i senzilla sobre temes de salut que resulten d&#8217;inter\u00e8s general.<\/p>\n","protected":false},"author":3,"featured_media":14494,"comment_status":"open","ping_status":"open","sticky":false,"template":"","format":"standard","meta":{"footnotes":""},"categories":[11,568],"tags":[399,402,460],"class_list":["post-11690","post","type-post","status-publish","format-standard","has-post-thumbnail","hentry","category-actualitat","category-fundacio-mgc","tag-capsules-de-salut","tag-centre-medic","tag-metge"],"featured_image_src":"https:\/\/www.mgc.es\/wp-content\/uploads\/2019\/11\/capsula-salut1.jpg","author_info":{"display_name":"Revista Inter\u00e8s Mutu","author_link":"https:\/\/www.mgc.es\/ca\/blog\/author\/interesmutu\/"},"yoast_head":"<!-- This site is optimized with the Yoast SEO plugin v27.2 - https:\/\/yoast.com\/product\/yoast-seo-wordpress\/ -->\n<title>Gravem noves &quot;C\u00e0psules de Salut&quot;! - MGC M\u00fatua<\/title>\n<meta name=\"robots\" content=\"index, follow, max-snippet:-1, max-image-preview:large, max-video-preview:-1\" \/>\n<link rel=\"canonical\" href=\"https:\/\/www.mgc.es\/ca\/blog\/gravem-noves-capsules-de-salut\/\" \/>\n<meta property=\"og:locale\" content=\"ca_ES\" \/>\n<meta property=\"og:type\" content=\"article\" \/>\n<meta property=\"og:title\" content=\"Gravem noves &quot;C\u00e0psules de Salut&quot;! - MGC M\u00fatua\" \/>\n<meta property=\"og:description\" content=\"Un any m\u00e9s, preparem noves &#8220;C\u00e0psules de Salut&#8221;, dotze petits &#8220;comprimits&#8221; en format de v\u00eddeo curt on els especialistes del Centre M\u00e8dic M\u00fatua General de Catalunya ens ofereixen informaci\u00f3 de forma breu i senzilla sobre temes de salut que resulten d&#8217;inter\u00e8s general.\" \/>\n<meta property=\"og:url\" content=\"https:\/\/www.mgc.es\/ca\/blog\/gravem-noves-capsules-de-salut\/\" \/>\n<meta property=\"og:site_name\" content=\"MGC M\u00fatua\" \/>\n<meta property=\"article:publisher\" content=\"https:\/\/www.facebook.com\/mgcmutua\" \/>\n<meta property=\"article:published_time\" content=\"2018-08-15T22:00:00+00:00\" \/>\n<meta property=\"article:modified_time\" content=\"2019-12-02T11:33:18+00:00\" \/>\n<meta property=\"og:image\" content=\"https:\/\/www.mgc.es\/wp-content\/uploads\/2019\/11\/capsula-salut1.jpg\" \/>\n\t<meta property=\"og:image:width\" content=\"1200\" \/>\n\t<meta property=\"og:image:height\" content=\"710\" \/>\n\t<meta property=\"og:image:type\" content=\"image\/jpeg\" \/>\n<meta name=\"author\" content=\"Revista Inter\u00e8s Mutu\" \/>\n<meta name=\"twitter:card\" content=\"summary_large_image\" \/>\n<meta name=\"twitter:creator\" content=\"@mgcmutua\" \/>\n<meta name=\"twitter:site\" content=\"@mgcmutua\" \/>\n<meta name=\"twitter:label1\" content=\"Escrit per\" \/>\n\t<meta name=\"twitter:data1\" content=\"Revista Inter\u00e8s Mutu\" \/>\n\t<meta name=\"twitter:label2\" content=\"Temps estimat de lectura\" \/>\n\t<meta name=\"twitter:data2\" content=\"2 minuts\" \/>\n<!-- \/ Yoast SEO plugin. -->","yoast_head_json":{"title":"Gravem noves \"C\u00e0psules de Salut\"! - MGC M\u00fatua","robots":{"index":"index","follow":"follow","max-snippet":"max-snippet:-1","max-image-preview":"max-image-preview:large","max-video-preview":"max-video-preview:-1"},"canonical":"https:\/\/www.mgc.es\/ca\/blog\/gravem-noves-capsules-de-salut\/","og_locale":"ca_ES","og_type":"article","og_title":"Gravem noves \"C\u00e0psules de Salut\"! - MGC M\u00fatua","og_description":"Un any m\u00e9s, preparem noves &#8220;C\u00e0psules de Salut&#8221;, dotze petits &#8220;comprimits&#8221; en format de v\u00eddeo curt on els especialistes del Centre M\u00e8dic M\u00fatua General de Catalunya ens ofereixen informaci\u00f3 de forma breu i senzilla sobre temes de salut que resulten d&#8217;inter\u00e8s general.","og_url":"https:\/\/www.mgc.es\/ca\/blog\/gravem-noves-capsules-de-salut\/","og_site_name":"MGC M\u00fatua","article_publisher":"https:\/\/www.facebook.com\/mgcmutua","article_published_time":"2018-08-15T22:00:00+00:00","article_modified_time":"2019-12-02T11:33:18+00:00","og_image":[{"width":1200,"height":710,"url":"https:\/\/www.mgc.es\/wp-content\/uploads\/2019\/11\/capsula-salut1.jpg","type":"image\/jpeg"}],"author":"Revista Inter\u00e8s Mutu","twitter_card":"summary_large_image","twitter_creator":"@mgcmutua","twitter_site":"@mgcmutua","twitter_misc":{"Escrit per":"Revista Inter\u00e8s Mutu","Temps estimat de lectura":"2 minuts"},"schema":{"@context":"https:\/\/schema.org","@graph":[{"@type":["Article","BlogPosting"],"@id":"https:\/\/www.mgc.es\/ca\/blog\/gravem-noves-capsules-de-salut\/#article","isPartOf":{"@id":"https:\/\/www.mgc.es\/ca\/blog\/gravem-noves-capsules-de-salut\/"},"author":{"name":"Revista Inter\u00e8s Mutu","@id":"https:\/\/www.mgc.es\/#\/schema\/person\/010c961d9c9acf38f11187a02b646c16"},"headline":"Gravem noves &#8220;C\u00e0psules de Salut&#8221;!","datePublished":"2018-08-15T22:00:00+00:00","dateModified":"2019-12-02T11:33:18+00:00","mainEntityOfPage":{"@id":"https:\/\/www.mgc.es\/ca\/blog\/gravem-noves-capsules-de-salut\/"},"wordCount":395,"commentCount":0,"publisher":{"@id":"https:\/\/www.mgc.es\/#organization"},"image":{"@id":"https:\/\/www.mgc.es\/ca\/blog\/gravem-noves-capsules-de-salut\/#primaryimage"},"thumbnailUrl":"https:\/\/www.mgc.es\/wp-content\/uploads\/2019\/11\/capsula-salut1.jpg","keywords":["c\u00e0psules de salut","centre m\u00e8dic","metge"],"articleSection":["Actualitat M\u00fatua","Fundaci\u00f3 MGC"],"inLanguage":"ca","potentialAction":[{"@type":"CommentAction","name":"Comment","target":["https:\/\/www.mgc.es\/ca\/blog\/gravem-noves-capsules-de-salut\/#respond"]}]},{"@type":["WebPage","ItemPage"],"@id":"https:\/\/www.mgc.es\/ca\/blog\/gravem-noves-capsules-de-salut\/","url":"https:\/\/www.mgc.es\/ca\/blog\/gravem-noves-capsules-de-salut\/","name":"Gravem noves \"C\u00e0psules de Salut\"! - MGC M\u00fatua","isPartOf":{"@id":"https:\/\/www.mgc.es\/#website"},"primaryImageOfPage":{"@id":"https:\/\/www.mgc.es\/ca\/blog\/gravem-noves-capsules-de-salut\/#primaryimage"},"image":{"@id":"https:\/\/www.mgc.es\/ca\/blog\/gravem-noves-capsules-de-salut\/#primaryimage"},"thumbnailUrl":"https:\/\/www.mgc.es\/wp-content\/uploads\/2019\/11\/capsula-salut1.jpg","datePublished":"2018-08-15T22:00:00+00:00","dateModified":"2019-12-02T11:33:18+00:00","breadcrumb":{"@id":"https:\/\/www.mgc.es\/ca\/blog\/gravem-noves-capsules-de-salut\/#breadcrumb"},"inLanguage":"ca","potentialAction":[{"@type":"ReadAction","target":["https:\/\/www.mgc.es\/ca\/blog\/gravem-noves-capsules-de-salut\/"]}]},{"@type":"ImageObject","inLanguage":"ca","@id":"https:\/\/www.mgc.es\/ca\/blog\/gravem-noves-capsules-de-salut\/#primaryimage","url":"https:\/\/www.mgc.es\/wp-content\/uploads\/2019\/11\/capsula-salut1.jpg","contentUrl":"https:\/\/www.mgc.es\/wp-content\/uploads\/2019\/11\/capsula-salut1.jpg","width":1200,"height":710},{"@type":"BreadcrumbList","@id":"https:\/\/www.mgc.es\/ca\/blog\/gravem-noves-capsules-de-salut\/#breadcrumb","itemListElement":[{"@type":"ListItem","position":1,"name":"Home","item":"https:\/\/www.mgc.es\/ca\/"},{"@type":"ListItem","position":2,"name":"Gravem noves &#8220;C\u00e0psules de Salut&#8221;!"}]},{"@type":"WebSite","@id":"https:\/\/www.mgc.es\/#website","url":"https:\/\/www.mgc.es\/","name":"MGC M\u00fatua","description":"MGC M\u00fatua \u00e9s una entitat asseguradora sense \u00e0nim de lucre constitu\u00efda al 1982 i especialitzada en assegurances de salut i assist\u00e8ncia.","publisher":{"@id":"https:\/\/www.mgc.es\/#organization"},"alternateName":"MGC","potentialAction":[{"@type":"SearchAction","target":{"@type":"EntryPoint","urlTemplate":"https:\/\/www.mgc.es\/?s={search_term_string}"},"query-input":{"@type":"PropertyValueSpecification","valueRequired":true,"valueName":"search_term_string"}}],"inLanguage":"ca"},{"@type":"Organization","@id":"https:\/\/www.mgc.es\/#organization","name":"MGC Mutua","alternateName":"MGC","url":"https:\/\/www.mgc.es\/","logo":{"@type":"ImageObject","inLanguage":"ca","@id":"https:\/\/www.mgc.es\/#\/schema\/logo\/image\/","url":"https:\/\/www.mgc.es\/wp-content\/uploads\/2020\/03\/mgcmutua_h2_2t_reduccions.png","contentUrl":"https:\/\/www.mgc.es\/wp-content\/uploads\/2020\/03\/mgcmutua_h2_2t_reduccions.png","width":303,"height":165,"caption":"MGC Mutua"},"image":{"@id":"https:\/\/www.mgc.es\/#\/schema\/logo\/image\/"},"sameAs":["https:\/\/www.facebook.com\/mgcmutua","https:\/\/x.com\/mgcmutua","https:\/\/www.youtube.com\/c\/MGCMutua"]},{"@type":"Person","@id":"https:\/\/www.mgc.es\/#\/schema\/person\/010c961d9c9acf38f11187a02b646c16","name":"Revista Inter\u00e8s Mutu","image":{"@type":"ImageObject","inLanguage":"ca","@id":"https:\/\/secure.gravatar.com\/avatar\/52302d684339b9d7bf5691e2ad00835d62ce3b4a435f21ca9f21fbe39c63cb1b?s=96&d=mm&r=g","url":"https:\/\/secure.gravatar.com\/avatar\/52302d684339b9d7bf5691e2ad00835d62ce3b4a435f21ca9f21fbe39c63cb1b?s=96&d=mm&r=g","contentUrl":"https:\/\/secure.gravatar.com\/avatar\/52302d684339b9d7bf5691e2ad00835d62ce3b4a435f21ca9f21fbe39c63cb1b?s=96&d=mm&r=g","caption":"Revista Inter\u00e8s Mutu"}}]}},"_links":{"self":[{"href":"https:\/\/www.mgc.es\/ca\/wp-json\/wp\/v2\/posts\/11690","targetHints":{"allow":["GET"]}}],"collection":[{"href":"https:\/\/www.mgc.es\/ca\/wp-json\/wp\/v2\/posts"}],"about":[{"href":"https:\/\/www.mgc.es\/ca\/wp-json\/wp\/v2\/types\/post"}],"author":[{"embeddable":true,"href":"https:\/\/www.mgc.es\/ca\/wp-json\/wp\/v2\/users\/3"}],"replies":[{"embeddable":true,"href":"https:\/\/www.mgc.es\/ca\/wp-json\/wp\/v2\/comments?post=11690"}],"version-history":[{"count":1,"href":"https:\/\/www.mgc.es\/ca\/wp-json\/wp\/v2\/posts\/11690\/revisions"}],"predecessor-version":[{"id":15206,"href":"https:\/\/www.mgc.es\/ca\/wp-json\/wp\/v2\/posts\/11690\/revisions\/15206"}],"wp:featuredmedia":[{"embeddable":true,"href":"https:\/\/www.mgc.es\/ca\/wp-json\/wp\/v2\/media\/14494"}],"wp:attachment":[{"href":"https:\/\/www.mgc.es\/ca\/wp-json\/wp\/v2\/media?parent=11690"}],"wp:term":[{"taxonomy":"category","embeddable":true,"href":"https:\/\/www.mgc.es\/ca\/wp-json\/wp\/v2\/categories?post=11690"},{"taxonomy":"post_tag","embeddable":true,"href":"https:\/\/www.mgc.es\/ca\/wp-json\/wp\/v2\/tags?post=11690"}],"curies":[{"name":"wp","href":"https:\/\/api.w.org\/{rel}","templated":true}]}}