{"id":11683,"date":"2018-07-16T00:00:00","date_gmt":"2018-07-15T22:00:00","guid":{"rendered":"http:\/\/web-server-devel.mgc.es\/hi-ha-mes-trastorns-alimentaris-no-nomes-anorexia-i-bulimia\/"},"modified":"2019-11-22T12:42:29","modified_gmt":"2019-11-22T11:42:29","slug":"hi-ha-mes-trastorns-alimentaris-no-nomes-anorexia-i-bulimia","status":"publish","type":"post","link":"https:\/\/www.mgc.es\/ca\/blog\/hi-ha-mes-trastorns-alimentaris-no-nomes-anorexia-i-bulimia\/","title":{"rendered":"Hi ha m\u00e9s trastorns alimentaris: no nom\u00e9s anor\u00e8xia i bul\u00edmia"},"content":{"rendered":"<div id=\"ez-toc-container\" class=\"ez-toc-v2_0_82_1 counter-hierarchy ez-toc-counter ez-toc-custom ez-toc-container-direction\">\n<div class=\"ez-toc-title-container\"><p class=\"ez-toc-title\" style=\"cursor:inherit\">\u00cdndex de continguts<\/p>\n<\/div><nav><ul class='ez-toc-list ez-toc-list-level-1 ' ><li class='ez-toc-page-1 ez-toc-heading-level-2'><a class=\"ez-toc-link ez-toc-heading-1\" href=\"https:\/\/www.mgc.es\/ca\/blog\/hi-ha-mes-trastorns-alimentaris-no-nomes-anorexia-i-bulimia\/#Lortorexia\" >L\u2019ortor\u00e8xia<\/a><\/li><li class='ez-toc-page-1 ez-toc-heading-level-2'><a class=\"ez-toc-link ez-toc-heading-2\" href=\"https:\/\/www.mgc.es\/ca\/blog\/hi-ha-mes-trastorns-alimentaris-no-nomes-anorexia-i-bulimia\/#Menjar_compulsivament\" >Menjar compulsivament<\/a><\/li><li class='ez-toc-page-1 ez-toc-heading-level-2'><a class=\"ez-toc-link ez-toc-heading-3\" href=\"https:\/\/www.mgc.es\/ca\/blog\/hi-ha-mes-trastorns-alimentaris-no-nomes-anorexia-i-bulimia\/#BDD_o_trastorn_dismorfic_corporal\" >BDD, o trastorn dism\u00f2rfic corporal<\/a><\/li><li class='ez-toc-page-1 ez-toc-heading-level-2'><a class=\"ez-toc-link ez-toc-heading-4\" href=\"https:\/\/www.mgc.es\/ca\/blog\/hi-ha-mes-trastorns-alimentaris-no-nomes-anorexia-i-bulimia\/#Mastegar_i_escopir\" >Mastegar i escopir<\/a><\/li><li class='ez-toc-page-1 ez-toc-heading-level-2'><a class=\"ez-toc-link ez-toc-heading-5\" href=\"https:\/\/www.mgc.es\/ca\/blog\/hi-ha-mes-trastorns-alimentaris-no-nomes-anorexia-i-bulimia\/#Diabulimia_ED-DMT1\" >Diabul\u00edmia: ED-DMT1<\/a><\/li><li class='ez-toc-page-1 ez-toc-heading-level-2'><a class=\"ez-toc-link ez-toc-heading-6\" href=\"https:\/\/www.mgc.es\/ca\/blog\/hi-ha-mes-trastorns-alimentaris-no-nomes-anorexia-i-bulimia\/#Trastorn_alimentari_selectiu\" >Trastorn alimentari selectiu<\/a><\/li><li class='ez-toc-page-1 ez-toc-heading-level-2'><a class=\"ez-toc-link ez-toc-heading-7\" href=\"https:\/\/www.mgc.es\/ca\/blog\/hi-ha-mes-trastorns-alimentaris-no-nomes-anorexia-i-bulimia\/#Lanorexia\" >L&#8217;anor\u00e8xia<\/a><\/li><li class='ez-toc-page-1 ez-toc-heading-level-2'><a class=\"ez-toc-link ez-toc-heading-8\" href=\"https:\/\/www.mgc.es\/ca\/blog\/hi-ha-mes-trastorns-alimentaris-no-nomes-anorexia-i-bulimia\/#La_bulimia\" >La bul\u00edmia<\/a><\/li><\/ul><\/nav><\/div>\n<p><img loading=\"lazy\" decoding=\"async\" class=\"alignnone size-full wp-image-5016\" src=\"https:\/\/www.mgc.es\/wp-content\/uploads\/2018\/07\/perder-peso-2.jpg\" alt=\"perder peso\" width=\"800\" height=\"550\" \/><\/p>\n<p>L&#8217;expressi\u00f3 &#8220;trastorn alimentari&#8221; fa pensar immediatament en anor\u00e8xia i bul\u00edmia. Aquests dos trastorns s\u00f3n molt coneguts i estan sempre a la palestra de tots els mitjans informatius. I est\u00e0 justificat, perqu\u00e8 \u00e9s terrible veure com alg\u00fa es deixa morir de fam, la conseq\u00fc\u00e8ncia extrema d&#8217;ambdues malalties. Per\u00f2 no nom\u00e9s hi ha aquests trastorns alimentaris; n\u2019hi ha m\u00e9s, i cadascun t\u00e9 els seus s\u00edmptomes i causa problemes diferents.<!--more--><\/p>\n<p>Tots aquests trastorns \u2013alguns s\u00f3n molt greus\u2013 es poden curar, per\u00f2 normalment requereixen la intervenci\u00f3 d&#8217;un metge especialitzat. Si creus que alg\u00fa proper podria tenir-ne algun s\u00edmptoma o que el seu comportament amb el menjar \u00e9s estrany, parla-hi i intenta conv\u00e8ncer-lo que busqui ajuda professional.<\/p>\n<p>A continuaci\u00f3 descrivim els trastorns alimentaris m\u00e9s rellevants.<\/p>\n<h2><span class=\"ez-toc-section\" id=\"Lortorexia\"><\/span>L\u2019ortor\u00e8xia<span class=\"ez-toc-section-end\"><\/span><\/h2>\n<p>Grosso modo, l&#8217;ortor\u00e8xia \u00e9s l&#8217;obsessi\u00f3 per menjar sa. Les persones que la pateixen tenen aquesta idea malsana que, si es porta fins a les \u00faltimes conseq\u00fc\u00e8ncies, els crea un estat d&#8217;angoixa i ansietat extrem quan no poden ajustar-se al que creuen que \u00e9s menjar sa. Pot comen\u00e7ar com una dieta per millorar la nutrici\u00f3 o per aprimar-se i pot arribar a degenerar en aquesta obsessi\u00f3. Els que la pateixen s\u00f3n molt estrictes amb els seus r\u00e8gims alimentaris i no \u00e9s f\u00e0cil curar-la, perqu\u00e8 costa delimitar la difer\u00e8ncia entre voler menjar sa i aquesta conducta obsessiva.<\/p>\n<p>Alguns dels s\u00edmptomes habituals s\u00f3n la preocupaci\u00f3 constant sobre els efectes dels aliments sobre la salut, en molts casos l&#8217;exc\u00e9s d&#8217;exercici, la ingesta constant de suplements vitam\u00ednics i diet\u00e8tics i l&#8217;obsessi\u00f3 compulsiva per la higiene a l&#8217;hora de cuinar.<\/p>\n<h2><span class=\"ez-toc-section\" id=\"Menjar_compulsivament\"><\/span>Menjar compulsivament<span class=\"ez-toc-section-end\"><\/span><\/h2>\n<p>O, dit d&#8217;una altra manera, fer-se un tip de menjar. S\u00f3n episodis en qu\u00e8 el pacient menja sense l\u00edmit, atipant-se literalment de menjar per passar immediatament a un estat de desesperaci\u00f3, vergonya i sentiment de culpa. Aquests episodis normalment es produeixen quan estan sols i una conseq\u00fc\u00e8ncia caracter\u00edstica n\u2019\u00e9s l&#8217;agoraf\u00f2bia, \u00e9s a dir, no voler sortir de casa.<\/p>\n<p>\u00c9s freq\u00fcent que els pacients no ho reconeguin com un trastorn, tot i que els s\u00edmptomes no s\u00f3n f\u00e0cils d\u2019amagar.<\/p>\n<h2><span class=\"ez-toc-section\" id=\"BDD_o_trastorn_dismorfic_corporal\"><\/span>BDD, o trastorn dism\u00f2rfic corporal<span class=\"ez-toc-section-end\"><\/span><\/h2>\n<p>Les sigles corresponen a l&#8217;angl\u00e8s body dismorphic disorder, \u00e9s a dir, trastorn dism\u00f2rfic corporal. Les persones que el pateixen s&#8217;obsessionen per un tret del seu propi cos que pot ser molt lleu i que veuen lleig o defectu\u00f3s. Moltes vegades \u00e9s un tret imaginari i exagerat pel mateix pacient, i, ja sigui un tret facial, una manca de simetria corporal o unes proporcions m\u00e9s o menys alterades, als pacients els crea un sentiment d&#8217;inseguretat malalt\u00eds.<\/p>\n<p>Els s\u00edmptomes inclouen l&#8217;obsessi\u00f3 pel problema, mirar-se constantment a qualsevol mirall i la preocupaci\u00f3 obsessiva per amagar el tret de qualsevol manera imaginable.<\/p>\n<h2><span class=\"ez-toc-section\" id=\"Mastegar_i_escopir\"><\/span>Mastegar i escopir<span class=\"ez-toc-section-end\"><\/span><\/h2>\n<p>\u00c9s una altra manera de reduir el menjar que s\u2019ha ingerit. Els pacients es neguen ells mateixos el plaer d&#8217;empassar-se el menjar que ja han mastegat. \u00c9s un trastorn amb la mateixa intencionalitat que la bul\u00edmia; els qui el pateixen prefereixen menjar en soledat i mengen plats que en condicions normals no tastarien.<\/p>\n<p><img loading=\"lazy\" decoding=\"async\" class=\"alignnone size-full wp-image-5017\" src=\"https:\/\/www.mgc.es\/wp-content\/uploads\/2018\/07\/anorexia2.jpg\" alt=\"anorexia\" width=\"800\" height=\"531\" \/><\/p>\n<h2><span class=\"ez-toc-section\" id=\"Diabulimia_ED-DMT1\"><\/span>Diabul\u00edmia: ED-DMT1<span class=\"ez-toc-section-end\"><\/span><\/h2>\n<p>\u00c9s un trastorn espec\u00edfic dels pacients amb diabetis tipus 1. Consisteix a reduir la dosi necess\u00e0ria d&#8217;insulina per tal de perdre pes. \u00c9s poc conegut. A m\u00e9s a m\u00e9s, no \u00e9s f\u00e0cil de detectar perqu\u00e8 sembla que les persones que el pateixen mengen amb normalitat, i pot amagar-se fins i tot a metges especialitzats, com ara internistes o endocrin\u00f2legs. Les conseq\u00fc\u00e8ncies poden ser devastadores.<\/p>\n<h2><span class=\"ez-toc-section\" id=\"Trastorn_alimentari_selectiu\"><\/span>Trastorn alimentari selectiu<span class=\"ez-toc-section-end\"><\/span><\/h2>\n<p>Consisteix a desenvolupar f\u00f2bies a plats, sabors o textures determinats. Normalment es presenta en els nens, encara que es pot perllongar i seguir present en la fase adulta. Els que el pateixen nom\u00e9s mengen certs aliments i poden tenir episodis d&#8217;angoixa quan es veuen davant d&#8217;un plat que els produeix f\u00f2bia.<\/p>\n<p>I deixem per al final els m\u00e9s coneguts:<\/p>\n<h2><span class=\"ez-toc-section\" id=\"Lanorexia\"><\/span>L&#8217;anor\u00e8xia<span class=\"ez-toc-section-end\"><\/span><\/h2>\n<p>Normalment es presenta en persones perfeccionistes, que s&#8217;obsessionen per tenir un aspecte f\u00edsic perfecte. N\u2019hi ha dos tipus, des del punt de vista m\u00e8dic. El primer \u00e9s l\u2019anor\u00e8xia restrictiva, en qu\u00e8 el pacient menja molt poc, ja que busca perdre pes, i pot anar acompanyada d&#8217;un exc\u00e9s d&#8217;exercici. L\u2019altre tipus \u00e9s l&#8217;anor\u00e8xia amb tend\u00e8ncies bul\u00edmiques. La difer\u00e8ncia entre aquesta \u00faltima i la bul\u00edmia \u00e9s molt subtil i es va establir perqu\u00e8 m\u00e8dicament es tracten de manera diferent.<\/p>\n<h2><span class=\"ez-toc-section\" id=\"La_bulimia\"><\/span>La bul\u00edmia<span class=\"ez-toc-section-end\"><\/span><\/h2>\n<p>Les persones que pateixen bul\u00edmia intenten perdre pes provocant-se el v\u00f2mit despr\u00e9s d&#8217;ingerir aliment. Solen menjar en exc\u00e9s, ja que confien que despr\u00e9s vomitaran el que han menjat. Normalment els crea un estat de molta vergonya i, per tant, l\u2019amaguen, fet que impedeix buscar ajuda.<\/p>\n<p>Tant l&#8217;anor\u00e8xia com la bul\u00edmia s\u00f3n malalties molt complexes. Totes dues tenen identificats els factors de risc seg\u00fcents:<\/p>\n<ul>\n<li>Ser dona. Estrictament parlant, no vol dir que tinguin m\u00e9s risc, sin\u00f3 que les xifres s\u00f3n tossudes: de cada deu pacients d\u2019anor\u00e8xia o bul\u00edmia, nou s\u00f3n dones.<\/li>\n<li>Baixa autoestima. Considerar-se un mateix no apte per fer certes activitats.<\/li>\n<li>Ser perfeccionista i exigir-se un mateix fins al l\u00edmit.<\/li>\n<li>Treballar o moure&#8217;s en ambients en qu\u00e8 l&#8217;aspecte f\u00edsic sigui molt important: ser ballar\u00ed, gimnasta o model, per exemple.<\/li>\n<li>Sentir-se infeli\u00e7 amb el propi cos.<\/li>\n<li>Haver patit abusos en la infantesa.<\/li>\n<li>Tristesa i incapacitat d&#8217;assumir algun fet greu.<\/li>\n<\/ul>\n","protected":false},"excerpt":{"rendered":"<p>L&#8217;expressi\u00f3 &#8220;trastorn alimentari&#8221; fa pensar immediatament en anor\u00e8xia i bul\u00edmia. Aquests dos trastorns s\u00f3n molt coneguts i estan sempre a la palestra de tots els mitjans informatius. I est\u00e0 justificat, perqu\u00e8 \u00e9s terrible veure com alg\u00fa es deixa morir de fam, la conseq\u00fc\u00e8ncia extrema d&#8217;ambdues malalties. Per\u00f2 no nom\u00e9s hi ha aquests trastorns alimentaris; n\u2019hi [&hellip;]<\/p>\n","protected":false},"author":3,"featured_media":14473,"comment_status":"open","ping_status":"open","sticky":false,"template":"","format":"standard","meta":{"footnotes":""},"categories":[659,662],"tags":[384,499],"class_list":["post-11683","post","type-post","status-publish","format-standard","has-post-thumbnail","hentry","category-benestar","category-salut-mental","tag-alimentacio","tag-salut-emocional"],"featured_image_src":"https:\/\/www.mgc.es\/wp-content\/uploads\/2019\/11\/perder-peso-2.jpg","author_info":{"display_name":"Revista Inter\u00e8s Mutu","author_link":"https:\/\/www.mgc.es\/ca\/blog\/author\/interesmutu\/"},"yoast_head":"<!-- This site is optimized with the Yoast SEO plugin v27.2 - https:\/\/yoast.com\/product\/yoast-seo-wordpress\/ -->\n<title>Hi ha m\u00e9s trastorns alimentaris: no nom\u00e9s anor\u00e8xia i bul\u00edmia - MGC M\u00fatua<\/title>\n<meta name=\"robots\" content=\"index, follow, max-snippet:-1, max-image-preview:large, max-video-preview:-1\" \/>\n<link rel=\"canonical\" href=\"https:\/\/www.mgc.es\/ca\/blog\/hi-ha-mes-trastorns-alimentaris-no-nomes-anorexia-i-bulimia\/\" \/>\n<meta property=\"og:locale\" content=\"ca_ES\" \/>\n<meta property=\"og:type\" content=\"article\" \/>\n<meta property=\"og:title\" content=\"Hi ha m\u00e9s trastorns alimentaris: no nom\u00e9s anor\u00e8xia i bul\u00edmia - MGC M\u00fatua\" \/>\n<meta property=\"og:description\" content=\"L&#8217;expressi\u00f3 &#8220;trastorn alimentari&#8221; fa pensar immediatament en anor\u00e8xia i bul\u00edmia. Aquests dos trastorns s\u00f3n molt coneguts i estan sempre a la palestra de tots els mitjans informatius. I est\u00e0 justificat, perqu\u00e8 \u00e9s terrible veure com alg\u00fa es deixa morir de fam, la conseq\u00fc\u00e8ncia extrema d&#8217;ambdues malalties. Per\u00f2 no nom\u00e9s hi ha aquests trastorns alimentaris; n\u2019hi [&hellip;]\" \/>\n<meta property=\"og:url\" content=\"https:\/\/www.mgc.es\/ca\/blog\/hi-ha-mes-trastorns-alimentaris-no-nomes-anorexia-i-bulimia\/\" \/>\n<meta property=\"og:site_name\" content=\"MGC M\u00fatua\" \/>\n<meta property=\"article:publisher\" content=\"https:\/\/www.facebook.com\/mgcmutua\" \/>\n<meta property=\"article:published_time\" content=\"2018-07-15T22:00:00+00:00\" \/>\n<meta property=\"article:modified_time\" content=\"2019-11-22T11:42:29+00:00\" \/>\n<meta property=\"og:image\" content=\"https:\/\/www.mgc.es\/wp-content\/uploads\/2019\/11\/perder-peso-2.jpg\" \/>\n\t<meta property=\"og:image:width\" content=\"800\" \/>\n\t<meta property=\"og:image:height\" content=\"550\" \/>\n\t<meta property=\"og:image:type\" content=\"image\/jpeg\" \/>\n<meta name=\"author\" content=\"Revista Inter\u00e8s Mutu\" \/>\n<meta name=\"twitter:card\" content=\"summary_large_image\" \/>\n<meta name=\"twitter:creator\" content=\"@mgcmutua\" \/>\n<meta name=\"twitter:site\" content=\"@mgcmutua\" \/>\n<meta name=\"twitter:label1\" content=\"Escrit per\" \/>\n\t<meta name=\"twitter:data1\" content=\"Revista Inter\u00e8s Mutu\" \/>\n\t<meta name=\"twitter:label2\" content=\"Temps estimat de lectura\" \/>\n\t<meta name=\"twitter:data2\" content=\"5 minuts\" \/>\n<!-- \/ Yoast SEO plugin. -->","yoast_head_json":{"title":"Hi ha m\u00e9s trastorns alimentaris: no nom\u00e9s anor\u00e8xia i bul\u00edmia - MGC M\u00fatua","robots":{"index":"index","follow":"follow","max-snippet":"max-snippet:-1","max-image-preview":"max-image-preview:large","max-video-preview":"max-video-preview:-1"},"canonical":"https:\/\/www.mgc.es\/ca\/blog\/hi-ha-mes-trastorns-alimentaris-no-nomes-anorexia-i-bulimia\/","og_locale":"ca_ES","og_type":"article","og_title":"Hi ha m\u00e9s trastorns alimentaris: no nom\u00e9s anor\u00e8xia i bul\u00edmia - MGC M\u00fatua","og_description":"L&#8217;expressi\u00f3 &#8220;trastorn alimentari&#8221; fa pensar immediatament en anor\u00e8xia i bul\u00edmia. Aquests dos trastorns s\u00f3n molt coneguts i estan sempre a la palestra de tots els mitjans informatius. I est\u00e0 justificat, perqu\u00e8 \u00e9s terrible veure com alg\u00fa es deixa morir de fam, la conseq\u00fc\u00e8ncia extrema d&#8217;ambdues malalties. Per\u00f2 no nom\u00e9s hi ha aquests trastorns alimentaris; n\u2019hi [&hellip;]","og_url":"https:\/\/www.mgc.es\/ca\/blog\/hi-ha-mes-trastorns-alimentaris-no-nomes-anorexia-i-bulimia\/","og_site_name":"MGC M\u00fatua","article_publisher":"https:\/\/www.facebook.com\/mgcmutua","article_published_time":"2018-07-15T22:00:00+00:00","article_modified_time":"2019-11-22T11:42:29+00:00","og_image":[{"width":800,"height":550,"url":"https:\/\/www.mgc.es\/wp-content\/uploads\/2019\/11\/perder-peso-2.jpg","type":"image\/jpeg"}],"author":"Revista Inter\u00e8s Mutu","twitter_card":"summary_large_image","twitter_creator":"@mgcmutua","twitter_site":"@mgcmutua","twitter_misc":{"Escrit per":"Revista Inter\u00e8s Mutu","Temps estimat de lectura":"5 minuts"},"schema":{"@context":"https:\/\/schema.org","@graph":[{"@type":["Article","BlogPosting"],"@id":"https:\/\/www.mgc.es\/ca\/blog\/hi-ha-mes-trastorns-alimentaris-no-nomes-anorexia-i-bulimia\/#article","isPartOf":{"@id":"https:\/\/www.mgc.es\/ca\/blog\/hi-ha-mes-trastorns-alimentaris-no-nomes-anorexia-i-bulimia\/"},"author":{"name":"Revista Inter\u00e8s Mutu","@id":"https:\/\/www.mgc.es\/#\/schema\/person\/010c961d9c9acf38f11187a02b646c16"},"headline":"Hi ha m\u00e9s trastorns alimentaris: no nom\u00e9s anor\u00e8xia i bul\u00edmia","datePublished":"2018-07-15T22:00:00+00:00","dateModified":"2019-11-22T11:42:29+00:00","mainEntityOfPage":{"@id":"https:\/\/www.mgc.es\/ca\/blog\/hi-ha-mes-trastorns-alimentaris-no-nomes-anorexia-i-bulimia\/"},"wordCount":954,"commentCount":0,"publisher":{"@id":"https:\/\/www.mgc.es\/#organization"},"image":{"@id":"https:\/\/www.mgc.es\/ca\/blog\/hi-ha-mes-trastorns-alimentaris-no-nomes-anorexia-i-bulimia\/#primaryimage"},"thumbnailUrl":"https:\/\/www.mgc.es\/wp-content\/uploads\/2019\/11\/perder-peso-2.jpg","keywords":["alimentaci\u00f3","salut emocional"],"articleSection":["Benestar i exercici","Salut Mental"],"inLanguage":"ca","potentialAction":[{"@type":"CommentAction","name":"Comment","target":["https:\/\/www.mgc.es\/ca\/blog\/hi-ha-mes-trastorns-alimentaris-no-nomes-anorexia-i-bulimia\/#respond"]}]},{"@type":["WebPage","ItemPage"],"@id":"https:\/\/www.mgc.es\/ca\/blog\/hi-ha-mes-trastorns-alimentaris-no-nomes-anorexia-i-bulimia\/","url":"https:\/\/www.mgc.es\/ca\/blog\/hi-ha-mes-trastorns-alimentaris-no-nomes-anorexia-i-bulimia\/","name":"Hi ha m\u00e9s trastorns alimentaris: no nom\u00e9s anor\u00e8xia i bul\u00edmia - MGC M\u00fatua","isPartOf":{"@id":"https:\/\/www.mgc.es\/#website"},"primaryImageOfPage":{"@id":"https:\/\/www.mgc.es\/ca\/blog\/hi-ha-mes-trastorns-alimentaris-no-nomes-anorexia-i-bulimia\/#primaryimage"},"image":{"@id":"https:\/\/www.mgc.es\/ca\/blog\/hi-ha-mes-trastorns-alimentaris-no-nomes-anorexia-i-bulimia\/#primaryimage"},"thumbnailUrl":"https:\/\/www.mgc.es\/wp-content\/uploads\/2019\/11\/perder-peso-2.jpg","datePublished":"2018-07-15T22:00:00+00:00","dateModified":"2019-11-22T11:42:29+00:00","breadcrumb":{"@id":"https:\/\/www.mgc.es\/ca\/blog\/hi-ha-mes-trastorns-alimentaris-no-nomes-anorexia-i-bulimia\/#breadcrumb"},"inLanguage":"ca","potentialAction":[{"@type":"ReadAction","target":["https:\/\/www.mgc.es\/ca\/blog\/hi-ha-mes-trastorns-alimentaris-no-nomes-anorexia-i-bulimia\/"]}]},{"@type":"ImageObject","inLanguage":"ca","@id":"https:\/\/www.mgc.es\/ca\/blog\/hi-ha-mes-trastorns-alimentaris-no-nomes-anorexia-i-bulimia\/#primaryimage","url":"https:\/\/www.mgc.es\/wp-content\/uploads\/2019\/11\/perder-peso-2.jpg","contentUrl":"https:\/\/www.mgc.es\/wp-content\/uploads\/2019\/11\/perder-peso-2.jpg","width":800,"height":550},{"@type":"BreadcrumbList","@id":"https:\/\/www.mgc.es\/ca\/blog\/hi-ha-mes-trastorns-alimentaris-no-nomes-anorexia-i-bulimia\/#breadcrumb","itemListElement":[{"@type":"ListItem","position":1,"name":"Home","item":"https:\/\/www.mgc.es\/ca\/"},{"@type":"ListItem","position":2,"name":"Hi ha m\u00e9s trastorns alimentaris: no nom\u00e9s anor\u00e8xia i bul\u00edmia"}]},{"@type":"WebSite","@id":"https:\/\/www.mgc.es\/#website","url":"https:\/\/www.mgc.es\/","name":"MGC M\u00fatua","description":"MGC M\u00fatua \u00e9s una entitat asseguradora sense \u00e0nim de lucre constitu\u00efda al 1982 i especialitzada en assegurances de salut i assist\u00e8ncia.","publisher":{"@id":"https:\/\/www.mgc.es\/#organization"},"alternateName":"MGC","potentialAction":[{"@type":"SearchAction","target":{"@type":"EntryPoint","urlTemplate":"https:\/\/www.mgc.es\/?s={search_term_string}"},"query-input":{"@type":"PropertyValueSpecification","valueRequired":true,"valueName":"search_term_string"}}],"inLanguage":"ca"},{"@type":"Organization","@id":"https:\/\/www.mgc.es\/#organization","name":"MGC Mutua","alternateName":"MGC","url":"https:\/\/www.mgc.es\/","logo":{"@type":"ImageObject","inLanguage":"ca","@id":"https:\/\/www.mgc.es\/#\/schema\/logo\/image\/","url":"https:\/\/www.mgc.es\/wp-content\/uploads\/2020\/03\/mgcmutua_h2_2t_reduccions.png","contentUrl":"https:\/\/www.mgc.es\/wp-content\/uploads\/2020\/03\/mgcmutua_h2_2t_reduccions.png","width":303,"height":165,"caption":"MGC Mutua"},"image":{"@id":"https:\/\/www.mgc.es\/#\/schema\/logo\/image\/"},"sameAs":["https:\/\/www.facebook.com\/mgcmutua","https:\/\/x.com\/mgcmutua","https:\/\/www.youtube.com\/c\/MGCMutua"]},{"@type":"Person","@id":"https:\/\/www.mgc.es\/#\/schema\/person\/010c961d9c9acf38f11187a02b646c16","name":"Revista Inter\u00e8s Mutu","image":{"@type":"ImageObject","inLanguage":"ca","@id":"https:\/\/secure.gravatar.com\/avatar\/52302d684339b9d7bf5691e2ad00835d62ce3b4a435f21ca9f21fbe39c63cb1b?s=96&d=mm&r=g","url":"https:\/\/secure.gravatar.com\/avatar\/52302d684339b9d7bf5691e2ad00835d62ce3b4a435f21ca9f21fbe39c63cb1b?s=96&d=mm&r=g","contentUrl":"https:\/\/secure.gravatar.com\/avatar\/52302d684339b9d7bf5691e2ad00835d62ce3b4a435f21ca9f21fbe39c63cb1b?s=96&d=mm&r=g","caption":"Revista Inter\u00e8s Mutu"}}]}},"_links":{"self":[{"href":"https:\/\/www.mgc.es\/ca\/wp-json\/wp\/v2\/posts\/11683","targetHints":{"allow":["GET"]}}],"collection":[{"href":"https:\/\/www.mgc.es\/ca\/wp-json\/wp\/v2\/posts"}],"about":[{"href":"https:\/\/www.mgc.es\/ca\/wp-json\/wp\/v2\/types\/post"}],"author":[{"embeddable":true,"href":"https:\/\/www.mgc.es\/ca\/wp-json\/wp\/v2\/users\/3"}],"replies":[{"embeddable":true,"href":"https:\/\/www.mgc.es\/ca\/wp-json\/wp\/v2\/comments?post=11683"}],"version-history":[{"count":1,"href":"https:\/\/www.mgc.es\/ca\/wp-json\/wp\/v2\/posts\/11683\/revisions"}],"predecessor-version":[{"id":15199,"href":"https:\/\/www.mgc.es\/ca\/wp-json\/wp\/v2\/posts\/11683\/revisions\/15199"}],"wp:featuredmedia":[{"embeddable":true,"href":"https:\/\/www.mgc.es\/ca\/wp-json\/wp\/v2\/media\/14473"}],"wp:attachment":[{"href":"https:\/\/www.mgc.es\/ca\/wp-json\/wp\/v2\/media?parent=11683"}],"wp:term":[{"taxonomy":"category","embeddable":true,"href":"https:\/\/www.mgc.es\/ca\/wp-json\/wp\/v2\/categories?post=11683"},{"taxonomy":"post_tag","embeddable":true,"href":"https:\/\/www.mgc.es\/ca\/wp-json\/wp\/v2\/tags?post=11683"}],"curies":[{"name":"wp","href":"https:\/\/api.w.org\/{rel}","templated":true}]}}