{"id":11655,"date":"2018-04-26T00:00:00","date_gmt":"2018-04-25T22:00:00","guid":{"rendered":"http:\/\/web-server-devel.mgc.es\/mor-als-93-anys-agusti-bassols-president-honorific-de-la-fundacio-mutua-general-de-catalunya\/"},"modified":"2019-12-02T12:33:50","modified_gmt":"2019-12-02T11:33:50","slug":"mor-als-93-anys-agusti-bassols-president-honorific-de-la-fundacio-mutua-general-de-catalunya","status":"publish","type":"post","link":"https:\/\/www.mgc.es\/ca\/blog\/mor-als-93-anys-agusti-bassols-president-honorific-de-la-fundacio-mutua-general-de-catalunya\/","title":{"rendered":"Mor als 93 anys Agust\u00ed Bassols, president honor\u00edfic de la Fundaci\u00f3 M\u00fatua General de Catalunya"},"content":{"rendered":"<p><img loading=\"lazy\" decoding=\"async\" class=\"aligncenter size-full wp-image-4676\" src=\"https:\/\/www.mgc.es\/wp-content\/uploads\/2018\/04\/Bassols-creu-sant-jordi.jpg\" alt=\"\" width=\"2000\" height=\"1333\" \/>Agust\u00ed Bassols, president de la Fundaci\u00f3 M\u00fatua General de Catalunya entre els anys 1996-2009, actual president honor\u00edfic de la mateixa i exconseller de la M\u00fatua, ha mort aquest dimecres als 93 anys.<!--more--><\/p>\n<p>Advocat i Doctor en Dret, Agust\u00ed Bassols va ser diputat del Parlament i conseller de Just\u00edcia i de Governaci\u00f3, entre els anys 1982-1992, i membre fundador d&#8217;\u00d2mnium Cultural, del qual en va ser membre de la junta directiva entre 1967 i 1977.<\/p>\n<p>L&#8217;abril de 2010 va rebre la creu de Sant Jordi de mans del Govern que aleshores presidia Jos\u00e9 Montilla, com a homenatge per la seva traject\u00f2ria i per la seva feina en defensa de la llengua i la cultura catalanes.<\/p>\n","protected":false},"excerpt":{"rendered":"<p>Agust\u00ed Bassols, president de la Fundaci\u00f3 M\u00fatua General de Catalunya entre els anys 1996-2009, actual president honor\u00edfic de la mateixa i exconseller de la M\u00fatua, ha mort aquest dimecres als 93 anys.<\/p>\n","protected":false},"author":3,"featured_media":14385,"comment_status":"open","ping_status":"open","sticky":false,"template":"","format":"standard","meta":{"footnotes":""},"categories":[11,568],"tags":[432],"class_list":["post-11655","post","type-post","status-publish","format-standard","has-post-thumbnail","hentry","category-actualitat","category-fundacio-mgc","tag-fundacio-mutua-general-de-catalunya"],"featured_image_src":"https:\/\/www.mgc.es\/wp-content\/uploads\/2019\/11\/Bassols-creu-sant-jordi.jpg","author_info":{"display_name":"Revista Inter\u00e8s Mutu","author_link":"https:\/\/www.mgc.es\/ca\/blog\/author\/interesmutu\/"},"yoast_head":"<!-- This site is optimized with the Yoast SEO plugin v27.2 - https:\/\/yoast.com\/product\/yoast-seo-wordpress\/ -->\n<title>Mor als 93 anys Agust\u00ed Bassols, president honor\u00edfic de la Fundaci\u00f3 M\u00fatua General de Catalunya - MGC M\u00fatua<\/title>\n<meta name=\"robots\" content=\"index, follow, max-snippet:-1, max-image-preview:large, max-video-preview:-1\" \/>\n<link rel=\"canonical\" href=\"https:\/\/www.mgc.es\/ca\/blog\/mor-als-93-anys-agusti-bassols-president-honorific-de-la-fundacio-mutua-general-de-catalunya\/\" \/>\n<meta property=\"og:locale\" content=\"ca_ES\" \/>\n<meta property=\"og:type\" content=\"article\" \/>\n<meta property=\"og:title\" content=\"Mor als 93 anys Agust\u00ed Bassols, president honor\u00edfic de la Fundaci\u00f3 M\u00fatua General de Catalunya - MGC M\u00fatua\" \/>\n<meta property=\"og:description\" content=\"Agust\u00ed Bassols, president de la Fundaci\u00f3 M\u00fatua General de Catalunya entre els anys 1996-2009, actual president honor\u00edfic de la mateixa i exconseller de la M\u00fatua, ha mort aquest dimecres als 93 anys.\" \/>\n<meta property=\"og:url\" content=\"https:\/\/www.mgc.es\/ca\/blog\/mor-als-93-anys-agusti-bassols-president-honorific-de-la-fundacio-mutua-general-de-catalunya\/\" \/>\n<meta property=\"og:site_name\" content=\"MGC M\u00fatua\" \/>\n<meta property=\"article:publisher\" content=\"https:\/\/www.facebook.com\/mgcmutua\" \/>\n<meta property=\"article:published_time\" content=\"2018-04-25T22:00:00+00:00\" \/>\n<meta property=\"article:modified_time\" content=\"2019-12-02T11:33:50+00:00\" \/>\n<meta property=\"og:image\" content=\"https:\/\/www.mgc.es\/wp-content\/uploads\/2019\/11\/Bassols-creu-sant-jordi.jpg\" \/>\n\t<meta property=\"og:image:width\" content=\"2000\" \/>\n\t<meta property=\"og:image:height\" content=\"1333\" \/>\n\t<meta property=\"og:image:type\" content=\"image\/jpeg\" \/>\n<meta name=\"author\" content=\"Revista Inter\u00e8s Mutu\" \/>\n<meta name=\"twitter:card\" content=\"summary_large_image\" \/>\n<meta name=\"twitter:creator\" content=\"@mgcmutua\" \/>\n<meta name=\"twitter:site\" content=\"@mgcmutua\" \/>\n<meta name=\"twitter:label1\" content=\"Escrit per\" \/>\n\t<meta name=\"twitter:data1\" content=\"Revista Inter\u00e8s Mutu\" \/>\n\t<meta name=\"twitter:label2\" content=\"Temps estimat de lectura\" \/>\n\t<meta name=\"twitter:data2\" content=\"1 minut\" \/>\n<!-- \/ Yoast SEO plugin. -->","yoast_head_json":{"title":"Mor als 93 anys Agust\u00ed Bassols, president honor\u00edfic de la Fundaci\u00f3 M\u00fatua General de Catalunya - MGC M\u00fatua","robots":{"index":"index","follow":"follow","max-snippet":"max-snippet:-1","max-image-preview":"max-image-preview:large","max-video-preview":"max-video-preview:-1"},"canonical":"https:\/\/www.mgc.es\/ca\/blog\/mor-als-93-anys-agusti-bassols-president-honorific-de-la-fundacio-mutua-general-de-catalunya\/","og_locale":"ca_ES","og_type":"article","og_title":"Mor als 93 anys Agust\u00ed Bassols, president honor\u00edfic de la Fundaci\u00f3 M\u00fatua General de Catalunya - MGC M\u00fatua","og_description":"Agust\u00ed Bassols, president de la Fundaci\u00f3 M\u00fatua General de Catalunya entre els anys 1996-2009, actual president honor\u00edfic de la mateixa i exconseller de la M\u00fatua, ha mort aquest dimecres als 93 anys.","og_url":"https:\/\/www.mgc.es\/ca\/blog\/mor-als-93-anys-agusti-bassols-president-honorific-de-la-fundacio-mutua-general-de-catalunya\/","og_site_name":"MGC M\u00fatua","article_publisher":"https:\/\/www.facebook.com\/mgcmutua","article_published_time":"2018-04-25T22:00:00+00:00","article_modified_time":"2019-12-02T11:33:50+00:00","og_image":[{"width":2000,"height":1333,"url":"https:\/\/www.mgc.es\/wp-content\/uploads\/2019\/11\/Bassols-creu-sant-jordi.jpg","type":"image\/jpeg"}],"author":"Revista Inter\u00e8s Mutu","twitter_card":"summary_large_image","twitter_creator":"@mgcmutua","twitter_site":"@mgcmutua","twitter_misc":{"Escrit per":"Revista Inter\u00e8s Mutu","Temps estimat de lectura":"1 minut"},"schema":{"@context":"https:\/\/schema.org","@graph":[{"@type":["Article","BlogPosting"],"@id":"https:\/\/www.mgc.es\/ca\/blog\/mor-als-93-anys-agusti-bassols-president-honorific-de-la-fundacio-mutua-general-de-catalunya\/#article","isPartOf":{"@id":"https:\/\/www.mgc.es\/ca\/blog\/mor-als-93-anys-agusti-bassols-president-honorific-de-la-fundacio-mutua-general-de-catalunya\/"},"author":{"name":"Revista Inter\u00e8s Mutu","@id":"https:\/\/www.mgc.es\/#\/schema\/person\/010c961d9c9acf38f11187a02b646c16"},"headline":"Mor als 93 anys Agust\u00ed Bassols, president honor\u00edfic de la Fundaci\u00f3 M\u00fatua General de Catalunya","datePublished":"2018-04-25T22:00:00+00:00","dateModified":"2019-12-02T11:33:50+00:00","mainEntityOfPage":{"@id":"https:\/\/www.mgc.es\/ca\/blog\/mor-als-93-anys-agusti-bassols-president-honorific-de-la-fundacio-mutua-general-de-catalunya\/"},"wordCount":132,"commentCount":0,"publisher":{"@id":"https:\/\/www.mgc.es\/#organization"},"image":{"@id":"https:\/\/www.mgc.es\/ca\/blog\/mor-als-93-anys-agusti-bassols-president-honorific-de-la-fundacio-mutua-general-de-catalunya\/#primaryimage"},"thumbnailUrl":"https:\/\/www.mgc.es\/wp-content\/uploads\/2019\/11\/Bassols-creu-sant-jordi.jpg","keywords":["fundaci\u00f3 m\u00fatua general de catalunya"],"articleSection":["Actualitat M\u00fatua","Fundaci\u00f3 MGC"],"inLanguage":"ca","potentialAction":[{"@type":"CommentAction","name":"Comment","target":["https:\/\/www.mgc.es\/ca\/blog\/mor-als-93-anys-agusti-bassols-president-honorific-de-la-fundacio-mutua-general-de-catalunya\/#respond"]}]},{"@type":["WebPage","ItemPage"],"@id":"https:\/\/www.mgc.es\/ca\/blog\/mor-als-93-anys-agusti-bassols-president-honorific-de-la-fundacio-mutua-general-de-catalunya\/","url":"https:\/\/www.mgc.es\/ca\/blog\/mor-als-93-anys-agusti-bassols-president-honorific-de-la-fundacio-mutua-general-de-catalunya\/","name":"Mor als 93 anys Agust\u00ed Bassols, president honor\u00edfic de la Fundaci\u00f3 M\u00fatua General de Catalunya - MGC M\u00fatua","isPartOf":{"@id":"https:\/\/www.mgc.es\/#website"},"primaryImageOfPage":{"@id":"https:\/\/www.mgc.es\/ca\/blog\/mor-als-93-anys-agusti-bassols-president-honorific-de-la-fundacio-mutua-general-de-catalunya\/#primaryimage"},"image":{"@id":"https:\/\/www.mgc.es\/ca\/blog\/mor-als-93-anys-agusti-bassols-president-honorific-de-la-fundacio-mutua-general-de-catalunya\/#primaryimage"},"thumbnailUrl":"https:\/\/www.mgc.es\/wp-content\/uploads\/2019\/11\/Bassols-creu-sant-jordi.jpg","datePublished":"2018-04-25T22:00:00+00:00","dateModified":"2019-12-02T11:33:50+00:00","breadcrumb":{"@id":"https:\/\/www.mgc.es\/ca\/blog\/mor-als-93-anys-agusti-bassols-president-honorific-de-la-fundacio-mutua-general-de-catalunya\/#breadcrumb"},"inLanguage":"ca","potentialAction":[{"@type":"ReadAction","target":["https:\/\/www.mgc.es\/ca\/blog\/mor-als-93-anys-agusti-bassols-president-honorific-de-la-fundacio-mutua-general-de-catalunya\/"]}]},{"@type":"ImageObject","inLanguage":"ca","@id":"https:\/\/www.mgc.es\/ca\/blog\/mor-als-93-anys-agusti-bassols-president-honorific-de-la-fundacio-mutua-general-de-catalunya\/#primaryimage","url":"https:\/\/www.mgc.es\/wp-content\/uploads\/2019\/11\/Bassols-creu-sant-jordi.jpg","contentUrl":"https:\/\/www.mgc.es\/wp-content\/uploads\/2019\/11\/Bassols-creu-sant-jordi.jpg","width":2000,"height":1333},{"@type":"BreadcrumbList","@id":"https:\/\/www.mgc.es\/ca\/blog\/mor-als-93-anys-agusti-bassols-president-honorific-de-la-fundacio-mutua-general-de-catalunya\/#breadcrumb","itemListElement":[{"@type":"ListItem","position":1,"name":"Home","item":"https:\/\/www.mgc.es\/ca\/"},{"@type":"ListItem","position":2,"name":"Mor als 93 anys Agust\u00ed Bassols, president honor\u00edfic de la Fundaci\u00f3 M\u00fatua General de Catalunya"}]},{"@type":"WebSite","@id":"https:\/\/www.mgc.es\/#website","url":"https:\/\/www.mgc.es\/","name":"MGC M\u00fatua","description":"MGC M\u00fatua \u00e9s una entitat asseguradora sense \u00e0nim de lucre constitu\u00efda al 1982 i especialitzada en assegurances de salut i assist\u00e8ncia.","publisher":{"@id":"https:\/\/www.mgc.es\/#organization"},"alternateName":"MGC","potentialAction":[{"@type":"SearchAction","target":{"@type":"EntryPoint","urlTemplate":"https:\/\/www.mgc.es\/?s={search_term_string}"},"query-input":{"@type":"PropertyValueSpecification","valueRequired":true,"valueName":"search_term_string"}}],"inLanguage":"ca"},{"@type":"Organization","@id":"https:\/\/www.mgc.es\/#organization","name":"MGC Mutua","alternateName":"MGC","url":"https:\/\/www.mgc.es\/","logo":{"@type":"ImageObject","inLanguage":"ca","@id":"https:\/\/www.mgc.es\/#\/schema\/logo\/image\/","url":"https:\/\/www.mgc.es\/wp-content\/uploads\/2020\/03\/mgcmutua_h2_2t_reduccions.png","contentUrl":"https:\/\/www.mgc.es\/wp-content\/uploads\/2020\/03\/mgcmutua_h2_2t_reduccions.png","width":303,"height":165,"caption":"MGC Mutua"},"image":{"@id":"https:\/\/www.mgc.es\/#\/schema\/logo\/image\/"},"sameAs":["https:\/\/www.facebook.com\/mgcmutua","https:\/\/x.com\/mgcmutua","https:\/\/www.youtube.com\/c\/MGCMutua"]},{"@type":"Person","@id":"https:\/\/www.mgc.es\/#\/schema\/person\/010c961d9c9acf38f11187a02b646c16","name":"Revista Inter\u00e8s Mutu","image":{"@type":"ImageObject","inLanguage":"ca","@id":"https:\/\/secure.gravatar.com\/avatar\/52302d684339b9d7bf5691e2ad00835d62ce3b4a435f21ca9f21fbe39c63cb1b?s=96&d=mm&r=g","url":"https:\/\/secure.gravatar.com\/avatar\/52302d684339b9d7bf5691e2ad00835d62ce3b4a435f21ca9f21fbe39c63cb1b?s=96&d=mm&r=g","contentUrl":"https:\/\/secure.gravatar.com\/avatar\/52302d684339b9d7bf5691e2ad00835d62ce3b4a435f21ca9f21fbe39c63cb1b?s=96&d=mm&r=g","caption":"Revista Inter\u00e8s Mutu"}}]}},"_links":{"self":[{"href":"https:\/\/www.mgc.es\/ca\/wp-json\/wp\/v2\/posts\/11655","targetHints":{"allow":["GET"]}}],"collection":[{"href":"https:\/\/www.mgc.es\/ca\/wp-json\/wp\/v2\/posts"}],"about":[{"href":"https:\/\/www.mgc.es\/ca\/wp-json\/wp\/v2\/types\/post"}],"author":[{"embeddable":true,"href":"https:\/\/www.mgc.es\/ca\/wp-json\/wp\/v2\/users\/3"}],"replies":[{"embeddable":true,"href":"https:\/\/www.mgc.es\/ca\/wp-json\/wp\/v2\/comments?post=11655"}],"version-history":[{"count":1,"href":"https:\/\/www.mgc.es\/ca\/wp-json\/wp\/v2\/posts\/11655\/revisions"}],"predecessor-version":[{"id":15171,"href":"https:\/\/www.mgc.es\/ca\/wp-json\/wp\/v2\/posts\/11655\/revisions\/15171"}],"wp:featuredmedia":[{"embeddable":true,"href":"https:\/\/www.mgc.es\/ca\/wp-json\/wp\/v2\/media\/14385"}],"wp:attachment":[{"href":"https:\/\/www.mgc.es\/ca\/wp-json\/wp\/v2\/media?parent=11655"}],"wp:term":[{"taxonomy":"category","embeddable":true,"href":"https:\/\/www.mgc.es\/ca\/wp-json\/wp\/v2\/categories?post=11655"},{"taxonomy":"post_tag","embeddable":true,"href":"https:\/\/www.mgc.es\/ca\/wp-json\/wp\/v2\/tags?post=11655"}],"curies":[{"name":"wp","href":"https:\/\/api.w.org\/{rel}","templated":true}]}}