{"id":11652,"date":"2018-04-17T00:00:00","date_gmt":"2018-04-16T22:00:00","guid":{"rendered":"http:\/\/web-server-devel.mgc.es\/la-mutua-general-de-catalunya-oferira-les-cobertures-de-salut-al-col%c2%b7legi-deconomistes-de-catalunya\/"},"modified":"2019-11-22T12:42:37","modified_gmt":"2019-11-22T11:42:37","slug":"la-mutua-general-de-catalunya-oferira-les-cobertures-de-salut-al-col%c2%b7legi-deconomistes-de-catalunya","status":"publish","type":"post","link":"https:\/\/www.mgc.es\/ca\/blog\/la-mutua-general-de-catalunya-oferira-les-cobertures-de-salut-al-col%c2%b7legi-deconomistes-de-catalunya\/","title":{"rendered":"La M\u00fatua General de Catalunya oferir\u00e0 les cobertures de salut  al Col\u00b7legi d\u2019Economistes de Catalunya"},"content":{"rendered":"<p><img loading=\"lazy\" decoding=\"async\" class=\"aligncenter wp-image-4613 size-large\" src=\"https:\/\/www.mgc.es\/wp-content\/uploads\/2018\/04\/Acord-Economistes-MGC-1-1024x578.jpg\" alt=\"\" width=\"584\" height=\"330\" \/>El <strong>Col\u00b7legi d\u2019Economistes de Catalunya<\/strong> va designar la<strong> M\u00fatua General de Catalunya<\/strong> com a mutualitat per a prestar les cobertures asseguradores a tots els col\u00b7legiats i als seus familiars, als despatxos professionals i als seus treballadors, la qual cosa s\u2019ha concretat mitjan\u00e7ant l\u2019acord de col\u00b7laboraci\u00f3 signat entre ambdues entitats, el passat 11 d\u2019abril.<!--more--><\/p>\n<p>La signatura de l\u2019acord va tenir lloc a la seu de l\u2019entitat asseguradora entre <strong>Maurici Oliver<\/strong> gerent del Col\u00b7legi d\u2019Economistes, i <strong>Daniel Redondo<\/strong> director general de la M\u00fatua.<\/p>\n<p>Amb una traject\u00f2ria de 35 anys, la <strong>M\u00fatua General de Catalunya<\/strong>, amb seu a Barcelona, \u00e9s una entitat asseguradora sense \u00e0nim de lucre, especialitzada en assegurances de salut, que destina la totalitat dels beneficis que obt\u00e9 a l&#8217;ampliaci\u00f3 i a la millora de cobertures i serveis.<\/p>\n<p>Els mutualistes poden accedir a tot tipus de prestacions que donen cobertura a diversos aspectes de la seva salut, incloent programes de medicina preventiva. L&#8217;entitat ofereix les m\u00e0ximes prestacions amb la millor relaci\u00f3 qualitat preu, fugint de les ofertes comercials que resten o limiten cobertures importants. A m\u00e9s, ofereix un ampl\u00edssim quadre m\u00e8dic, sense restriccions de centres o equips m\u00e8dics de prestigi.<\/p>\n<p>En el darrer estudi publicat pel Col\u00b7legi Oficial de Metges de Barcelona la M\u00fatua \u00e9s considerada, pel col\u00b7lectiu m\u00e8dic, un any m\u00e9s, com l&#8217;entitat de car\u00e0cter mutualista m\u00e9s ben valorada de Catalunya.<\/p>\n<p>La M\u00fatua t\u00e9 una amplia pres\u00e8ncia a Catalunya i Balears, i des de 2017, a Val\u00e8ncia, amb un total de 22 oficines, la major part de recent inauguraci\u00f3, conformant un nou concepte d\u2019oficina m\u00e9s propera i participativa.<\/p>\n<p>El <strong>Col\u00b7legi d&#8217;Economistes de Catalunya<\/strong> \u00e9s una corporaci\u00f3 de dret p\u00fablic, amb personalitat jur\u00eddica pr\u00f2pia i amb plena capacitat per al compliment dels seus objectius, que es regeix pel Reglament Org\u00e0nic Transitori i per la Llei de Col\u00b7legis Professionals aprovada pel Parlament de Catalunya.<\/p>\n<p>Actualment el Col\u00b7legi, que compta amb m\u00e9s de 8.000 col\u00b7legiats dedicats professionalment a les diferents vessants de l&#8217;economia i l&#8217;empresa, est\u00e0 considerat com una instituci\u00f3 que, a trav\u00e9s de l&#8217;organitzaci\u00f3 d&#8217;activitats i serveis molt diversos, es configura com un centre de formaci\u00f3 i reciclatge dels professionals i com un f\u00f2rum d&#8217;opini\u00f3 obert a la societat en general<\/p>\n","protected":false},"excerpt":{"rendered":"<p>El passat 11 d\u2019abril, el Col\u00b7legi d\u2019Economistes de Catalunya va designar la M\u00fatua General de Catalunya com a mutualitat per a prestar les cobertures asseguradores a tots els col\u00b7legiats i als seus familiars.<\/p>\n","protected":false},"author":3,"featured_media":14376,"comment_status":"open","ping_status":"open","sticky":false,"template":"","format":"standard","meta":{"footnotes":""},"categories":[11],"tags":[509],"class_list":["post-11652","post","type-post","status-publish","format-standard","has-post-thumbnail","hentry","category-actualitat","tag-asseguranca-salut"],"featured_image_src":"https:\/\/www.mgc.es\/wp-content\/uploads\/2019\/11\/Acord-Economistes-MGC-1-1024x578.jpg","author_info":{"display_name":"Revista Inter\u00e8s Mutu","author_link":"https:\/\/www.mgc.es\/ca\/blog\/author\/interesmutu\/"},"yoast_head":"<!-- This site is optimized with the Yoast SEO plugin v27.2 - https:\/\/yoast.com\/product\/yoast-seo-wordpress\/ -->\n<title>La M\u00fatua General de Catalunya oferir\u00e0 les cobertures de salut al Col\u00b7legi d\u2019Economistes de Catalunya - MGC M\u00fatua<\/title>\n<meta name=\"robots\" content=\"index, follow, max-snippet:-1, max-image-preview:large, max-video-preview:-1\" \/>\n<link rel=\"canonical\" href=\"https:\/\/www.mgc.es\/ca\/blog\/la-mutua-general-de-catalunya-oferira-les-cobertures-de-salut-al-col\u00b7legi-deconomistes-de-catalunya\/\" \/>\n<meta property=\"og:locale\" content=\"ca_ES\" \/>\n<meta property=\"og:type\" content=\"article\" \/>\n<meta property=\"og:title\" content=\"La M\u00fatua General de Catalunya oferir\u00e0 les cobertures de salut al Col\u00b7legi d\u2019Economistes de Catalunya - MGC M\u00fatua\" \/>\n<meta property=\"og:description\" content=\"El passat 11 d\u2019abril, el Col\u00b7legi d\u2019Economistes de Catalunya va designar la M\u00fatua General de Catalunya com a mutualitat per a prestar les cobertures asseguradores a tots els col\u00b7legiats i als seus familiars.\" \/>\n<meta property=\"og:url\" content=\"https:\/\/www.mgc.es\/ca\/blog\/la-mutua-general-de-catalunya-oferira-les-cobertures-de-salut-al-col\u00b7legi-deconomistes-de-catalunya\/\" \/>\n<meta property=\"og:site_name\" content=\"MGC M\u00fatua\" \/>\n<meta property=\"article:publisher\" content=\"https:\/\/www.facebook.com\/mgcmutua\" \/>\n<meta property=\"article:published_time\" content=\"2018-04-16T22:00:00+00:00\" \/>\n<meta property=\"article:modified_time\" content=\"2019-11-22T11:42:37+00:00\" \/>\n<meta property=\"og:image\" content=\"https:\/\/www.mgc.es\/wp-content\/uploads\/2019\/11\/Acord-Economistes-MGC-1-1024x578.jpg\" \/>\n\t<meta property=\"og:image:width\" content=\"1024\" \/>\n\t<meta property=\"og:image:height\" content=\"578\" \/>\n\t<meta property=\"og:image:type\" content=\"image\/jpeg\" \/>\n<meta name=\"author\" content=\"Revista Inter\u00e8s Mutu\" \/>\n<meta name=\"twitter:card\" content=\"summary_large_image\" \/>\n<meta name=\"twitter:creator\" content=\"@mgcmutua\" \/>\n<meta name=\"twitter:site\" content=\"@mgcmutua\" \/>\n<meta name=\"twitter:label1\" content=\"Escrit per\" \/>\n\t<meta name=\"twitter:data1\" content=\"Revista Inter\u00e8s Mutu\" \/>\n\t<meta name=\"twitter:label2\" content=\"Temps estimat de lectura\" \/>\n\t<meta name=\"twitter:data2\" content=\"2 minuts\" \/>\n<!-- \/ Yoast SEO plugin. -->","yoast_head_json":{"title":"La M\u00fatua General de Catalunya oferir\u00e0 les cobertures de salut al Col\u00b7legi d\u2019Economistes de Catalunya - MGC M\u00fatua","robots":{"index":"index","follow":"follow","max-snippet":"max-snippet:-1","max-image-preview":"max-image-preview:large","max-video-preview":"max-video-preview:-1"},"canonical":"https:\/\/www.mgc.es\/ca\/blog\/la-mutua-general-de-catalunya-oferira-les-cobertures-de-salut-al-col\u00b7legi-deconomistes-de-catalunya\/","og_locale":"ca_ES","og_type":"article","og_title":"La M\u00fatua General de Catalunya oferir\u00e0 les cobertures de salut al Col\u00b7legi d\u2019Economistes de Catalunya - MGC M\u00fatua","og_description":"El passat 11 d\u2019abril, el Col\u00b7legi d\u2019Economistes de Catalunya va designar la M\u00fatua General de Catalunya com a mutualitat per a prestar les cobertures asseguradores a tots els col\u00b7legiats i als seus familiars.","og_url":"https:\/\/www.mgc.es\/ca\/blog\/la-mutua-general-de-catalunya-oferira-les-cobertures-de-salut-al-col\u00b7legi-deconomistes-de-catalunya\/","og_site_name":"MGC M\u00fatua","article_publisher":"https:\/\/www.facebook.com\/mgcmutua","article_published_time":"2018-04-16T22:00:00+00:00","article_modified_time":"2019-11-22T11:42:37+00:00","og_image":[{"width":1024,"height":578,"url":"https:\/\/www.mgc.es\/wp-content\/uploads\/2019\/11\/Acord-Economistes-MGC-1-1024x578.jpg","type":"image\/jpeg"}],"author":"Revista Inter\u00e8s Mutu","twitter_card":"summary_large_image","twitter_creator":"@mgcmutua","twitter_site":"@mgcmutua","twitter_misc":{"Escrit per":"Revista Inter\u00e8s Mutu","Temps estimat de lectura":"2 minuts"},"schema":{"@context":"https:\/\/schema.org","@graph":[{"@type":["Article","BlogPosting"],"@id":"https:\/\/www.mgc.es\/ca\/blog\/la-mutua-general-de-catalunya-oferira-les-cobertures-de-salut-al-col%c2%b7legi-deconomistes-de-catalunya\/#article","isPartOf":{"@id":"https:\/\/www.mgc.es\/ca\/blog\/la-mutua-general-de-catalunya-oferira-les-cobertures-de-salut-al-col%c2%b7legi-deconomistes-de-catalunya\/"},"author":{"name":"Revista Inter\u00e8s Mutu","@id":"https:\/\/www.mgc.es\/#\/schema\/person\/010c961d9c9acf38f11187a02b646c16"},"headline":"La M\u00fatua General de Catalunya oferir\u00e0 les cobertures de salut al Col\u00b7legi d\u2019Economistes de Catalunya","datePublished":"2018-04-16T22:00:00+00:00","dateModified":"2019-11-22T11:42:37+00:00","mainEntityOfPage":{"@id":"https:\/\/www.mgc.es\/ca\/blog\/la-mutua-general-de-catalunya-oferira-les-cobertures-de-salut-al-col%c2%b7legi-deconomistes-de-catalunya\/"},"wordCount":416,"commentCount":0,"publisher":{"@id":"https:\/\/www.mgc.es\/#organization"},"image":{"@id":"https:\/\/www.mgc.es\/ca\/blog\/la-mutua-general-de-catalunya-oferira-les-cobertures-de-salut-al-col%c2%b7legi-deconomistes-de-catalunya\/#primaryimage"},"thumbnailUrl":"https:\/\/www.mgc.es\/wp-content\/uploads\/2019\/11\/Acord-Economistes-MGC-1-1024x578.jpg","keywords":["asseguran\u00e7a salut"],"articleSection":["Actualitat M\u00fatua"],"inLanguage":"ca","potentialAction":[{"@type":"CommentAction","name":"Comment","target":["https:\/\/www.mgc.es\/ca\/blog\/la-mutua-general-de-catalunya-oferira-les-cobertures-de-salut-al-col%c2%b7legi-deconomistes-de-catalunya\/#respond"]}]},{"@type":["WebPage","ItemPage"],"@id":"https:\/\/www.mgc.es\/ca\/blog\/la-mutua-general-de-catalunya-oferira-les-cobertures-de-salut-al-col%c2%b7legi-deconomistes-de-catalunya\/","url":"https:\/\/www.mgc.es\/ca\/blog\/la-mutua-general-de-catalunya-oferira-les-cobertures-de-salut-al-col%c2%b7legi-deconomistes-de-catalunya\/","name":"La M\u00fatua General de Catalunya oferir\u00e0 les cobertures de salut al Col\u00b7legi d\u2019Economistes de Catalunya - MGC M\u00fatua","isPartOf":{"@id":"https:\/\/www.mgc.es\/#website"},"primaryImageOfPage":{"@id":"https:\/\/www.mgc.es\/ca\/blog\/la-mutua-general-de-catalunya-oferira-les-cobertures-de-salut-al-col%c2%b7legi-deconomistes-de-catalunya\/#primaryimage"},"image":{"@id":"https:\/\/www.mgc.es\/ca\/blog\/la-mutua-general-de-catalunya-oferira-les-cobertures-de-salut-al-col%c2%b7legi-deconomistes-de-catalunya\/#primaryimage"},"thumbnailUrl":"https:\/\/www.mgc.es\/wp-content\/uploads\/2019\/11\/Acord-Economistes-MGC-1-1024x578.jpg","datePublished":"2018-04-16T22:00:00+00:00","dateModified":"2019-11-22T11:42:37+00:00","breadcrumb":{"@id":"https:\/\/www.mgc.es\/ca\/blog\/la-mutua-general-de-catalunya-oferira-les-cobertures-de-salut-al-col%c2%b7legi-deconomistes-de-catalunya\/#breadcrumb"},"inLanguage":"ca","potentialAction":[{"@type":"ReadAction","target":["https:\/\/www.mgc.es\/ca\/blog\/la-mutua-general-de-catalunya-oferira-les-cobertures-de-salut-al-col%c2%b7legi-deconomistes-de-catalunya\/"]}]},{"@type":"ImageObject","inLanguage":"ca","@id":"https:\/\/www.mgc.es\/ca\/blog\/la-mutua-general-de-catalunya-oferira-les-cobertures-de-salut-al-col%c2%b7legi-deconomistes-de-catalunya\/#primaryimage","url":"https:\/\/www.mgc.es\/wp-content\/uploads\/2019\/11\/Acord-Economistes-MGC-1-1024x578.jpg","contentUrl":"https:\/\/www.mgc.es\/wp-content\/uploads\/2019\/11\/Acord-Economistes-MGC-1-1024x578.jpg","width":1024,"height":578},{"@type":"BreadcrumbList","@id":"https:\/\/www.mgc.es\/ca\/blog\/la-mutua-general-de-catalunya-oferira-les-cobertures-de-salut-al-col%c2%b7legi-deconomistes-de-catalunya\/#breadcrumb","itemListElement":[{"@type":"ListItem","position":1,"name":"Home","item":"https:\/\/www.mgc.es\/ca\/"},{"@type":"ListItem","position":2,"name":"La M\u00fatua General de Catalunya oferir\u00e0 les cobertures de salut al Col\u00b7legi d\u2019Economistes de Catalunya"}]},{"@type":"WebSite","@id":"https:\/\/www.mgc.es\/#website","url":"https:\/\/www.mgc.es\/","name":"MGC M\u00fatua","description":"MGC M\u00fatua \u00e9s una entitat asseguradora sense \u00e0nim de lucre constitu\u00efda al 1982 i especialitzada en assegurances de salut i assist\u00e8ncia.","publisher":{"@id":"https:\/\/www.mgc.es\/#organization"},"alternateName":"MGC","potentialAction":[{"@type":"SearchAction","target":{"@type":"EntryPoint","urlTemplate":"https:\/\/www.mgc.es\/?s={search_term_string}"},"query-input":{"@type":"PropertyValueSpecification","valueRequired":true,"valueName":"search_term_string"}}],"inLanguage":"ca"},{"@type":"Organization","@id":"https:\/\/www.mgc.es\/#organization","name":"MGC Mutua","alternateName":"MGC","url":"https:\/\/www.mgc.es\/","logo":{"@type":"ImageObject","inLanguage":"ca","@id":"https:\/\/www.mgc.es\/#\/schema\/logo\/image\/","url":"https:\/\/www.mgc.es\/wp-content\/uploads\/2020\/03\/mgcmutua_h2_2t_reduccions.png","contentUrl":"https:\/\/www.mgc.es\/wp-content\/uploads\/2020\/03\/mgcmutua_h2_2t_reduccions.png","width":303,"height":165,"caption":"MGC Mutua"},"image":{"@id":"https:\/\/www.mgc.es\/#\/schema\/logo\/image\/"},"sameAs":["https:\/\/www.facebook.com\/mgcmutua","https:\/\/x.com\/mgcmutua","https:\/\/www.youtube.com\/c\/MGCMutua"]},{"@type":"Person","@id":"https:\/\/www.mgc.es\/#\/schema\/person\/010c961d9c9acf38f11187a02b646c16","name":"Revista Inter\u00e8s Mutu","image":{"@type":"ImageObject","inLanguage":"ca","@id":"https:\/\/secure.gravatar.com\/avatar\/52302d684339b9d7bf5691e2ad00835d62ce3b4a435f21ca9f21fbe39c63cb1b?s=96&d=mm&r=g","url":"https:\/\/secure.gravatar.com\/avatar\/52302d684339b9d7bf5691e2ad00835d62ce3b4a435f21ca9f21fbe39c63cb1b?s=96&d=mm&r=g","contentUrl":"https:\/\/secure.gravatar.com\/avatar\/52302d684339b9d7bf5691e2ad00835d62ce3b4a435f21ca9f21fbe39c63cb1b?s=96&d=mm&r=g","caption":"Revista Inter\u00e8s Mutu"}}]}},"_links":{"self":[{"href":"https:\/\/www.mgc.es\/ca\/wp-json\/wp\/v2\/posts\/11652","targetHints":{"allow":["GET"]}}],"collection":[{"href":"https:\/\/www.mgc.es\/ca\/wp-json\/wp\/v2\/posts"}],"about":[{"href":"https:\/\/www.mgc.es\/ca\/wp-json\/wp\/v2\/types\/post"}],"author":[{"embeddable":true,"href":"https:\/\/www.mgc.es\/ca\/wp-json\/wp\/v2\/users\/3"}],"replies":[{"embeddable":true,"href":"https:\/\/www.mgc.es\/ca\/wp-json\/wp\/v2\/comments?post=11652"}],"version-history":[{"count":1,"href":"https:\/\/www.mgc.es\/ca\/wp-json\/wp\/v2\/posts\/11652\/revisions"}],"predecessor-version":[{"id":15168,"href":"https:\/\/www.mgc.es\/ca\/wp-json\/wp\/v2\/posts\/11652\/revisions\/15168"}],"wp:featuredmedia":[{"embeddable":true,"href":"https:\/\/www.mgc.es\/ca\/wp-json\/wp\/v2\/media\/14376"}],"wp:attachment":[{"href":"https:\/\/www.mgc.es\/ca\/wp-json\/wp\/v2\/media?parent=11652"}],"wp:term":[{"taxonomy":"category","embeddable":true,"href":"https:\/\/www.mgc.es\/ca\/wp-json\/wp\/v2\/categories?post=11652"},{"taxonomy":"post_tag","embeddable":true,"href":"https:\/\/www.mgc.es\/ca\/wp-json\/wp\/v2\/tags?post=11652"}],"curies":[{"name":"wp","href":"https:\/\/api.w.org\/{rel}","templated":true}]}}