{"id":11647,"date":"2018-04-11T00:00:00","date_gmt":"2018-04-10T22:00:00","guid":{"rendered":"http:\/\/web-server-devel.mgc.es\/la-rinitis-al%c2%b7lergica-al%c2%b7lergia-al-pol%c2%b7len-o-febre-del-fenc-i-rinitis-al%c2%b7lergica-perenne\/"},"modified":"2019-11-22T12:42:39","modified_gmt":"2019-11-22T11:42:39","slug":"la-rinitis-al%c2%b7lergica-al%c2%b7lergia-al-pol%c2%b7len-o-febre-del-fenc-i-rinitis-al%c2%b7lergica-perenne","status":"publish","type":"post","link":"https:\/\/www.mgc.es\/ca\/blog\/la-rinitis-al%c2%b7lergica-al%c2%b7lergia-al-pol%c2%b7len-o-febre-del-fenc-i-rinitis-al%c2%b7lergica-perenne\/","title":{"rendered":"La rinitis al\u00b7l\u00e8rgica: al\u00b7l\u00e8rgia al pol\u00b7len (o febre del fenc) i rinitis al\u00b7l\u00e8rgica perenne"},"content":{"rendered":"<div id=\"ez-toc-container\" class=\"ez-toc-v2_0_82_1 counter-hierarchy ez-toc-counter ez-toc-custom ez-toc-container-direction\">\n<div class=\"ez-toc-title-container\"><p class=\"ez-toc-title\" style=\"cursor:inherit\">\u00cdndex de continguts<\/p>\n<\/div><nav><ul class='ez-toc-list ez-toc-list-level-1 ' ><li class='ez-toc-page-1 ez-toc-heading-level-2'><a class=\"ez-toc-link ez-toc-heading-1\" href=\"https:\/\/www.mgc.es\/ca\/blog\/la-rinitis-al%c2%b7lergica-al%c2%b7lergia-al-pol%c2%b7len-o-febre-del-fenc-i-rinitis-al%c2%b7lergica-perenne\/#Que_entenem_per_rinitis_allergica\" >Qu\u00e8 entenem per rinitis al\u00b7l\u00e8rgica<\/a><\/li><li class='ez-toc-page-1 ez-toc-heading-level-2'><a class=\"ez-toc-link ez-toc-heading-2\" href=\"https:\/\/www.mgc.es\/ca\/blog\/la-rinitis-al%c2%b7lergica-al%c2%b7lergia-al-pol%c2%b7len-o-febre-del-fenc-i-rinitis-al%c2%b7lergica-perenne\/#Com_es_produeix\" >Com es produeix<\/a><\/li><li class='ez-toc-page-1 ez-toc-heading-level-2'><a class=\"ez-toc-link ez-toc-heading-3\" href=\"https:\/\/www.mgc.es\/ca\/blog\/la-rinitis-al%c2%b7lergica-al%c2%b7lergia-al-pol%c2%b7len-o-febre-del-fenc-i-rinitis-al%c2%b7lergica-perenne\/#Quins_simptomes_produeix_la_rinitis_allergica\" >Quins s\u00edmptomes produeix la rinitis al\u00b7l\u00e8rgica.<\/a><\/li><li class='ez-toc-page-1 ez-toc-heading-level-2'><a class=\"ez-toc-link ez-toc-heading-4\" href=\"https:\/\/www.mgc.es\/ca\/blog\/la-rinitis-al%c2%b7lergica-al%c2%b7lergia-al-pol%c2%b7len-o-febre-del-fenc-i-rinitis-al%c2%b7lergica-perenne\/#Com_es_diagnostica\" >Com es diagnostica<\/a><\/li><li class='ez-toc-page-1 ez-toc-heading-level-2'><a class=\"ez-toc-link ez-toc-heading-5\" href=\"https:\/\/www.mgc.es\/ca\/blog\/la-rinitis-al%c2%b7lergica-al%c2%b7lergia-al-pol%c2%b7len-o-febre-del-fenc-i-rinitis-al%c2%b7lergica-perenne\/#Complicacions_possibles\" >Complicacions possibles<\/a><\/li><li class='ez-toc-page-1 ez-toc-heading-level-2'><a class=\"ez-toc-link ez-toc-heading-6\" href=\"https:\/\/www.mgc.es\/ca\/blog\/la-rinitis-al%c2%b7lergica-al%c2%b7lergia-al-pol%c2%b7len-o-febre-del-fenc-i-rinitis-al%c2%b7lergica-perenne\/#Alguns_consells\" >Alguns consells<\/a><\/li><li class='ez-toc-page-1 ez-toc-heading-level-2'><a class=\"ez-toc-link ez-toc-heading-7\" href=\"https:\/\/www.mgc.es\/ca\/blog\/la-rinitis-al%c2%b7lergica-al%c2%b7lergia-al-pol%c2%b7len-o-febre-del-fenc-i-rinitis-al%c2%b7lergica-perenne\/#Previsions\" >Previsions<\/a><\/li><li class='ez-toc-page-1 ez-toc-heading-level-2'><a class=\"ez-toc-link ez-toc-heading-8\" href=\"https:\/\/www.mgc.es\/ca\/blog\/la-rinitis-al%c2%b7lergica-al%c2%b7lergia-al-pol%c2%b7len-o-febre-del-fenc-i-rinitis-al%c2%b7lergica-perenne\/#Quins_medicaments_existeixen\" >Quins medicaments existeixen<\/a><\/li><\/ul><\/nav><\/div>\n<h1><img loading=\"lazy\" decoding=\"async\" class=\"alignnone size-full wp-image-4574\" src=\"https:\/\/www.mgc.es\/wp-content\/uploads\/2018\/04\/margaritas2.jpg\" alt=\"Margaritas\" width=\"800\" height=\"536\" \/><\/h1>\n<h2><span class=\"ez-toc-section\" id=\"Que_entenem_per_rinitis_allergica\"><\/span>Qu\u00e8 entenem per rinitis al\u00b7l\u00e8rgica<span class=\"ez-toc-section-end\"><\/span><\/h2>\n<p>Entenem per rinitis al\u00b7l\u00e8rgica la reacci\u00f3 que es produeix a les mucoses de les vies superiors (nas, els sins paranasals, la gola i de vegades tamb\u00e9 als ulls) davant un agent extern. Aquesta reacci\u00f3 t\u00e9 lloc quan l&#8217;organisme detecta algunes subst\u00e0ncies en suspensi\u00f3, a l&#8217;aire, que anomenem al\u00b7l\u00e8rgens i que irriten aquestes mucoses.<!--more--><\/p>\n<p>Pot ser estacional (rinitis al\u00b7l\u00e8rgica estacional, o febre del fenc) si la causen els p\u00f2l\u00b7lens de les plantes, o perenne, quan \u00e9s causada per altres al\u00b7l\u00e8rgens, com els \u00e0cars de la pols o el p\u00e8l de certs animals.<\/p>\n<p>\u00c9s la malaltia al\u00b7l\u00e8rgica m\u00e9s comuna a tot el m\u00f3n (afecta fins a un 15% de la poblaci\u00f3 mundial). Sol manifestar-se en la inf\u00e0ncia o primera joventut i habitualment remet als 30 o 40 anys. La tend\u00e8ncia a les al\u00b7l\u00e8rgies sol ser heredit\u00e0ria.<\/p>\n<p>El nom &#8220;febre del fenc&#8221;, que ve de fa molt temps, no \u00e9s gaire prec\u00eds: en realitat, no t\u00e9 lloc nom\u00e9s a la tardor, \u00e8poca en qu\u00e8 se sol recollir el fenc, i a m\u00e9s, mai no provoca febre.<\/p>\n<h2><span class=\"ez-toc-section\" id=\"Com_es_produeix\"><\/span>Com es produeix<span class=\"ez-toc-section-end\"><\/span><\/h2>\n<p>En respirar, entren al nas tot tipus de subst\u00e0ncies microsc\u00f2piques, algunes de les quals (els al\u00b7l\u00e8rgens) causen que l&#8217;organisme de les persones al\u00b7l\u00e8rgiques produeixi anticossos, que provoquen l&#8217;alliberament d&#8217;histamina i d\u2019altres subst\u00e0ncies. La histamina irrita les vies respirat\u00f2ries altes, fa que s\u2019inflamin i produeix els s\u00edmptomes habituals de l&#8217;al\u00b7l\u00e8rgia.<\/p>\n<p>Els al\u00b7l\u00e8rgens m\u00e9s habituals s\u00f3n:<\/p>\n<ul>\n<li>El pol\u00b7len de les gram\u00ednies (rinitis al\u00b7l\u00e8rgica estacional).<\/li>\n<li>El pol\u00b7len d&#8217;arbres, com les oliveres.<\/li>\n<li>Altres p\u00f2l\u00b7lens: l&#8217;ortiga pariet\u00e0ria (al sud d&#8217;Espanya) i l&#8217;artemisa.<\/li>\n<li>Els \u00e0cars de la pols dom\u00e8stica (rinitis al\u00b7l\u00e8rgica perenne).<\/li>\n<li>Les mascotes i les espores de fongs de la floridura.<\/li>\n<\/ul>\n<h2><span class=\"ez-toc-section\" id=\"Quins_simptomes_produeix_la_rinitis_allergica\"><\/span>Quins s\u00edmptomes produeix la rinitis al\u00b7l\u00e8rgica.<span class=\"ez-toc-section-end\"><\/span><\/h2>\n<ul>\n<li>Repetits esternuts, congesti\u00f3 i degoteig del nas.<\/li>\n<li>Picor als ulls i ulls plorosos.<\/li>\n<li>Picor a la gola i al paladar.<\/li>\n<li>Dificultat ocasional per respirar.<\/li>\n<li>Sensaci\u00f3 de cremor a la gola.<\/li>\n<li>Tos.<\/li>\n<\/ul>\n<h2><span class=\"ez-toc-section\" id=\"Com_es_diagnostica\"><\/span>Com es diagnostica<span class=\"ez-toc-section-end\"><\/span><\/h2>\n<ul>\n<li>Normalment n\u2019hi ha prou amb explicar al metge les circumst\u00e0ncies (quan, on i com) en qu\u00e8 es produeixen els s\u00edmptomes.<\/li>\n<li>Hi ha una prova (prova del pegat) que permet esbrinar quina subst\u00e0ncia o subst\u00e0ncies la causen; tamb\u00e9 hi ha proves espec\u00edfiques de sang per determinar-ne les causes.<\/li>\n<\/ul>\n<h2><span class=\"ez-toc-section\" id=\"Complicacions_possibles\"><\/span>Complicacions possibles<span class=\"ez-toc-section-end\"><\/span><\/h2>\n<p>Les persones que pateixen rinitis al\u00b7l\u00e8rgiques s\u00f3n m\u00e9s proclius a patir:<\/p>\n<ul>\n<li>Malalties respirat\u00f2ries al\u00b7l\u00e8rgiques, com l&#8217;asma.<\/li>\n<li>Problemes de son, que poden donar lloc a fatiga cr\u00f2nica.<\/li>\n<li>Infeccions de les o\u00efdes (otitis), sobretot en els nens.<\/li>\n<\/ul>\n<h2><span class=\"ez-toc-section\" id=\"Alguns_consells\"><\/span>Alguns consells<span class=\"ez-toc-section-end\"><\/span><\/h2>\n<ul>\n<li>Si el causant de la febre del fenc \u00e9s el pol\u00b7len, intenta mantenir les portes i les finestres tancades, sobretot al cotxe.<\/li>\n<li>Estudia en quins moments apareix el pol\u00b7len que et causa l&#8217;al\u00b7l\u00e8rgia. Pots consultar els nivells de p\u00f2l\u00b7lens als serveis de salut de la teva comunitat aut\u00f2noma.<\/li>\n<li>Si la rinitis al\u00b7l\u00e8rgica la causen els \u00e0cars de la pols dom\u00e8stica, protegeix el teu matal\u00e0s amb fundes antial\u00b7l\u00e8rgiques, passa l&#8217;aspiradora amb freq\u00fc\u00e8ncia i ventila el dormitori.<\/li>\n<\/ul>\n<h2><span class=\"ez-toc-section\" id=\"Previsions\"><\/span>Previsions<span class=\"ez-toc-section-end\"><\/span><\/h2>\n<p>Si ets al\u00b7l\u00e8rgic, \u00e9s important que facis tot el possible per evitar els al\u00b7l\u00e8rgens que t&#8217;afecten, perqu\u00e8 aquest trastorn pot augmentar el risc de patir malalties al\u00b7l\u00e8rgiques m\u00e9s greus, com l&#8217;asma.<\/p>\n<p>En general, els s\u00edmptomes de la rinitis es controlen tractant-los, per\u00f2 no hi ha un tractament que elimini l&#8217;al\u00b7l\u00e8rgia. Aix\u00ed i tot, cal tenir en compte que la febre del fenc sol ser m\u00e9s una mol\u00e8stia que una afectaci\u00f3 real de la salut.<\/p>\n<h2><span class=\"ez-toc-section\" id=\"Quins_medicaments_existeixen\"><\/span>Quins medicaments existeixen<span class=\"ez-toc-section-end\"><\/span><\/h2>\n<p>El millor que pots fer \u00e9s parlar amb el teu metge o amb el farmac\u00e8utic. Ells podran recomanar-te el m\u00e9s adequat per al teu cas. Els medicaments m\u00e9s habituals s\u00f3n:<\/p>\n<p><strong>Pastilles<\/strong><\/p>\n<p>Els antihistam\u00ednics (antagonistes de l&#8217;al\u00b7l\u00e8rgia) bloquegen l&#8217;acci\u00f3 de la histamina: els m\u00e9s comuns s\u00f3n la cetirizina o la loratidina, que redueixen la reacci\u00f3 al\u00b7l\u00e8rgica.<\/p>\n<p><strong>Nebulitzadors i esprais nasals<\/strong><\/p>\n<p>El cromoglicat (antagonista de la c\u00e8l\u00b7lula de l&#8217;al\u00b7l\u00e8rgia), els antihistam\u00ednics i els descongestionants (a\u00efllats o combinats amb altres productes).<\/p>\n<p>Els corticosteroides o corticoides redueixen la inflamaci\u00f3; es poden utilitzar de manera a\u00efllada o combinada amb altres productes.<\/p>\n<p><strong>Col\u00b7liris<\/strong><\/p>\n<p>Per exemple, el cromoglicat, el nedocromil, i alguns antihistam\u00ednics com la levocabastina, que tamb\u00e9 poden utilitzar-se a\u00efllats o combinats amb altres productes. Els col\u00b7liris amb corticosteroides s&#8217;utilitzen nom\u00e9s en casos greus.<\/p>\n<p><strong>Les vacunes (amb al\u00b7l\u00e8rgens)<\/strong><\/p>\n<p>Com totes les vacunes, s\u00f3n injeccions amb quantitats graduals d&#8217;agents causants de l&#8217;al\u00b7l\u00e8rgia (els al\u00b7l\u00e8rgens), que permeten crear una toler\u00e0ncia (dessensibilitzaci\u00f3) a les subst\u00e0ncies causants de l&#8217;al\u00b7l\u00e8rgia. Aquest tractament evita que el sistema immunol\u00f2gic produeixi massa histamina. S\u2019han administrar durant un per\u00edode m\u00ednim de tres anys i requereixen una supervisi\u00f3 de l&#8217;al\u00b7lerg\u00f2leg i un compliment estricte.<\/p>\n<p>La majoria dels pacients amb febre del fenc poden controlar els s\u00edmptomes adequadament amb un esteroide nasal, amb antihistam\u00ednic o sense. Aquests f\u00e0rmacs poden comprar-se a les farm\u00e0cies sense necessitat de recepta. Per\u00f2 insistim que \u00e9s millor parlar almenys amb el farmac\u00e8utic perqu\u00e8 ens recomani el m\u00e9s convenient en cada cas.<\/p>\n<p>Finalment, recordem que als portals de salut de les diferents comunitats aut\u00f2nomes es pot trobar informaci\u00f3 detallada sobre els nivells diaris de p\u00f2l\u00b7lens.<\/p>\n","protected":false},"excerpt":{"rendered":"<p>Qu\u00e8 entenem per rinitis al\u00b7l\u00e8rgica Entenem per rinitis al\u00b7l\u00e8rgica la reacci\u00f3 que es produeix a les mucoses de les vies superiors (nas, els sins paranasals, la gola i de vegades tamb\u00e9 als ulls) davant un agent extern. Aquesta reacci\u00f3 t\u00e9 lloc quan l&#8217;organisme detecta algunes subst\u00e0ncies en suspensi\u00f3, a l&#8217;aire, que anomenem al\u00b7l\u00e8rgens i que [&hellip;]<\/p>\n","protected":false},"author":3,"featured_media":14362,"comment_status":"open","ping_status":"open","sticky":false,"template":"","format":"standard","meta":{"footnotes":""},"categories":[996,15],"tags":[383,481],"class_list":["post-11647","post","type-post","status-publish","format-standard","has-post-thumbnail","hentry","category-malalties-i-salut-general","category-salut","tag-allergies","tag-prevencio"],"featured_image_src":"https:\/\/www.mgc.es\/wp-content\/uploads\/2019\/11\/margaritas2.jpg","author_info":{"display_name":"Revista Inter\u00e8s Mutu","author_link":"https:\/\/www.mgc.es\/ca\/blog\/author\/interesmutu\/"},"yoast_head":"<!-- This site is optimized with the Yoast SEO plugin v27.2 - https:\/\/yoast.com\/product\/yoast-seo-wordpress\/ -->\n<title>La rinitis al\u00b7l\u00e8rgica: al\u00b7l\u00e8rgia al pol\u00b7len (o febre del fenc) i rinitis al\u00b7l\u00e8rgica perenne - MGC M\u00fatua<\/title>\n<meta name=\"robots\" content=\"index, follow, max-snippet:-1, max-image-preview:large, max-video-preview:-1\" \/>\n<link rel=\"canonical\" href=\"https:\/\/www.mgc.es\/ca\/blog\/la-rinitis-al\u00b7lergica-al\u00b7lergia-al-pol\u00b7len-o-febre-del-fenc-i-rinitis-al\u00b7lergica-perenne\/\" \/>\n<meta property=\"og:locale\" content=\"ca_ES\" \/>\n<meta property=\"og:type\" content=\"article\" \/>\n<meta property=\"og:title\" content=\"La rinitis al\u00b7l\u00e8rgica: al\u00b7l\u00e8rgia al pol\u00b7len (o febre del fenc) i rinitis al\u00b7l\u00e8rgica perenne - MGC M\u00fatua\" \/>\n<meta property=\"og:description\" content=\"Qu\u00e8 entenem per rinitis al\u00b7l\u00e8rgica Entenem per rinitis al\u00b7l\u00e8rgica la reacci\u00f3 que es produeix a les mucoses de les vies superiors (nas, els sins paranasals, la gola i de vegades tamb\u00e9 als ulls) davant un agent extern. Aquesta reacci\u00f3 t\u00e9 lloc quan l&#8217;organisme detecta algunes subst\u00e0ncies en suspensi\u00f3, a l&#8217;aire, que anomenem al\u00b7l\u00e8rgens i que [&hellip;]\" \/>\n<meta property=\"og:url\" content=\"https:\/\/www.mgc.es\/ca\/blog\/la-rinitis-al\u00b7lergica-al\u00b7lergia-al-pol\u00b7len-o-febre-del-fenc-i-rinitis-al\u00b7lergica-perenne\/\" \/>\n<meta property=\"og:site_name\" content=\"MGC M\u00fatua\" \/>\n<meta property=\"article:publisher\" content=\"https:\/\/www.facebook.com\/mgcmutua\" \/>\n<meta property=\"article:published_time\" content=\"2018-04-10T22:00:00+00:00\" \/>\n<meta property=\"article:modified_time\" content=\"2019-11-22T11:42:39+00:00\" \/>\n<meta property=\"og:image\" content=\"https:\/\/www.mgc.es\/wp-content\/uploads\/2019\/11\/margaritas2.jpg\" \/>\n\t<meta property=\"og:image:width\" content=\"800\" \/>\n\t<meta property=\"og:image:height\" content=\"536\" \/>\n\t<meta property=\"og:image:type\" content=\"image\/jpeg\" \/>\n<meta name=\"author\" content=\"Revista Inter\u00e8s Mutu\" \/>\n<meta name=\"twitter:card\" content=\"summary_large_image\" \/>\n<meta name=\"twitter:creator\" content=\"@mgcmutua\" \/>\n<meta name=\"twitter:site\" content=\"@mgcmutua\" \/>\n<meta name=\"twitter:label1\" content=\"Escrit per\" \/>\n\t<meta name=\"twitter:data1\" content=\"Revista Inter\u00e8s Mutu\" \/>\n\t<meta name=\"twitter:label2\" content=\"Temps estimat de lectura\" \/>\n\t<meta name=\"twitter:data2\" content=\"5 minuts\" \/>\n<!-- \/ Yoast SEO plugin. -->","yoast_head_json":{"title":"La rinitis al\u00b7l\u00e8rgica: al\u00b7l\u00e8rgia al pol\u00b7len (o febre del fenc) i rinitis al\u00b7l\u00e8rgica perenne - MGC M\u00fatua","robots":{"index":"index","follow":"follow","max-snippet":"max-snippet:-1","max-image-preview":"max-image-preview:large","max-video-preview":"max-video-preview:-1"},"canonical":"https:\/\/www.mgc.es\/ca\/blog\/la-rinitis-al\u00b7lergica-al\u00b7lergia-al-pol\u00b7len-o-febre-del-fenc-i-rinitis-al\u00b7lergica-perenne\/","og_locale":"ca_ES","og_type":"article","og_title":"La rinitis al\u00b7l\u00e8rgica: al\u00b7l\u00e8rgia al pol\u00b7len (o febre del fenc) i rinitis al\u00b7l\u00e8rgica perenne - MGC M\u00fatua","og_description":"Qu\u00e8 entenem per rinitis al\u00b7l\u00e8rgica Entenem per rinitis al\u00b7l\u00e8rgica la reacci\u00f3 que es produeix a les mucoses de les vies superiors (nas, els sins paranasals, la gola i de vegades tamb\u00e9 als ulls) davant un agent extern. Aquesta reacci\u00f3 t\u00e9 lloc quan l&#8217;organisme detecta algunes subst\u00e0ncies en suspensi\u00f3, a l&#8217;aire, que anomenem al\u00b7l\u00e8rgens i que [&hellip;]","og_url":"https:\/\/www.mgc.es\/ca\/blog\/la-rinitis-al\u00b7lergica-al\u00b7lergia-al-pol\u00b7len-o-febre-del-fenc-i-rinitis-al\u00b7lergica-perenne\/","og_site_name":"MGC M\u00fatua","article_publisher":"https:\/\/www.facebook.com\/mgcmutua","article_published_time":"2018-04-10T22:00:00+00:00","article_modified_time":"2019-11-22T11:42:39+00:00","og_image":[{"width":800,"height":536,"url":"https:\/\/www.mgc.es\/wp-content\/uploads\/2019\/11\/margaritas2.jpg","type":"image\/jpeg"}],"author":"Revista Inter\u00e8s Mutu","twitter_card":"summary_large_image","twitter_creator":"@mgcmutua","twitter_site":"@mgcmutua","twitter_misc":{"Escrit per":"Revista Inter\u00e8s Mutu","Temps estimat de lectura":"5 minuts"},"schema":{"@context":"https:\/\/schema.org","@graph":[{"@type":["Article","BlogPosting"],"@id":"https:\/\/www.mgc.es\/ca\/blog\/la-rinitis-al%c2%b7lergica-al%c2%b7lergia-al-pol%c2%b7len-o-febre-del-fenc-i-rinitis-al%c2%b7lergica-perenne\/#article","isPartOf":{"@id":"https:\/\/www.mgc.es\/ca\/blog\/la-rinitis-al%c2%b7lergica-al%c2%b7lergia-al-pol%c2%b7len-o-febre-del-fenc-i-rinitis-al%c2%b7lergica-perenne\/"},"author":{"name":"Revista Inter\u00e8s Mutu","@id":"https:\/\/www.mgc.es\/#\/schema\/person\/010c961d9c9acf38f11187a02b646c16"},"headline":"La rinitis al\u00b7l\u00e8rgica: al\u00b7l\u00e8rgia al pol\u00b7len (o febre del fenc) i rinitis al\u00b7l\u00e8rgica perenne","datePublished":"2018-04-10T22:00:00+00:00","dateModified":"2019-11-22T11:42:39+00:00","mainEntityOfPage":{"@id":"https:\/\/www.mgc.es\/ca\/blog\/la-rinitis-al%c2%b7lergica-al%c2%b7lergia-al-pol%c2%b7len-o-febre-del-fenc-i-rinitis-al%c2%b7lergica-perenne\/"},"wordCount":983,"commentCount":0,"publisher":{"@id":"https:\/\/www.mgc.es\/#organization"},"image":{"@id":"https:\/\/www.mgc.es\/ca\/blog\/la-rinitis-al%c2%b7lergica-al%c2%b7lergia-al-pol%c2%b7len-o-febre-del-fenc-i-rinitis-al%c2%b7lergica-perenne\/#primaryimage"},"thumbnailUrl":"https:\/\/www.mgc.es\/wp-content\/uploads\/2019\/11\/margaritas2.jpg","keywords":["al\u00b7lergies","prevenci\u00f3"],"articleSection":["Malalties i salut general","Salut i medicina"],"inLanguage":"ca","potentialAction":[{"@type":"CommentAction","name":"Comment","target":["https:\/\/www.mgc.es\/ca\/blog\/la-rinitis-al%c2%b7lergica-al%c2%b7lergia-al-pol%c2%b7len-o-febre-del-fenc-i-rinitis-al%c2%b7lergica-perenne\/#respond"]}]},{"@type":["WebPage","ItemPage"],"@id":"https:\/\/www.mgc.es\/ca\/blog\/la-rinitis-al%c2%b7lergica-al%c2%b7lergia-al-pol%c2%b7len-o-febre-del-fenc-i-rinitis-al%c2%b7lergica-perenne\/","url":"https:\/\/www.mgc.es\/ca\/blog\/la-rinitis-al%c2%b7lergica-al%c2%b7lergia-al-pol%c2%b7len-o-febre-del-fenc-i-rinitis-al%c2%b7lergica-perenne\/","name":"La rinitis al\u00b7l\u00e8rgica: al\u00b7l\u00e8rgia al pol\u00b7len (o febre del fenc) i rinitis al\u00b7l\u00e8rgica perenne - MGC M\u00fatua","isPartOf":{"@id":"https:\/\/www.mgc.es\/#website"},"primaryImageOfPage":{"@id":"https:\/\/www.mgc.es\/ca\/blog\/la-rinitis-al%c2%b7lergica-al%c2%b7lergia-al-pol%c2%b7len-o-febre-del-fenc-i-rinitis-al%c2%b7lergica-perenne\/#primaryimage"},"image":{"@id":"https:\/\/www.mgc.es\/ca\/blog\/la-rinitis-al%c2%b7lergica-al%c2%b7lergia-al-pol%c2%b7len-o-febre-del-fenc-i-rinitis-al%c2%b7lergica-perenne\/#primaryimage"},"thumbnailUrl":"https:\/\/www.mgc.es\/wp-content\/uploads\/2019\/11\/margaritas2.jpg","datePublished":"2018-04-10T22:00:00+00:00","dateModified":"2019-11-22T11:42:39+00:00","breadcrumb":{"@id":"https:\/\/www.mgc.es\/ca\/blog\/la-rinitis-al%c2%b7lergica-al%c2%b7lergia-al-pol%c2%b7len-o-febre-del-fenc-i-rinitis-al%c2%b7lergica-perenne\/#breadcrumb"},"inLanguage":"ca","potentialAction":[{"@type":"ReadAction","target":["https:\/\/www.mgc.es\/ca\/blog\/la-rinitis-al%c2%b7lergica-al%c2%b7lergia-al-pol%c2%b7len-o-febre-del-fenc-i-rinitis-al%c2%b7lergica-perenne\/"]}]},{"@type":"ImageObject","inLanguage":"ca","@id":"https:\/\/www.mgc.es\/ca\/blog\/la-rinitis-al%c2%b7lergica-al%c2%b7lergia-al-pol%c2%b7len-o-febre-del-fenc-i-rinitis-al%c2%b7lergica-perenne\/#primaryimage","url":"https:\/\/www.mgc.es\/wp-content\/uploads\/2019\/11\/margaritas2.jpg","contentUrl":"https:\/\/www.mgc.es\/wp-content\/uploads\/2019\/11\/margaritas2.jpg","width":800,"height":536},{"@type":"BreadcrumbList","@id":"https:\/\/www.mgc.es\/ca\/blog\/la-rinitis-al%c2%b7lergica-al%c2%b7lergia-al-pol%c2%b7len-o-febre-del-fenc-i-rinitis-al%c2%b7lergica-perenne\/#breadcrumb","itemListElement":[{"@type":"ListItem","position":1,"name":"Home","item":"https:\/\/www.mgc.es\/ca\/"},{"@type":"ListItem","position":2,"name":"La rinitis al\u00b7l\u00e8rgica: al\u00b7l\u00e8rgia al pol\u00b7len (o febre del fenc) i rinitis al\u00b7l\u00e8rgica perenne"}]},{"@type":"WebSite","@id":"https:\/\/www.mgc.es\/#website","url":"https:\/\/www.mgc.es\/","name":"MGC M\u00fatua","description":"MGC M\u00fatua \u00e9s una entitat asseguradora sense \u00e0nim de lucre constitu\u00efda al 1982 i especialitzada en assegurances de salut i assist\u00e8ncia.","publisher":{"@id":"https:\/\/www.mgc.es\/#organization"},"alternateName":"MGC","potentialAction":[{"@type":"SearchAction","target":{"@type":"EntryPoint","urlTemplate":"https:\/\/www.mgc.es\/?s={search_term_string}"},"query-input":{"@type":"PropertyValueSpecification","valueRequired":true,"valueName":"search_term_string"}}],"inLanguage":"ca"},{"@type":"Organization","@id":"https:\/\/www.mgc.es\/#organization","name":"MGC Mutua","alternateName":"MGC","url":"https:\/\/www.mgc.es\/","logo":{"@type":"ImageObject","inLanguage":"ca","@id":"https:\/\/www.mgc.es\/#\/schema\/logo\/image\/","url":"https:\/\/www.mgc.es\/wp-content\/uploads\/2020\/03\/mgcmutua_h2_2t_reduccions.png","contentUrl":"https:\/\/www.mgc.es\/wp-content\/uploads\/2020\/03\/mgcmutua_h2_2t_reduccions.png","width":303,"height":165,"caption":"MGC Mutua"},"image":{"@id":"https:\/\/www.mgc.es\/#\/schema\/logo\/image\/"},"sameAs":["https:\/\/www.facebook.com\/mgcmutua","https:\/\/x.com\/mgcmutua","https:\/\/www.youtube.com\/c\/MGCMutua"]},{"@type":"Person","@id":"https:\/\/www.mgc.es\/#\/schema\/person\/010c961d9c9acf38f11187a02b646c16","name":"Revista Inter\u00e8s Mutu","image":{"@type":"ImageObject","inLanguage":"ca","@id":"https:\/\/secure.gravatar.com\/avatar\/52302d684339b9d7bf5691e2ad00835d62ce3b4a435f21ca9f21fbe39c63cb1b?s=96&d=mm&r=g","url":"https:\/\/secure.gravatar.com\/avatar\/52302d684339b9d7bf5691e2ad00835d62ce3b4a435f21ca9f21fbe39c63cb1b?s=96&d=mm&r=g","contentUrl":"https:\/\/secure.gravatar.com\/avatar\/52302d684339b9d7bf5691e2ad00835d62ce3b4a435f21ca9f21fbe39c63cb1b?s=96&d=mm&r=g","caption":"Revista Inter\u00e8s Mutu"}}]}},"_links":{"self":[{"href":"https:\/\/www.mgc.es\/ca\/wp-json\/wp\/v2\/posts\/11647","targetHints":{"allow":["GET"]}}],"collection":[{"href":"https:\/\/www.mgc.es\/ca\/wp-json\/wp\/v2\/posts"}],"about":[{"href":"https:\/\/www.mgc.es\/ca\/wp-json\/wp\/v2\/types\/post"}],"author":[{"embeddable":true,"href":"https:\/\/www.mgc.es\/ca\/wp-json\/wp\/v2\/users\/3"}],"replies":[{"embeddable":true,"href":"https:\/\/www.mgc.es\/ca\/wp-json\/wp\/v2\/comments?post=11647"}],"version-history":[{"count":1,"href":"https:\/\/www.mgc.es\/ca\/wp-json\/wp\/v2\/posts\/11647\/revisions"}],"predecessor-version":[{"id":15163,"href":"https:\/\/www.mgc.es\/ca\/wp-json\/wp\/v2\/posts\/11647\/revisions\/15163"}],"wp:featuredmedia":[{"embeddable":true,"href":"https:\/\/www.mgc.es\/ca\/wp-json\/wp\/v2\/media\/14362"}],"wp:attachment":[{"href":"https:\/\/www.mgc.es\/ca\/wp-json\/wp\/v2\/media?parent=11647"}],"wp:term":[{"taxonomy":"category","embeddable":true,"href":"https:\/\/www.mgc.es\/ca\/wp-json\/wp\/v2\/categories?post=11647"},{"taxonomy":"post_tag","embeddable":true,"href":"https:\/\/www.mgc.es\/ca\/wp-json\/wp\/v2\/tags?post=11647"}],"curies":[{"name":"wp","href":"https:\/\/api.w.org\/{rel}","templated":true}]}}